{"id":965,"date":"2021-06-26T15:12:35","date_gmt":"2021-06-26T15:12:35","guid":{"rendered":"http:\/\/www.omerfarukkorkmaz.com.tr\/?p=965"},"modified":"2021-06-26T15:12:35","modified_gmt":"2021-06-26T15:12:35","slug":"mescidde-cenaze-namazi-kilmak-caiz-midir","status":"publish","type":"post","link":"https:\/\/omerfarukkorkmaz.com.tr\/tr\/mescidde-cenaze-namazi-kilmak-caiz-midir\/","title":{"rendered":"Mescidde Cenaze Namaz\u0131 K\u0131lmak Caiz Midir?"},"content":{"rendered":"<blockquote><p><strong>Soru:<\/strong>\u00a0Caminin i\u00e7erisinde cenaze namaz\u0131 k\u0131l\u0131nmas\u0131nda bir beis var m\u0131d\u0131r? Bu durum \u00f6zellikle b\u00fcy\u00fck camiler ba\u015fta olmak \u00fczere baz\u0131 yerlerde s\u00f6z konusu. Ne s\u00f6ylenmesi gerekir?<\/p><\/blockquote>\n<p><strong>Cevap:<\/strong>\u00a0Hanefi mezhebinde mescidin i\u00e7erisinde cenaze namaz\u0131 k\u0131l\u0131nmas\u0131n\u0131n mekruh oldu\u011fu s\u00f6ylenmektedir.<a id=\"ftnref1\" href=\"https:\/\/darusselam.com\/sorular-ve-cevaplar\/mescidde-cenaze-namazi-kilinir-mi.html#ftn1\" name=\"_ftnref1\">[1]<\/a>\u00a0\u015eafi mezhebi ise bunun mekruh olmad\u0131\u011f\u0131n\u0131 s\u00f6yleyerek bu \u015fekildeki g\u00f6r\u00fc\u015flerine\u00a0<strong>Hz. Ai\u015fe<\/strong>\u2019nin bir ameli ile delil getirirler.\u00a0<strong>Said b. Vakkas<\/strong>\u00a0vefat etti\u011finde Hz. Ai\u015fe (Rad\u0131yallahu Anha) Resulullah\u2019\u0131n zevcelerinin onun namaz\u0131n\u0131 k\u0131labilmeleri i\u00e7in cenazenin mescide sokulmas\u0131n\u0131 emretmi\u015f ve etraf\u0131nda bulunan baz\u0131 kimselere \u201cYapt\u0131\u011f\u0131m\u0131z \u015feyi insanlar bize ay\u0131p m\u0131 g\u00f6rd\u00fcler?\u201d diye sordu\u011funda \u201cEvet\u201d denilince \u201c\u0130nsanlar Resulullah\u2019\u0131n\u00a0<strong>Sehl \u0130bn Ebi\u2019l-Beyza<\/strong>\u2019n\u0131n cenaze namaz\u0131n\u0131 mescidin i\u00e7erisinde k\u0131ld\u0131\u011f\u0131n\u0131 ne \u00e7abuk unuttular ve bir de bu cenaze namaz\u0131 bir dua ve namazd\u0131r. Mescit ise buna gayr\u0131s\u0131ndan daha lay\u0131kt\u0131r\u201d demi\u015ftir.<a id=\"ftnref2\" href=\"https:\/\/darusselam.com\/sorular-ve-cevaplar\/mescidde-cenaze-namazi-kilinir-mi.html#ftn2\" name=\"_ftnref2\">[2]<\/a><\/p>\n<p>Hanefiler ise bu meselede\u00a0<strong>Ebu Hureyre (Rad\u0131yallahu Anh)<\/strong>\u2019den nakledilen<\/p>\n<p><span dir=\"RTL\">\u00a0\u00a0\u00a0\u00a0\u00a0\u00a0\u00a0\u00a0\u00a0\u00a0\u00a0<\/span>\u00a0\u00a0\u00a0<span dir=\"RTL\">\u0645\u0646 \u0635\u0644\u0649 \u0639\u0644\u0649 \u062c\u0646\u0627\u0632\u0629 \u0641\u064a \u0627\u0644\u0645\u0633\u062c\u062f \u0641\u0644\u0627 \u0634\u064a\u0621 \u0644\u0647<\/span><\/p>\n<p>\u201cKim bir cenaze \u00fczerine mescitte namaz k\u0131larsa ona hi\u00e7bir \u015fey yoktur\u201d \u015feklindeki rivayetle istidlal etmektedirler.<a id=\"ftnref3\" href=\"https:\/\/darusselam.com\/sorular-ve-cevaplar\/mescidde-cenaze-namazi-kilinir-mi.html#ftn3\" name=\"_ftnref3\">[3]<\/a>\u00a0Ayr\u0131ca \u015eafilerin getirmi\u015f olduklar\u0131 Efendimiz\u2019in mescitte cenaze namaz\u0131 k\u0131ld\u0131\u011f\u0131n\u0131 ifade eden rivayet de Resulullah (Sallalahu Aleyhi ve Sellem)\u2019in i\u2019tikafta oldu\u011fu duruma hamledilmektedir. Bu durumda Nebi Aleyhisselam\u2019\u0131n mescitten \u00e7\u0131kmas\u0131 m\u00fcmk\u00fcn olmad\u0131\u011f\u0131ndan Cenaze\u2019nin mescidin d\u0131\u015f\u0131na konularak k\u0131l\u0131nmas\u0131 s\u00f6z konusu olmu\u015ftur.<a id=\"ftnref4\" href=\"https:\/\/darusselam.com\/sorular-ve-cevaplar\/mescidde-cenaze-namazi-kilinir-mi.html#ftn4\" name=\"_ftnref4\">[4]<\/a>\u00a0\u00d6yleyse cenaze namaz\u0131n\u0131n mescitte k\u0131l\u0131nmas\u0131 mekruhtur.<\/p>\n<p>Son olarak belirtmemiz gereken husus, cenazenin mescidin d\u0131\u015f\u0131nda olmas\u0131 durumunda cemaatin onun namaz\u0131n\u0131 k\u0131lmas\u0131nda bir kerahetin olmayaca\u011f\u0131 hususudur. Bu konuyu ta\u2019lil eden\u00a0<strong>el-Leknev\u00ee<\/strong>, meyyitten bir tak\u0131m necis \u015feylerin \u00e7\u0131kmas\u0131n\u0131n muhtemel oldu\u011funu ve bu sebeple mescidin kirlenmesi gibi bir olay\u0131n tahakkukunun m\u00fcmk\u00fcn oldu\u011funu belirtir.<a id=\"ftnref5\" href=\"https:\/\/darusselam.com\/sorular-ve-cevaplar\/mescidde-cenaze-namazi-kilinir-mi.html#ftn5\" name=\"_ftnref5\">[5]<\/a>\u00a0Buna g\u00f6re tabutun d\u0131\u015far\u0131ya konmas\u0131yla bu durum ortadan kalkaca\u011f\u0131ndan dolay\u0131 kerahet de ortadan kalkacakt\u0131r.<\/p>\n<p>Allah-u A\u2019lem\u2026<\/p>\n<p>&nbsp;<\/p>\n<hr \/>\n<p><a id=\"ftnref1\" href=\"https:\/\/darusselam.com\/sorular-ve-cevaplar\/mescidde-cenaze-namazi-kilinir-mi.html#ftnref1\" name=\"ftn1\">[1]<\/a>\u00a0Muhammed b. Hasen e\u015f-\u015eeybani, <em>el-Camiu\u2019s-Sa\u011fir<\/em>, s. 482<\/p>\n<p><a id=\"ftnref2\" href=\"https:\/\/darusselam.com\/sorular-ve-cevaplar\/mescidde-cenaze-namazi-kilinir-mi.html#ftnref2\" name=\"ftn2\">[2]<\/a>\u00a0Es-Serahsi, <em>el-Mebs\u00fbt<\/em>, II \/68 Daru\u2019l-Marife, Beyrut-L\u00fcbnan<\/p>\n<p><a id=\"ftnref3\" href=\"https:\/\/darusselam.com\/sorular-ve-cevaplar\/mescidde-cenaze-namazi-kilinir-mi.html#ftnref3\" name=\"ftn3\">[3]<\/a>\u00a0Bu rivayetin tahlili i\u00e7in Bkz.ez-Zeyl\u00e2\u00ee, <em>Nasbu\u2019r-Raye<\/em>, II\/275 M\u00fcessesetu\u2019r-Reyyan,<\/p>\n<p><a id=\"ftnref4\" href=\"https:\/\/darusselam.com\/sorular-ve-cevaplar\/mescidde-cenaze-namazi-kilinir-mi.html#ftnref4\" name=\"ftn4\">[4]<\/a>\u00a0Es-Serahsi, <em>el-Mebs\u00fbt<\/em>, II \/68<\/p>\n<p><a id=\"ftnref5\" href=\"https:\/\/darusselam.com\/sorular-ve-cevaplar\/mescidde-cenaze-namazi-kilinir-mi.html#ftnref5\" name=\"ftn5\">[5]<\/a>\u00a0Abd\u00fc\u2019l-Hayy el-Leknev\u00ee, <em>Umdetu\u2019r-Riaye al\u00e2 \u015ferhi\u2019l-Vikaye,<\/em> II \/366 Daru\u2019l-K\u00fct\u00fcbi\u2019l-\u0130lmiyye 2009 B.1<\/p>\n","protected":false},"excerpt":{"rendered":"<p>Soru:\u00a0Caminin i\u00e7erisinde cenaze namaz\u0131 k\u0131l\u0131nmas\u0131nda bir beis var m\u0131d\u0131r? Bu durum \u00f6zellikle b\u00fcy\u00fck camiler ba\u015fta olmak \u00fczere baz\u0131 yerlerde s\u00f6z konusu. Ne s\u00f6ylenmesi gerekir? Cevap:\u00a0Hanefi mezhebinde mescidin i\u00e7erisinde cenaze namaz\u0131 k\u0131l\u0131nmas\u0131n\u0131n mekruh oldu\u011fu s\u00f6ylenmektedir.[1]\u00a0\u015eafi mezhebi ise bunun mekruh olmad\u0131\u011f\u0131n\u0131 s\u00f6yleyerek bu \u015fekildeki g\u00f6r\u00fc\u015flerine\u00a0Hz. Ai\u015fe\u2019nin bir ameli ile delil getirirler.\u00a0Said b. Vakkas\u00a0vefat etti\u011finde Hz. Ai\u015fe (Rad\u0131yallahu [&hellip;]<\/p>\n","protected":false},"author":3,"featured_media":968,"comment_status":"open","ping_status":"open","sticky":false,"template":"","format":"standard","meta":{"content-type":"","_monsterinsights_skip_tracking":false,"_monsterinsights_sitenote_active":false,"_monsterinsights_sitenote_note":"","_monsterinsights_sitenote_category":0,"footnotes":""},"categories":[2],"tags":[120,123,124,128,438,447],"class_list":{"0":"post-965","1":"post","2":"type-post","3":"status-publish","4":"format-standard","5":"has-post-thumbnail","7":"category-gundeme-dair","8":"tag-caiz","9":"tag-caminin-ici","10":"tag-caminin-icinde-cenaze","11":"tag-cenaze-namazi","12":"tag-meccidin-icinde-cenaze","13":"tag-mescid"},"yoast_head":"<!-- This site is optimized with the Yoast SEO plugin v23.2 - https:\/\/yoast.com\/wordpress\/plugins\/seo\/ -->\n<title>Mescidde Cenaze Namaz\u0131 K\u0131lmak Caiz Midir? - \u00d6mer Faruk Korkmaz Hocaefendi<\/title>\n<meta name=\"robots\" content=\"index, follow, max-snippet:-1, max-image-preview:large, max-video-preview:-1\" \/>\n<link rel=\"canonical\" href=\"https:\/\/omerfarukkorkmaz.com.tr\/tr\/mescidde-cenaze-namazi-kilmak-caiz-midir\/\" \/>\n<meta property=\"og:locale\" content=\"tr_TR\" \/>\n<meta property=\"og:type\" content=\"article\" \/>\n<meta property=\"og:title\" content=\"Mescidde Cenaze Namaz\u0131 K\u0131lmak Caiz Midir? - \u00d6mer Faruk Korkmaz Hocaefendi\" \/>\n<meta property=\"og:description\" content=\"Soru:\u00a0Caminin i\u00e7erisinde cenaze namaz\u0131 k\u0131l\u0131nmas\u0131nda bir beis var m\u0131d\u0131r? Bu durum \u00f6zellikle b\u00fcy\u00fck camiler ba\u015fta olmak \u00fczere baz\u0131 yerlerde s\u00f6z konusu. Ne s\u00f6ylenmesi gerekir? Cevap:\u00a0Hanefi mezhebinde mescidin i\u00e7erisinde cenaze namaz\u0131 k\u0131l\u0131nmas\u0131n\u0131n mekruh oldu\u011fu s\u00f6ylenmektedir.[1]\u00a0\u015eafi mezhebi ise bunun mekruh olmad\u0131\u011f\u0131n\u0131 s\u00f6yleyerek bu \u015fekildeki g\u00f6r\u00fc\u015flerine\u00a0Hz. Ai\u015fe\u2019nin bir ameli ile delil getirirler.\u00a0Said b. Vakkas\u00a0vefat etti\u011finde Hz. Ai\u015fe (Rad\u0131yallahu [&hellip;]\" \/>\n<meta property=\"og:url\" content=\"https:\/\/omerfarukkorkmaz.com.tr\/tr\/mescidde-cenaze-namazi-kilmak-caiz-midir\/\" \/>\n<meta property=\"og:site_name\" content=\"\u00d6mer Faruk Korkmaz Hocaefendi\" \/>\n<meta property=\"article:published_time\" content=\"2021-06-26T15:12:35+00:00\" \/>\n<meta property=\"og:image\" content=\"https:\/\/omerfarukkorkmaz.com.tr\/tr\/wp-content\/uploads\/2021\/06\/602d4831c03c0e0ae8e68043-e1624720601246.jpeg\" \/>\n\t<meta property=\"og:image:width\" content=\"740\" \/>\n\t<meta property=\"og:image:height\" content=\"399\" \/>\n\t<meta property=\"og:image:type\" content=\"image\/jpeg\" \/>\n<meta name=\"author\" content=\"\u00d6mer Faruk Korkmaz\" \/>\n<meta name=\"twitter:card\" content=\"summary_large_image\" \/>\n<meta name=\"twitter:label1\" content=\"Yazan:\" \/>\n\t<meta name=\"twitter:data1\" content=\"\u00d6mer Faruk Korkmaz\" \/>\n\t<meta name=\"twitter:label2\" content=\"Tahmini okuma s\u00fcresi\" \/>\n\t<meta name=\"twitter:data2\" content=\"2 dakika\" \/>\n<script type=\"application\/ld+json\" class=\"yoast-schema-graph\">{\"@context\":\"https:\/\/schema.org\",\"@graph\":[{\"@type\":\"Article\",\"@id\":\"https:\/\/omerfarukkorkmaz.com.tr\/tr\/mescidde-cenaze-namazi-kilmak-caiz-midir\/#article\",\"isPartOf\":{\"@id\":\"https:\/\/omerfarukkorkmaz.com.tr\/tr\/mescidde-cenaze-namazi-kilmak-caiz-midir\/\"},\"author\":{\"name\":\"\u00d6mer Faruk Korkmaz\",\"@id\":\"https:\/\/omerfarukkorkmaz.com.tr\/tr\/#\/schema\/person\/7efd65277de8b9dc0520ec210e387854\"},\"headline\":\"Mescidde Cenaze Namaz\u0131 K\u0131lmak Caiz Midir?\",\"datePublished\":\"2021-06-26T15:12:35+00:00\",\"dateModified\":\"2021-06-26T15:12:35+00:00\",\"mainEntityOfPage\":{\"@id\":\"https:\/\/omerfarukkorkmaz.com.tr\/tr\/mescidde-cenaze-namazi-kilmak-caiz-midir\/\"},\"wordCount\":402,\"commentCount\":0,\"publisher\":{\"@id\":\"https:\/\/omerfarukkorkmaz.com.tr\/tr\/#\/schema\/person\/7efd65277de8b9dc0520ec210e387854\"},\"image\":{\"@id\":\"https:\/\/omerfarukkorkmaz.com.tr\/tr\/mescidde-cenaze-namazi-kilmak-caiz-midir\/#primaryimage\"},\"thumbnailUrl\":\"https:\/\/omerfarukkorkmaz.com.tr\/tr\/wp-content\/uploads\/2021\/06\/602d4831c03c0e0ae8e68043-e1624720601246.jpeg\",\"keywords\":[\"caiz\",\"Caminin i\u00e7i\",\"caminin i\u00e7inde cenaze\",\"Cenaze namaz\u0131\",\"Meccidin i\u00e7inde cenaze\",\"Mescid\"],\"articleSection\":[\"G\u00fcndeme Dair\"],\"inLanguage\":\"tr\",\"potentialAction\":[{\"@type\":\"CommentAction\",\"name\":\"Comment\",\"target\":[\"https:\/\/omerfarukkorkmaz.com.tr\/tr\/mescidde-cenaze-namazi-kilmak-caiz-midir\/#respond\"]}]},{\"@type\":\"WebPage\",\"@id\":\"https:\/\/omerfarukkorkmaz.com.tr\/tr\/mescidde-cenaze-namazi-kilmak-caiz-midir\/\",\"url\":\"https:\/\/omerfarukkorkmaz.com.tr\/tr\/mescidde-cenaze-namazi-kilmak-caiz-midir\/\",\"name\":\"Mescidde Cenaze Namaz\u0131 K\u0131lmak Caiz Midir? - \u00d6mer Faruk Korkmaz Hocaefendi\",\"isPartOf\":{\"@id\":\"https:\/\/omerfarukkorkmaz.com.tr\/tr\/#website\"},\"primaryImageOfPage\":{\"@id\":\"https:\/\/omerfarukkorkmaz.com.tr\/tr\/mescidde-cenaze-namazi-kilmak-caiz-midir\/#primaryimage\"},\"image\":{\"@id\":\"https:\/\/omerfarukkorkmaz.com.tr\/tr\/mescidde-cenaze-namazi-kilmak-caiz-midir\/#primaryimage\"},\"thumbnailUrl\":\"https:\/\/omerfarukkorkmaz.com.tr\/tr\/wp-content\/uploads\/2021\/06\/602d4831c03c0e0ae8e68043-e1624720601246.jpeg\",\"datePublished\":\"2021-06-26T15:12:35+00:00\",\"dateModified\":\"2021-06-26T15:12:35+00:00\",\"breadcrumb\":{\"@id\":\"https:\/\/omerfarukkorkmaz.com.tr\/tr\/mescidde-cenaze-namazi-kilmak-caiz-midir\/#breadcrumb\"},\"inLanguage\":\"tr\",\"potentialAction\":[{\"@type\":\"ReadAction\",\"target\":[\"https:\/\/omerfarukkorkmaz.com.tr\/tr\/mescidde-cenaze-namazi-kilmak-caiz-midir\/\"]}]},{\"@type\":\"ImageObject\",\"inLanguage\":\"tr\",\"@id\":\"https:\/\/omerfarukkorkmaz.com.tr\/tr\/mescidde-cenaze-namazi-kilmak-caiz-midir\/#primaryimage\",\"url\":\"https:\/\/omerfarukkorkmaz.com.tr\/tr\/wp-content\/uploads\/2021\/06\/602d4831c03c0e0ae8e68043-e1624720601246.jpeg\",\"contentUrl\":\"https:\/\/omerfarukkorkmaz.com.tr\/tr\/wp-content\/uploads\/2021\/06\/602d4831c03c0e0ae8e68043-e1624720601246.jpeg\",\"width\":740,\"height\":399},{\"@type\":\"BreadcrumbList\",\"@id\":\"https:\/\/omerfarukkorkmaz.com.tr\/tr\/mescidde-cenaze-namazi-kilmak-caiz-midir\/#breadcrumb\",\"itemListElement\":[{\"@type\":\"ListItem\",\"position\":1,\"name\":\"Anasayfa\",\"item\":\"https:\/\/omerfarukkorkmaz.com.tr\/tr\/\"},{\"@type\":\"ListItem\",\"position\":2,\"name\":\"Mescidde Cenaze Namaz\u0131 K\u0131lmak Caiz Midir?\"}]},{\"@type\":\"WebSite\",\"@id\":\"https:\/\/omerfarukkorkmaz.com.tr\/tr\/#website\",\"url\":\"https:\/\/omerfarukkorkmaz.com.tr\/tr\/\",\"name\":\"\u00d6mer Faruk Korkmaz Hocaefendi\",\"description\":\"Resmi Web Sayfas\u0131\",\"publisher\":{\"@id\":\"https:\/\/omerfarukkorkmaz.com.tr\/tr\/#\/schema\/person\/7efd65277de8b9dc0520ec210e387854\"},\"potentialAction\":[{\"@type\":\"SearchAction\",\"target\":{\"@type\":\"EntryPoint\",\"urlTemplate\":\"https:\/\/omerfarukkorkmaz.com.tr\/tr\/?s={search_term_string}\"},\"query-input\":\"required name=search_term_string\"}],\"inLanguage\":\"tr\"},{\"@type\":[\"Person\",\"Organization\"],\"@id\":\"https:\/\/omerfarukkorkmaz.com.tr\/tr\/#\/schema\/person\/7efd65277de8b9dc0520ec210e387854\",\"name\":\"\u00d6mer Faruk Korkmaz\",\"image\":{\"@type\":\"ImageObject\",\"inLanguage\":\"tr\",\"@id\":\"https:\/\/omerfarukkorkmaz.com.tr\/tr\/#\/schema\/person\/image\/\",\"url\":\"https:\/\/omerfarukkorkmaz.com.tr\/tr\/wp-content\/uploads\/2020\/12\/cropped-nkl-2.png\",\"contentUrl\":\"https:\/\/omerfarukkorkmaz.com.tr\/tr\/wp-content\/uploads\/2020\/12\/cropped-nkl-2.png\",\"width\":512,\"height\":512,\"caption\":\"\u00d6mer Faruk Korkmaz\"},\"logo\":{\"@id\":\"https:\/\/omerfarukkorkmaz.com.tr\/tr\/#\/schema\/person\/image\/\"},\"url\":\"https:\/\/omerfarukkorkmaz.com.tr\/tr\/author\/ofkorkmaz\/\"}]}<\/script>\n<!-- \/ Yoast SEO plugin. -->","yoast_head_json":{"title":"Mescidde Cenaze Namaz\u0131 K\u0131lmak Caiz Midir? - \u00d6mer Faruk Korkmaz Hocaefendi","robots":{"index":"index","follow":"follow","max-snippet":"max-snippet:-1","max-image-preview":"max-image-preview:large","max-video-preview":"max-video-preview:-1"},"canonical":"https:\/\/omerfarukkorkmaz.com.tr\/tr\/mescidde-cenaze-namazi-kilmak-caiz-midir\/","og_locale":"tr_TR","og_type":"article","og_title":"Mescidde Cenaze Namaz\u0131 K\u0131lmak Caiz Midir? - \u00d6mer Faruk Korkmaz Hocaefendi","og_description":"Soru:\u00a0Caminin i\u00e7erisinde cenaze namaz\u0131 k\u0131l\u0131nmas\u0131nda bir beis var m\u0131d\u0131r? Bu durum \u00f6zellikle b\u00fcy\u00fck camiler ba\u015fta olmak \u00fczere baz\u0131 yerlerde s\u00f6z konusu. Ne s\u00f6ylenmesi gerekir? Cevap:\u00a0Hanefi mezhebinde mescidin i\u00e7erisinde cenaze namaz\u0131 k\u0131l\u0131nmas\u0131n\u0131n mekruh oldu\u011fu s\u00f6ylenmektedir.[1]\u00a0\u015eafi mezhebi ise bunun mekruh olmad\u0131\u011f\u0131n\u0131 s\u00f6yleyerek bu \u015fekildeki g\u00f6r\u00fc\u015flerine\u00a0Hz. Ai\u015fe\u2019nin bir ameli ile delil getirirler.\u00a0Said b. Vakkas\u00a0vefat etti\u011finde Hz. Ai\u015fe (Rad\u0131yallahu [&hellip;]","og_url":"https:\/\/omerfarukkorkmaz.com.tr\/tr\/mescidde-cenaze-namazi-kilmak-caiz-midir\/","og_site_name":"\u00d6mer Faruk Korkmaz Hocaefendi","article_published_time":"2021-06-26T15:12:35+00:00","og_image":[{"width":740,"height":399,"url":"https:\/\/omerfarukkorkmaz.com.tr\/tr\/wp-content\/uploads\/2021\/06\/602d4831c03c0e0ae8e68043-e1624720601246.jpeg","type":"image\/jpeg"}],"author":"\u00d6mer Faruk Korkmaz","twitter_card":"summary_large_image","twitter_misc":{"Yazan:":"\u00d6mer Faruk Korkmaz","Tahmini okuma s\u00fcresi":"2 dakika"},"schema":{"@context":"https:\/\/schema.org","@graph":[{"@type":"Article","@id":"https:\/\/omerfarukkorkmaz.com.tr\/tr\/mescidde-cenaze-namazi-kilmak-caiz-midir\/#article","isPartOf":{"@id":"https:\/\/omerfarukkorkmaz.com.tr\/tr\/mescidde-cenaze-namazi-kilmak-caiz-midir\/"},"author":{"name":"\u00d6mer Faruk Korkmaz","@id":"https:\/\/omerfarukkorkmaz.com.tr\/tr\/#\/schema\/person\/7efd65277de8b9dc0520ec210e387854"},"headline":"Mescidde Cenaze Namaz\u0131 K\u0131lmak Caiz Midir?","datePublished":"2021-06-26T15:12:35+00:00","dateModified":"2021-06-26T15:12:35+00:00","mainEntityOfPage":{"@id":"https:\/\/omerfarukkorkmaz.com.tr\/tr\/mescidde-cenaze-namazi-kilmak-caiz-midir\/"},"wordCount":402,"commentCount":0,"publisher":{"@id":"https:\/\/omerfarukkorkmaz.com.tr\/tr\/#\/schema\/person\/7efd65277de8b9dc0520ec210e387854"},"image":{"@id":"https:\/\/omerfarukkorkmaz.com.tr\/tr\/mescidde-cenaze-namazi-kilmak-caiz-midir\/#primaryimage"},"thumbnailUrl":"https:\/\/omerfarukkorkmaz.com.tr\/tr\/wp-content\/uploads\/2021\/06\/602d4831c03c0e0ae8e68043-e1624720601246.jpeg","keywords":["caiz","Caminin i\u00e7i","caminin i\u00e7inde cenaze","Cenaze namaz\u0131","Meccidin i\u00e7inde cenaze","Mescid"],"articleSection":["G\u00fcndeme Dair"],"inLanguage":"tr","potentialAction":[{"@type":"CommentAction","name":"Comment","target":["https:\/\/omerfarukkorkmaz.com.tr\/tr\/mescidde-cenaze-namazi-kilmak-caiz-midir\/#respond"]}]},{"@type":"WebPage","@id":"https:\/\/omerfarukkorkmaz.com.tr\/tr\/mescidde-cenaze-namazi-kilmak-caiz-midir\/","url":"https:\/\/omerfarukkorkmaz.com.tr\/tr\/mescidde-cenaze-namazi-kilmak-caiz-midir\/","name":"Mescidde Cenaze Namaz\u0131 K\u0131lmak Caiz Midir? - \u00d6mer Faruk Korkmaz Hocaefendi","isPartOf":{"@id":"https:\/\/omerfarukkorkmaz.com.tr\/tr\/#website"},"primaryImageOfPage":{"@id":"https:\/\/omerfarukkorkmaz.com.tr\/tr\/mescidde-cenaze-namazi-kilmak-caiz-midir\/#primaryimage"},"image":{"@id":"https:\/\/omerfarukkorkmaz.com.tr\/tr\/mescidde-cenaze-namazi-kilmak-caiz-midir\/#primaryimage"},"thumbnailUrl":"https:\/\/omerfarukkorkmaz.com.tr\/tr\/wp-content\/uploads\/2021\/06\/602d4831c03c0e0ae8e68043-e1624720601246.jpeg","datePublished":"2021-06-26T15:12:35+00:00","dateModified":"2021-06-26T15:12:35+00:00","breadcrumb":{"@id":"https:\/\/omerfarukkorkmaz.com.tr\/tr\/mescidde-cenaze-namazi-kilmak-caiz-midir\/#breadcrumb"},"inLanguage":"tr","potentialAction":[{"@type":"ReadAction","target":["https:\/\/omerfarukkorkmaz.com.tr\/tr\/mescidde-cenaze-namazi-kilmak-caiz-midir\/"]}]},{"@type":"ImageObject","inLanguage":"tr","@id":"https:\/\/omerfarukkorkmaz.com.tr\/tr\/mescidde-cenaze-namazi-kilmak-caiz-midir\/#primaryimage","url":"https:\/\/omerfarukkorkmaz.com.tr\/tr\/wp-content\/uploads\/2021\/06\/602d4831c03c0e0ae8e68043-e1624720601246.jpeg","contentUrl":"https:\/\/omerfarukkorkmaz.com.tr\/tr\/wp-content\/uploads\/2021\/06\/602d4831c03c0e0ae8e68043-e1624720601246.jpeg","width":740,"height":399},{"@type":"BreadcrumbList","@id":"https:\/\/omerfarukkorkmaz.com.tr\/tr\/mescidde-cenaze-namazi-kilmak-caiz-midir\/#breadcrumb","itemListElement":[{"@type":"ListItem","position":1,"name":"Anasayfa","item":"https:\/\/omerfarukkorkmaz.com.tr\/tr\/"},{"@type":"ListItem","position":2,"name":"Mescidde Cenaze Namaz\u0131 K\u0131lmak Caiz Midir?"}]},{"@type":"WebSite","@id":"https:\/\/omerfarukkorkmaz.com.tr\/tr\/#website","url":"https:\/\/omerfarukkorkmaz.com.tr\/tr\/","name":"\u00d6mer Faruk Korkmaz Hocaefendi","description":"Resmi Web Sayfas\u0131","publisher":{"@id":"https:\/\/omerfarukkorkmaz.com.tr\/tr\/#\/schema\/person\/7efd65277de8b9dc0520ec210e387854"},"potentialAction":[{"@type":"SearchAction","target":{"@type":"EntryPoint","urlTemplate":"https:\/\/omerfarukkorkmaz.com.tr\/tr\/?s={search_term_string}"},"query-input":"required name=search_term_string"}],"inLanguage":"tr"},{"@type":["Person","Organization"],"@id":"https:\/\/omerfarukkorkmaz.com.tr\/tr\/#\/schema\/person\/7efd65277de8b9dc0520ec210e387854","name":"\u00d6mer Faruk Korkmaz","image":{"@type":"ImageObject","inLanguage":"tr","@id":"https:\/\/omerfarukkorkmaz.com.tr\/tr\/#\/schema\/person\/image\/","url":"https:\/\/omerfarukkorkmaz.com.tr\/tr\/wp-content\/uploads\/2020\/12\/cropped-nkl-2.png","contentUrl":"https:\/\/omerfarukkorkmaz.com.tr\/tr\/wp-content\/uploads\/2020\/12\/cropped-nkl-2.png","width":512,"height":512,"caption":"\u00d6mer Faruk Korkmaz"},"logo":{"@id":"https:\/\/omerfarukkorkmaz.com.tr\/tr\/#\/schema\/person\/image\/"},"url":"https:\/\/omerfarukkorkmaz.com.tr\/tr\/author\/ofkorkmaz\/"}]}},"_links":{"self":[{"href":"https:\/\/omerfarukkorkmaz.com.tr\/tr\/wp-json\/wp\/v2\/posts\/965","targetHints":{"allow":["GET"]}}],"collection":[{"href":"https:\/\/omerfarukkorkmaz.com.tr\/tr\/wp-json\/wp\/v2\/posts"}],"about":[{"href":"https:\/\/omerfarukkorkmaz.com.tr\/tr\/wp-json\/wp\/v2\/types\/post"}],"author":[{"embeddable":true,"href":"https:\/\/omerfarukkorkmaz.com.tr\/tr\/wp-json\/wp\/v2\/users\/3"}],"replies":[{"embeddable":true,"href":"https:\/\/omerfarukkorkmaz.com.tr\/tr\/wp-json\/wp\/v2\/comments?post=965"}],"version-history":[{"count":0,"href":"https:\/\/omerfarukkorkmaz.com.tr\/tr\/wp-json\/wp\/v2\/posts\/965\/revisions"}],"wp:featuredmedia":[{"embeddable":true,"href":"https:\/\/omerfarukkorkmaz.com.tr\/tr\/wp-json\/wp\/v2\/media\/968"}],"wp:attachment":[{"href":"https:\/\/omerfarukkorkmaz.com.tr\/tr\/wp-json\/wp\/v2\/media?parent=965"}],"wp:term":[{"taxonomy":"category","embeddable":true,"href":"https:\/\/omerfarukkorkmaz.com.tr\/tr\/wp-json\/wp\/v2\/categories?post=965"},{"taxonomy":"post_tag","embeddable":true,"href":"https:\/\/omerfarukkorkmaz.com.tr\/tr\/wp-json\/wp\/v2\/tags?post=965"}],"curies":[{"name":"wp","href":"https:\/\/api.w.org\/{rel}","templated":true}]}}