{"id":936,"date":"2021-05-23T14:34:24","date_gmt":"2021-05-23T14:34:24","guid":{"rendered":"http:\/\/www.omerfarukkorkmaz.com.tr\/?p=936"},"modified":"2021-05-23T14:34:24","modified_gmt":"2021-05-23T14:34:24","slug":"kasitsiz-bosamanin-hukmu-nedir","status":"publish","type":"post","link":"https:\/\/omerfarukkorkmaz.com.tr\/tr\/kasitsiz-bosamanin-hukmu-nedir\/","title":{"rendered":"Kas\u0131ts\u0131z Bo\u015faman\u0131n H\u00fckm\u00fc Nedir?"},"content":{"rendered":"<blockquote><p><span style=\"color: #ff0000;\"><strong>Soru:\u00a0<\/strong><\/span>Hocam, kas\u0131ts\u0131z verilen tal\u00e2k sebebiyle herhangi bir \u015fey gerekir mi? Bo\u015faman\u0131n \u015fakas\u0131 yoktur denir, bundan kas\u0131t d\u00f6n\u00fc\u015f\u00fc olmayaca\u011f\u0131 m\u0131? Tal\u00e2k olarak say\u0131lacak bir s\u00f6z\u00fcn kas\u0131tl\u0131 olmadan, hatta yanl\u0131\u015fl\u0131kla s\u00f6ylenmesi ile tal\u00e2k ger\u00e7ekle\u015fmi\u015f olur mu?<\/p><\/blockquote>\n<p><strong><span style=\"color: #ff0000;\">Cevap:<\/span> <\/strong>Aleyk\u00fcm selam k\u0131ymetli muhterem karde\u015fim! Kas\u0131ts\u0131z olarak \u015feklindeki ifadenizden neyi kastetti\u011finiz \u00e7ok belli de\u011fildir. Fakat bu konuyla ba\u011flant\u0131l\u0131 olarak \u015funlar s\u00f6ylenebilir.<\/p>\n<p>F\u0131k\u0131h kitaplar\u0131m\u0131zda kas\u0131ts\u0131z olarak verilen talaka \u00f6rnek olarak g\u00f6sterebilece\u011fimiz baz\u0131 bahisler i\u015flenmektedir. Mesela,\u00a0<strong>\u0130mam Muhammed<\/strong>,\u00a0<em><strong>Ebu Hanife-Hammad-\u0130brahim en-Nehai<\/strong><\/em>\u00a0tarikiyle sarho\u015f olan kimsenin talak\u0131n\u0131n ge\u00e7erli olaca\u011f\u0131n\u0131 nakleder.<a href=\"https:\/\/darusselam.com\/sorular-ve-cevaplar\/kasitsiz-verilen-talak-hukmu-nedir.html#_ftn1\" name=\"_ftnref1\">[1]<\/a><\/p>\n<p>Her ne kadar bu hususta\u00a0<strong>\u0130mam Tahav\u00ee<\/strong>\u00a0ve\u00a0<strong>Kerh\u00ee<\/strong>\u2019nin bir ihtilaf\u0131 mevcutsa da mezhepte tercih edilen g\u00f6r\u00fc\u015f sarho\u015f olan kimsenin verdi\u011fi talak\u0131n ge\u00e7erli olaca\u011f\u0131d\u0131r. Mesel\u00e2 bu hususta sarho\u015fun verdi\u011fi talakta kast\u0131n\u0131n bulundu\u011funu s\u00f6ylememiz m\u00fcmk\u00fcn de\u011filken talak\u0131n\u0131n ge\u00e7erli oldu\u011fu s\u00f6ylenmi\u015ftir.<\/p>\n<p>Fakat yine \u0130mam Muhammed, akli dengeleri yerinde olmayan kimselerin verdi\u011fi talak\u0131n ge\u00e7erli olmayaca\u011f\u0131n\u0131 s\u00f6ylemektedir.<a href=\"https:\/\/darusselam.com\/sorular-ve-cevaplar\/kasitsiz-verilen-talak-hukmu-nedir.html#_ftn2\" name=\"_ftnref2\">[2]<\/a>\u00a0Mesela buna Ma\u2019tuh olan kimseyi misal olarak g\u00f6sterebiliriz. Nitekim fukaha ma\u2019tuhun verdi\u011fi talak\u0131n ge\u00e7erli olamayaca\u011f\u0131 hususunda Efendimiz Aleyhissalat\u00fc vesselam\u2019\u0131n\u00a0<em><strong>\u201cAkl\u00ee dengesini kaybetmi\u015f ma\u2019tuh kimselerin verdi\u011fi talak\u0131n d\u0131\u015f\u0131ndaki her bir talak caizdir\u201d<\/strong><a href=\"https:\/\/darusselam.com\/sorular-ve-cevaplar\/kasitsiz-verilen-talak-hukmu-nedir.html#_ftn3\" name=\"_ftnref3\"><strong>[3]<\/strong><\/a>\u00a0<\/em>\u015feklindeki hadisiyle istidlal etmektedirler. Burada da yukar\u0131daki h\u00fckm\u00fcn tam z\u0131tt\u0131na, kas\u0131ts\u0131z olarak verilmi\u015f olan talak\u0131n h\u00fck\u00fcms\u00fczl\u00fc\u011f\u00fcnden bahsedilmektedir.<\/p>\n<p>Son olarak kas\u0131ts\u0131z verilip de herhangi bir h\u00fck\u00fcm ifade etmeyen bo\u015famaya \u201cuyuyan kimsenin han\u0131m\u0131n\u0131 bo\u015famas\u0131n\u0131\u201d misal verebiliriz. Nitekim \u0130mam Muhammed yine Ebu Hanife-Hammad-\u0130brahim en-Nehai tarikiyle \u0130brahim en-Nehai\u2019nin \u201cUyuyan kimsenin talak\u0131 hi\u00e7bir \u015feydir\/ hi\u00e7bir h\u00fck\u00fcm ifade etmemektedir\u201d \u015feklindeki s\u00f6z\u00fcn\u00fc nakleder ve sonunda \u201cBiz bunu al\u0131r\u0131z ve bu ayn\u0131 zamanda Ebu Hanife\u2019nin de g\u00f6r\u00fc\u015f\u00fcd\u00fcr\u201d der.<a href=\"https:\/\/darusselam.com\/sorular-ve-cevaplar\/kasitsiz-verilen-talak-hukmu-nedir.html#_ftn4\" name=\"_ftnref4\">[4]<\/a><\/p>\n<p>Soruda sorulan kas\u0131ts\u0131z talak verme \u015feklindeki umumi bir ifadeyi \u0130mam Muhammed\u2019in <em><strong>el-\u00c2s\u00e2r&#8217;<\/strong><\/em>\u0131ndaki bir k\u0131s\u0131m nakilllerden \u015fimdilik ancak bu kadar\u0131yla izah edebildik. Nakillerden de anla\u015f\u0131ld\u0131\u011f\u0131 \u00fczere bu konuda varid olan \u00e2sara tabi olmaktan ba\u015fka her hangi bir yol yoktur. Nitekim yukar\u0131da nakletti\u011fimiz fetvalarda g\u00f6r\u00fcld\u00fc\u011f\u00fc \u00fczere hepsinde kas\u0131t olmamas\u0131na ra\u011fmen, hepsinin h\u00fck\u00fcms\u00fcz oldu\u011funu s\u00f6yleyemiyoruz. Bu da anlatt\u0131\u011f\u0131m\u0131z \u015feyin en bariz ispat\u0131d\u0131r.<\/p>\n<p>Selametle\u2026<\/p>\n<p>&nbsp;<\/p>\n<hr \/>\n<p><a href=\"https:\/\/darusselam.com\/sorular-ve-cevaplar\/kasitsiz-verilen-talak-hukmu-nedir.html#_ftnref1\" name=\"_ftn1\"><strong>[1]<\/strong><\/a>\u00a0Muhammed b. Hasen e\u015f-\u015eeyb\u00e2ni, <em>Kitabu\u2019l-\u00c2s\u00e2r<\/em>, II\/ 451 Daru\u2019n-Nevadir, Dime\u015fk, 2008, B.I<\/p>\n<p><a href=\"https:\/\/darusselam.com\/sorular-ve-cevaplar\/kasitsiz-verilen-talak-hukmu-nedir.html#_ftnref2\" name=\"_ftn2\">[2]<\/a>\u00a0e\u015f-\u015eeyb\u00e2ni, <em>a.g.e<\/em>., a.y.<\/p>\n<p><a href=\"https:\/\/darusselam.com\/sorular-ve-cevaplar\/kasitsiz-verilen-talak-hukmu-nedir.html#_ftnref3\" name=\"_ftn3\"><strong>[3]<\/strong><\/a>\u00a0Tirmizi, <em>S\u00fcne<\/em>n, No: 1191, Ali el-K\u00e2ri, <em>Fethu Babi\u2019l-\u0130naye<\/em>, \u0131\u0131\/ 231 Daru\u2019l-K\u00fct\u00fcbi\u2019l-\u0130lmiyye, Beyrut-L\u00fcbnan, 2009, B.I<\/p>\n<p><a href=\"https:\/\/darusselam.com\/sorular-ve-cevaplar\/kasitsiz-verilen-talak-hukmu-nedir.html#_ftnref4\" name=\"_ftn4\">[4]<\/a>\u00a0e\u015f-\u015eeyb\u00e2ni, <em>a.g.e<\/em>., a.y.<\/p>\n","protected":false},"excerpt":{"rendered":"<p>Soru:\u00a0Hocam, kas\u0131ts\u0131z verilen tal\u00e2k sebebiyle herhangi bir \u015fey gerekir mi? Bo\u015faman\u0131n \u015fakas\u0131 yoktur denir, bundan kas\u0131t d\u00f6n\u00fc\u015f\u00fc olmayaca\u011f\u0131 m\u0131? Tal\u00e2k olarak say\u0131lacak bir s\u00f6z\u00fcn kas\u0131tl\u0131 olmadan, hatta yanl\u0131\u015fl\u0131kla s\u00f6ylenmesi ile tal\u00e2k ger\u00e7ekle\u015fmi\u015f olur mu? Cevap: Aleyk\u00fcm selam k\u0131ymetli muhterem karde\u015fim! Kas\u0131ts\u0131z olarak \u015feklindeki ifadenizden neyi kastetti\u011finiz \u00e7ok belli de\u011fildir. Fakat bu konuyla ba\u011flant\u0131l\u0131 olarak \u015funlar [&hellip;]<\/p>\n","protected":false},"author":3,"featured_media":937,"comment_status":"open","ping_status":"open","sticky":false,"template":"","format":"standard","meta":{"content-type":"","_monsterinsights_skip_tracking":false,"_monsterinsights_sitenote_active":false,"_monsterinsights_sitenote_note":"","_monsterinsights_sitenote_category":0,"footnotes":""},"categories":[13,8],"tags":[51,112,151,514,578,638],"class_list":{"0":"post-936","1":"post","2":"type-post","3":"status-publish","4":"format-standard","5":"has-post-thumbnail","7":"category-aile-nikah","8":"category-sual-cevap","9":"tag-akli-gitmis","10":"tag-bosama","11":"tag-deli","12":"tag-nikah","13":"tag-sarhosun-talaki","14":"tag-talak"},"yoast_head":"<!-- This site is optimized with the Yoast SEO plugin v23.2 - https:\/\/yoast.com\/wordpress\/plugins\/seo\/ -->\n<title>Kas\u0131ts\u0131z Bo\u015faman\u0131n H\u00fckm\u00fc Nedir? - \u00d6mer Faruk Korkmaz Hocaefendi<\/title>\n<meta name=\"robots\" content=\"index, follow, max-snippet:-1, max-image-preview:large, max-video-preview:-1\" \/>\n<link rel=\"canonical\" href=\"https:\/\/omerfarukkorkmaz.com.tr\/tr\/kasitsiz-bosamanin-hukmu-nedir\/\" \/>\n<meta property=\"og:locale\" content=\"tr_TR\" \/>\n<meta property=\"og:type\" content=\"article\" \/>\n<meta property=\"og:title\" content=\"Kas\u0131ts\u0131z Bo\u015faman\u0131n H\u00fckm\u00fc Nedir? - \u00d6mer Faruk Korkmaz Hocaefendi\" \/>\n<meta property=\"og:description\" content=\"Soru:\u00a0Hocam, kas\u0131ts\u0131z verilen tal\u00e2k sebebiyle herhangi bir \u015fey gerekir mi? Bo\u015faman\u0131n \u015fakas\u0131 yoktur denir, bundan kas\u0131t d\u00f6n\u00fc\u015f\u00fc olmayaca\u011f\u0131 m\u0131? Tal\u00e2k olarak say\u0131lacak bir s\u00f6z\u00fcn kas\u0131tl\u0131 olmadan, hatta yanl\u0131\u015fl\u0131kla s\u00f6ylenmesi ile tal\u00e2k ger\u00e7ekle\u015fmi\u015f olur mu? Cevap: Aleyk\u00fcm selam k\u0131ymetli muhterem karde\u015fim! Kas\u0131ts\u0131z olarak \u015feklindeki ifadenizden neyi kastetti\u011finiz \u00e7ok belli de\u011fildir. Fakat bu konuyla ba\u011flant\u0131l\u0131 olarak \u015funlar [&hellip;]\" \/>\n<meta property=\"og:url\" content=\"https:\/\/omerfarukkorkmaz.com.tr\/tr\/kasitsiz-bosamanin-hukmu-nedir\/\" \/>\n<meta property=\"og:site_name\" content=\"\u00d6mer Faruk Korkmaz Hocaefendi\" \/>\n<meta property=\"article:published_time\" content=\"2021-05-23T14:34:24+00:00\" \/>\n<meta property=\"og:image\" content=\"https:\/\/omerfarukkorkmaz.com.tr\/tr\/wp-content\/uploads\/2021\/05\/islami-motif-kumas-01pazen-kumasrbdb-2-ba6-22-e1621780447241.jpeg\" \/>\n\t<meta property=\"og:image:width\" content=\"1191\" \/>\n\t<meta property=\"og:image:height\" content=\"621\" \/>\n\t<meta property=\"og:image:type\" content=\"image\/jpeg\" \/>\n<meta name=\"author\" content=\"\u00d6mer Faruk Korkmaz\" \/>\n<meta name=\"twitter:card\" content=\"summary_large_image\" \/>\n<meta name=\"twitter:label1\" content=\"Yazan:\" \/>\n\t<meta name=\"twitter:data1\" content=\"\u00d6mer Faruk Korkmaz\" \/>\n\t<meta name=\"twitter:label2\" content=\"Tahmini okuma s\u00fcresi\" \/>\n\t<meta name=\"twitter:data2\" content=\"2 dakika\" \/>\n<script type=\"application\/ld+json\" class=\"yoast-schema-graph\">{\"@context\":\"https:\/\/schema.org\",\"@graph\":[{\"@type\":\"Article\",\"@id\":\"https:\/\/omerfarukkorkmaz.com.tr\/tr\/kasitsiz-bosamanin-hukmu-nedir\/#article\",\"isPartOf\":{\"@id\":\"https:\/\/omerfarukkorkmaz.com.tr\/tr\/kasitsiz-bosamanin-hukmu-nedir\/\"},\"author\":{\"name\":\"\u00d6mer Faruk Korkmaz\",\"@id\":\"https:\/\/omerfarukkorkmaz.com.tr\/tr\/#\/schema\/person\/7efd65277de8b9dc0520ec210e387854\"},\"headline\":\"Kas\u0131ts\u0131z Bo\u015faman\u0131n H\u00fckm\u00fc Nedir?\",\"datePublished\":\"2021-05-23T14:34:24+00:00\",\"dateModified\":\"2021-05-23T14:34:24+00:00\",\"mainEntityOfPage\":{\"@id\":\"https:\/\/omerfarukkorkmaz.com.tr\/tr\/kasitsiz-bosamanin-hukmu-nedir\/\"},\"wordCount\":506,\"commentCount\":0,\"publisher\":{\"@id\":\"https:\/\/omerfarukkorkmaz.com.tr\/tr\/#\/schema\/person\/7efd65277de8b9dc0520ec210e387854\"},\"image\":{\"@id\":\"https:\/\/omerfarukkorkmaz.com.tr\/tr\/kasitsiz-bosamanin-hukmu-nedir\/#primaryimage\"},\"thumbnailUrl\":\"https:\/\/omerfarukkorkmaz.com.tr\/tr\/wp-content\/uploads\/2021\/05\/islami-motif-kumas-01pazen-kumasrbdb-2-ba6-22-e1621780447241.jpeg\",\"keywords\":[\"akl\u0131 gitmi\u015f\",\"Bo\u015fama\",\"deli\",\"nikah\",\"sarho\u015fun talak\u0131\",\"talak\"],\"articleSection\":[\"Aile-Nikah\",\"Sual Cevap\"],\"inLanguage\":\"tr\",\"potentialAction\":[{\"@type\":\"CommentAction\",\"name\":\"Comment\",\"target\":[\"https:\/\/omerfarukkorkmaz.com.tr\/tr\/kasitsiz-bosamanin-hukmu-nedir\/#respond\"]}]},{\"@type\":\"WebPage\",\"@id\":\"https:\/\/omerfarukkorkmaz.com.tr\/tr\/kasitsiz-bosamanin-hukmu-nedir\/\",\"url\":\"https:\/\/omerfarukkorkmaz.com.tr\/tr\/kasitsiz-bosamanin-hukmu-nedir\/\",\"name\":\"Kas\u0131ts\u0131z Bo\u015faman\u0131n H\u00fckm\u00fc Nedir? - \u00d6mer Faruk Korkmaz Hocaefendi\",\"isPartOf\":{\"@id\":\"https:\/\/omerfarukkorkmaz.com.tr\/tr\/#website\"},\"primaryImageOfPage\":{\"@id\":\"https:\/\/omerfarukkorkmaz.com.tr\/tr\/kasitsiz-bosamanin-hukmu-nedir\/#primaryimage\"},\"image\":{\"@id\":\"https:\/\/omerfarukkorkmaz.com.tr\/tr\/kasitsiz-bosamanin-hukmu-nedir\/#primaryimage\"},\"thumbnailUrl\":\"https:\/\/omerfarukkorkmaz.com.tr\/tr\/wp-content\/uploads\/2021\/05\/islami-motif-kumas-01pazen-kumasrbdb-2-ba6-22-e1621780447241.jpeg\",\"datePublished\":\"2021-05-23T14:34:24+00:00\",\"dateModified\":\"2021-05-23T14:34:24+00:00\",\"breadcrumb\":{\"@id\":\"https:\/\/omerfarukkorkmaz.com.tr\/tr\/kasitsiz-bosamanin-hukmu-nedir\/#breadcrumb\"},\"inLanguage\":\"tr\",\"potentialAction\":[{\"@type\":\"ReadAction\",\"target\":[\"https:\/\/omerfarukkorkmaz.com.tr\/tr\/kasitsiz-bosamanin-hukmu-nedir\/\"]}]},{\"@type\":\"ImageObject\",\"inLanguage\":\"tr\",\"@id\":\"https:\/\/omerfarukkorkmaz.com.tr\/tr\/kasitsiz-bosamanin-hukmu-nedir\/#primaryimage\",\"url\":\"https:\/\/omerfarukkorkmaz.com.tr\/tr\/wp-content\/uploads\/2021\/05\/islami-motif-kumas-01pazen-kumasrbdb-2-ba6-22-e1621780447241.jpeg\",\"contentUrl\":\"https:\/\/omerfarukkorkmaz.com.tr\/tr\/wp-content\/uploads\/2021\/05\/islami-motif-kumas-01pazen-kumasrbdb-2-ba6-22-e1621780447241.jpeg\",\"width\":1191,\"height\":621},{\"@type\":\"BreadcrumbList\",\"@id\":\"https:\/\/omerfarukkorkmaz.com.tr\/tr\/kasitsiz-bosamanin-hukmu-nedir\/#breadcrumb\",\"itemListElement\":[{\"@type\":\"ListItem\",\"position\":1,\"name\":\"Anasayfa\",\"item\":\"https:\/\/omerfarukkorkmaz.com.tr\/tr\/\"},{\"@type\":\"ListItem\",\"position\":2,\"name\":\"Kas\u0131ts\u0131z Bo\u015faman\u0131n H\u00fckm\u00fc Nedir?\"}]},{\"@type\":\"WebSite\",\"@id\":\"https:\/\/omerfarukkorkmaz.com.tr\/tr\/#website\",\"url\":\"https:\/\/omerfarukkorkmaz.com.tr\/tr\/\",\"name\":\"\u00d6mer Faruk Korkmaz Hocaefendi\",\"description\":\"Resmi Web Sayfas\u0131\",\"publisher\":{\"@id\":\"https:\/\/omerfarukkorkmaz.com.tr\/tr\/#\/schema\/person\/7efd65277de8b9dc0520ec210e387854\"},\"potentialAction\":[{\"@type\":\"SearchAction\",\"target\":{\"@type\":\"EntryPoint\",\"urlTemplate\":\"https:\/\/omerfarukkorkmaz.com.tr\/tr\/?s={search_term_string}\"},\"query-input\":\"required name=search_term_string\"}],\"inLanguage\":\"tr\"},{\"@type\":[\"Person\",\"Organization\"],\"@id\":\"https:\/\/omerfarukkorkmaz.com.tr\/tr\/#\/schema\/person\/7efd65277de8b9dc0520ec210e387854\",\"name\":\"\u00d6mer Faruk Korkmaz\",\"image\":{\"@type\":\"ImageObject\",\"inLanguage\":\"tr\",\"@id\":\"https:\/\/omerfarukkorkmaz.com.tr\/tr\/#\/schema\/person\/image\/\",\"url\":\"https:\/\/omerfarukkorkmaz.com.tr\/tr\/wp-content\/uploads\/2020\/12\/cropped-nkl-2.png\",\"contentUrl\":\"https:\/\/omerfarukkorkmaz.com.tr\/tr\/wp-content\/uploads\/2020\/12\/cropped-nkl-2.png\",\"width\":512,\"height\":512,\"caption\":\"\u00d6mer Faruk Korkmaz\"},\"logo\":{\"@id\":\"https:\/\/omerfarukkorkmaz.com.tr\/tr\/#\/schema\/person\/image\/\"},\"url\":\"https:\/\/omerfarukkorkmaz.com.tr\/tr\/author\/ofkorkmaz\/\"}]}<\/script>\n<!-- \/ Yoast SEO plugin. -->","yoast_head_json":{"title":"Kas\u0131ts\u0131z Bo\u015faman\u0131n H\u00fckm\u00fc Nedir? - \u00d6mer Faruk Korkmaz Hocaefendi","robots":{"index":"index","follow":"follow","max-snippet":"max-snippet:-1","max-image-preview":"max-image-preview:large","max-video-preview":"max-video-preview:-1"},"canonical":"https:\/\/omerfarukkorkmaz.com.tr\/tr\/kasitsiz-bosamanin-hukmu-nedir\/","og_locale":"tr_TR","og_type":"article","og_title":"Kas\u0131ts\u0131z Bo\u015faman\u0131n H\u00fckm\u00fc Nedir? - \u00d6mer Faruk Korkmaz Hocaefendi","og_description":"Soru:\u00a0Hocam, kas\u0131ts\u0131z verilen tal\u00e2k sebebiyle herhangi bir \u015fey gerekir mi? Bo\u015faman\u0131n \u015fakas\u0131 yoktur denir, bundan kas\u0131t d\u00f6n\u00fc\u015f\u00fc olmayaca\u011f\u0131 m\u0131? Tal\u00e2k olarak say\u0131lacak bir s\u00f6z\u00fcn kas\u0131tl\u0131 olmadan, hatta yanl\u0131\u015fl\u0131kla s\u00f6ylenmesi ile tal\u00e2k ger\u00e7ekle\u015fmi\u015f olur mu? Cevap: Aleyk\u00fcm selam k\u0131ymetli muhterem karde\u015fim! Kas\u0131ts\u0131z olarak \u015feklindeki ifadenizden neyi kastetti\u011finiz \u00e7ok belli de\u011fildir. Fakat bu konuyla ba\u011flant\u0131l\u0131 olarak \u015funlar [&hellip;]","og_url":"https:\/\/omerfarukkorkmaz.com.tr\/tr\/kasitsiz-bosamanin-hukmu-nedir\/","og_site_name":"\u00d6mer Faruk Korkmaz Hocaefendi","article_published_time":"2021-05-23T14:34:24+00:00","og_image":[{"width":1191,"height":621,"url":"https:\/\/omerfarukkorkmaz.com.tr\/tr\/wp-content\/uploads\/2021\/05\/islami-motif-kumas-01pazen-kumasrbdb-2-ba6-22-e1621780447241.jpeg","type":"image\/jpeg"}],"author":"\u00d6mer Faruk Korkmaz","twitter_card":"summary_large_image","twitter_misc":{"Yazan:":"\u00d6mer Faruk Korkmaz","Tahmini okuma s\u00fcresi":"2 dakika"},"schema":{"@context":"https:\/\/schema.org","@graph":[{"@type":"Article","@id":"https:\/\/omerfarukkorkmaz.com.tr\/tr\/kasitsiz-bosamanin-hukmu-nedir\/#article","isPartOf":{"@id":"https:\/\/omerfarukkorkmaz.com.tr\/tr\/kasitsiz-bosamanin-hukmu-nedir\/"},"author":{"name":"\u00d6mer Faruk Korkmaz","@id":"https:\/\/omerfarukkorkmaz.com.tr\/tr\/#\/schema\/person\/7efd65277de8b9dc0520ec210e387854"},"headline":"Kas\u0131ts\u0131z Bo\u015faman\u0131n H\u00fckm\u00fc Nedir?","datePublished":"2021-05-23T14:34:24+00:00","dateModified":"2021-05-23T14:34:24+00:00","mainEntityOfPage":{"@id":"https:\/\/omerfarukkorkmaz.com.tr\/tr\/kasitsiz-bosamanin-hukmu-nedir\/"},"wordCount":506,"commentCount":0,"publisher":{"@id":"https:\/\/omerfarukkorkmaz.com.tr\/tr\/#\/schema\/person\/7efd65277de8b9dc0520ec210e387854"},"image":{"@id":"https:\/\/omerfarukkorkmaz.com.tr\/tr\/kasitsiz-bosamanin-hukmu-nedir\/#primaryimage"},"thumbnailUrl":"https:\/\/omerfarukkorkmaz.com.tr\/tr\/wp-content\/uploads\/2021\/05\/islami-motif-kumas-01pazen-kumasrbdb-2-ba6-22-e1621780447241.jpeg","keywords":["akl\u0131 gitmi\u015f","Bo\u015fama","deli","nikah","sarho\u015fun talak\u0131","talak"],"articleSection":["Aile-Nikah","Sual Cevap"],"inLanguage":"tr","potentialAction":[{"@type":"CommentAction","name":"Comment","target":["https:\/\/omerfarukkorkmaz.com.tr\/tr\/kasitsiz-bosamanin-hukmu-nedir\/#respond"]}]},{"@type":"WebPage","@id":"https:\/\/omerfarukkorkmaz.com.tr\/tr\/kasitsiz-bosamanin-hukmu-nedir\/","url":"https:\/\/omerfarukkorkmaz.com.tr\/tr\/kasitsiz-bosamanin-hukmu-nedir\/","name":"Kas\u0131ts\u0131z Bo\u015faman\u0131n H\u00fckm\u00fc Nedir? - \u00d6mer Faruk Korkmaz Hocaefendi","isPartOf":{"@id":"https:\/\/omerfarukkorkmaz.com.tr\/tr\/#website"},"primaryImageOfPage":{"@id":"https:\/\/omerfarukkorkmaz.com.tr\/tr\/kasitsiz-bosamanin-hukmu-nedir\/#primaryimage"},"image":{"@id":"https:\/\/omerfarukkorkmaz.com.tr\/tr\/kasitsiz-bosamanin-hukmu-nedir\/#primaryimage"},"thumbnailUrl":"https:\/\/omerfarukkorkmaz.com.tr\/tr\/wp-content\/uploads\/2021\/05\/islami-motif-kumas-01pazen-kumasrbdb-2-ba6-22-e1621780447241.jpeg","datePublished":"2021-05-23T14:34:24+00:00","dateModified":"2021-05-23T14:34:24+00:00","breadcrumb":{"@id":"https:\/\/omerfarukkorkmaz.com.tr\/tr\/kasitsiz-bosamanin-hukmu-nedir\/#breadcrumb"},"inLanguage":"tr","potentialAction":[{"@type":"ReadAction","target":["https:\/\/omerfarukkorkmaz.com.tr\/tr\/kasitsiz-bosamanin-hukmu-nedir\/"]}]},{"@type":"ImageObject","inLanguage":"tr","@id":"https:\/\/omerfarukkorkmaz.com.tr\/tr\/kasitsiz-bosamanin-hukmu-nedir\/#primaryimage","url":"https:\/\/omerfarukkorkmaz.com.tr\/tr\/wp-content\/uploads\/2021\/05\/islami-motif-kumas-01pazen-kumasrbdb-2-ba6-22-e1621780447241.jpeg","contentUrl":"https:\/\/omerfarukkorkmaz.com.tr\/tr\/wp-content\/uploads\/2021\/05\/islami-motif-kumas-01pazen-kumasrbdb-2-ba6-22-e1621780447241.jpeg","width":1191,"height":621},{"@type":"BreadcrumbList","@id":"https:\/\/omerfarukkorkmaz.com.tr\/tr\/kasitsiz-bosamanin-hukmu-nedir\/#breadcrumb","itemListElement":[{"@type":"ListItem","position":1,"name":"Anasayfa","item":"https:\/\/omerfarukkorkmaz.com.tr\/tr\/"},{"@type":"ListItem","position":2,"name":"Kas\u0131ts\u0131z Bo\u015faman\u0131n H\u00fckm\u00fc Nedir?"}]},{"@type":"WebSite","@id":"https:\/\/omerfarukkorkmaz.com.tr\/tr\/#website","url":"https:\/\/omerfarukkorkmaz.com.tr\/tr\/","name":"\u00d6mer Faruk Korkmaz Hocaefendi","description":"Resmi Web Sayfas\u0131","publisher":{"@id":"https:\/\/omerfarukkorkmaz.com.tr\/tr\/#\/schema\/person\/7efd65277de8b9dc0520ec210e387854"},"potentialAction":[{"@type":"SearchAction","target":{"@type":"EntryPoint","urlTemplate":"https:\/\/omerfarukkorkmaz.com.tr\/tr\/?s={search_term_string}"},"query-input":"required name=search_term_string"}],"inLanguage":"tr"},{"@type":["Person","Organization"],"@id":"https:\/\/omerfarukkorkmaz.com.tr\/tr\/#\/schema\/person\/7efd65277de8b9dc0520ec210e387854","name":"\u00d6mer Faruk Korkmaz","image":{"@type":"ImageObject","inLanguage":"tr","@id":"https:\/\/omerfarukkorkmaz.com.tr\/tr\/#\/schema\/person\/image\/","url":"https:\/\/omerfarukkorkmaz.com.tr\/tr\/wp-content\/uploads\/2020\/12\/cropped-nkl-2.png","contentUrl":"https:\/\/omerfarukkorkmaz.com.tr\/tr\/wp-content\/uploads\/2020\/12\/cropped-nkl-2.png","width":512,"height":512,"caption":"\u00d6mer Faruk Korkmaz"},"logo":{"@id":"https:\/\/omerfarukkorkmaz.com.tr\/tr\/#\/schema\/person\/image\/"},"url":"https:\/\/omerfarukkorkmaz.com.tr\/tr\/author\/ofkorkmaz\/"}]}},"_links":{"self":[{"href":"https:\/\/omerfarukkorkmaz.com.tr\/tr\/wp-json\/wp\/v2\/posts\/936","targetHints":{"allow":["GET"]}}],"collection":[{"href":"https:\/\/omerfarukkorkmaz.com.tr\/tr\/wp-json\/wp\/v2\/posts"}],"about":[{"href":"https:\/\/omerfarukkorkmaz.com.tr\/tr\/wp-json\/wp\/v2\/types\/post"}],"author":[{"embeddable":true,"href":"https:\/\/omerfarukkorkmaz.com.tr\/tr\/wp-json\/wp\/v2\/users\/3"}],"replies":[{"embeddable":true,"href":"https:\/\/omerfarukkorkmaz.com.tr\/tr\/wp-json\/wp\/v2\/comments?post=936"}],"version-history":[{"count":0,"href":"https:\/\/omerfarukkorkmaz.com.tr\/tr\/wp-json\/wp\/v2\/posts\/936\/revisions"}],"wp:featuredmedia":[{"embeddable":true,"href":"https:\/\/omerfarukkorkmaz.com.tr\/tr\/wp-json\/wp\/v2\/media\/937"}],"wp:attachment":[{"href":"https:\/\/omerfarukkorkmaz.com.tr\/tr\/wp-json\/wp\/v2\/media?parent=936"}],"wp:term":[{"taxonomy":"category","embeddable":true,"href":"https:\/\/omerfarukkorkmaz.com.tr\/tr\/wp-json\/wp\/v2\/categories?post=936"},{"taxonomy":"post_tag","embeddable":true,"href":"https:\/\/omerfarukkorkmaz.com.tr\/tr\/wp-json\/wp\/v2\/tags?post=936"}],"curies":[{"name":"wp","href":"https:\/\/api.w.org\/{rel}","templated":true}]}}