{"id":864,"date":"2021-02-05T21:00:09","date_gmt":"2021-02-05T21:00:09","guid":{"rendered":"http:\/\/www.omerfarukkorkmaz.com.tr\/?p=864"},"modified":"2021-02-05T21:00:09","modified_gmt":"2021-02-05T21:00:09","slug":"kasten-terkedilen-namazlarin-kazasi","status":"publish","type":"post","link":"https:\/\/omerfarukkorkmaz.com.tr\/tr\/kasten-terkedilen-namazlarin-kazasi\/","title":{"rendered":"Kasten Terkedilen Namazlar\u0131n Kazas\u0131"},"content":{"rendered":"<p><strong>Soru: <\/strong>Hocam! G\u00fcn\u00fcm\u00fczde bir k\u0131s\u0131m insanlar kas\u0131tl\u0131 bir \u015fekilde terk edilen namazlar\u0131n kazas\u0131n\u0131n olmayaca\u011f\u0131n\u0131 s\u00f6yl\u00fcyorlar. \u00d6te yandan camide vaaz veren hocalar insanlara t\u00f6vbe etmelerini telkin ederken terk ettikleri namazlar\u0131n\u0131 mutlaka kaza etmeleri gerekti\u011fini s\u00f6yl\u00fcyorlar. Yani bu konudaki mutedil tutum nedir? Kasten terk edilmi\u015f bir namaz\u0131 kaza etmenin s\u00fcnnette yeri var m\u0131d\u0131r?<\/p>\n<p><strong>Cevap: \u00a0<\/strong>\u0130lk \u00f6nce soruda yer alan \u201cg\u00fcn\u00fcm\u00fczde bir k\u0131s\u0131m insanlar kas\u0131tl\u0131 bir \u015fekilde terk edilen namazlar\u0131n kazas\u0131n\u0131n olmayaca\u011f\u0131n\u0131 s\u00f6yl\u00fcyorlar\u201d\u00a0 \u015feklindeki ifade \u00fczerinde durmak istiyorum. Zira bu ifade bu meselenin g\u00fcn\u00fcm\u00fczde bir k\u0131s\u0131mlar\u0131 taraf\u0131ndan g\u00fcn y\u00fcz\u00fcne \u00e7\u0131kart\u0131ld\u0131\u011f\u0131 manas\u0131nda ise s\u00f6yleyecek bir \u015fey yoktur. Yok, e\u011fer g\u00fcn\u00fcm\u00fcz m\u00fctemechitlerinin bu konuyu tarihte ilk kez g\u00fcndeme getirdikleri anlam\u0131n\u0131 ta\u015f\u0131yor ise bu isabetli bir tespit de\u011fildir. Zira Abd\u00fclkahir el- Ba\u011fdad\u00ee, kitab\u0131nda Nazzamiyye ile ilgili bilgi verirken \u00f6l\u00fcm tarihi H.222 olan \u0130brahim en- Nazzam\u2019dan bahseder. Onun ehl-i s\u00fcnnete muhalif olan g\u00f6r\u00fc\u015flerini ta\u2019dad ederken bu g\u00f6r\u00fc\u015flerinden birinin de \u201ckasten namaz\u0131 terk eden bir ki\u015fi ad\u0131na art\u0131k o namaz\u0131n kazas\u0131n\u0131n olmayaca\u011f\u0131 \u015feklindeki g\u00f6r\u00fc\u015f\u00fcn\u00fcn oldu\u011funu zikreder.<a href=\"#_ftn1\" name=\"_ftnref1\">[1]<\/a><\/p>\n<p>\u015eu halde ula\u015fabildi\u011fimiz bir tak\u0131m veriler nispetinde ta ikinci \u00fc\u00e7\u00fcnc\u00fc as\u0131rlarda ortaya at\u0131ld\u0131\u011f\u0131n\u0131 tespit edebilece\u011fimiz bu \u015fekildeki bir g\u00f6r\u00fc\u015f\u00fcn g\u00fcn\u00fcm\u00fcz a\u015f\u00fcfteleri taraf\u0131ndan icad edildi\u011fini s\u00f6ylemek isabetli olmaz. Belki, bunlar\u0131n yapabilecekleri tek \u015fey di\u011fer meselelerde oldu\u011fu gibi \u00f6ld\u00fcr\u00fcl\u00fcp \u00e7\u00fcr\u00fct\u00fcld\u00fckten sonra karanl\u0131k dehlizlerde g\u00f6m\u00fcl\u00fc kalmaya mahk\u00fbm edilmi\u015f esass\u0131z g\u00f6r\u00fc\u015fleri yeniden hortlatma operasyonudur. Bunu da pek becerebildikleri s\u00f6ylenemez ya? Her neyse\u2026<\/p>\n<p>Kasten terk edilen namaz\u0131n s\u00fcnnetteki yerini birka\u00e7 rivayetten destek alarak ispat edebilece\u011fimizi zannediyorum. Bu rivayetlerden birisi M\u00fcslim\u2019in Ebu Hureyre (Rad\u0131yallahu Anh)\u2019den rivayet etti\u011fi \u015fu hadisedir: Resulullah Aleyhissalat\u00fc vesselam Hayber sava\u015f\u0131ndan d\u00f6nerken gece boyu y\u00fcr\u00fcd\u00fcler. Ta ki kendilerine uyku bast\u0131r\u0131nca mola verdiler. Ve Bilal (Rad\u0131yallahu Anh)\u2019e \u201cSen bizim i\u00e7in geceyi g\u00f6zet\u201d buyurdular. Bilal (Rad\u0131yallahu Anh)\u2019 de imk\u00e2n\u0131 nispetinde nafile namaz k\u0131lm\u0131\u015f ve Resulullah ile ashab\u0131 uyumu\u015flar. Fecr (sabah namaz\u0131n\u0131n giri\u015f vakti) yakla\u015f\u0131nca Bilal (Rad\u0131yallahu Anh) hayvan\u0131na dayanarak fecrin do\u011faca\u011f\u0131 tarafa y\u00f6nelerek uyuya kalm\u0131\u015f. G\u00fcne\u015f y\u00fczlerine vuruncaya kadar ne Resulullah Aleyhissalat\u00fc vesselam, ne Bilal ve ne de sahabe\u2019den kimse uyanmam\u0131\u015f. Neticede uyanan ilk ki\u015fi Resulullah (Sallallahu Aleyhi ve Sellem) olmu\u015f. Tela\u015fl\u0131 bir \u015fekilde \u201cEy Bilal\u201d diye seslenmi\u015f. Bilal de \u201cAnam babam sana feda olsun Ya Resulellah! Senin nefsini tutan benimkini de tuttu\u201d demi\u015f. Resulullah Aleyhissalat\u00fc vesselam \u201cDevelerinizi \u00e7ekin\u201d emrini vermi\u015f. Onlarda develerini \u00e7ekmi\u015fler. Sonra Resulullah Aleyhissalat\u00fc vesselam abdest alm\u0131\u015f ve Bial (Rad\u0131yallahu Anh)\u2019e namaz i\u00e7in kamet getirtmi\u015f. Akabinde onlara sabah namaz\u0131n\u0131 k\u0131ld\u0131rm\u0131\u015f. Pe\u015fi s\u0131ra da \u015f\u00f6yle buyurmu\u015f \u201c Her kim namaz\u0131 unutursa onu hat\u0131rlad\u0131\u011f\u0131nda k\u0131ls\u0131n. Zira Allah teala \u201cBeni anmak i\u00e7in namaz k\u0131l\u201d<a href=\"#_ftn2\" name=\"_ftnref2\">[2]<\/a> buyurdu.<a href=\"#_ftn3\" name=\"_ftnref3\">[3]<\/a><\/p>\n<p>Yukar\u0131da nakletti\u011fimiz hadisenin kas\u0131tl\u0131 olarak namaz\u0131n\u0131 terk eden bir ki\u015finin durumuyla bire bir \u00f6rt\u00fc\u015fmedi\u011finin fark\u0131nday\u0131z. Esasen bizler bu noktadan sonra yukar\u0131daki rivayetin sonunda yer alan \u201cHer kim namaz\u0131 unutursa onu hat\u0131rlad\u0131\u011f\u0131nda k\u0131ls\u0131n\u201d \u015feklindeki c\u00fcmle \u00fczerinde durmak istiyoruz. Zira bu ifadenin biraz farkl\u0131 bir \u015fekli de \u015f\u00f6yle nakledilmektedir:<\/p>\n<p style=\"text-align: center;\">\u00a0\u00a0\u00a0\u00a0\u00a0\u00a0\u00a0\u00a0\u00a0\u00a0\u00a0 <strong>\u0641\u064e\u0625\u0650\u0630\u064e\u0627 \u0631\u064e\u0642\u064e\u062f\u064e \u0623\u064e\u062d\u064e\u062f\u064f\u0643\u064f\u0645\u0652 \u0639\u064e\u0646\u0652 \u0627\u0644\u0635\u0651\u064e\u0644\u064e\u0627\u0629\u0650 \u0623\u064e\u0648\u0652 \u0646\u064e\u0633\u0650\u064a\u064e\u0647\u064e\u0627 \u062b\u064f\u0645\u0651\u064e \u0641\u064e\u0632\u0650\u0639\u064e \u0625\u0650\u0644\u064e\u064a\u0652\u0647\u064e\u0627 \u0641\u064e\u0644\u0652\u064a\u064f\u0635\u064e\u0644\u0651\u0650\u0647\u064e\u0627 \u0643\u064e\u0645\u064e\u0627 \u0643\u064e\u0627\u0646\u064e \u064a\u064f\u0635\u064e\u0644\u0651\u0650\u064a\u0647\u064e\u0627 \u0641\u0650\u064a \u0648\u064e\u0642\u0652\u062a\u0650\u0647\u064e<\/strong><\/p>\n<p><em>\u201cSizden biriniz namaz\u0131 uyuyarak veya unutarak ge\u00e7irip de sonra bunun fark\u0131na var\u0131rsa bu namaz\u0131 t\u0131pk\u0131 vaktinde nas\u0131l k\u0131l\u0131yor idiyse \u00f6ylece k\u0131ls\u0131n\u201d.<a href=\"#_ftn4\" name=\"_ftnref4\"><strong>[4]<\/strong><\/a><\/em><\/p>\n<p><em>\u00a0\u00a0\u00a0\u00a0\u00a0\u00a0\u00a0\u00a0\u00a0\u00a0\u00a0 <\/em>\u0130\u015fte bu rivayet \u00fczerinden iki noktaya dikkat \u00e7ekmekte fayda bulundu\u011fu kanaatindeyim. Birincisi \u015fu: Bilindi\u011fi gibi Peygamber Aleyhissalat\u00fc vesselam bir hadiste kalemin \u00fc\u00e7 ki\u015fiden kald\u0131r\u0131ld\u0131\u011f\u0131n\u0131 sayarken bunlardan birisinin uyuyan kimse oldu\u011funu zikreder.<a href=\"#_ftn5\" name=\"_ftnref5\">[5]<\/a> \u00d6yleyse uyuyan bir ki\u015finin uykusu sebebiyle fevt etti\u011fi bir vecibeden dolay\u0131 mesuliyeti yoktur, olmamal\u0131d\u0131r. B\u00f6yle buyuran ayn\u0131 Peygamber Aleyhissalat\u00fc vesselam yukar\u0131daki rivayette namaz\u0131n\u0131 uyuyarak ge\u00e7iren birisinin hat\u0131rlad\u0131\u011f\u0131nda bunu kaza etmesi gerekti\u011fini a\u00e7\u0131k\u00e7a bildirmektedir. Namaz meselesinde uyuyan hakk\u0131nda durum bundan ibaretse kas\u0131tl\u0131 olarak namaz\u0131n\u0131 terk eden kimsenin terk etti\u011fi bu namaz\u0131n\u0131 kaza etmesinin gereklili\u011finde evleviyet vard\u0131r.<\/p>\n<p>Yukar\u0131daki rivayet \u00fczerinden dikkat \u00e7ekmek istedi\u011fim ikinci nokta ise \u015fudur: Rivayette yer alan <em>\u201cyahut unutursa\u201d <\/em>ifadesi d\u00f6rt ayr\u0131 kaynakta \u201cgaflete dalar da terk ederse\u201d mahiyetindeki ifadeyle yer almaktad\u0131r. Yani arap\u00e7a orijinal ifadeleri ile \u00a0\u201c<strong>\u0627\u0648 \u063a\u0641\u0644 \u0639\u0646\u0647\u0627<\/strong><strong>\u201d<a href=\"#_ftn6\" name=\"_ftnref6\">[6]<\/a>, \u201c<\/strong><strong>\u064a\u063a\u0641\u0644 \u0639\u0646 \u0627\u0644\u0635\u0644\u0627\u0629<\/strong><strong>\u201d,<a href=\"#_ftn7\" name=\"_ftnref7\">[7]<\/a> \u201c<\/strong><strong>\u064a\u063a\u0641\u0644 \u0639\u0646\u0647\u0627 <\/strong><strong>\u201c<a href=\"#_ftn8\" name=\"_ftnref8\">[8]<\/a> <\/strong>\u015feklinde kaynaklarda yer alan bu laf\u0131zlar konumuza b\u00fcy\u00fck oranda \u0131\u015f\u0131k tutmaktad\u0131r. \u00c7\u00fcnk\u00fc \u201c<strong>\u063a\u0641\u0644<\/strong><strong>\u201d <\/strong>fiili<strong> \u201c<\/strong><strong>\u0639\u0646<\/strong><strong>\u201d <\/strong>harf-i cerriyle kullan\u0131ld\u0131\u011f\u0131nda<strong> \u201c<a href=\"#_ftn9\" name=\"_ftnref9\">[9]<\/a><\/strong><strong>\u0639\u0644\u0649 \u0630\u064f\u0643\u0631<\/strong> <a href=\"#_ftn10\" name=\"_ftnref10\"><strong>[10]<\/strong><\/a><strong>\u062a\u0631\u0643\u0647<\/strong><strong>\u201d <\/strong>\u201conu bilerek terk etti\u201d veya \u201c<strong>\u0633\u0647\u0627 \u0639\u0646\u0647<\/strong>\u201d \u201conu kas\u0131tl\u0131 olarak terk etti\u201d anlamlar\u0131n\u0131 ta\u015f\u0131r. Zira <strong>\u0633\u0647\u0627<\/strong> \u00a0fiili \u201c<strong>\u0639\u0646<\/strong>\u201d ile kullan\u0131ld\u0131\u011f\u0131nda \u201cbilerek terk etme\u201d,\u00a0 \u201cald\u0131r\u0131\u015f etmeme\u201d,\u00a0 \u201cdikkate almama\u201d anlamlar\u0131na tekab\u00fcl eder. Nitekim Allah Azze ve Celle\u2019 nin <strong>\u201c<\/strong><strong>\u0627\u0644\u0630\u064a\u0646 \u0647\u0645 \u0639\u0646 \u0635\u0644\u0627\u062a\u0647\u0645 \u0633\u0627\u0647\u0648\u0646<\/strong>\u201d<a href=\"#_ftn11\" name=\"_ftnref11\">[11]<\/a> \u015feklindeki ayet-i kerimesinin bir manas\u0131 <em>\u201cOnlar namazlar\u0131n\u0131 ciddiye almazlar\u201d<\/em> d\u0131r.<\/p>\n<p>Hadislerin ayn\u0131 sahab\u00eeden yani Enes b. Malik (Rad\u0131yallahu Anh)\u2019den gelmeleri mana ile rivayet edildiklerini akla getirebilir. Ancak \u0130mam M\u00fcslim\u2019in mana ile rivayeti tecviz etmedi\u011fi ve nebev\u00ee laf\u0131zlara daha \u00e7ok itina g\u00f6sterdi\u011fi de bilinen bir husustur.<a href=\"#_ftn12\" name=\"_ftnref12\">[12]<\/a><\/p>\n<p><strong>\u00a0\u00a0 <\/strong>\u00a0Netice itibar\u0131yla \u015funlar\u0131 s\u00f6yleyebiliriz: Tarihte kas\u0131tl\u0131 olarak terk edilen bir namaz\u0131n kazas\u0131n\u0131n s\u00f6z konusu olamayaca\u011f\u0131n\u0131 s\u00f6yleyenler bu eylemin vebalinin \u00e7ok a\u011f\u0131r olmas\u0131 ve onu kaza etmenin dahi bu vebalden kurtulmak i\u00e7in yeterli gelemeyece\u011fi noktas\u0131ndan hareket etmi\u015flerdir. Lakin meseleye farkl\u0131 vecihlerden bak\u0131ld\u0131\u011f\u0131nda bu g\u00f6r\u00fc\u015f\u00fcn tutars\u0131zl\u0131\u011f\u0131 g\u00fcn y\u00fcz\u00fc gibi a\u015fik\u00e2r olmaktad\u0131r. Zaten bu g\u00f6r\u00fc\u015f ulema aras\u0131nda da \u015faz bir g\u00f6r\u00fc\u015f kabul edilmi\u015ftir. Yaz\u0131n\u0131n hacmini g\u00f6z \u00f6n\u00fcnde bulundurmam\u0131z\u0131n isimlerini tek tek serd etmeye imk\u00e2n tan\u0131mad\u0131\u011f\u0131 cumhur ulema kasten terk edilen namazlar\u0131n kaza edilmesi gerekti\u011fini savunmu\u015flard\u0131r. Asl\u0131nda bu kaza mazide yap\u0131lan bu denli veballi bir i\u015fin kar\u015f\u0131l\u0131\u011f\u0131nda duyulan bir t\u00f6vbenin ispat\u0131ndan ba\u015fka bir \u015fey de de\u011fildir. Allah en iyisini bilir\u2026\u00a0 \u00a0<strong>\u00a0\u00a0\u00a0<\/strong><\/p>\n<hr \/>\n<p><a href=\"#_ftnref1\" name=\"_ftn1\"><strong>[1]<\/strong><\/a> Abd\u00fclkahir el- Ba\u011fd\u00e2d\u00ee, <em><strong>el- Fark beyne\u2019l- F\u0131rak<\/strong><\/em>, s. 130 el- Mektebetu\u2019l- Asriyye, Beyrut- L\u00fcbnan 1430, B.I<\/p>\n<p><a href=\"#_ftnref2\" name=\"_ftn2\"><strong>[2]<\/strong><\/a> Taha 14<\/p>\n<p><a href=\"#_ftnref3\" name=\"_ftn3\"><strong>[3]<\/strong><\/a> M\u00fcslim, &#8220;Kitabu\u2019l- Mesacid&#8221;, 55 No: 309<\/p>\n<p><a href=\"#_ftnref4\" name=\"_ftn4\"><strong>[4]<\/strong><\/a> Muvatta, &#8220;Salat&#8221;, No: 36<\/p>\n<p><a href=\"#_ftnref5\" name=\"_ftn5\"><strong>[5]<\/strong><\/a> Nesai, &#8220;Talak&#8221;, No: 3432<\/p>\n<p><a href=\"#_ftnref6\" name=\"_ftn6\"><strong>[6]<\/strong><\/a> M\u00fcslim, &#8220;Mesacid&#8221;, No: 316, Ahmed b. Hanbel, <strong><em>M\u00fcsned<\/em><\/strong>, XX\/ 255 No: 12909<\/p>\n<p><a href=\"#_ftnref7\" name=\"_ftn7\"><strong>[7]<\/strong><\/a> \u0130bn Mace, &#8220;Salat&#8221;, No: 695<\/p>\n<p><a href=\"#_ftnref8\" name=\"_ftn8\"><strong>[8]<\/strong><\/a> Nesai, &#8220;Salat&#8221;, No: 613<\/p>\n<p><a href=\"#_ftnref9\" name=\"_ftn9\"><strong>[9]<\/strong><\/a> Muhammed Abd\u00fclkadir er- Razi, <strong><em>Muhtaru\u2019s- S\u0131hah<\/em><\/strong>, \u011fa-fe-le maddesi<\/p>\n<p><a href=\"#_ftnref10\" name=\"_ftn10\"><strong>[10]<\/strong><\/a> \u0130bn Manzur, <strong><em>Lisanu\u2019l- Arab<\/em><\/strong>, II\/ 497 Beyrut- L\u00fcbnan B.I<\/p>\n<p><a href=\"#_ftnref11\" name=\"_ftn11\"><strong>[11]<\/strong><\/a> M\u00e2un, 5<\/p>\n<p><a href=\"#_ftnref12\" name=\"_ftn12\"><strong>[12]<\/strong><\/a> es- Suyuti, <strong><em>Tedribu\u2019r- R\u00e2v\u00ee<\/em><\/strong>, I\/ 71-72, Beyrut- 1993, [ Nihat Yatk\u0131n, Hz. Peygamberin S\u00fcnnetinde Namazlar\u0131n Kazas\u0131, EKEV Akademi Dergisi, C.III- S.I Bahar 2001]<\/p>\n","protected":false},"excerpt":{"rendered":"<p>Soru: Hocam! G\u00fcn\u00fcm\u00fczde bir k\u0131s\u0131m insanlar kas\u0131tl\u0131 bir \u015fekilde terk edilen namazlar\u0131n kazas\u0131n\u0131n olmayaca\u011f\u0131n\u0131 s\u00f6yl\u00fcyorlar. \u00d6te yandan camide vaaz veren hocalar insanlara t\u00f6vbe etmelerini telkin ederken terk ettikleri namazlar\u0131n\u0131 mutlaka kaza etmeleri gerekti\u011fini s\u00f6yl\u00fcyorlar. Yani bu konudaki mutedil tutum nedir? Kasten terk edilmi\u015f bir namaz\u0131 kaza etmenin s\u00fcnnette yeri var m\u0131d\u0131r? Cevap: \u00a0\u0130lk \u00f6nce soruda [&hellip;]<\/p>\n","protected":false},"author":3,"featured_media":866,"comment_status":"open","ping_status":"open","sticky":false,"template":"","format":"standard","meta":{"content-type":"","_monsterinsights_skip_tracking":false,"_monsterinsights_sitenote_active":false,"_monsterinsights_sitenote_note":"","_monsterinsights_sitenote_category":0,"footnotes":""},"categories":[2,22,8],"tags":[366,370,508],"class_list":{"0":"post-864","1":"post","2":"type-post","3":"status-publish","4":"format-standard","5":"has-post-thumbnail","7":"category-gundeme-dair","8":"category-namaz","9":"category-sual-cevap","10":"tag-kasten-namazi-terketmek","11":"tag-kaza-namazi","12":"tag-namazi-kasitli-kazaya-birakmak"},"yoast_head":"<!-- This site is optimized with the Yoast SEO plugin v23.2 - https:\/\/yoast.com\/wordpress\/plugins\/seo\/ -->\n<title>Kasten Terkedilen Namazlar\u0131n Kazas\u0131 - \u00d6mer Faruk Korkmaz Hocaefendi<\/title>\n<meta name=\"robots\" content=\"index, follow, max-snippet:-1, max-image-preview:large, max-video-preview:-1\" \/>\n<link rel=\"canonical\" href=\"https:\/\/omerfarukkorkmaz.com.tr\/tr\/kasten-terkedilen-namazlarin-kazasi\/\" \/>\n<meta property=\"og:locale\" content=\"tr_TR\" \/>\n<meta property=\"og:type\" content=\"article\" \/>\n<meta property=\"og:title\" content=\"Kasten Terkedilen Namazlar\u0131n Kazas\u0131 - \u00d6mer Faruk Korkmaz Hocaefendi\" \/>\n<meta property=\"og:description\" content=\"Soru: Hocam! G\u00fcn\u00fcm\u00fczde bir k\u0131s\u0131m insanlar kas\u0131tl\u0131 bir \u015fekilde terk edilen namazlar\u0131n kazas\u0131n\u0131n olmayaca\u011f\u0131n\u0131 s\u00f6yl\u00fcyorlar. \u00d6te yandan camide vaaz veren hocalar insanlara t\u00f6vbe etmelerini telkin ederken terk ettikleri namazlar\u0131n\u0131 mutlaka kaza etmeleri gerekti\u011fini s\u00f6yl\u00fcyorlar. Yani bu konudaki mutedil tutum nedir? Kasten terk edilmi\u015f bir namaz\u0131 kaza etmenin s\u00fcnnette yeri var m\u0131d\u0131r? Cevap: \u00a0\u0130lk \u00f6nce soruda [&hellip;]\" \/>\n<meta property=\"og:url\" content=\"https:\/\/omerfarukkorkmaz.com.tr\/tr\/kasten-terkedilen-namazlarin-kazasi\/\" \/>\n<meta property=\"og:site_name\" content=\"\u00d6mer Faruk Korkmaz Hocaefendi\" \/>\n<meta property=\"article:published_time\" content=\"2021-02-05T21:00:09+00:00\" \/>\n<meta property=\"og:image\" content=\"https:\/\/omerfarukkorkmaz.com.tr\/tr\/wp-content\/uploads\/2021\/02\/namaz-1-shutterstock_16_9_1558967761-880x495-1-e1612558779813.jpg\" \/>\n\t<meta property=\"og:image:width\" content=\"873\" \/>\n\t<meta property=\"og:image:height\" content=\"360\" \/>\n\t<meta property=\"og:image:type\" content=\"image\/jpeg\" \/>\n<meta name=\"author\" content=\"\u00d6mer Faruk Korkmaz\" \/>\n<meta name=\"twitter:card\" content=\"summary_large_image\" \/>\n<meta name=\"twitter:label1\" content=\"Yazan:\" \/>\n\t<meta name=\"twitter:data1\" content=\"\u00d6mer Faruk Korkmaz\" \/>\n\t<meta name=\"twitter:label2\" content=\"Tahmini okuma s\u00fcresi\" \/>\n\t<meta name=\"twitter:data2\" content=\"6 dakika\" \/>\n<script type=\"application\/ld+json\" class=\"yoast-schema-graph\">{\"@context\":\"https:\/\/schema.org\",\"@graph\":[{\"@type\":\"Article\",\"@id\":\"https:\/\/omerfarukkorkmaz.com.tr\/tr\/kasten-terkedilen-namazlarin-kazasi\/#article\",\"isPartOf\":{\"@id\":\"https:\/\/omerfarukkorkmaz.com.tr\/tr\/kasten-terkedilen-namazlarin-kazasi\/\"},\"author\":{\"name\":\"\u00d6mer Faruk Korkmaz\",\"@id\":\"https:\/\/omerfarukkorkmaz.com.tr\/tr\/#\/schema\/person\/7efd65277de8b9dc0520ec210e387854\"},\"headline\":\"Kasten Terkedilen Namazlar\u0131n Kazas\u0131\",\"datePublished\":\"2021-02-05T21:00:09+00:00\",\"dateModified\":\"2021-02-05T21:00:09+00:00\",\"mainEntityOfPage\":{\"@id\":\"https:\/\/omerfarukkorkmaz.com.tr\/tr\/kasten-terkedilen-namazlarin-kazasi\/\"},\"wordCount\":1178,\"commentCount\":0,\"publisher\":{\"@id\":\"https:\/\/omerfarukkorkmaz.com.tr\/tr\/#\/schema\/person\/7efd65277de8b9dc0520ec210e387854\"},\"image\":{\"@id\":\"https:\/\/omerfarukkorkmaz.com.tr\/tr\/kasten-terkedilen-namazlarin-kazasi\/#primaryimage\"},\"thumbnailUrl\":\"https:\/\/omerfarukkorkmaz.com.tr\/tr\/wp-content\/uploads\/2021\/02\/namaz-1-shutterstock_16_9_1558967761-880x495-1-e1612558779813.jpg\",\"keywords\":[\"Kasten namaz\u0131 terketmek\",\"Kaza namaz\u0131\",\"Namaz\u0131 kas\u0131tl\u0131 kazaya b\u0131rakmak\"],\"articleSection\":[\"G\u00fcndeme Dair\",\"Namaz\",\"Sual Cevap\"],\"inLanguage\":\"tr\",\"potentialAction\":[{\"@type\":\"CommentAction\",\"name\":\"Comment\",\"target\":[\"https:\/\/omerfarukkorkmaz.com.tr\/tr\/kasten-terkedilen-namazlarin-kazasi\/#respond\"]}]},{\"@type\":\"WebPage\",\"@id\":\"https:\/\/omerfarukkorkmaz.com.tr\/tr\/kasten-terkedilen-namazlarin-kazasi\/\",\"url\":\"https:\/\/omerfarukkorkmaz.com.tr\/tr\/kasten-terkedilen-namazlarin-kazasi\/\",\"name\":\"Kasten Terkedilen Namazlar\u0131n Kazas\u0131 - \u00d6mer Faruk Korkmaz Hocaefendi\",\"isPartOf\":{\"@id\":\"https:\/\/omerfarukkorkmaz.com.tr\/tr\/#website\"},\"primaryImageOfPage\":{\"@id\":\"https:\/\/omerfarukkorkmaz.com.tr\/tr\/kasten-terkedilen-namazlarin-kazasi\/#primaryimage\"},\"image\":{\"@id\":\"https:\/\/omerfarukkorkmaz.com.tr\/tr\/kasten-terkedilen-namazlarin-kazasi\/#primaryimage\"},\"thumbnailUrl\":\"https:\/\/omerfarukkorkmaz.com.tr\/tr\/wp-content\/uploads\/2021\/02\/namaz-1-shutterstock_16_9_1558967761-880x495-1-e1612558779813.jpg\",\"datePublished\":\"2021-02-05T21:00:09+00:00\",\"dateModified\":\"2021-02-05T21:00:09+00:00\",\"breadcrumb\":{\"@id\":\"https:\/\/omerfarukkorkmaz.com.tr\/tr\/kasten-terkedilen-namazlarin-kazasi\/#breadcrumb\"},\"inLanguage\":\"tr\",\"potentialAction\":[{\"@type\":\"ReadAction\",\"target\":[\"https:\/\/omerfarukkorkmaz.com.tr\/tr\/kasten-terkedilen-namazlarin-kazasi\/\"]}]},{\"@type\":\"ImageObject\",\"inLanguage\":\"tr\",\"@id\":\"https:\/\/omerfarukkorkmaz.com.tr\/tr\/kasten-terkedilen-namazlarin-kazasi\/#primaryimage\",\"url\":\"https:\/\/omerfarukkorkmaz.com.tr\/tr\/wp-content\/uploads\/2021\/02\/namaz-1-shutterstock_16_9_1558967761-880x495-1-e1612558779813.jpg\",\"contentUrl\":\"https:\/\/omerfarukkorkmaz.com.tr\/tr\/wp-content\/uploads\/2021\/02\/namaz-1-shutterstock_16_9_1558967761-880x495-1-e1612558779813.jpg\",\"width\":873,\"height\":360},{\"@type\":\"BreadcrumbList\",\"@id\":\"https:\/\/omerfarukkorkmaz.com.tr\/tr\/kasten-terkedilen-namazlarin-kazasi\/#breadcrumb\",\"itemListElement\":[{\"@type\":\"ListItem\",\"position\":1,\"name\":\"Anasayfa\",\"item\":\"https:\/\/omerfarukkorkmaz.com.tr\/tr\/\"},{\"@type\":\"ListItem\",\"position\":2,\"name\":\"Kasten Terkedilen Namazlar\u0131n Kazas\u0131\"}]},{\"@type\":\"WebSite\",\"@id\":\"https:\/\/omerfarukkorkmaz.com.tr\/tr\/#website\",\"url\":\"https:\/\/omerfarukkorkmaz.com.tr\/tr\/\",\"name\":\"\u00d6mer Faruk Korkmaz Hocaefendi\",\"description\":\"Resmi Web Sayfas\u0131\",\"publisher\":{\"@id\":\"https:\/\/omerfarukkorkmaz.com.tr\/tr\/#\/schema\/person\/7efd65277de8b9dc0520ec210e387854\"},\"potentialAction\":[{\"@type\":\"SearchAction\",\"target\":{\"@type\":\"EntryPoint\",\"urlTemplate\":\"https:\/\/omerfarukkorkmaz.com.tr\/tr\/?s={search_term_string}\"},\"query-input\":\"required name=search_term_string\"}],\"inLanguage\":\"tr\"},{\"@type\":[\"Person\",\"Organization\"],\"@id\":\"https:\/\/omerfarukkorkmaz.com.tr\/tr\/#\/schema\/person\/7efd65277de8b9dc0520ec210e387854\",\"name\":\"\u00d6mer Faruk Korkmaz\",\"image\":{\"@type\":\"ImageObject\",\"inLanguage\":\"tr\",\"@id\":\"https:\/\/omerfarukkorkmaz.com.tr\/tr\/#\/schema\/person\/image\/\",\"url\":\"https:\/\/omerfarukkorkmaz.com.tr\/tr\/wp-content\/uploads\/2020\/12\/cropped-nkl-2.png\",\"contentUrl\":\"https:\/\/omerfarukkorkmaz.com.tr\/tr\/wp-content\/uploads\/2020\/12\/cropped-nkl-2.png\",\"width\":512,\"height\":512,\"caption\":\"\u00d6mer Faruk Korkmaz\"},\"logo\":{\"@id\":\"https:\/\/omerfarukkorkmaz.com.tr\/tr\/#\/schema\/person\/image\/\"},\"url\":\"https:\/\/omerfarukkorkmaz.com.tr\/tr\/author\/ofkorkmaz\/\"}]}<\/script>\n<!-- \/ Yoast SEO plugin. -->","yoast_head_json":{"title":"Kasten Terkedilen Namazlar\u0131n Kazas\u0131 - \u00d6mer Faruk Korkmaz Hocaefendi","robots":{"index":"index","follow":"follow","max-snippet":"max-snippet:-1","max-image-preview":"max-image-preview:large","max-video-preview":"max-video-preview:-1"},"canonical":"https:\/\/omerfarukkorkmaz.com.tr\/tr\/kasten-terkedilen-namazlarin-kazasi\/","og_locale":"tr_TR","og_type":"article","og_title":"Kasten Terkedilen Namazlar\u0131n Kazas\u0131 - \u00d6mer Faruk Korkmaz Hocaefendi","og_description":"Soru: Hocam! G\u00fcn\u00fcm\u00fczde bir k\u0131s\u0131m insanlar kas\u0131tl\u0131 bir \u015fekilde terk edilen namazlar\u0131n kazas\u0131n\u0131n olmayaca\u011f\u0131n\u0131 s\u00f6yl\u00fcyorlar. \u00d6te yandan camide vaaz veren hocalar insanlara t\u00f6vbe etmelerini telkin ederken terk ettikleri namazlar\u0131n\u0131 mutlaka kaza etmeleri gerekti\u011fini s\u00f6yl\u00fcyorlar. Yani bu konudaki mutedil tutum nedir? Kasten terk edilmi\u015f bir namaz\u0131 kaza etmenin s\u00fcnnette yeri var m\u0131d\u0131r? Cevap: \u00a0\u0130lk \u00f6nce soruda [&hellip;]","og_url":"https:\/\/omerfarukkorkmaz.com.tr\/tr\/kasten-terkedilen-namazlarin-kazasi\/","og_site_name":"\u00d6mer Faruk Korkmaz Hocaefendi","article_published_time":"2021-02-05T21:00:09+00:00","og_image":[{"width":873,"height":360,"url":"https:\/\/omerfarukkorkmaz.com.tr\/tr\/wp-content\/uploads\/2021\/02\/namaz-1-shutterstock_16_9_1558967761-880x495-1-e1612558779813.jpg","type":"image\/jpeg"}],"author":"\u00d6mer Faruk Korkmaz","twitter_card":"summary_large_image","twitter_misc":{"Yazan:":"\u00d6mer Faruk Korkmaz","Tahmini okuma s\u00fcresi":"6 dakika"},"schema":{"@context":"https:\/\/schema.org","@graph":[{"@type":"Article","@id":"https:\/\/omerfarukkorkmaz.com.tr\/tr\/kasten-terkedilen-namazlarin-kazasi\/#article","isPartOf":{"@id":"https:\/\/omerfarukkorkmaz.com.tr\/tr\/kasten-terkedilen-namazlarin-kazasi\/"},"author":{"name":"\u00d6mer Faruk Korkmaz","@id":"https:\/\/omerfarukkorkmaz.com.tr\/tr\/#\/schema\/person\/7efd65277de8b9dc0520ec210e387854"},"headline":"Kasten Terkedilen Namazlar\u0131n Kazas\u0131","datePublished":"2021-02-05T21:00:09+00:00","dateModified":"2021-02-05T21:00:09+00:00","mainEntityOfPage":{"@id":"https:\/\/omerfarukkorkmaz.com.tr\/tr\/kasten-terkedilen-namazlarin-kazasi\/"},"wordCount":1178,"commentCount":0,"publisher":{"@id":"https:\/\/omerfarukkorkmaz.com.tr\/tr\/#\/schema\/person\/7efd65277de8b9dc0520ec210e387854"},"image":{"@id":"https:\/\/omerfarukkorkmaz.com.tr\/tr\/kasten-terkedilen-namazlarin-kazasi\/#primaryimage"},"thumbnailUrl":"https:\/\/omerfarukkorkmaz.com.tr\/tr\/wp-content\/uploads\/2021\/02\/namaz-1-shutterstock_16_9_1558967761-880x495-1-e1612558779813.jpg","keywords":["Kasten namaz\u0131 terketmek","Kaza namaz\u0131","Namaz\u0131 kas\u0131tl\u0131 kazaya b\u0131rakmak"],"articleSection":["G\u00fcndeme Dair","Namaz","Sual Cevap"],"inLanguage":"tr","potentialAction":[{"@type":"CommentAction","name":"Comment","target":["https:\/\/omerfarukkorkmaz.com.tr\/tr\/kasten-terkedilen-namazlarin-kazasi\/#respond"]}]},{"@type":"WebPage","@id":"https:\/\/omerfarukkorkmaz.com.tr\/tr\/kasten-terkedilen-namazlarin-kazasi\/","url":"https:\/\/omerfarukkorkmaz.com.tr\/tr\/kasten-terkedilen-namazlarin-kazasi\/","name":"Kasten Terkedilen Namazlar\u0131n Kazas\u0131 - \u00d6mer Faruk Korkmaz Hocaefendi","isPartOf":{"@id":"https:\/\/omerfarukkorkmaz.com.tr\/tr\/#website"},"primaryImageOfPage":{"@id":"https:\/\/omerfarukkorkmaz.com.tr\/tr\/kasten-terkedilen-namazlarin-kazasi\/#primaryimage"},"image":{"@id":"https:\/\/omerfarukkorkmaz.com.tr\/tr\/kasten-terkedilen-namazlarin-kazasi\/#primaryimage"},"thumbnailUrl":"https:\/\/omerfarukkorkmaz.com.tr\/tr\/wp-content\/uploads\/2021\/02\/namaz-1-shutterstock_16_9_1558967761-880x495-1-e1612558779813.jpg","datePublished":"2021-02-05T21:00:09+00:00","dateModified":"2021-02-05T21:00:09+00:00","breadcrumb":{"@id":"https:\/\/omerfarukkorkmaz.com.tr\/tr\/kasten-terkedilen-namazlarin-kazasi\/#breadcrumb"},"inLanguage":"tr","potentialAction":[{"@type":"ReadAction","target":["https:\/\/omerfarukkorkmaz.com.tr\/tr\/kasten-terkedilen-namazlarin-kazasi\/"]}]},{"@type":"ImageObject","inLanguage":"tr","@id":"https:\/\/omerfarukkorkmaz.com.tr\/tr\/kasten-terkedilen-namazlarin-kazasi\/#primaryimage","url":"https:\/\/omerfarukkorkmaz.com.tr\/tr\/wp-content\/uploads\/2021\/02\/namaz-1-shutterstock_16_9_1558967761-880x495-1-e1612558779813.jpg","contentUrl":"https:\/\/omerfarukkorkmaz.com.tr\/tr\/wp-content\/uploads\/2021\/02\/namaz-1-shutterstock_16_9_1558967761-880x495-1-e1612558779813.jpg","width":873,"height":360},{"@type":"BreadcrumbList","@id":"https:\/\/omerfarukkorkmaz.com.tr\/tr\/kasten-terkedilen-namazlarin-kazasi\/#breadcrumb","itemListElement":[{"@type":"ListItem","position":1,"name":"Anasayfa","item":"https:\/\/omerfarukkorkmaz.com.tr\/tr\/"},{"@type":"ListItem","position":2,"name":"Kasten Terkedilen Namazlar\u0131n Kazas\u0131"}]},{"@type":"WebSite","@id":"https:\/\/omerfarukkorkmaz.com.tr\/tr\/#website","url":"https:\/\/omerfarukkorkmaz.com.tr\/tr\/","name":"\u00d6mer Faruk Korkmaz Hocaefendi","description":"Resmi Web Sayfas\u0131","publisher":{"@id":"https:\/\/omerfarukkorkmaz.com.tr\/tr\/#\/schema\/person\/7efd65277de8b9dc0520ec210e387854"},"potentialAction":[{"@type":"SearchAction","target":{"@type":"EntryPoint","urlTemplate":"https:\/\/omerfarukkorkmaz.com.tr\/tr\/?s={search_term_string}"},"query-input":"required name=search_term_string"}],"inLanguage":"tr"},{"@type":["Person","Organization"],"@id":"https:\/\/omerfarukkorkmaz.com.tr\/tr\/#\/schema\/person\/7efd65277de8b9dc0520ec210e387854","name":"\u00d6mer Faruk Korkmaz","image":{"@type":"ImageObject","inLanguage":"tr","@id":"https:\/\/omerfarukkorkmaz.com.tr\/tr\/#\/schema\/person\/image\/","url":"https:\/\/omerfarukkorkmaz.com.tr\/tr\/wp-content\/uploads\/2020\/12\/cropped-nkl-2.png","contentUrl":"https:\/\/omerfarukkorkmaz.com.tr\/tr\/wp-content\/uploads\/2020\/12\/cropped-nkl-2.png","width":512,"height":512,"caption":"\u00d6mer Faruk Korkmaz"},"logo":{"@id":"https:\/\/omerfarukkorkmaz.com.tr\/tr\/#\/schema\/person\/image\/"},"url":"https:\/\/omerfarukkorkmaz.com.tr\/tr\/author\/ofkorkmaz\/"}]}},"_links":{"self":[{"href":"https:\/\/omerfarukkorkmaz.com.tr\/tr\/wp-json\/wp\/v2\/posts\/864","targetHints":{"allow":["GET"]}}],"collection":[{"href":"https:\/\/omerfarukkorkmaz.com.tr\/tr\/wp-json\/wp\/v2\/posts"}],"about":[{"href":"https:\/\/omerfarukkorkmaz.com.tr\/tr\/wp-json\/wp\/v2\/types\/post"}],"author":[{"embeddable":true,"href":"https:\/\/omerfarukkorkmaz.com.tr\/tr\/wp-json\/wp\/v2\/users\/3"}],"replies":[{"embeddable":true,"href":"https:\/\/omerfarukkorkmaz.com.tr\/tr\/wp-json\/wp\/v2\/comments?post=864"}],"version-history":[{"count":0,"href":"https:\/\/omerfarukkorkmaz.com.tr\/tr\/wp-json\/wp\/v2\/posts\/864\/revisions"}],"wp:featuredmedia":[{"embeddable":true,"href":"https:\/\/omerfarukkorkmaz.com.tr\/tr\/wp-json\/wp\/v2\/media\/866"}],"wp:attachment":[{"href":"https:\/\/omerfarukkorkmaz.com.tr\/tr\/wp-json\/wp\/v2\/media?parent=864"}],"wp:term":[{"taxonomy":"category","embeddable":true,"href":"https:\/\/omerfarukkorkmaz.com.tr\/tr\/wp-json\/wp\/v2\/categories?post=864"},{"taxonomy":"post_tag","embeddable":true,"href":"https:\/\/omerfarukkorkmaz.com.tr\/tr\/wp-json\/wp\/v2\/tags?post=864"}],"curies":[{"name":"wp","href":"https:\/\/api.w.org\/{rel}","templated":true}]}}