{"id":841,"date":"2021-01-16T21:28:49","date_gmt":"2021-01-16T21:28:49","guid":{"rendered":"http:\/\/www.omerfarukkorkmaz.com.tr\/?p=841"},"modified":"2021-01-16T21:28:49","modified_gmt":"2021-01-16T21:28:49","slug":"imam-ahmed-b-hanbel-tasavvuf-karsiti-miydi","status":"publish","type":"post","link":"https:\/\/omerfarukkorkmaz.com.tr\/tr\/imam-ahmed-b-hanbel-tasavvuf-karsiti-miydi\/","title":{"rendered":"\u0130mam Ahmed b. Hanbel Tasavvuf Kar\u015f\u0131t\u0131 M\u0131yd\u0131?"},"content":{"rendered":"<blockquote><p>Soru: Okudu\u011fum bir eser var \u015fu an. Eser \u201cet-Tar\u00eekatu\u2019n-Nak\u015fibendiyye\u201d isimli bir eser. Nak\u015fi tarikat\u0131 hakk\u0131nda bilgi verdi\u011fini zannederek alm\u0131\u015ft\u0131m bu eseri. Okumaya ba\u015flay\u0131nca tam tersine tenkit etti\u011fini g\u00f6rd\u00fcm. Bu eseri okurken belki bir \u00e7ok nokta kafama tak\u0131ld\u0131 ancak en \u00e7ok tak\u0131lan nokta da s\u00fbfilerin \u0130mam Ahmed\u2019i tasavvuf yanl\u0131s\u0131 olarak g\u00f6rd\u00fcklerini zikrederek bunu ele\u015ftirmesiydi. S\u00fbfilerin b\u00f6yle bir iddias\u0131 var m\u0131 hocam? Veya \u0130mam Ahmed\u2019den tasavvuf yanl\u0131s\u0131 oldu\u011funa dair somut deliller var m\u0131? Cevab\u0131n\u0131za kar\u015f\u0131 \u00e7ok m\u00fcte\u015fekkir olaca\u011f\u0131m.<\/p><\/blockquote>\n<p><strong>Cevap:<\/strong>\u00a0Bahsini yapt\u0131\u011f\u0131n\u0131z tarzda eserler mevcut maalesef. Ahmed b. Hanbel (rahimehullah) gibi z\u00fchd ve takvan\u0131n zirvesini ya\u015fam\u0131\u015f ve sufilerin \u00f6rnek \u015fahsiyetlerinden say\u0131lan bir zat\u0131, kendilerini onun mezhebine nispet ederek sahiplenenler onu bir tasavvuf d\u00fc\u015fman\u0131 olarak g\u00f6sterme noktas\u0131nda \u00f6zel bir gayret sarf ediyorlar. Abd\u00fclkadir Geyl\u00e2n\u00ee gibi \u0130bn Teymiye\u2019nin \u201cinsanlar\u0131n en b\u00fcy\u00fcklerindendir\u201d dedi\u011fi<a href=\"#_ftn1\" name=\"_ftnref1\">[1]<\/a>b\u00fcy\u00fck velinin \u201cAllah (azze ve celle) \u2019\u0131n t\u00fcm dostlar\u0131 Ahmed b. Hanbel\u2019in itikad\u0131 \u00fczeredir\u201d dedi\u011fi o b\u00fcy\u00fck imam\u0131 tek kelimeyle istismar ediyorlar.<\/p>\n<p>\u0130bn Kayyim gibi imam olarak telakki ettikleri zat\u0131n dahi tasavvufu destekleyen s\u00f6zlerini k\u0131rparak eserini basanlar\u0131n \u0130mam Ahmed gibi bir de\u011feri istismar etmeleri hi\u00e7 de \u015fa\u015f\u0131rt\u0131c\u0131 de\u011fil elbette. Ne var ki ortada m\u0131zra\u011f\u0131n \u00e7uvala s\u0131\u011fmamas\u0131 gibi bir durum da yok de\u011fil.<\/p>\n<p>\u0130mam e\u015f-\u015eafii\u2019nin kendisini z\u00fchtte ve vera\u2019da imam olarak tavsif etti\u011fi<a href=\"#_ftn2\" name=\"_ftnref2\">[2]<\/a> bu b\u00fcy\u00fck imam\u0131 mazisi bir iki asra dayanan bir hareketin b\u00e2n\u00eesi g\u00f6stermek ne kadar inand\u0131r\u0131c\u0131 olabilir? Son derece tebcil ettikleri \u0130bn Teymiye dahi \u201cS\u00fbfiyye\u201d kelimesinin ilk \u00fc\u00e7 tabakada me\u015fhur olmad\u0131\u011f\u0131n\u0131 ancak daha sonraki as\u0131rlarda baz\u0131 imamlar\u0131n bunu kulland\u0131klar\u0131n\u0131 s\u00f6yleyerek \u0130mam Ahmed\u2019i de bunlar\u0131n i\u00e7erisinde sayarken<a href=\"#_ftn3\" name=\"_ftnref3\">[3]<\/a> tasavvuf ve sufili\u011fin bidat oldu\u011funu savunmak kimi ikna eder ki?<\/p>\n<p>\u0130mam Ahmed\u2019in tasavvuf kar\u015f\u0131t\u0131 olmad\u0131\u011f\u0131n\u0131 ispat etmek beyhude bir \u00e7aba olacakt\u0131r. Zira onun hayat\u0131, siresi, s\u00f6zleri ve duru\u015fu ortadayken, sufili\u011fin o zamanki \u015fekliyle i\u00e7 i\u00e7e bir hayat ya\u015fam\u0131\u015fken kendi d\u00f6neminden sonraki tasavvuf esaslar\u0131na dair s\u00f6z\u00fc olmamas\u0131ndan hareketle onu sufi d\u00fc\u015fman\u0131 olarak sunmak tam bir eblehlik olur.<\/p>\n<p>Bu k\u0131yasa g\u00f6re, \u0130mam Ahmed\u2019in, d\u00f6neminden sonra tezah\u00fcr etmi\u015f hadis \u0131st\u0131lahlar\u0131 ve f\u0131kh\u00ee terimlere dair s\u00f6z\u00fc olmamas\u0131 onun hadis imam\u0131 veya fakih olmamas\u0131n\u0131 iktiza edecektir. B\u00f6yle bir \u015fey iddia edilebilir mi?<\/p>\n<p>Ez c\u00fcmle, \u0130mam Ahmed (rahimehullah) ya\u015fant\u0131s\u0131 itibar\u0131yla s\u00fbf\u00eelikle i\u00e7 i\u00e7e ya\u015fam\u0131\u015f, Ebu Nuaym\u2019\u0131n Hilyetu\u2019l-Evliya\u2019s\u0131 gibi s\u00fbf\u00eelerin teracim kitaplar\u0131nda yer alm\u0131\u015f<a href=\"#_ftn4\" name=\"_ftnref4\">[4]<\/a> bir b\u00fcy\u00fck imamd\u0131r. Bu g\u00fcne dek tertemiz bir senetle intikal etmi\u015f ve M\u00fcsl\u00fcmana itikad\u0131nda yakin, amelinde y\u00fcsr sa\u011flayan tasavvufu farkl\u0131 evrelerindeki usul de\u011fi\u015fiklikleri ile \u201cd\u00fcn ba\u015fkayd\u0131, bug\u00fcn ba\u015fka\u201d \u015feklinde bir ayr\u0131ma tabi tutmak da insafla ba\u011fda\u015f\u0131r bir tutum de\u011fildir. Esas\u0131nda bu anlay\u0131\u015f, top yek\u00fcn kar\u015f\u0131 olunan bir \u015feye ge\u00e7mi\u015f zamandaki halini kabul ediyormu\u015f gibi g\u00f6r\u00fcnerek sald\u0131rmak niyetini ta\u015f\u0131maktad\u0131r.<\/p>\n<p>Bunu s\u00f6ylerken, tarihin muhtelif d\u00f6nemlerinde ve g\u00fcn\u00fcm\u00fczde ortaya \u00e7\u0131km\u0131\u015f sapk\u0131n tasavvuf ekollerini de tebrie edecek de\u011filiz elbette. Ancak, su-i misali emsal k\u0131larak bu muazzam yap\u0131n\u0131n tamam\u0131n\u0131 tenkit hedefi yapmak, i\u00e7inde \u00e7\u00fcr\u00fck olanlar var diye koca bir kasay\u0131 \u00e7\u00f6pe atmak ahmakl\u0131\u011f\u0131ndan farks\u0131zd\u0131r. Bu meseleyi burada b\u0131rakarak okuyucuyu konu ile ilgili Abd\u00fclhafiz el-Mekk\u00ee\u2019nin <em>Mevkifu eimmeti\u2019l- Hareketi\u2019s- Selefiyye mine\u2019t-Tasavvuf<\/em>\u2019u, Es\u2019ad el-Hatib\u2019in <em>Mevkifu\u2019l-\u0130mam Ahmed b. Hanbel mine\u2019t-Tasavvuf\u2019<\/em> u, Mustafa Alyan el-Hanbeli\u2019nin <em>es-S\u00e2detu\u2019l-Han\u00e2bile ve\u2019htil\u00e2fuhum me\u2019a\u2019s-Selefiyyeti\u2019l-Mu\u2019\u00e2s\u0131ra<\/em>&#8216;s\u0131 gibi eserlere m\u00fcracaata y\u00f6nlendiriyorum.<\/p>\n<p>Measselame\u2026<\/p>\n<hr \/>\n<p><a href=\"#_ftnref1\" name=\"_ftn1\">[1]<\/a> \u0130bn Teymiye, <em>Mecmu\u2019u\u2019l-Fet\u00e2v\u00e2<\/em>, Mecma\u2019u\u2019l-Melik Fahd, Medine, VIII\/369<\/p>\n<p><a href=\"#_ftnref2\" name=\"_ftn2\">[2]<\/a> \u0130bn Eb\u00ee Ya\u2019l\u00e2, <em>Tabak\u00e2tu\u2019l-Han\u00e2bile<\/em>, Daru\u2019l-Ma\u2019rife, Beyrut, I\/5<\/p>\n<p><a href=\"#_ftnref3\" name=\"_ftn3\">[3]<\/a> \u0130bn Teymiye, <em>Ris\u00e2letun fi\u2019s-S\u00fbfiyyeti ve\u2019l-Fukar\u00e2<\/em>, Yay\u0131nevi, Tarih: Yok, s. 1<\/p>\n<p><a href=\"#_ftnref4\" name=\"_ftn4\">[4]<\/a> Ebu Nuaym, <em>Hilyetu\u2019l-Evliy\u00e2<\/em>, IX\/161<\/p>\n","protected":false},"excerpt":{"rendered":"<p>Soru: Okudu\u011fum bir eser var \u015fu an. Eser \u201cet-Tar\u00eekatu\u2019n-Nak\u015fibendiyye\u201d isimli bir eser. Nak\u015fi tarikat\u0131 hakk\u0131nda bilgi verdi\u011fini zannederek alm\u0131\u015ft\u0131m bu eseri. Okumaya ba\u015flay\u0131nca tam tersine tenkit etti\u011fini g\u00f6rd\u00fcm. Bu eseri okurken belki bir \u00e7ok nokta kafama tak\u0131ld\u0131 ancak en \u00e7ok tak\u0131lan nokta da s\u00fbfilerin \u0130mam Ahmed\u2019i tasavvuf yanl\u0131s\u0131 olarak g\u00f6rd\u00fcklerini zikrederek bunu ele\u015ftirmesiydi. S\u00fbfilerin b\u00f6yle [&hellip;]<\/p>\n","protected":false},"author":3,"featured_media":842,"comment_status":"open","ping_status":"open","sticky":false,"template":"","format":"standard","meta":{"content-type":"","_monsterinsights_skip_tracking":false,"_monsterinsights_sitenote_active":false,"_monsterinsights_sitenote_note":"","_monsterinsights_sitenote_category":0,"footnotes":""},"categories":[15,2,3],"tags":[47,48,288,290,311,594,646,688],"class_list":{"0":"post-841","1":"post","2":"type-post","3":"status-publish","4":"format-standard","5":"has-post-thumbnail","7":"category-diger","8":"category-gundeme-dair","9":"category-makaleler","10":"tag-ahmed-b-hanbel","11":"tag-ahmed-bin-hanbel","12":"tag-ibn-kayyim","13":"tag-ibn-teymiye","14":"tag-imam-ahmed","15":"tag-selefi","16":"tag-tasavvuf","17":"tag-vahhabi"},"yoast_head":"<!-- This site is optimized with the Yoast SEO plugin v23.2 - https:\/\/yoast.com\/wordpress\/plugins\/seo\/ -->\n<title>\u0130mam Ahmed b. Hanbel Tasavvuf Kar\u015f\u0131t\u0131 M\u0131yd\u0131? - \u00d6mer Faruk Korkmaz Hocaefendi<\/title>\n<meta name=\"robots\" content=\"index, follow, max-snippet:-1, max-image-preview:large, max-video-preview:-1\" \/>\n<link rel=\"canonical\" href=\"https:\/\/omerfarukkorkmaz.com.tr\/tr\/imam-ahmed-b-hanbel-tasavvuf-karsiti-miydi\/\" \/>\n<meta property=\"og:locale\" content=\"tr_TR\" \/>\n<meta property=\"og:type\" content=\"article\" \/>\n<meta property=\"og:title\" content=\"\u0130mam Ahmed b. Hanbel Tasavvuf Kar\u015f\u0131t\u0131 M\u0131yd\u0131? - \u00d6mer Faruk Korkmaz Hocaefendi\" \/>\n<meta property=\"og:description\" content=\"Soru: Okudu\u011fum bir eser var \u015fu an. Eser \u201cet-Tar\u00eekatu\u2019n-Nak\u015fibendiyye\u201d isimli bir eser. Nak\u015fi tarikat\u0131 hakk\u0131nda bilgi verdi\u011fini zannederek alm\u0131\u015ft\u0131m bu eseri. Okumaya ba\u015flay\u0131nca tam tersine tenkit etti\u011fini g\u00f6rd\u00fcm. Bu eseri okurken belki bir \u00e7ok nokta kafama tak\u0131ld\u0131 ancak en \u00e7ok tak\u0131lan nokta da s\u00fbfilerin \u0130mam Ahmed\u2019i tasavvuf yanl\u0131s\u0131 olarak g\u00f6rd\u00fcklerini zikrederek bunu ele\u015ftirmesiydi. S\u00fbfilerin b\u00f6yle [&hellip;]\" \/>\n<meta property=\"og:url\" content=\"https:\/\/omerfarukkorkmaz.com.tr\/tr\/imam-ahmed-b-hanbel-tasavvuf-karsiti-miydi\/\" \/>\n<meta property=\"og:site_name\" content=\"\u00d6mer Faruk Korkmaz Hocaefendi\" \/>\n<meta property=\"article:published_time\" content=\"2021-01-16T21:28:49+00:00\" \/>\n<meta property=\"og:image\" content=\"https:\/\/omerfarukkorkmaz.com.tr\/tr\/wp-content\/uploads\/2021\/01\/3d-selcuklu-motifli-duvar-kagitlari-220502260319b-e1610832518680.jpg\" \/>\n\t<meta property=\"og:image:width\" content=\"893\" \/>\n\t<meta property=\"og:image:height\" content=\"441\" \/>\n\t<meta property=\"og:image:type\" content=\"image\/jpeg\" \/>\n<meta name=\"author\" content=\"\u00d6mer Faruk Korkmaz\" \/>\n<meta name=\"twitter:card\" content=\"summary_large_image\" \/>\n<meta name=\"twitter:label1\" content=\"Yazan:\" \/>\n\t<meta name=\"twitter:data1\" content=\"\u00d6mer Faruk Korkmaz\" \/>\n\t<meta name=\"twitter:label2\" content=\"Tahmini okuma s\u00fcresi\" \/>\n\t<meta name=\"twitter:data2\" content=\"4 dakika\" \/>\n<script type=\"application\/ld+json\" class=\"yoast-schema-graph\">{\"@context\":\"https:\/\/schema.org\",\"@graph\":[{\"@type\":\"Article\",\"@id\":\"https:\/\/omerfarukkorkmaz.com.tr\/tr\/imam-ahmed-b-hanbel-tasavvuf-karsiti-miydi\/#article\",\"isPartOf\":{\"@id\":\"https:\/\/omerfarukkorkmaz.com.tr\/tr\/imam-ahmed-b-hanbel-tasavvuf-karsiti-miydi\/\"},\"author\":{\"name\":\"\u00d6mer Faruk Korkmaz\",\"@id\":\"https:\/\/omerfarukkorkmaz.com.tr\/tr\/#\/schema\/person\/7efd65277de8b9dc0520ec210e387854\"},\"headline\":\"\u0130mam Ahmed b. Hanbel Tasavvuf Kar\u015f\u0131t\u0131 M\u0131yd\u0131?\",\"datePublished\":\"2021-01-16T21:28:49+00:00\",\"dateModified\":\"2021-01-16T21:28:49+00:00\",\"mainEntityOfPage\":{\"@id\":\"https:\/\/omerfarukkorkmaz.com.tr\/tr\/imam-ahmed-b-hanbel-tasavvuf-karsiti-miydi\/\"},\"wordCount\":737,\"commentCount\":0,\"publisher\":{\"@id\":\"https:\/\/omerfarukkorkmaz.com.tr\/tr\/#\/schema\/person\/7efd65277de8b9dc0520ec210e387854\"},\"image\":{\"@id\":\"https:\/\/omerfarukkorkmaz.com.tr\/tr\/imam-ahmed-b-hanbel-tasavvuf-karsiti-miydi\/#primaryimage\"},\"thumbnailUrl\":\"https:\/\/omerfarukkorkmaz.com.tr\/tr\/wp-content\/uploads\/2021\/01\/3d-selcuklu-motifli-duvar-kagitlari-220502260319b-e1610832518680.jpg\",\"keywords\":[\"Ahmed b. Hanbel\",\"Ahmed bin Hanbel\",\"\u0130bn Kayyim\",\"\u0130bn Teymiye\",\"\u0130mam Ahmed\",\"Selefi\",\"tasavvuf\",\"Vahhabi\"],\"articleSection\":[\"Di\u011fer\",\"G\u00fcndeme Dair\",\"Makaleler\"],\"inLanguage\":\"tr\",\"potentialAction\":[{\"@type\":\"CommentAction\",\"name\":\"Comment\",\"target\":[\"https:\/\/omerfarukkorkmaz.com.tr\/tr\/imam-ahmed-b-hanbel-tasavvuf-karsiti-miydi\/#respond\"]}]},{\"@type\":\"WebPage\",\"@id\":\"https:\/\/omerfarukkorkmaz.com.tr\/tr\/imam-ahmed-b-hanbel-tasavvuf-karsiti-miydi\/\",\"url\":\"https:\/\/omerfarukkorkmaz.com.tr\/tr\/imam-ahmed-b-hanbel-tasavvuf-karsiti-miydi\/\",\"name\":\"\u0130mam Ahmed b. Hanbel Tasavvuf Kar\u015f\u0131t\u0131 M\u0131yd\u0131? - \u00d6mer Faruk Korkmaz Hocaefendi\",\"isPartOf\":{\"@id\":\"https:\/\/omerfarukkorkmaz.com.tr\/tr\/#website\"},\"primaryImageOfPage\":{\"@id\":\"https:\/\/omerfarukkorkmaz.com.tr\/tr\/imam-ahmed-b-hanbel-tasavvuf-karsiti-miydi\/#primaryimage\"},\"image\":{\"@id\":\"https:\/\/omerfarukkorkmaz.com.tr\/tr\/imam-ahmed-b-hanbel-tasavvuf-karsiti-miydi\/#primaryimage\"},\"thumbnailUrl\":\"https:\/\/omerfarukkorkmaz.com.tr\/tr\/wp-content\/uploads\/2021\/01\/3d-selcuklu-motifli-duvar-kagitlari-220502260319b-e1610832518680.jpg\",\"datePublished\":\"2021-01-16T21:28:49+00:00\",\"dateModified\":\"2021-01-16T21:28:49+00:00\",\"breadcrumb\":{\"@id\":\"https:\/\/omerfarukkorkmaz.com.tr\/tr\/imam-ahmed-b-hanbel-tasavvuf-karsiti-miydi\/#breadcrumb\"},\"inLanguage\":\"tr\",\"potentialAction\":[{\"@type\":\"ReadAction\",\"target\":[\"https:\/\/omerfarukkorkmaz.com.tr\/tr\/imam-ahmed-b-hanbel-tasavvuf-karsiti-miydi\/\"]}]},{\"@type\":\"ImageObject\",\"inLanguage\":\"tr\",\"@id\":\"https:\/\/omerfarukkorkmaz.com.tr\/tr\/imam-ahmed-b-hanbel-tasavvuf-karsiti-miydi\/#primaryimage\",\"url\":\"https:\/\/omerfarukkorkmaz.com.tr\/tr\/wp-content\/uploads\/2021\/01\/3d-selcuklu-motifli-duvar-kagitlari-220502260319b-e1610832518680.jpg\",\"contentUrl\":\"https:\/\/omerfarukkorkmaz.com.tr\/tr\/wp-content\/uploads\/2021\/01\/3d-selcuklu-motifli-duvar-kagitlari-220502260319b-e1610832518680.jpg\",\"width\":893,\"height\":441},{\"@type\":\"BreadcrumbList\",\"@id\":\"https:\/\/omerfarukkorkmaz.com.tr\/tr\/imam-ahmed-b-hanbel-tasavvuf-karsiti-miydi\/#breadcrumb\",\"itemListElement\":[{\"@type\":\"ListItem\",\"position\":1,\"name\":\"Anasayfa\",\"item\":\"https:\/\/omerfarukkorkmaz.com.tr\/tr\/\"},{\"@type\":\"ListItem\",\"position\":2,\"name\":\"\u0130mam Ahmed b. Hanbel Tasavvuf Kar\u015f\u0131t\u0131 M\u0131yd\u0131?\"}]},{\"@type\":\"WebSite\",\"@id\":\"https:\/\/omerfarukkorkmaz.com.tr\/tr\/#website\",\"url\":\"https:\/\/omerfarukkorkmaz.com.tr\/tr\/\",\"name\":\"\u00d6mer Faruk Korkmaz Hocaefendi\",\"description\":\"Resmi Web Sayfas\u0131\",\"publisher\":{\"@id\":\"https:\/\/omerfarukkorkmaz.com.tr\/tr\/#\/schema\/person\/7efd65277de8b9dc0520ec210e387854\"},\"potentialAction\":[{\"@type\":\"SearchAction\",\"target\":{\"@type\":\"EntryPoint\",\"urlTemplate\":\"https:\/\/omerfarukkorkmaz.com.tr\/tr\/?s={search_term_string}\"},\"query-input\":\"required name=search_term_string\"}],\"inLanguage\":\"tr\"},{\"@type\":[\"Person\",\"Organization\"],\"@id\":\"https:\/\/omerfarukkorkmaz.com.tr\/tr\/#\/schema\/person\/7efd65277de8b9dc0520ec210e387854\",\"name\":\"\u00d6mer Faruk Korkmaz\",\"image\":{\"@type\":\"ImageObject\",\"inLanguage\":\"tr\",\"@id\":\"https:\/\/omerfarukkorkmaz.com.tr\/tr\/#\/schema\/person\/image\/\",\"url\":\"https:\/\/omerfarukkorkmaz.com.tr\/tr\/wp-content\/uploads\/2020\/12\/cropped-nkl-2.png\",\"contentUrl\":\"https:\/\/omerfarukkorkmaz.com.tr\/tr\/wp-content\/uploads\/2020\/12\/cropped-nkl-2.png\",\"width\":512,\"height\":512,\"caption\":\"\u00d6mer Faruk Korkmaz\"},\"logo\":{\"@id\":\"https:\/\/omerfarukkorkmaz.com.tr\/tr\/#\/schema\/person\/image\/\"},\"url\":\"https:\/\/omerfarukkorkmaz.com.tr\/tr\/author\/ofkorkmaz\/\"}]}<\/script>\n<!-- \/ Yoast SEO plugin. -->","yoast_head_json":{"title":"\u0130mam Ahmed b. Hanbel Tasavvuf Kar\u015f\u0131t\u0131 M\u0131yd\u0131? - \u00d6mer Faruk Korkmaz Hocaefendi","robots":{"index":"index","follow":"follow","max-snippet":"max-snippet:-1","max-image-preview":"max-image-preview:large","max-video-preview":"max-video-preview:-1"},"canonical":"https:\/\/omerfarukkorkmaz.com.tr\/tr\/imam-ahmed-b-hanbel-tasavvuf-karsiti-miydi\/","og_locale":"tr_TR","og_type":"article","og_title":"\u0130mam Ahmed b. Hanbel Tasavvuf Kar\u015f\u0131t\u0131 M\u0131yd\u0131? - \u00d6mer Faruk Korkmaz Hocaefendi","og_description":"Soru: Okudu\u011fum bir eser var \u015fu an. Eser \u201cet-Tar\u00eekatu\u2019n-Nak\u015fibendiyye\u201d isimli bir eser. Nak\u015fi tarikat\u0131 hakk\u0131nda bilgi verdi\u011fini zannederek alm\u0131\u015ft\u0131m bu eseri. Okumaya ba\u015flay\u0131nca tam tersine tenkit etti\u011fini g\u00f6rd\u00fcm. Bu eseri okurken belki bir \u00e7ok nokta kafama tak\u0131ld\u0131 ancak en \u00e7ok tak\u0131lan nokta da s\u00fbfilerin \u0130mam Ahmed\u2019i tasavvuf yanl\u0131s\u0131 olarak g\u00f6rd\u00fcklerini zikrederek bunu ele\u015ftirmesiydi. S\u00fbfilerin b\u00f6yle [&hellip;]","og_url":"https:\/\/omerfarukkorkmaz.com.tr\/tr\/imam-ahmed-b-hanbel-tasavvuf-karsiti-miydi\/","og_site_name":"\u00d6mer Faruk Korkmaz Hocaefendi","article_published_time":"2021-01-16T21:28:49+00:00","og_image":[{"width":893,"height":441,"url":"https:\/\/omerfarukkorkmaz.com.tr\/tr\/wp-content\/uploads\/2021\/01\/3d-selcuklu-motifli-duvar-kagitlari-220502260319b-e1610832518680.jpg","type":"image\/jpeg"}],"author":"\u00d6mer Faruk Korkmaz","twitter_card":"summary_large_image","twitter_misc":{"Yazan:":"\u00d6mer Faruk Korkmaz","Tahmini okuma s\u00fcresi":"4 dakika"},"schema":{"@context":"https:\/\/schema.org","@graph":[{"@type":"Article","@id":"https:\/\/omerfarukkorkmaz.com.tr\/tr\/imam-ahmed-b-hanbel-tasavvuf-karsiti-miydi\/#article","isPartOf":{"@id":"https:\/\/omerfarukkorkmaz.com.tr\/tr\/imam-ahmed-b-hanbel-tasavvuf-karsiti-miydi\/"},"author":{"name":"\u00d6mer Faruk Korkmaz","@id":"https:\/\/omerfarukkorkmaz.com.tr\/tr\/#\/schema\/person\/7efd65277de8b9dc0520ec210e387854"},"headline":"\u0130mam Ahmed b. Hanbel Tasavvuf Kar\u015f\u0131t\u0131 M\u0131yd\u0131?","datePublished":"2021-01-16T21:28:49+00:00","dateModified":"2021-01-16T21:28:49+00:00","mainEntityOfPage":{"@id":"https:\/\/omerfarukkorkmaz.com.tr\/tr\/imam-ahmed-b-hanbel-tasavvuf-karsiti-miydi\/"},"wordCount":737,"commentCount":0,"publisher":{"@id":"https:\/\/omerfarukkorkmaz.com.tr\/tr\/#\/schema\/person\/7efd65277de8b9dc0520ec210e387854"},"image":{"@id":"https:\/\/omerfarukkorkmaz.com.tr\/tr\/imam-ahmed-b-hanbel-tasavvuf-karsiti-miydi\/#primaryimage"},"thumbnailUrl":"https:\/\/omerfarukkorkmaz.com.tr\/tr\/wp-content\/uploads\/2021\/01\/3d-selcuklu-motifli-duvar-kagitlari-220502260319b-e1610832518680.jpg","keywords":["Ahmed b. Hanbel","Ahmed bin Hanbel","\u0130bn Kayyim","\u0130bn Teymiye","\u0130mam Ahmed","Selefi","tasavvuf","Vahhabi"],"articleSection":["Di\u011fer","G\u00fcndeme Dair","Makaleler"],"inLanguage":"tr","potentialAction":[{"@type":"CommentAction","name":"Comment","target":["https:\/\/omerfarukkorkmaz.com.tr\/tr\/imam-ahmed-b-hanbel-tasavvuf-karsiti-miydi\/#respond"]}]},{"@type":"WebPage","@id":"https:\/\/omerfarukkorkmaz.com.tr\/tr\/imam-ahmed-b-hanbel-tasavvuf-karsiti-miydi\/","url":"https:\/\/omerfarukkorkmaz.com.tr\/tr\/imam-ahmed-b-hanbel-tasavvuf-karsiti-miydi\/","name":"\u0130mam Ahmed b. Hanbel Tasavvuf Kar\u015f\u0131t\u0131 M\u0131yd\u0131? - \u00d6mer Faruk Korkmaz Hocaefendi","isPartOf":{"@id":"https:\/\/omerfarukkorkmaz.com.tr\/tr\/#website"},"primaryImageOfPage":{"@id":"https:\/\/omerfarukkorkmaz.com.tr\/tr\/imam-ahmed-b-hanbel-tasavvuf-karsiti-miydi\/#primaryimage"},"image":{"@id":"https:\/\/omerfarukkorkmaz.com.tr\/tr\/imam-ahmed-b-hanbel-tasavvuf-karsiti-miydi\/#primaryimage"},"thumbnailUrl":"https:\/\/omerfarukkorkmaz.com.tr\/tr\/wp-content\/uploads\/2021\/01\/3d-selcuklu-motifli-duvar-kagitlari-220502260319b-e1610832518680.jpg","datePublished":"2021-01-16T21:28:49+00:00","dateModified":"2021-01-16T21:28:49+00:00","breadcrumb":{"@id":"https:\/\/omerfarukkorkmaz.com.tr\/tr\/imam-ahmed-b-hanbel-tasavvuf-karsiti-miydi\/#breadcrumb"},"inLanguage":"tr","potentialAction":[{"@type":"ReadAction","target":["https:\/\/omerfarukkorkmaz.com.tr\/tr\/imam-ahmed-b-hanbel-tasavvuf-karsiti-miydi\/"]}]},{"@type":"ImageObject","inLanguage":"tr","@id":"https:\/\/omerfarukkorkmaz.com.tr\/tr\/imam-ahmed-b-hanbel-tasavvuf-karsiti-miydi\/#primaryimage","url":"https:\/\/omerfarukkorkmaz.com.tr\/tr\/wp-content\/uploads\/2021\/01\/3d-selcuklu-motifli-duvar-kagitlari-220502260319b-e1610832518680.jpg","contentUrl":"https:\/\/omerfarukkorkmaz.com.tr\/tr\/wp-content\/uploads\/2021\/01\/3d-selcuklu-motifli-duvar-kagitlari-220502260319b-e1610832518680.jpg","width":893,"height":441},{"@type":"BreadcrumbList","@id":"https:\/\/omerfarukkorkmaz.com.tr\/tr\/imam-ahmed-b-hanbel-tasavvuf-karsiti-miydi\/#breadcrumb","itemListElement":[{"@type":"ListItem","position":1,"name":"Anasayfa","item":"https:\/\/omerfarukkorkmaz.com.tr\/tr\/"},{"@type":"ListItem","position":2,"name":"\u0130mam Ahmed b. Hanbel Tasavvuf Kar\u015f\u0131t\u0131 M\u0131yd\u0131?"}]},{"@type":"WebSite","@id":"https:\/\/omerfarukkorkmaz.com.tr\/tr\/#website","url":"https:\/\/omerfarukkorkmaz.com.tr\/tr\/","name":"\u00d6mer Faruk Korkmaz Hocaefendi","description":"Resmi Web Sayfas\u0131","publisher":{"@id":"https:\/\/omerfarukkorkmaz.com.tr\/tr\/#\/schema\/person\/7efd65277de8b9dc0520ec210e387854"},"potentialAction":[{"@type":"SearchAction","target":{"@type":"EntryPoint","urlTemplate":"https:\/\/omerfarukkorkmaz.com.tr\/tr\/?s={search_term_string}"},"query-input":"required name=search_term_string"}],"inLanguage":"tr"},{"@type":["Person","Organization"],"@id":"https:\/\/omerfarukkorkmaz.com.tr\/tr\/#\/schema\/person\/7efd65277de8b9dc0520ec210e387854","name":"\u00d6mer Faruk Korkmaz","image":{"@type":"ImageObject","inLanguage":"tr","@id":"https:\/\/omerfarukkorkmaz.com.tr\/tr\/#\/schema\/person\/image\/","url":"https:\/\/omerfarukkorkmaz.com.tr\/tr\/wp-content\/uploads\/2020\/12\/cropped-nkl-2.png","contentUrl":"https:\/\/omerfarukkorkmaz.com.tr\/tr\/wp-content\/uploads\/2020\/12\/cropped-nkl-2.png","width":512,"height":512,"caption":"\u00d6mer Faruk Korkmaz"},"logo":{"@id":"https:\/\/omerfarukkorkmaz.com.tr\/tr\/#\/schema\/person\/image\/"},"url":"https:\/\/omerfarukkorkmaz.com.tr\/tr\/author\/ofkorkmaz\/"}]}},"_links":{"self":[{"href":"https:\/\/omerfarukkorkmaz.com.tr\/tr\/wp-json\/wp\/v2\/posts\/841","targetHints":{"allow":["GET"]}}],"collection":[{"href":"https:\/\/omerfarukkorkmaz.com.tr\/tr\/wp-json\/wp\/v2\/posts"}],"about":[{"href":"https:\/\/omerfarukkorkmaz.com.tr\/tr\/wp-json\/wp\/v2\/types\/post"}],"author":[{"embeddable":true,"href":"https:\/\/omerfarukkorkmaz.com.tr\/tr\/wp-json\/wp\/v2\/users\/3"}],"replies":[{"embeddable":true,"href":"https:\/\/omerfarukkorkmaz.com.tr\/tr\/wp-json\/wp\/v2\/comments?post=841"}],"version-history":[{"count":0,"href":"https:\/\/omerfarukkorkmaz.com.tr\/tr\/wp-json\/wp\/v2\/posts\/841\/revisions"}],"wp:featuredmedia":[{"embeddable":true,"href":"https:\/\/omerfarukkorkmaz.com.tr\/tr\/wp-json\/wp\/v2\/media\/842"}],"wp:attachment":[{"href":"https:\/\/omerfarukkorkmaz.com.tr\/tr\/wp-json\/wp\/v2\/media?parent=841"}],"wp:term":[{"taxonomy":"category","embeddable":true,"href":"https:\/\/omerfarukkorkmaz.com.tr\/tr\/wp-json\/wp\/v2\/categories?post=841"},{"taxonomy":"post_tag","embeddable":true,"href":"https:\/\/omerfarukkorkmaz.com.tr\/tr\/wp-json\/wp\/v2\/tags?post=841"}],"curies":[{"name":"wp","href":"https:\/\/api.w.org\/{rel}","templated":true}]}}