{"id":816,"date":"2020-12-19T20:38:41","date_gmt":"2020-12-19T20:38:41","guid":{"rendered":"http:\/\/www.omerfarukkorkmaz.com.tr\/?p=816"},"modified":"2020-12-19T20:38:41","modified_gmt":"2020-12-19T20:38:41","slug":"ozturkun-iddiasi-ve-kurandaki-seci-sanati","status":"publish","type":"post","link":"https:\/\/omerfarukkorkmaz.com.tr\/tr\/ozturkun-iddiasi-ve-kurandaki-seci-sanati\/","title":{"rendered":"\u00d6zt\u00fcrk&#8217;\u00fcn \u0130ddias\u0131 ve Kur&#8217;an&#8217;daki Seci&#8217; Sanat\u0131"},"content":{"rendered":"<p>G\u00f6r\u00fcnen o ki \u00d6zt\u00fcrk, Kur\u2019an\u2019da seci\u2018 sanat\u0131n\u0131n yer al\u0131yor olmas\u0131n\u0131 da kelamullah ad\u0131na bir kusur olarak telakki etmektedir. Oysa bela\u011fat kitaplar\u0131m\u0131zda bu sanat muhassin\u00e2t-\u0131 lafziyyeden yani laf\u0131z olarak c\u00fcmleyi g\u00fczelle\u015ftiren unsurlardan biri olarak zikredilmektedir. Seci\u2018 tan\u0131m olarak \u201cD\u00fcz yaz\u0131larda fas\u0131lalar\u0131n ayn\u0131 harf \u00fczerine birbirine uyum sa\u011flamas\u0131\u201d \u015feklinde tarif edilmektedir.<a href=\"#_ftn1\" name=\"_ftnref1\">[1]<\/a> Bu sebeple es-Sekk\u00e2k\u00ee, \u201cNesirde\/d\u00fcz yaz\u0131da seci\u2018, \u015fiirde kafiye gibidir\u201d demi\u015ftir. Seci\u2018in bir tak\u0131m k\u0131s\u0131mlar\u0131ndan da bahsedilmekteyse de meseleyi uzatmama ad\u0131na o boyuta de\u011finmek istemiyoruz.<\/p>\n<p>\u015eu bir hakikat ki, seci\u2018 sanat\u0131n\u0131n, lafz\u0131 uydurabilmek i\u00e7in manay\u0131 zorlamak gibi bir boyutu da oldu\u011fundan baz\u0131 alimler Kur\u2019an\u2019da seci\u2018bulunmad\u0131\u011f\u0131n\u0131 da s\u00f6ylemi\u015flerdir. Zira bu durumda asl olan \u015fey mana de\u011fil laf\u0131z olmaktad\u0131r. Dolay\u0131s\u0131yla Kur\u2019an b\u00f6yle bir \u015feyden m\u00fcnezzehtir. Er-Rumm\u00e2n\u00ee, <em>\u0130\u2018c\u00e2zu\u2019l-Kur\u2019\u00e2n<\/em>\u2019\u0131nda E\u015f\u2018ar\u00eelerin bu g\u00f6r\u00fc\u015fte olduklar\u0131n\u0131 nakletmektedir. Nitekim Kad\u0131 Ebubekir el-B\u00e2k\u0131ll\u00e2n\u00ee de bu g\u00f6r\u00fc\u015fte olanlardand\u0131r. E\u015f\u2018ar\u00eelerin d\u0131\u015f\u0131ndakiler ise Kur\u2019an\u2019da bu sanat\u0131n bulundu\u011fu g\u00f6r\u00fc\u015f\u00fcndedirler.<a href=\"#_ftn2\" name=\"_ftnref2\">[2]<\/a><\/p>\n<p>\u00d6zt\u00fcrk\u2019\u00fcn Kur\u2019an\u2019da seci\u2018 bulundu\u011fu ve bunun da kelamullah ad\u0131na bir noksanl\u0131k oldu\u011funu ifade eden g\u00f6r\u00fc\u015f\u00fcn\u00fcn E\u015f\u2018ar\u00eelerin g\u00f6r\u00fc\u015f\u00fc oldu\u011funu d\u00fc\u015f\u00fcnmek isterdik. Fakat bu sanat\u0131n d\u0131\u015f\u0131nda Kur\u2019an\u2019\u0131n i\u2018caz\u0131n\u0131 ortaya koyan ve bela\u011fat\u00e7\u0131lar taraf\u0131ndan ittifakla edeb\u00ee meziyyet olarak g\u00f6r\u00fclen di\u011fer sanatlar hususunda devirdi\u011fi \u00e7amlar buna engel olmaktad\u0131r. Netice olarak \u00d6zt\u00fcrk bu noktada da mahiyetini ve h\u00fckm\u00fcn\u00fc bilmedi\u011fi bir sanatla ilgili konu\u015farak bir ba\u015fka cehalete imza atm\u0131\u015ft\u0131r.<\/p>\n<hr \/>\n<p><a href=\"#_ftnref1\" name=\"_ftn1\">[1]<\/a> et-Teft\u00e2z\u00e2n\u00ee, <em>Muhtasaru\u2019l-Me\u2018\u00e2n\u00ee<\/em>, s. 278<\/p>\n<p><a href=\"#_ftnref2\" name=\"_ftn2\">[2]<\/a> Suy\u00fbt\u00ee, <em>el-\u0130tk\u00e2n<\/em>, III\/334<\/p>\n","protected":false},"excerpt":{"rendered":"<p>G\u00f6r\u00fcnen o ki \u00d6zt\u00fcrk, Kur\u2019an\u2019da seci\u2018 sanat\u0131n\u0131n yer al\u0131yor olmas\u0131n\u0131 da kelamullah ad\u0131na bir kusur olarak telakki etmektedir. Oysa bela\u011fat kitaplar\u0131m\u0131zda bu sanat muhassin\u00e2t-\u0131 lafziyyeden yani laf\u0131z olarak c\u00fcmleyi g\u00fczelle\u015ftiren unsurlardan biri olarak zikredilmektedir. Seci\u2018 tan\u0131m olarak \u201cD\u00fcz yaz\u0131larda fas\u0131lalar\u0131n ayn\u0131 harf \u00fczerine birbirine uyum sa\u011flamas\u0131\u201d \u015feklinde tarif edilmektedir.[1] Bu sebeple es-Sekk\u00e2k\u00ee, \u201cNesirde\/d\u00fcz yaz\u0131da seci\u2018, [&hellip;]<\/p>\n","protected":false},"author":3,"featured_media":818,"comment_status":"open","ping_status":"open","sticky":false,"template":"","format":"standard","meta":{"content-type":"","_monsterinsights_skip_tracking":false,"_monsterinsights_sitenote_active":false,"_monsterinsights_sitenote_note":"","_monsterinsights_sitenote_category":0,"footnotes":""},"categories":[2,5],"tags":[192,491,643,689],"class_list":{"0":"post-816","1":"post","2":"type-post","3":"status-publish","4":"format-standard","5":"has-post-thumbnail","7":"category-gundeme-dair","8":"category-modernizm","9":"tag-evrensellik","10":"tag-mustafa-ozturk","11":"tag-tarihselcilik","12":"tag-vahiy"},"yoast_head":"<!-- This site is optimized with the Yoast SEO plugin v23.2 - https:\/\/yoast.com\/wordpress\/plugins\/seo\/ -->\n<title>\u00d6zt\u00fcrk&#039;\u00fcn \u0130ddias\u0131 ve Kur&#039;an&#039;daki Seci&#039; Sanat\u0131 - \u00d6mer Faruk Korkmaz Hocaefendi<\/title>\n<meta name=\"robots\" content=\"index, follow, max-snippet:-1, max-image-preview:large, max-video-preview:-1\" \/>\n<link rel=\"canonical\" href=\"https:\/\/omerfarukkorkmaz.com.tr\/tr\/ozturkun-iddiasi-ve-kurandaki-seci-sanati\/\" \/>\n<meta property=\"og:locale\" content=\"tr_TR\" \/>\n<meta property=\"og:type\" content=\"article\" \/>\n<meta property=\"og:title\" content=\"\u00d6zt\u00fcrk&#039;\u00fcn \u0130ddias\u0131 ve Kur&#039;an&#039;daki Seci&#039; Sanat\u0131 - \u00d6mer Faruk Korkmaz Hocaefendi\" \/>\n<meta property=\"og:description\" content=\"G\u00f6r\u00fcnen o ki \u00d6zt\u00fcrk, Kur\u2019an\u2019da seci\u2018 sanat\u0131n\u0131n yer al\u0131yor olmas\u0131n\u0131 da kelamullah ad\u0131na bir kusur olarak telakki etmektedir. Oysa bela\u011fat kitaplar\u0131m\u0131zda bu sanat muhassin\u00e2t-\u0131 lafziyyeden yani laf\u0131z olarak c\u00fcmleyi g\u00fczelle\u015ftiren unsurlardan biri olarak zikredilmektedir. Seci\u2018 tan\u0131m olarak \u201cD\u00fcz yaz\u0131larda fas\u0131lalar\u0131n ayn\u0131 harf \u00fczerine birbirine uyum sa\u011flamas\u0131\u201d \u015feklinde tarif edilmektedir.[1] Bu sebeple es-Sekk\u00e2k\u00ee, \u201cNesirde\/d\u00fcz yaz\u0131da seci\u2018, [&hellip;]\" \/>\n<meta property=\"og:url\" content=\"https:\/\/omerfarukkorkmaz.com.tr\/tr\/ozturkun-iddiasi-ve-kurandaki-seci-sanati\/\" \/>\n<meta property=\"og:site_name\" content=\"\u00d6mer Faruk Korkmaz Hocaefendi\" \/>\n<meta property=\"article:published_time\" content=\"2020-12-19T20:38:41+00:00\" \/>\n<meta property=\"og:image\" content=\"https:\/\/omerfarukkorkmaz.com.tr\/tr\/wp-content\/uploads\/2020\/12\/maxresdefault-1-1-e1608410272470.jpg\" \/>\n\t<meta property=\"og:image:width\" content=\"1065\" \/>\n\t<meta property=\"og:image:height\" content=\"576\" \/>\n\t<meta property=\"og:image:type\" content=\"image\/jpeg\" \/>\n<meta name=\"author\" content=\"\u00d6mer Faruk Korkmaz\" \/>\n<meta name=\"twitter:card\" content=\"summary_large_image\" \/>\n<meta name=\"twitter:label1\" content=\"Yazan:\" \/>\n\t<meta name=\"twitter:data1\" content=\"\u00d6mer Faruk Korkmaz\" \/>\n\t<meta name=\"twitter:label2\" content=\"Tahmini okuma s\u00fcresi\" \/>\n\t<meta name=\"twitter:data2\" content=\"2 dakika\" \/>\n<script type=\"application\/ld+json\" class=\"yoast-schema-graph\">{\"@context\":\"https:\/\/schema.org\",\"@graph\":[{\"@type\":\"Article\",\"@id\":\"https:\/\/omerfarukkorkmaz.com.tr\/tr\/ozturkun-iddiasi-ve-kurandaki-seci-sanati\/#article\",\"isPartOf\":{\"@id\":\"https:\/\/omerfarukkorkmaz.com.tr\/tr\/ozturkun-iddiasi-ve-kurandaki-seci-sanati\/\"},\"author\":{\"name\":\"\u00d6mer Faruk Korkmaz\",\"@id\":\"https:\/\/omerfarukkorkmaz.com.tr\/tr\/#\/schema\/person\/7efd65277de8b9dc0520ec210e387854\"},\"headline\":\"\u00d6zt\u00fcrk&#8217;\u00fcn \u0130ddias\u0131 ve Kur&#8217;an&#8217;daki Seci&#8217; Sanat\u0131\",\"datePublished\":\"2020-12-19T20:38:41+00:00\",\"dateModified\":\"2020-12-19T20:38:41+00:00\",\"mainEntityOfPage\":{\"@id\":\"https:\/\/omerfarukkorkmaz.com.tr\/tr\/ozturkun-iddiasi-ve-kurandaki-seci-sanati\/\"},\"wordCount\":337,\"commentCount\":0,\"publisher\":{\"@id\":\"https:\/\/omerfarukkorkmaz.com.tr\/tr\/#\/schema\/person\/7efd65277de8b9dc0520ec210e387854\"},\"image\":{\"@id\":\"https:\/\/omerfarukkorkmaz.com.tr\/tr\/ozturkun-iddiasi-ve-kurandaki-seci-sanati\/#primaryimage\"},\"thumbnailUrl\":\"https:\/\/omerfarukkorkmaz.com.tr\/tr\/wp-content\/uploads\/2020\/12\/maxresdefault-1-1-e1608410272470.jpg\",\"keywords\":[\"Evrensellik\",\"mustafa \u00f6zt\u00fcrk\",\"tarihselcilik\",\"vahiy\"],\"articleSection\":[\"G\u00fcndeme Dair\",\"Modernizm\"],\"inLanguage\":\"tr\",\"potentialAction\":[{\"@type\":\"CommentAction\",\"name\":\"Comment\",\"target\":[\"https:\/\/omerfarukkorkmaz.com.tr\/tr\/ozturkun-iddiasi-ve-kurandaki-seci-sanati\/#respond\"]}]},{\"@type\":\"WebPage\",\"@id\":\"https:\/\/omerfarukkorkmaz.com.tr\/tr\/ozturkun-iddiasi-ve-kurandaki-seci-sanati\/\",\"url\":\"https:\/\/omerfarukkorkmaz.com.tr\/tr\/ozturkun-iddiasi-ve-kurandaki-seci-sanati\/\",\"name\":\"\u00d6zt\u00fcrk'\u00fcn \u0130ddias\u0131 ve Kur'an'daki Seci' Sanat\u0131 - \u00d6mer Faruk Korkmaz Hocaefendi\",\"isPartOf\":{\"@id\":\"https:\/\/omerfarukkorkmaz.com.tr\/tr\/#website\"},\"primaryImageOfPage\":{\"@id\":\"https:\/\/omerfarukkorkmaz.com.tr\/tr\/ozturkun-iddiasi-ve-kurandaki-seci-sanati\/#primaryimage\"},\"image\":{\"@id\":\"https:\/\/omerfarukkorkmaz.com.tr\/tr\/ozturkun-iddiasi-ve-kurandaki-seci-sanati\/#primaryimage\"},\"thumbnailUrl\":\"https:\/\/omerfarukkorkmaz.com.tr\/tr\/wp-content\/uploads\/2020\/12\/maxresdefault-1-1-e1608410272470.jpg\",\"datePublished\":\"2020-12-19T20:38:41+00:00\",\"dateModified\":\"2020-12-19T20:38:41+00:00\",\"breadcrumb\":{\"@id\":\"https:\/\/omerfarukkorkmaz.com.tr\/tr\/ozturkun-iddiasi-ve-kurandaki-seci-sanati\/#breadcrumb\"},\"inLanguage\":\"tr\",\"potentialAction\":[{\"@type\":\"ReadAction\",\"target\":[\"https:\/\/omerfarukkorkmaz.com.tr\/tr\/ozturkun-iddiasi-ve-kurandaki-seci-sanati\/\"]}]},{\"@type\":\"ImageObject\",\"inLanguage\":\"tr\",\"@id\":\"https:\/\/omerfarukkorkmaz.com.tr\/tr\/ozturkun-iddiasi-ve-kurandaki-seci-sanati\/#primaryimage\",\"url\":\"https:\/\/omerfarukkorkmaz.com.tr\/tr\/wp-content\/uploads\/2020\/12\/maxresdefault-1-1-e1608410272470.jpg\",\"contentUrl\":\"https:\/\/omerfarukkorkmaz.com.tr\/tr\/wp-content\/uploads\/2020\/12\/maxresdefault-1-1-e1608410272470.jpg\",\"width\":1065,\"height\":576},{\"@type\":\"BreadcrumbList\",\"@id\":\"https:\/\/omerfarukkorkmaz.com.tr\/tr\/ozturkun-iddiasi-ve-kurandaki-seci-sanati\/#breadcrumb\",\"itemListElement\":[{\"@type\":\"ListItem\",\"position\":1,\"name\":\"Anasayfa\",\"item\":\"https:\/\/omerfarukkorkmaz.com.tr\/tr\/\"},{\"@type\":\"ListItem\",\"position\":2,\"name\":\"\u00d6zt\u00fcrk&#8217;\u00fcn \u0130ddias\u0131 ve Kur&#8217;an&#8217;daki Seci&#8217; Sanat\u0131\"}]},{\"@type\":\"WebSite\",\"@id\":\"https:\/\/omerfarukkorkmaz.com.tr\/tr\/#website\",\"url\":\"https:\/\/omerfarukkorkmaz.com.tr\/tr\/\",\"name\":\"\u00d6mer Faruk Korkmaz Hocaefendi\",\"description\":\"Resmi Web Sayfas\u0131\",\"publisher\":{\"@id\":\"https:\/\/omerfarukkorkmaz.com.tr\/tr\/#\/schema\/person\/7efd65277de8b9dc0520ec210e387854\"},\"potentialAction\":[{\"@type\":\"SearchAction\",\"target\":{\"@type\":\"EntryPoint\",\"urlTemplate\":\"https:\/\/omerfarukkorkmaz.com.tr\/tr\/?s={search_term_string}\"},\"query-input\":\"required name=search_term_string\"}],\"inLanguage\":\"tr\"},{\"@type\":[\"Person\",\"Organization\"],\"@id\":\"https:\/\/omerfarukkorkmaz.com.tr\/tr\/#\/schema\/person\/7efd65277de8b9dc0520ec210e387854\",\"name\":\"\u00d6mer Faruk Korkmaz\",\"image\":{\"@type\":\"ImageObject\",\"inLanguage\":\"tr\",\"@id\":\"https:\/\/omerfarukkorkmaz.com.tr\/tr\/#\/schema\/person\/image\/\",\"url\":\"https:\/\/omerfarukkorkmaz.com.tr\/tr\/wp-content\/uploads\/2020\/12\/cropped-nkl-2.png\",\"contentUrl\":\"https:\/\/omerfarukkorkmaz.com.tr\/tr\/wp-content\/uploads\/2020\/12\/cropped-nkl-2.png\",\"width\":512,\"height\":512,\"caption\":\"\u00d6mer Faruk Korkmaz\"},\"logo\":{\"@id\":\"https:\/\/omerfarukkorkmaz.com.tr\/tr\/#\/schema\/person\/image\/\"},\"url\":\"https:\/\/omerfarukkorkmaz.com.tr\/tr\/author\/ofkorkmaz\/\"}]}<\/script>\n<!-- \/ Yoast SEO plugin. -->","yoast_head_json":{"title":"\u00d6zt\u00fcrk'\u00fcn \u0130ddias\u0131 ve Kur'an'daki Seci' Sanat\u0131 - \u00d6mer Faruk Korkmaz Hocaefendi","robots":{"index":"index","follow":"follow","max-snippet":"max-snippet:-1","max-image-preview":"max-image-preview:large","max-video-preview":"max-video-preview:-1"},"canonical":"https:\/\/omerfarukkorkmaz.com.tr\/tr\/ozturkun-iddiasi-ve-kurandaki-seci-sanati\/","og_locale":"tr_TR","og_type":"article","og_title":"\u00d6zt\u00fcrk'\u00fcn \u0130ddias\u0131 ve Kur'an'daki Seci' Sanat\u0131 - \u00d6mer Faruk Korkmaz Hocaefendi","og_description":"G\u00f6r\u00fcnen o ki \u00d6zt\u00fcrk, Kur\u2019an\u2019da seci\u2018 sanat\u0131n\u0131n yer al\u0131yor olmas\u0131n\u0131 da kelamullah ad\u0131na bir kusur olarak telakki etmektedir. Oysa bela\u011fat kitaplar\u0131m\u0131zda bu sanat muhassin\u00e2t-\u0131 lafziyyeden yani laf\u0131z olarak c\u00fcmleyi g\u00fczelle\u015ftiren unsurlardan biri olarak zikredilmektedir. Seci\u2018 tan\u0131m olarak \u201cD\u00fcz yaz\u0131larda fas\u0131lalar\u0131n ayn\u0131 harf \u00fczerine birbirine uyum sa\u011flamas\u0131\u201d \u015feklinde tarif edilmektedir.[1] Bu sebeple es-Sekk\u00e2k\u00ee, \u201cNesirde\/d\u00fcz yaz\u0131da seci\u2018, [&hellip;]","og_url":"https:\/\/omerfarukkorkmaz.com.tr\/tr\/ozturkun-iddiasi-ve-kurandaki-seci-sanati\/","og_site_name":"\u00d6mer Faruk Korkmaz Hocaefendi","article_published_time":"2020-12-19T20:38:41+00:00","og_image":[{"width":1065,"height":576,"url":"https:\/\/omerfarukkorkmaz.com.tr\/tr\/wp-content\/uploads\/2020\/12\/maxresdefault-1-1-e1608410272470.jpg","type":"image\/jpeg"}],"author":"\u00d6mer Faruk Korkmaz","twitter_card":"summary_large_image","twitter_misc":{"Yazan:":"\u00d6mer Faruk Korkmaz","Tahmini okuma s\u00fcresi":"2 dakika"},"schema":{"@context":"https:\/\/schema.org","@graph":[{"@type":"Article","@id":"https:\/\/omerfarukkorkmaz.com.tr\/tr\/ozturkun-iddiasi-ve-kurandaki-seci-sanati\/#article","isPartOf":{"@id":"https:\/\/omerfarukkorkmaz.com.tr\/tr\/ozturkun-iddiasi-ve-kurandaki-seci-sanati\/"},"author":{"name":"\u00d6mer Faruk Korkmaz","@id":"https:\/\/omerfarukkorkmaz.com.tr\/tr\/#\/schema\/person\/7efd65277de8b9dc0520ec210e387854"},"headline":"\u00d6zt\u00fcrk&#8217;\u00fcn \u0130ddias\u0131 ve Kur&#8217;an&#8217;daki Seci&#8217; Sanat\u0131","datePublished":"2020-12-19T20:38:41+00:00","dateModified":"2020-12-19T20:38:41+00:00","mainEntityOfPage":{"@id":"https:\/\/omerfarukkorkmaz.com.tr\/tr\/ozturkun-iddiasi-ve-kurandaki-seci-sanati\/"},"wordCount":337,"commentCount":0,"publisher":{"@id":"https:\/\/omerfarukkorkmaz.com.tr\/tr\/#\/schema\/person\/7efd65277de8b9dc0520ec210e387854"},"image":{"@id":"https:\/\/omerfarukkorkmaz.com.tr\/tr\/ozturkun-iddiasi-ve-kurandaki-seci-sanati\/#primaryimage"},"thumbnailUrl":"https:\/\/omerfarukkorkmaz.com.tr\/tr\/wp-content\/uploads\/2020\/12\/maxresdefault-1-1-e1608410272470.jpg","keywords":["Evrensellik","mustafa \u00f6zt\u00fcrk","tarihselcilik","vahiy"],"articleSection":["G\u00fcndeme Dair","Modernizm"],"inLanguage":"tr","potentialAction":[{"@type":"CommentAction","name":"Comment","target":["https:\/\/omerfarukkorkmaz.com.tr\/tr\/ozturkun-iddiasi-ve-kurandaki-seci-sanati\/#respond"]}]},{"@type":"WebPage","@id":"https:\/\/omerfarukkorkmaz.com.tr\/tr\/ozturkun-iddiasi-ve-kurandaki-seci-sanati\/","url":"https:\/\/omerfarukkorkmaz.com.tr\/tr\/ozturkun-iddiasi-ve-kurandaki-seci-sanati\/","name":"\u00d6zt\u00fcrk'\u00fcn \u0130ddias\u0131 ve Kur'an'daki Seci' Sanat\u0131 - \u00d6mer Faruk Korkmaz Hocaefendi","isPartOf":{"@id":"https:\/\/omerfarukkorkmaz.com.tr\/tr\/#website"},"primaryImageOfPage":{"@id":"https:\/\/omerfarukkorkmaz.com.tr\/tr\/ozturkun-iddiasi-ve-kurandaki-seci-sanati\/#primaryimage"},"image":{"@id":"https:\/\/omerfarukkorkmaz.com.tr\/tr\/ozturkun-iddiasi-ve-kurandaki-seci-sanati\/#primaryimage"},"thumbnailUrl":"https:\/\/omerfarukkorkmaz.com.tr\/tr\/wp-content\/uploads\/2020\/12\/maxresdefault-1-1-e1608410272470.jpg","datePublished":"2020-12-19T20:38:41+00:00","dateModified":"2020-12-19T20:38:41+00:00","breadcrumb":{"@id":"https:\/\/omerfarukkorkmaz.com.tr\/tr\/ozturkun-iddiasi-ve-kurandaki-seci-sanati\/#breadcrumb"},"inLanguage":"tr","potentialAction":[{"@type":"ReadAction","target":["https:\/\/omerfarukkorkmaz.com.tr\/tr\/ozturkun-iddiasi-ve-kurandaki-seci-sanati\/"]}]},{"@type":"ImageObject","inLanguage":"tr","@id":"https:\/\/omerfarukkorkmaz.com.tr\/tr\/ozturkun-iddiasi-ve-kurandaki-seci-sanati\/#primaryimage","url":"https:\/\/omerfarukkorkmaz.com.tr\/tr\/wp-content\/uploads\/2020\/12\/maxresdefault-1-1-e1608410272470.jpg","contentUrl":"https:\/\/omerfarukkorkmaz.com.tr\/tr\/wp-content\/uploads\/2020\/12\/maxresdefault-1-1-e1608410272470.jpg","width":1065,"height":576},{"@type":"BreadcrumbList","@id":"https:\/\/omerfarukkorkmaz.com.tr\/tr\/ozturkun-iddiasi-ve-kurandaki-seci-sanati\/#breadcrumb","itemListElement":[{"@type":"ListItem","position":1,"name":"Anasayfa","item":"https:\/\/omerfarukkorkmaz.com.tr\/tr\/"},{"@type":"ListItem","position":2,"name":"\u00d6zt\u00fcrk&#8217;\u00fcn \u0130ddias\u0131 ve Kur&#8217;an&#8217;daki Seci&#8217; Sanat\u0131"}]},{"@type":"WebSite","@id":"https:\/\/omerfarukkorkmaz.com.tr\/tr\/#website","url":"https:\/\/omerfarukkorkmaz.com.tr\/tr\/","name":"\u00d6mer Faruk Korkmaz Hocaefendi","description":"Resmi Web Sayfas\u0131","publisher":{"@id":"https:\/\/omerfarukkorkmaz.com.tr\/tr\/#\/schema\/person\/7efd65277de8b9dc0520ec210e387854"},"potentialAction":[{"@type":"SearchAction","target":{"@type":"EntryPoint","urlTemplate":"https:\/\/omerfarukkorkmaz.com.tr\/tr\/?s={search_term_string}"},"query-input":"required name=search_term_string"}],"inLanguage":"tr"},{"@type":["Person","Organization"],"@id":"https:\/\/omerfarukkorkmaz.com.tr\/tr\/#\/schema\/person\/7efd65277de8b9dc0520ec210e387854","name":"\u00d6mer Faruk Korkmaz","image":{"@type":"ImageObject","inLanguage":"tr","@id":"https:\/\/omerfarukkorkmaz.com.tr\/tr\/#\/schema\/person\/image\/","url":"https:\/\/omerfarukkorkmaz.com.tr\/tr\/wp-content\/uploads\/2020\/12\/cropped-nkl-2.png","contentUrl":"https:\/\/omerfarukkorkmaz.com.tr\/tr\/wp-content\/uploads\/2020\/12\/cropped-nkl-2.png","width":512,"height":512,"caption":"\u00d6mer Faruk Korkmaz"},"logo":{"@id":"https:\/\/omerfarukkorkmaz.com.tr\/tr\/#\/schema\/person\/image\/"},"url":"https:\/\/omerfarukkorkmaz.com.tr\/tr\/author\/ofkorkmaz\/"}]}},"_links":{"self":[{"href":"https:\/\/omerfarukkorkmaz.com.tr\/tr\/wp-json\/wp\/v2\/posts\/816","targetHints":{"allow":["GET"]}}],"collection":[{"href":"https:\/\/omerfarukkorkmaz.com.tr\/tr\/wp-json\/wp\/v2\/posts"}],"about":[{"href":"https:\/\/omerfarukkorkmaz.com.tr\/tr\/wp-json\/wp\/v2\/types\/post"}],"author":[{"embeddable":true,"href":"https:\/\/omerfarukkorkmaz.com.tr\/tr\/wp-json\/wp\/v2\/users\/3"}],"replies":[{"embeddable":true,"href":"https:\/\/omerfarukkorkmaz.com.tr\/tr\/wp-json\/wp\/v2\/comments?post=816"}],"version-history":[{"count":0,"href":"https:\/\/omerfarukkorkmaz.com.tr\/tr\/wp-json\/wp\/v2\/posts\/816\/revisions"}],"wp:featuredmedia":[{"embeddable":true,"href":"https:\/\/omerfarukkorkmaz.com.tr\/tr\/wp-json\/wp\/v2\/media\/818"}],"wp:attachment":[{"href":"https:\/\/omerfarukkorkmaz.com.tr\/tr\/wp-json\/wp\/v2\/media?parent=816"}],"wp:term":[{"taxonomy":"category","embeddable":true,"href":"https:\/\/omerfarukkorkmaz.com.tr\/tr\/wp-json\/wp\/v2\/categories?post=816"},{"taxonomy":"post_tag","embeddable":true,"href":"https:\/\/omerfarukkorkmaz.com.tr\/tr\/wp-json\/wp\/v2\/tags?post=816"}],"curies":[{"name":"wp","href":"https:\/\/api.w.org\/{rel}","templated":true}]}}