{"id":743,"date":"2020-12-08T13:10:05","date_gmt":"2020-12-08T13:10:05","guid":{"rendered":"http:\/\/www.omerfarukkorkmaz.com.tr\/?p=743"},"modified":"2020-12-08T13:10:05","modified_gmt":"2020-12-08T13:10:05","slug":"ummul-kura-ve-etrafi-ne-demek","status":"publish","type":"post","link":"https:\/\/omerfarukkorkmaz.com.tr\/tr\/ummul-kura-ve-etrafi-ne-demek\/","title":{"rendered":"Ummu\u2019l-Kur\u00e2 Ve Etr\u00e2f\u0131 Ne Demek?"},"content":{"rendered":"<p>\u00d6zt\u00fcrk\u2019\u00fcn, Kur\u2019an\u2019\u0131 tarihsel bir hitap k\u0131labilmek i\u00e7in \u00e7ald\u0131\u011f\u0131 bir ba\u015fka kap\u0131 da, bir tak\u0131m ayetlerde Kur\u2019an\u2019\u0131n Allah Resul\u00fc \ufdfa\u2019ne \u00fcmmu\u2019l-kur\u00e2 olarak nitelenen Mekke ve etraf\u0131ndaki insanlar\u0131 uyarmas\u0131 i\u00e7in inzal edildi\u011fini beyan buyuran ayetlerdir. \u00d6zt\u00fcrk, bu ayetlerde ifade edilen Mekke\u2019nin etraf\u0131n\u0131n, co\u011frafik olarak Mekke\u2019nin \u00e7evresi \u015feklinde tavsif edilebilecek beldelerden ibaret oldu\u011funu, buna t\u00fcm d\u00fcnya \u015feklinde bir mana vermenin son derece romantik oldu\u011funu iddia etmektedir. \u015e\u00f6yle diyor \u00d6zt\u00fcrk:<\/p>\n<p><em>\u201c(\u2026)\u00d6te yandan Hz. Peygamber&#8217;in genelde Arap toplumunu \u00f6zelde de Kurey\u015f kabilesini, di\u011fer bir deyi\u015fle Mekke ve \u00e7evresinde ya\u015fayan m\u00fc\u015frik Araplar\u0131 uyarmas\u0131 i\u00e7in g\u00f6nderildi\u011fini bildiren ayetler Kur&#8217;an&#8217;\u0131n hitab\u0131n\u0131n tarihsel ve yerel olu\u015funu g\u00f6sterir. (\u2026)Kanaatimizce \u00e7o\u011fu zaman hesab\u0131 verilmeden savunulan evrensellik s\u00f6ylemi ger\u00e7ekte slogan d\u00fczeyinde bir s\u00f6ylemden ibaret olup sahici bir de\u011fer i\u00e7ermemektedir.\u00a0 Kald\u0131 ki bu s\u00f6ylem, daha \u00f6nce de ifade edildi\u011fi \u00fczere, Kur&#8217;an&#8217;\u0131n sarih beyanlar\u0131na ayk\u0131r\u0131d\u0131r. \u00c7\u00fcnk\u00fc 6\/En&#8217;\u00e2m 92, 367 Y\u00e2sin 6 ve 42\/\u015e\u00fbr\u00e2 7. ayetlerde Kur&#8217;an&#8217;\u0131n Hz. Peygamber&#8217;e Kurey\u015f&#8217;i, Mekke ve \u00e7evresinde ya\u015fayan m\u00fc\u015frik Araplar\u0131 uyarmak i\u00e7in g\u00f6nderildi\u011fi bildirilmektedir.\u201d<a href=\"#_ftn1\" name=\"_ftnref1\"><strong>[1]<\/strong><\/a><\/em><\/p>\n<p>Bu iddialara red mahiyetinde s\u00f6yleyeceklerimizi s\u0131ralayal\u0131m \u015fimdi de:<\/p>\n<ol>\n<li>Bu gibi ayetlerde yer alan m\u00fc\u015fahhas vurgular\u0131n hikmeti \u00fczerinde ara\u015ft\u0131rma yap\u0131p kafa yormak gerekirken \u00d6zt\u00fcrk, ayette ge\u00e7en \u201cMekke ve etraf\u0131\u201d ifadesinden tarihselcili\u011fe yol aramaktad\u0131r. Oysa ayet-i kerimede hususen Mekke ve etraf\u0131na dikkat \u00e7ekilmesinin sebebi Kur\u2019an\u2019\u0131n haddi zat\u0131ndaki evrensel mesaj\u0131n\u0131 zarif bir \u00fcslupla dile getirmektir. Nitekim, m\u00fcfessirlerin de dikkat \u00e7ekti\u011fi \u00fczere yery\u00fcz\u00fcn\u00fc bir aile olarak d\u00fc\u015f\u00fcnd\u00fc\u011f\u00fcm\u00fczde anne makam\u0131ndaki \u015fehrin Mekke olmas\u0131 ve geriye kalan beldelerin ise onun yavrusu mesabesinde olmas\u0131<a href=\"#_ftn2\" name=\"_ftnref2\">[2]<\/a> s\u00f6z konusudur. Zira, d\u00fcnyadaki t\u00fcm m\u00fcminleri namazlar\u0131nda k\u0131ble g\u00e2h olma ve hac farizas\u0131nda topyekun cem etme<a href=\"#_ftn3\" name=\"_ftnref3\">[3]<\/a> meziyetine sahip olan bir ba\u015fka belde yoktur. Cenab-\u0131 Hak, yery\u00fcz\u00fc ailesine g\u00f6nderilen bu kitab\u0131n ilk muhataplar\u0131 olan ve sair beldelere nispetle anne makam\u0131nda olan Mekke ve ahalisini zikrederek tebli\u011fin oradan d\u00fcnyadaki t\u00fcm yavru beldelere yay\u0131ld\u0131\u011f\u0131n\u0131 anlatmaktad\u0131r. Bu zarif noktay\u0131 es ge\u00e7erek ayetin vurgusunun sadece arap yar\u0131m adas\u0131yla s\u0131n\u0131rl\u0131 oldu\u011funu s\u00f6ylemek nas\u0131l bir manip\u00fclasyondur?<\/li>\n<li>Bir ba\u015fka tefsire g\u00f6re, ayette \u00f6ncelikle Mekke\u2019nin zikredilerek sonra di\u011fer beldelerin an\u0131lmas\u0131, yery\u00fcz\u00fcn\u00fcn d\u00f6\u015fenmesinin yarat\u0131l\u0131\u015f itibar\u0131yla Mekke\u2019den yay\u0131ld\u0131\u011f\u0131na dikkat \u00e7ekmek i\u00e7indir.<a href=\"#_ftn4\" name=\"_ftnref4\">[4]<\/a> Bu ayet sadedinde neredeyse t\u00fcm tefsirler bu tevili zikretmekteyken, lehine g\u00f6rd\u00fc\u011f\u00fc hususlarda olmayan ittifak\u0131 bile m\u00fcfessirlere mal ederek aktarabilen \u00d6zt\u00fcrk, tefsircilerin bu tevilini neden g\u00f6rmezden gelmi\u015ftir? Bu tutumun ilim pe\u015finde olmakla izah edilebilecek bir yan\u0131 var m\u0131d\u0131r?<\/li>\n<li>Kur\u2019an-\u0131 Kerim\u2019in \u00fcslubunun bir gere\u011fi olarak belli ayetlerde sadece muayyen ve m\u00fc\u015fahhas vurgularda bulunmas\u0131n\u0131n her zaman a\u00e7\u0131s\u0131ndan genelli\u011fe ayk\u0131r\u0131 olmad\u0131\u011f\u0131 herkes taraf\u0131ndan bilinen bir hakikattir. \u00d6zt\u00fcrk\u2019\u00fcn kurdu\u011fu mant\u0131k \u00fczerinden gitti\u011fimizde, Allah Resul\u00fc \ufdfa\u2019n\u00fcn, \u00e7evre \u015fehirler \u015f\u00f6yle dursun sadece Mekke halk\u0131na g\u00f6nderildi\u011fini dolay\u0131s\u0131yla Kur\u2019an\u2019\u0131n da mahza onlar\u0131 uyarmak i\u00e7in indi\u011fini s\u00f6ylememiz gerekecektir. Zira Cuma s\u00fcresinin 2. \u00e2yetinde \u00fcmm\u00eelere i\u00e7lerinden, kendilerine \u00e2yetlerini okuyan, onlar\u0131 temizleyen, onlara Kitab&#8217;\u0131 ve hikmeti \u00f6\u011freten bir peygamberin g\u00f6nderildi\u011fi ifade buyrulmaktad\u0131r. Araplara \u00fcmm\u00fcl kuraya mensup olduklar\u0131 i\u00e7in \u00fcmm\u00ee dendi\u011fini hepimiz biliyoruz.<a href=\"#_ftn5\" name=\"_ftnref5\">[5]<\/a> O halde bu ayet-i celile Efendimiz \ufdfa\u2019in sadece araplara g\u00f6nerildi\u011fi \u00fczerine vurgu yapmaktad\u0131r. Peki, bu kadar\u0131 Efendimiz \ufdfa\u2019in t\u00fcm insanl\u0131\u011f\u0131 k\u0131yamete dek uyarmak i\u00e7in g\u00f6nderildi\u011fi hakikatini perdelemek i\u00e7in yeterli midir? Elbette de\u011fildir. Nitekim yukar\u0131da zikretti\u011fimiz ayet i\u00e7inde bulunan \u201cbaase fi\u2019l-\u00fcmmiyy\u00eene\u201d ifadesi bir ba\u015fka ayet-i celilede t\u00fcm m\u00fcminleri i\u00e7ine alarak \u201cbaase f\u00eehim\u201d \u015feklinde kar\u015f\u0131m\u0131za \u00e7\u0131kmaktad\u0131r. \u0130lgili ayet \u015f\u00f6yledir: \u201c<em>Andolsun ki i\u00e7lerinden, kendilerine Allah&#8217;\u0131n \u00e2yetlerini okuyan, (k\u00f6t\u00fcl\u00fcklerden ve ink\u00e2rdan) kendilerini temizleyen, kendilerine Kitap ve hikmeti \u00f6\u011freten bir Peygamber g\u00f6ndermekle Allah, m\u00fcminlere b\u00fcy\u00fck bir l\u00fctufta bulunmu\u015ftur.\u201d<a href=\"#_ftn6\" name=\"_ftnref6\"><strong>[6]<\/strong><\/a><\/em> \u00d6yleyse, bir ayet-i celilede \u00fcmmilere g\u00f6nderildi\u011fi vurgusu yap\u0131lan Efendimiz \ufdfa\u2019in di\u011fer ayet-i celilede t\u00fcm m\u00fcminlere g\u00f6nderildi\u011finin ifade edilmesi gibi \u00d6zt\u00fcrk\u2019\u00fcn bahsini yapt\u0131\u011f\u0131 ayette Mekke ve etraf\u0131ndakileri uyarmas\u0131 i\u00e7in g\u00f6nderildi\u011fi ifade edilen Kur\u2019an\u2019\u0131n, ba\u015fka ayetlerde t\u00fcm insanl\u0131\u011fa bir uyar\u0131 olarak g\u00f6nderildi\u011fi sabittir. M\u00fcfessirler tam da bu noktada mevzubahis ayeti ittifakla, do\u011fudan bat\u0131ya Mekke d\u0131\u015f\u0131ndaki t\u00fcm beldelerde ya\u015fayan insanlar olarak tefsir etmi\u015ftir.<a href=\"#_ftn7\" name=\"_ftnref7\">[7]<\/a> Burada Kur\u2019an\u2019\u0131n belli hikmetlere binaen yapt\u0131\u011f\u0131 m\u00fc\u015fahhas vurguyu manip\u00fcle ederek ayetlerden tarihsellik ve yerelli\u011fe kap\u0131 aralamaya \u00e7al\u0131\u015fmak en hafif tabirle hainliktir.<\/li>\n<li>Yukar\u0131da zikir kelimesinin \u201c\u015feref\u201d manas\u0131na geldi\u011fini m\u00fcfessirlerden naklederek olmayan bir ittifak\u0131 varm\u0131\u015f gibi g\u00f6steren \u00d6zt\u00fcrk bu ayet-i kerimede ise ayn\u0131 m\u00fcfessirlerin ne dedi\u011fine; ayeti nas\u0131l hi\u00e7 tefsir ettiklerine hi\u00e7 bakmam\u0131\u015ft\u0131r. Zira \u0130bn Abb\u00e2s<a href=\"#_ftn8\" name=\"_ftnref8\">[8]<\/a> ve Dahhak<a href=\"#_ftn9\" name=\"_ftnref9\">[9]<\/a> gibileri bu ayet-i kerimedeki \u201cve men havleh\u00e2\u201d ifadesiyle t\u00fcm d\u00fcnya beldelerinin kastedildi\u011fini a\u00e7\u0131k bir \u015fekilde s\u00f6ylemekteyken o bu tefsiri hangi k\u0131staslara g\u00f6re son derece romantik bulmaktad\u0131r? Oysa ayn\u0131 m\u00fcfessirlerin kendisine yarar g\u00f6rd\u00fc\u011f\u00fc tefsirlerini hemen mesnet ittihaz ederek nakleden de kendisidir. Bu durum da \u00d6zt\u00fcrk\u2019\u00fcn ne denli gayr-\u0131 ilm\u00ee ve gayr-\u0131 ciddi bir tutum i\u00e7inde oldu\u011funun ayr\u0131 bir ispat\u0131d\u0131r.<\/li>\n<li>Her seferinde \u0130slam tefsir m\u00fcktesebat\u0131n\u0131n ciddi anlamda israiliyy\u00e2ttan etkilendi\u011fi slogan\u0131na m\u00fcracaat eden \u00d6zt\u00fcrk gibileri, bu ayet-i kerime \u00fczerinden tam bir \u0130sr\u00e2\u00eel\u00ee duru\u015f sergilemektedirler. Daha a\u00e7\u0131k bir ifadeyle, ayetteki \u201cMekke ve etraf\u0131\u201d ifadesini arap yar\u0131madas\u0131na tahsis eden \u00d6zt\u00fcrk, bu g\u00f6r\u00fc\u015f\u00fcyle tam da Yahudilerin savundu\u011fu iddiay\u0131 savunmakta ve onlar\u0131n ama\u00e7lar\u0131na hizmet etmi\u015f olmaktad\u0131r. Nitekim, Yahudiler bu ayetle birlikte Hz. Peygamber \ufdfa\u2019in sadece arap yar\u0131madas\u0131na g\u00f6nderilen bir peygamber oldu\u011funu iddia etmi\u015flerdir.<a href=\"#_ftn10\" name=\"_ftnref10\">[10]<\/a><\/li>\n<li>Kur\u2019an\u2019\u0131n her \u00f6zel vurgusuna \u00d6zt\u00fcrk gibi yakla\u015ft\u0131\u011f\u0131m\u0131zda bir\u00e7ok ayetle ilgili son derece garip manaland\u0131rmalarla kar\u015f\u0131la\u015faca\u011f\u0131m\u0131z gibi ayetler aras\u0131ndaki b\u00fct\u00fcnl\u00fc\u011f\u00fc de ciddi anlamda zarar gelece\u011fi bedihi bir hakikattir. Mesela, ayetle ilgili \u00d6zt\u00fcrk\u2019\u00fcn telakkisini kabul ederek Kur\u2019an\u2019\u0131n m\u00fcnhas\u0131ran Mekke ve \u00e7evresinde kalan beldelere nazil oldu\u011funu kabul etti\u011fimizde ayetin devam\u0131nda gelen \u201cAhirete inanan kimseler ona inan\u0131rlar\u201d \u015feklindeki hususi ifadeden di\u011fer iman esaslar\u0131na inanman\u0131n laz\u0131m gelmedi\u011fini anlayabilecek miyiz? Bir ba\u015fka sual olarak, madem ahirete iman edenler Kur\u2019an\u2019a da iman ederler \u00f6yleyse neden ahiret inan\u00e7lar\u0131 olan Yahudi ve Hristiyanlar bu kitaba inanmad\u0131lar sorusunu mu soraca\u011f\u0131z? Bu sorular\u0131 sormam\u0131za engel olan d\u00fc\u015f\u00fcnsel zemin neden ayetin \u00f6ncesindeki ifadeleri hususi olarak ele almam\u0131z\u0131 sa\u011flamaktad\u0131r? Bu sorunun taassup ve \u00f6n yarg\u0131yla h\u00fckme varma e\u011filiminden ba\u015fka bir cevab\u0131 var m\u0131d\u0131r?<\/li>\n<li>T\u00fcm bunlara ra\u011fmen bir an i\u00e7in durup \u00d6zt\u00fcrk\u2019\u00fcn bu ayete verdi\u011fi manan\u0131n do\u011fru oldu\u011funu ve buna g\u00f6re Kur\u2019an\u2019\u0131n ger\u00e7ekten de o y\u00f6redeki insanlara indi\u011fini kabul edelim. Peki, b\u00f6ylesi bir kabul konu sadedinde kalan di\u011fer ayet-i kerimelere uygun olacak m\u0131d\u0131r? Mesela, b\u00f6yle bir kabulle yola \u00e7\u0131kt\u0131\u011f\u0131m\u0131zda <em>\u201cDe ki: Ey insanlar! Ger\u00e7ekten ben sizin hepinize, g\u00f6klerin ve yerin sahibi olan Allah&#8217;\u0131n el\u00e7isiyim\u201d<\/em><a href=\"#_ftn11\" name=\"_ftnref11\">[11]<\/a>, <em>\u201cBu Kur&#8217;an bana, kendisiyle sizi ve ula\u015ft\u0131\u011f\u0131 herkesi uyarmam i\u00e7in vahyolundu\u201d<\/em> <a href=\"#_ftn12\" name=\"_ftnref12\">[12]<\/a>, <em>\u201cZ\u00fcmrelerden hangisi onu ink\u00e2r ederse i\u015fte cehennem ate\u015fi onun varaca\u011f\u0131 yerdir\u201d<a href=\"#_ftn13\" name=\"_ftnref13\"><strong>[13]<\/strong><\/a>, \u201c\u00c2lemlere uyar\u0131c\u0131 olsun diye kulu Muhammed&#8217;e Furkan&#8217;\u0131 indiren, Allah, y\u00fcceler y\u00fccesidir\u201d<a href=\"#_ftn14\" name=\"_ftnref14\"><strong>[14]<\/strong><\/a>, \u201cEhl-i kitaba ve \u00fcmm\u00eelere de: &#8220;Siz de Allah&#8217;a teslim oldunuz mu?&#8221; de. E\u011fer teslim oldularsa do\u011fru yolu buldular demektir. Yok e\u011fer y\u00fcz \u00e7evirdilerse sana d\u00fc\u015fen, yaln\u0131zca duyurmakt\u0131r. Allah kullar\u0131n\u0131 \u00e7ok iyi g\u00f6rmektedir\u201d<a href=\"#_ftn15\" name=\"_ftnref15\"><strong>[15]<\/strong><\/a> <\/em>gibi ayet-i kerimeleri nas\u0131l anlayaca\u011f\u0131z? \u00d6yle ya, bir yanda sadece Mekke ve \u00e7evresine nazil oldu\u011fu bildirilen Kur\u2019an\u2019\u0131n, di\u011fer ayetlerde istisnas\u0131z t\u00fcm alemlere indirildi\u011fi bildiriliyor? Kur\u2019an\u2019da \u00e7eli\u015fki var m\u0131 diyece\u011fiz? (H\u00e2\u015f\u00e2). Bunu iddia edemeyece\u011fimize g\u00f6re bunca ayet-i kerimeyi g\u00f6rmezden gelerek ilgili ayetin \u00d6zt\u00fcrk\u2019\u00fcn anlad\u0131\u011f\u0131 manada anla\u015f\u0131lmayaca\u011f\u0131 kendili\u011finden ortaya \u00e7\u0131kmaktad\u0131r. M\u00fcfessirler daima Kur\u2019an\u2019\u0131n kendi i\u00e7indeki b\u00fct\u00fcnl\u00fc\u011f\u00fcn\u00fc koruma ad\u0131na, bir meseleyle ilgili h\u00fckme giderken yahut herhangi bir ayetin manas\u0131n\u0131 dirayetleriyle kavramaya \u00e7al\u0131\u015f\u0131rken mevzuyla ilgili t\u00fcm ayetleri de\u011ferlendirmi\u015flerdir. Modern Kur\u2019an telakkilerinin hemen tamam\u0131n\u0131n ihmal etti\u011fi bu usul\u00fcn sahih tefsir menheciyle bidat ve bat\u0131l tefsir ak\u0131mlar\u0131n\u0131n aras\u0131n\u0131 ay\u0131ran temel farika oldu\u011funu rahatl\u0131kla s\u00f6yleyebiliriz. Bu y\u00fczden \u0130bn Kesir bahsini yapt\u0131\u011f\u0131m\u0131z ayetteki \u201c\u00fcmm\u00fc\u2019l-Kur\u00e2 ve \u00e7evresi\u201d ifadesinden ni\u00e7in Kur\u2019an\u2019\u0131n yerel bir kitap oldu\u011fu manas\u0131n\u0131n anla\u015f\u0131lamayaca\u011f\u0131n\u0131 yukar\u0131da zikri ge\u00e7en ayetleri gerek\u00e7e g\u00f6stererek izah etmektedir.<a href=\"#_ftn16\" name=\"_ftnref16\">[16]<\/a><\/li>\n<\/ol>\n<hr \/>\n<p><a href=\"#_ftnref1\" name=\"_ftn1\">[1]<\/a> Nustafa \u00d6zt\u00fcrk, <em>Kur\u2019an ve Tefsir K\u00fclt\u00fcr\u00fcm\u00fcz<\/em>, s. 15<\/p>\n<p><a href=\"#_ftnref2\" name=\"_ftn2\">[2]<\/a> el-Bik\u00e2\u2018\u00ee, \u0130br\u00e2him b. \u00d6mer, <em>Nazmu\u2019d-D\u00fcrer f\u00ee Ten\u00e2subi\u2019l-\u00c2y\u00e2ti ve\u2019s-S\u00fcver<\/em>,\u00a0 D\u00e2ru\u2019l-Kit\u00e2bi\u2019l-\u0130sl\u00e2m\u00ee, Kahire, XVII\/249<\/p>\n<p><a href=\"#_ftnref3\" name=\"_ftn3\">[3]<\/a> Abd\u00fclkerim Yunus el-Hat\u00eeb, <em>et-Tefs\u00eeru\u2019l-Kur\u2019\u00e2n\u00ee li\u2019l-Kur\u2019\u00e2n<\/em>, Daru\u2019l-Fikri\u2019l-arab\u00ee, IV\/238<\/p>\n<p><a href=\"#_ftnref4\" name=\"_ftn4\">[4]<\/a> Taber\u00ee, <em>Cami\u2018u\u2019l-Bey\u00e2n<\/em>, XI\/531; \u0130bn Kes\u00eer, <em>Tefs\u00eeru\u2019l-Kur\u2019\u00e2ni\u2019l-Az\u00eem<\/em>, I\/102; el-Bik\u00e2\u2018\u00ee, <em>Nazmu\u2019d-D\u00fcrer<\/em>, XVII\/249; \u0130bn \u00c2dil ed-D\u0131me\u015fk\u00ee<em>, el-L\u00fcb\u00e2b f\u00ee Ul\u00fbmi\u2019l-Kit\u00e2b<\/em>, I\/500<\/p>\n<p><a href=\"#_ftnref5\" name=\"_ftn5\">[5]<\/a> Mahmud b. Ebu\u2019l-Hasen en-N\u00ees\u00e2b\u00fbr\u00ee, <em>\u00cec\u00e2zu\u2019l-Bey\u00e2n an Me\u2018\u00e2ni\u2019l-Kur\u2019\u00e2n<\/em>, Daru\u2019l-\u011earbi\u2019l-\u0130sl\u00e2m\u00ee, Beyrut, 1415, Bask\u0131: I, I\/195<\/p>\n<p><a href=\"#_ftnref6\" name=\"_ftn6\">[6]<\/a> \u00c2l-i \u0130mr\u00e2n, 164<\/p>\n<p><a href=\"#_ftnref7\" name=\"_ftn7\">[7]<\/a> \u0130bn \u00c2dil ed-D\u0131me\u015fk\u00ee, Ebu Hafs Sir\u00e2cuddin \u00d6mer, <em>el-L\u00fcb\u00e2b f\u00ee Ul\u00fbmi\u2019l-Kit\u00e2b<\/em>, Daru\u2019l-K\u00fct\u00fcbi\u2019l-\u0130lmiyye, Beyrut-L\u00fcbnan, 1419, Bask\u0131: I, VIII\/285<\/p>\n<p><a href=\"#_ftnref8\" name=\"_ftn8\">[8]<\/a> \u0130bn Cer\u00eer et-Taber\u00ee, <em>C\u00e2mi\u2018u\u2019l-Bey\u00e2n<\/em>,\u00a0 XI\/530<\/p>\n<p><a href=\"#_ftnref9\" name=\"_ftn9\">[9]<\/a> \u0130bn Eb\u00ee Hatim er-R\u00e2z\u00ee, Ebu Muhammed Abdurrahman b. Muhammed, <em>Tefs\u00eeru\u2019l-Kur\u2019\u00e2ni\u2019l-Az\u00eem<\/em>, Mektebetu Nezz\u00e2r Mustafa el-B\u00e2z, 1419, Bask\u0131: III, IV\/1345<\/p>\n<p><a href=\"#_ftnref10\" name=\"_ftn10\">[10]<\/a> Niz\u00e2muddin en-N\u00ees\u00e2b\u00fbr\u00ee, <em>\u011ear\u00e2ibu\u2019l-Kur\u2019\u00e2n ve re\u011f\u00e2ibu\u2019l-Furk\u00e2n<\/em>, III\/120<\/p>\n<p><a href=\"#_ftnref11\" name=\"_ftn11\">[11]<\/a> A\u2018r\u00e2f, 158<\/p>\n<p><a href=\"#_ftnref12\" name=\"_ftn12\">[12]<\/a> En\u2018\u00e2m, 19<\/p>\n<p><a href=\"#_ftnref13\" name=\"_ftn13\">[13]<\/a> H\u00fbd, 17<\/p>\n<p><a href=\"#_ftnref14\" name=\"_ftn14\">[14]<\/a> Furkan, 1<\/p>\n<p><a href=\"#_ftnref15\" name=\"_ftn15\">[15]<\/a> \u00c2l-i \u0130mr\u00e2n, 20<\/p>\n<p><a href=\"#_ftnref16\" name=\"_ftn16\">[16]<\/a> \u0130bn Kesir, <em>Tefs\u00eeru\u2019l-Kur\u2019\u00e2ni\u2019l-Az\u00eem<\/em>, 3\/301<\/p>\n","protected":false},"excerpt":{"rendered":"<p>\u00d6zt\u00fcrk\u2019\u00fcn, Kur\u2019an\u2019\u0131 tarihsel bir hitap k\u0131labilmek i\u00e7in \u00e7ald\u0131\u011f\u0131 bir ba\u015fka kap\u0131 da, bir tak\u0131m ayetlerde Kur\u2019an\u2019\u0131n Allah Resul\u00fc \ufdfa\u2019ne \u00fcmmu\u2019l-kur\u00e2 olarak nitelenen Mekke ve etraf\u0131ndaki insanlar\u0131 uyarmas\u0131 i\u00e7in inzal edildi\u011fini beyan buyuran ayetlerdir. \u00d6zt\u00fcrk, bu ayetlerde ifade edilen Mekke\u2019nin etraf\u0131n\u0131n, co\u011frafik olarak Mekke\u2019nin \u00e7evresi \u015feklinde tavsif edilebilecek beldelerden ibaret oldu\u011funu, buna t\u00fcm d\u00fcnya \u015feklinde bir [&hellip;]<\/p>\n","protected":false},"author":3,"featured_media":744,"comment_status":"open","ping_status":"open","sticky":false,"template":"","format":"standard","meta":{"content-type":"","_monsterinsights_skip_tracking":false,"_monsterinsights_sitenote_active":false,"_monsterinsights_sitenote_note":"","_monsterinsights_sitenote_category":0,"footnotes":""},"categories":[2],"tags":[192,401,443,491,643,679,689],"class_list":{"0":"post-743","1":"post","2":"type-post","3":"status-publish","4":"format-standard","5":"has-post-thumbnail","7":"category-gundeme-dair","8":"tag-evrensellik","9":"tag-kuran","10":"tag-mekke","11":"tag-mustafa-ozturk","12":"tag-tarihselcilik","13":"tag-ummul-kura","14":"tag-vahiy"},"yoast_head":"<!-- This site is optimized with the Yoast SEO plugin v23.2 - https:\/\/yoast.com\/wordpress\/plugins\/seo\/ -->\n<title>Ummu\u2019l-Kur\u00e2 Ve Etr\u00e2f\u0131 Ne Demek? - \u00d6mer Faruk Korkmaz Hocaefendi<\/title>\n<meta name=\"robots\" content=\"index, follow, max-snippet:-1, max-image-preview:large, max-video-preview:-1\" \/>\n<link rel=\"canonical\" href=\"https:\/\/omerfarukkorkmaz.com.tr\/tr\/ummul-kura-ve-etrafi-ne-demek\/\" \/>\n<meta property=\"og:locale\" content=\"tr_TR\" \/>\n<meta property=\"og:type\" content=\"article\" \/>\n<meta property=\"og:title\" content=\"Ummu\u2019l-Kur\u00e2 Ve Etr\u00e2f\u0131 Ne Demek? - \u00d6mer Faruk Korkmaz Hocaefendi\" \/>\n<meta property=\"og:description\" content=\"\u00d6zt\u00fcrk\u2019\u00fcn, Kur\u2019an\u2019\u0131 tarihsel bir hitap k\u0131labilmek i\u00e7in \u00e7ald\u0131\u011f\u0131 bir ba\u015fka kap\u0131 da, bir tak\u0131m ayetlerde Kur\u2019an\u2019\u0131n Allah Resul\u00fc \ufdfa\u2019ne \u00fcmmu\u2019l-kur\u00e2 olarak nitelenen Mekke ve etraf\u0131ndaki insanlar\u0131 uyarmas\u0131 i\u00e7in inzal edildi\u011fini beyan buyuran ayetlerdir. \u00d6zt\u00fcrk, bu ayetlerde ifade edilen Mekke\u2019nin etraf\u0131n\u0131n, co\u011frafik olarak Mekke\u2019nin \u00e7evresi \u015feklinde tavsif edilebilecek beldelerden ibaret oldu\u011funu, buna t\u00fcm d\u00fcnya \u015feklinde bir [&hellip;]\" \/>\n<meta property=\"og:url\" content=\"https:\/\/omerfarukkorkmaz.com.tr\/tr\/ummul-kura-ve-etrafi-ne-demek\/\" \/>\n<meta property=\"og:site_name\" content=\"\u00d6mer Faruk Korkmaz Hocaefendi\" \/>\n<meta property=\"article:published_time\" content=\"2020-12-08T13:10:05+00:00\" \/>\n<meta property=\"og:image\" content=\"https:\/\/omerfarukkorkmaz.com.tr\/tr\/wp-content\/uploads\/2020\/12\/1036827573_0_13_1280_706_1000x541_80_0_0_51e6332417024e48028fcb7c99c04f71-e1607432966138.jpg\" \/>\n\t<meta property=\"og:image:width\" content=\"980\" \/>\n\t<meta property=\"og:image:height\" content=\"477\" \/>\n\t<meta property=\"og:image:type\" content=\"image\/jpeg\" \/>\n<meta name=\"author\" content=\"\u00d6mer Faruk Korkmaz\" \/>\n<meta name=\"twitter:card\" content=\"summary_large_image\" \/>\n<meta name=\"twitter:label1\" content=\"Yazan:\" \/>\n\t<meta name=\"twitter:data1\" content=\"\u00d6mer Faruk Korkmaz\" \/>\n\t<meta name=\"twitter:label2\" content=\"Tahmini okuma s\u00fcresi\" \/>\n\t<meta name=\"twitter:data2\" content=\"9 dakika\" \/>\n<script type=\"application\/ld+json\" class=\"yoast-schema-graph\">{\"@context\":\"https:\/\/schema.org\",\"@graph\":[{\"@type\":\"Article\",\"@id\":\"https:\/\/omerfarukkorkmaz.com.tr\/tr\/ummul-kura-ve-etrafi-ne-demek\/#article\",\"isPartOf\":{\"@id\":\"https:\/\/omerfarukkorkmaz.com.tr\/tr\/ummul-kura-ve-etrafi-ne-demek\/\"},\"author\":{\"name\":\"\u00d6mer Faruk Korkmaz\",\"@id\":\"https:\/\/omerfarukkorkmaz.com.tr\/tr\/#\/schema\/person\/7efd65277de8b9dc0520ec210e387854\"},\"headline\":\"Ummu\u2019l-Kur\u00e2 Ve Etr\u00e2f\u0131 Ne Demek?\",\"datePublished\":\"2020-12-08T13:10:05+00:00\",\"dateModified\":\"2020-12-08T13:10:05+00:00\",\"mainEntityOfPage\":{\"@id\":\"https:\/\/omerfarukkorkmaz.com.tr\/tr\/ummul-kura-ve-etrafi-ne-demek\/\"},\"wordCount\":1819,\"commentCount\":0,\"publisher\":{\"@id\":\"https:\/\/omerfarukkorkmaz.com.tr\/tr\/#\/schema\/person\/7efd65277de8b9dc0520ec210e387854\"},\"image\":{\"@id\":\"https:\/\/omerfarukkorkmaz.com.tr\/tr\/ummul-kura-ve-etrafi-ne-demek\/#primaryimage\"},\"thumbnailUrl\":\"https:\/\/omerfarukkorkmaz.com.tr\/tr\/wp-content\/uploads\/2020\/12\/1036827573_0_13_1280_706_1000x541_80_0_0_51e6332417024e48028fcb7c99c04f71-e1607432966138.jpg\",\"keywords\":[\"Evrensellik\",\"Kur'an\",\"Mekke\",\"mustafa \u00f6zt\u00fcrk\",\"tarihselcilik\",\"\u00dcmm\u00fcl kura\",\"vahiy\"],\"articleSection\":[\"G\u00fcndeme Dair\"],\"inLanguage\":\"tr\",\"potentialAction\":[{\"@type\":\"CommentAction\",\"name\":\"Comment\",\"target\":[\"https:\/\/omerfarukkorkmaz.com.tr\/tr\/ummul-kura-ve-etrafi-ne-demek\/#respond\"]}]},{\"@type\":\"WebPage\",\"@id\":\"https:\/\/omerfarukkorkmaz.com.tr\/tr\/ummul-kura-ve-etrafi-ne-demek\/\",\"url\":\"https:\/\/omerfarukkorkmaz.com.tr\/tr\/ummul-kura-ve-etrafi-ne-demek\/\",\"name\":\"Ummu\u2019l-Kur\u00e2 Ve Etr\u00e2f\u0131 Ne Demek? - \u00d6mer Faruk Korkmaz Hocaefendi\",\"isPartOf\":{\"@id\":\"https:\/\/omerfarukkorkmaz.com.tr\/tr\/#website\"},\"primaryImageOfPage\":{\"@id\":\"https:\/\/omerfarukkorkmaz.com.tr\/tr\/ummul-kura-ve-etrafi-ne-demek\/#primaryimage\"},\"image\":{\"@id\":\"https:\/\/omerfarukkorkmaz.com.tr\/tr\/ummul-kura-ve-etrafi-ne-demek\/#primaryimage\"},\"thumbnailUrl\":\"https:\/\/omerfarukkorkmaz.com.tr\/tr\/wp-content\/uploads\/2020\/12\/1036827573_0_13_1280_706_1000x541_80_0_0_51e6332417024e48028fcb7c99c04f71-e1607432966138.jpg\",\"datePublished\":\"2020-12-08T13:10:05+00:00\",\"dateModified\":\"2020-12-08T13:10:05+00:00\",\"breadcrumb\":{\"@id\":\"https:\/\/omerfarukkorkmaz.com.tr\/tr\/ummul-kura-ve-etrafi-ne-demek\/#breadcrumb\"},\"inLanguage\":\"tr\",\"potentialAction\":[{\"@type\":\"ReadAction\",\"target\":[\"https:\/\/omerfarukkorkmaz.com.tr\/tr\/ummul-kura-ve-etrafi-ne-demek\/\"]}]},{\"@type\":\"ImageObject\",\"inLanguage\":\"tr\",\"@id\":\"https:\/\/omerfarukkorkmaz.com.tr\/tr\/ummul-kura-ve-etrafi-ne-demek\/#primaryimage\",\"url\":\"https:\/\/omerfarukkorkmaz.com.tr\/tr\/wp-content\/uploads\/2020\/12\/1036827573_0_13_1280_706_1000x541_80_0_0_51e6332417024e48028fcb7c99c04f71-e1607432966138.jpg\",\"contentUrl\":\"https:\/\/omerfarukkorkmaz.com.tr\/tr\/wp-content\/uploads\/2020\/12\/1036827573_0_13_1280_706_1000x541_80_0_0_51e6332417024e48028fcb7c99c04f71-e1607432966138.jpg\",\"width\":980,\"height\":477},{\"@type\":\"BreadcrumbList\",\"@id\":\"https:\/\/omerfarukkorkmaz.com.tr\/tr\/ummul-kura-ve-etrafi-ne-demek\/#breadcrumb\",\"itemListElement\":[{\"@type\":\"ListItem\",\"position\":1,\"name\":\"Anasayfa\",\"item\":\"https:\/\/omerfarukkorkmaz.com.tr\/tr\/\"},{\"@type\":\"ListItem\",\"position\":2,\"name\":\"Ummu\u2019l-Kur\u00e2 Ve Etr\u00e2f\u0131 Ne Demek?\"}]},{\"@type\":\"WebSite\",\"@id\":\"https:\/\/omerfarukkorkmaz.com.tr\/tr\/#website\",\"url\":\"https:\/\/omerfarukkorkmaz.com.tr\/tr\/\",\"name\":\"\u00d6mer Faruk Korkmaz Hocaefendi\",\"description\":\"Resmi Web Sayfas\u0131\",\"publisher\":{\"@id\":\"https:\/\/omerfarukkorkmaz.com.tr\/tr\/#\/schema\/person\/7efd65277de8b9dc0520ec210e387854\"},\"potentialAction\":[{\"@type\":\"SearchAction\",\"target\":{\"@type\":\"EntryPoint\",\"urlTemplate\":\"https:\/\/omerfarukkorkmaz.com.tr\/tr\/?s={search_term_string}\"},\"query-input\":\"required name=search_term_string\"}],\"inLanguage\":\"tr\"},{\"@type\":[\"Person\",\"Organization\"],\"@id\":\"https:\/\/omerfarukkorkmaz.com.tr\/tr\/#\/schema\/person\/7efd65277de8b9dc0520ec210e387854\",\"name\":\"\u00d6mer Faruk Korkmaz\",\"image\":{\"@type\":\"ImageObject\",\"inLanguage\":\"tr\",\"@id\":\"https:\/\/omerfarukkorkmaz.com.tr\/tr\/#\/schema\/person\/image\/\",\"url\":\"https:\/\/omerfarukkorkmaz.com.tr\/tr\/wp-content\/uploads\/2020\/12\/cropped-nkl-2.png\",\"contentUrl\":\"https:\/\/omerfarukkorkmaz.com.tr\/tr\/wp-content\/uploads\/2020\/12\/cropped-nkl-2.png\",\"width\":512,\"height\":512,\"caption\":\"\u00d6mer Faruk Korkmaz\"},\"logo\":{\"@id\":\"https:\/\/omerfarukkorkmaz.com.tr\/tr\/#\/schema\/person\/image\/\"},\"url\":\"https:\/\/omerfarukkorkmaz.com.tr\/tr\/author\/ofkorkmaz\/\"}]}<\/script>\n<!-- \/ Yoast SEO plugin. -->","yoast_head_json":{"title":"Ummu\u2019l-Kur\u00e2 Ve Etr\u00e2f\u0131 Ne Demek? - \u00d6mer Faruk Korkmaz Hocaefendi","robots":{"index":"index","follow":"follow","max-snippet":"max-snippet:-1","max-image-preview":"max-image-preview:large","max-video-preview":"max-video-preview:-1"},"canonical":"https:\/\/omerfarukkorkmaz.com.tr\/tr\/ummul-kura-ve-etrafi-ne-demek\/","og_locale":"tr_TR","og_type":"article","og_title":"Ummu\u2019l-Kur\u00e2 Ve Etr\u00e2f\u0131 Ne Demek? - \u00d6mer Faruk Korkmaz Hocaefendi","og_description":"\u00d6zt\u00fcrk\u2019\u00fcn, Kur\u2019an\u2019\u0131 tarihsel bir hitap k\u0131labilmek i\u00e7in \u00e7ald\u0131\u011f\u0131 bir ba\u015fka kap\u0131 da, bir tak\u0131m ayetlerde Kur\u2019an\u2019\u0131n Allah Resul\u00fc \ufdfa\u2019ne \u00fcmmu\u2019l-kur\u00e2 olarak nitelenen Mekke ve etraf\u0131ndaki insanlar\u0131 uyarmas\u0131 i\u00e7in inzal edildi\u011fini beyan buyuran ayetlerdir. \u00d6zt\u00fcrk, bu ayetlerde ifade edilen Mekke\u2019nin etraf\u0131n\u0131n, co\u011frafik olarak Mekke\u2019nin \u00e7evresi \u015feklinde tavsif edilebilecek beldelerden ibaret oldu\u011funu, buna t\u00fcm d\u00fcnya \u015feklinde bir [&hellip;]","og_url":"https:\/\/omerfarukkorkmaz.com.tr\/tr\/ummul-kura-ve-etrafi-ne-demek\/","og_site_name":"\u00d6mer Faruk Korkmaz Hocaefendi","article_published_time":"2020-12-08T13:10:05+00:00","og_image":[{"width":980,"height":477,"url":"https:\/\/omerfarukkorkmaz.com.tr\/tr\/wp-content\/uploads\/2020\/12\/1036827573_0_13_1280_706_1000x541_80_0_0_51e6332417024e48028fcb7c99c04f71-e1607432966138.jpg","type":"image\/jpeg"}],"author":"\u00d6mer Faruk Korkmaz","twitter_card":"summary_large_image","twitter_misc":{"Yazan:":"\u00d6mer Faruk Korkmaz","Tahmini okuma s\u00fcresi":"9 dakika"},"schema":{"@context":"https:\/\/schema.org","@graph":[{"@type":"Article","@id":"https:\/\/omerfarukkorkmaz.com.tr\/tr\/ummul-kura-ve-etrafi-ne-demek\/#article","isPartOf":{"@id":"https:\/\/omerfarukkorkmaz.com.tr\/tr\/ummul-kura-ve-etrafi-ne-demek\/"},"author":{"name":"\u00d6mer Faruk Korkmaz","@id":"https:\/\/omerfarukkorkmaz.com.tr\/tr\/#\/schema\/person\/7efd65277de8b9dc0520ec210e387854"},"headline":"Ummu\u2019l-Kur\u00e2 Ve Etr\u00e2f\u0131 Ne Demek?","datePublished":"2020-12-08T13:10:05+00:00","dateModified":"2020-12-08T13:10:05+00:00","mainEntityOfPage":{"@id":"https:\/\/omerfarukkorkmaz.com.tr\/tr\/ummul-kura-ve-etrafi-ne-demek\/"},"wordCount":1819,"commentCount":0,"publisher":{"@id":"https:\/\/omerfarukkorkmaz.com.tr\/tr\/#\/schema\/person\/7efd65277de8b9dc0520ec210e387854"},"image":{"@id":"https:\/\/omerfarukkorkmaz.com.tr\/tr\/ummul-kura-ve-etrafi-ne-demek\/#primaryimage"},"thumbnailUrl":"https:\/\/omerfarukkorkmaz.com.tr\/tr\/wp-content\/uploads\/2020\/12\/1036827573_0_13_1280_706_1000x541_80_0_0_51e6332417024e48028fcb7c99c04f71-e1607432966138.jpg","keywords":["Evrensellik","Kur'an","Mekke","mustafa \u00f6zt\u00fcrk","tarihselcilik","\u00dcmm\u00fcl kura","vahiy"],"articleSection":["G\u00fcndeme Dair"],"inLanguage":"tr","potentialAction":[{"@type":"CommentAction","name":"Comment","target":["https:\/\/omerfarukkorkmaz.com.tr\/tr\/ummul-kura-ve-etrafi-ne-demek\/#respond"]}]},{"@type":"WebPage","@id":"https:\/\/omerfarukkorkmaz.com.tr\/tr\/ummul-kura-ve-etrafi-ne-demek\/","url":"https:\/\/omerfarukkorkmaz.com.tr\/tr\/ummul-kura-ve-etrafi-ne-demek\/","name":"Ummu\u2019l-Kur\u00e2 Ve Etr\u00e2f\u0131 Ne Demek? - \u00d6mer Faruk Korkmaz Hocaefendi","isPartOf":{"@id":"https:\/\/omerfarukkorkmaz.com.tr\/tr\/#website"},"primaryImageOfPage":{"@id":"https:\/\/omerfarukkorkmaz.com.tr\/tr\/ummul-kura-ve-etrafi-ne-demek\/#primaryimage"},"image":{"@id":"https:\/\/omerfarukkorkmaz.com.tr\/tr\/ummul-kura-ve-etrafi-ne-demek\/#primaryimage"},"thumbnailUrl":"https:\/\/omerfarukkorkmaz.com.tr\/tr\/wp-content\/uploads\/2020\/12\/1036827573_0_13_1280_706_1000x541_80_0_0_51e6332417024e48028fcb7c99c04f71-e1607432966138.jpg","datePublished":"2020-12-08T13:10:05+00:00","dateModified":"2020-12-08T13:10:05+00:00","breadcrumb":{"@id":"https:\/\/omerfarukkorkmaz.com.tr\/tr\/ummul-kura-ve-etrafi-ne-demek\/#breadcrumb"},"inLanguage":"tr","potentialAction":[{"@type":"ReadAction","target":["https:\/\/omerfarukkorkmaz.com.tr\/tr\/ummul-kura-ve-etrafi-ne-demek\/"]}]},{"@type":"ImageObject","inLanguage":"tr","@id":"https:\/\/omerfarukkorkmaz.com.tr\/tr\/ummul-kura-ve-etrafi-ne-demek\/#primaryimage","url":"https:\/\/omerfarukkorkmaz.com.tr\/tr\/wp-content\/uploads\/2020\/12\/1036827573_0_13_1280_706_1000x541_80_0_0_51e6332417024e48028fcb7c99c04f71-e1607432966138.jpg","contentUrl":"https:\/\/omerfarukkorkmaz.com.tr\/tr\/wp-content\/uploads\/2020\/12\/1036827573_0_13_1280_706_1000x541_80_0_0_51e6332417024e48028fcb7c99c04f71-e1607432966138.jpg","width":980,"height":477},{"@type":"BreadcrumbList","@id":"https:\/\/omerfarukkorkmaz.com.tr\/tr\/ummul-kura-ve-etrafi-ne-demek\/#breadcrumb","itemListElement":[{"@type":"ListItem","position":1,"name":"Anasayfa","item":"https:\/\/omerfarukkorkmaz.com.tr\/tr\/"},{"@type":"ListItem","position":2,"name":"Ummu\u2019l-Kur\u00e2 Ve Etr\u00e2f\u0131 Ne Demek?"}]},{"@type":"WebSite","@id":"https:\/\/omerfarukkorkmaz.com.tr\/tr\/#website","url":"https:\/\/omerfarukkorkmaz.com.tr\/tr\/","name":"\u00d6mer Faruk Korkmaz Hocaefendi","description":"Resmi Web Sayfas\u0131","publisher":{"@id":"https:\/\/omerfarukkorkmaz.com.tr\/tr\/#\/schema\/person\/7efd65277de8b9dc0520ec210e387854"},"potentialAction":[{"@type":"SearchAction","target":{"@type":"EntryPoint","urlTemplate":"https:\/\/omerfarukkorkmaz.com.tr\/tr\/?s={search_term_string}"},"query-input":"required name=search_term_string"}],"inLanguage":"tr"},{"@type":["Person","Organization"],"@id":"https:\/\/omerfarukkorkmaz.com.tr\/tr\/#\/schema\/person\/7efd65277de8b9dc0520ec210e387854","name":"\u00d6mer Faruk Korkmaz","image":{"@type":"ImageObject","inLanguage":"tr","@id":"https:\/\/omerfarukkorkmaz.com.tr\/tr\/#\/schema\/person\/image\/","url":"https:\/\/omerfarukkorkmaz.com.tr\/tr\/wp-content\/uploads\/2020\/12\/cropped-nkl-2.png","contentUrl":"https:\/\/omerfarukkorkmaz.com.tr\/tr\/wp-content\/uploads\/2020\/12\/cropped-nkl-2.png","width":512,"height":512,"caption":"\u00d6mer Faruk Korkmaz"},"logo":{"@id":"https:\/\/omerfarukkorkmaz.com.tr\/tr\/#\/schema\/person\/image\/"},"url":"https:\/\/omerfarukkorkmaz.com.tr\/tr\/author\/ofkorkmaz\/"}]}},"_links":{"self":[{"href":"https:\/\/omerfarukkorkmaz.com.tr\/tr\/wp-json\/wp\/v2\/posts\/743","targetHints":{"allow":["GET"]}}],"collection":[{"href":"https:\/\/omerfarukkorkmaz.com.tr\/tr\/wp-json\/wp\/v2\/posts"}],"about":[{"href":"https:\/\/omerfarukkorkmaz.com.tr\/tr\/wp-json\/wp\/v2\/types\/post"}],"author":[{"embeddable":true,"href":"https:\/\/omerfarukkorkmaz.com.tr\/tr\/wp-json\/wp\/v2\/users\/3"}],"replies":[{"embeddable":true,"href":"https:\/\/omerfarukkorkmaz.com.tr\/tr\/wp-json\/wp\/v2\/comments?post=743"}],"version-history":[{"count":0,"href":"https:\/\/omerfarukkorkmaz.com.tr\/tr\/wp-json\/wp\/v2\/posts\/743\/revisions"}],"wp:featuredmedia":[{"embeddable":true,"href":"https:\/\/omerfarukkorkmaz.com.tr\/tr\/wp-json\/wp\/v2\/media\/744"}],"wp:attachment":[{"href":"https:\/\/omerfarukkorkmaz.com.tr\/tr\/wp-json\/wp\/v2\/media?parent=743"}],"wp:term":[{"taxonomy":"category","embeddable":true,"href":"https:\/\/omerfarukkorkmaz.com.tr\/tr\/wp-json\/wp\/v2\/categories?post=743"},{"taxonomy":"post_tag","embeddable":true,"href":"https:\/\/omerfarukkorkmaz.com.tr\/tr\/wp-json\/wp\/v2\/tags?post=743"}],"curies":[{"name":"wp","href":"https:\/\/api.w.org\/{rel}","templated":true}]}}