{"id":737,"date":"2020-12-05T23:53:39","date_gmt":"2020-12-05T23:53:39","guid":{"rendered":"http:\/\/www.omerfarukkorkmaz.com.tr\/?p=737"},"modified":"2020-12-05T23:53:39","modified_gmt":"2020-12-05T23:53:39","slug":"kurana-zit-olan-hangisi-tarihsellik-mi-evrensellik-mi","status":"publish","type":"post","link":"https:\/\/omerfarukkorkmaz.com.tr\/tr\/kurana-zit-olan-hangisi-tarihsellik-mi-evrensellik-mi\/","title":{"rendered":"Kur&#8217;\u00e2n&#8217;a Z\u0131t Olan Hangisi: Tarihsellik Mi, Evrensellik Mi?"},"content":{"rendered":"<p>Mustafa \u00d6zt\u00fcrk, tarihselcilik tezinin M\u00fcsl\u00fcmanlar\u0131n kahir ekseriyeti taraf\u0131ndan kabul g\u00f6rmedi\u011fini yineleyerek evrenselci yakla\u015f\u0131m\u0131n Kur\u2019an\u2019dan onay alamayaca\u011f\u0131n\u0131 iddia ediyor. As\u0131rlar boyu b\u00fct\u00fcn bir dinin yanl\u0131\u015f anla\u015f\u0131l\u0131p ya\u015fand\u0131\u011f\u0131 gibi sa\u00e7ma ve u\u00e7uk bir iddiay\u0131 da z\u0131mnen bar\u0131nd\u0131ran bu g\u00f6r\u00fc\u015f \u00d6zt\u00fcrk\u2019\u00fcn ilgili yaz\u0131s\u0131nda \u015f\u00f6yle yer almakta:<\/p>\n<p><em>\u201cM\u00fcsl\u00fcmanlar\u0131n kahir ekseriyetine g\u00f6re Kur&#8217;an t\u00fcm insanlara ve t\u00fcm zamanlara g\u00f6nderilmi\u015f bir kitapt\u0131r. Bu itibarla her bak\u0131mdan evrensel ve tarih \u00fcst\u00fcd\u00fcr. Bizce bu yayg\u0131n ve yerle\u015fik anlay\u0131\u015f Kur&#8217;an&#8217;\u0131n baz\u0131 sarih beyanlar\u0131na ters d\u00fc\u015fmesi nedeniyle tart\u0131\u015fmaya a\u00e7\u0131kt\u0131r.\u201d<\/em><a href=\"#_ftn1\" name=\"_ftnref1\"><strong>[1]<\/strong><\/a><\/p>\n<p>Bu ifadeler kar\u015f\u0131s\u0131ndaki hayret ve \u015fa\u015fk\u0131nl\u0131\u011f\u0131m\u0131za zorla da olsa gem vurarak \u00d6zt\u00fcrk\u2019e \u015fu sorular\u0131 soral\u0131m:<\/p>\n<ol>\n<li>Tarihselcilik diye dilinizden d\u00fc\u015f\u00fcrmedi\u011finiz, Kur\u2019an\u2019\u0131 anlama ad\u0131na en do\u011fru menhec olarak benimsedi\u011finiz bu s\u00f6ylemin \u0130sl\u00e2m tarihindeki kar\u015f\u0131l\u0131\u011f\u0131 nedir? Yani \u0130sl\u00e2m tarihinde Kur\u2019an ayetlerine bu denli bir menhecle yakla\u015fan bir tek muteber \u015fah\u0131stan bahsedebilir misiniz?<\/li>\n<li>\u015eayet, uleman\u0131n baz\u0131 ayetlerin mensuh oldu\u011funa y\u00f6nelik beyanlar\u0131n\u0131 g\u00f6stererek iddian\u0131za delil getirmeye kalkarsan\u0131z bu sizin &#8216;tarihsel olmak&#8217;la &#8216;mensuh olmak&#8217; aras\u0131ndaki fark\u0131 bilmedi\u011finiz anlam\u0131na gelir. Nitekim ileride -in\u015faAllah- m\u00fc\u015fahhas misaller \u00fczerinden de bu noktay\u0131 izah edece\u011fiz.<\/li>\n<li>\u0130sl\u00e2m tarihinde tarihselcilik diye bir yakla\u015f\u0131m\u0131n mesnedi yoksa \u2013ki yoktur- tamamen Bat\u0131\u2019n\u0131n kitab-\u0131 mukaddese y\u00f6nelik yakla\u015f\u0131m menheci olan bu bat\u0131l ameliyeyi muharref kitaplarla Kur&#8217;an aras\u0131daki bariz ve b\u00fcy\u00fck farklar\u0131 g\u00f6rmezden gelerek hangi mant\u0131kla Kur\u2019an\u2019a kar\u015f\u0131 uygulamaya kalk\u0131yorsunuz?<\/li>\n<li>Bat\u0131\u2019da kilise ile tebaa aras\u0131ndaki \u00e7at\u0131\u015fma k\u00fclt\u00fcr\u00fcn\u00fcn do\u011fal bir \u00fcr\u00fcn\u00fc olarak tezah\u00fcr ve tatavvur eden bu anlay\u0131\u015f\u0131, b\u00f6yle bir \u00e7eki\u015fmenin asla ya\u015fanmad\u0131\u011f\u0131 \u0130sl\u00e2m toplumlar\u0131nda neden uygulayal\u0131m?<\/li>\n<li>Tarihselci d\u00fc\u015f\u00fcnmemenin Kur\u2019an\u2019a ayk\u0131r\u0131 oldu\u011funu s\u00f6yl\u00fcyorsunuz. \u0130leride sundu\u011funuz delil mahiyetindeki misallere bakt\u0131\u011f\u0131m\u0131zda meseleyi tam manas\u0131yla ya yanl\u0131\u015f kavrad\u0131\u011f\u0131n\u0131z ya da bilerek \u00e7arp\u0131tt\u0131\u011f\u0131n\u0131z ortaya \u00e7\u0131k\u0131yor. \u00d6yleyse evrenselli\u011fi savunmak Kur\u2019an\u2019a m\u0131 yoksa sizin Kur\u2019an anlay\u0131\u015f\u0131n\u0131za m\u0131 z\u0131t? <strong>\u00a0<\/strong><\/li>\n<li>Sizin g\u00f6r\u00fc\u015f\u00fcn\u00fcze g\u00f6re muradullah\u0131n kavranabilmesi ad\u0131na bu denli \u00f6nem arz eden bir menhecin ba\u015fta sahabe taraf\u0131ndan sonra di\u011fer nesiller taraf\u0131ndan as\u0131rlarca ihmal edilmi\u015f olmas\u0131 nas\u0131l d\u00fc\u015f\u00fcn\u00fclebilir? Allah \ufdfb, \u0130ncil\u2019e y\u00f6nelik reformasyon hareketleriyle zuhur eden bu anlay\u0131\u015f olmadan as\u0131rlar boyu do\u011fru anla\u015f\u0131lamam\u0131\u015f (!) bir kitab\u0131 neden g\u00f6ndersin?<\/li>\n<li>Kur\u2019an-\u0131 Hakim, Hz. Peygamber \ufdfa&#8217; in b\u00fct\u00fcn bir insanl\u0131\u011fa g\u00f6nderildi\u011fini sarih \u015fekilde beyan ederek Kur\u2019an\u2019\u0131n da t\u00fcm alemlere bir \u00f6\u011f\u00fct oldu\u011funu dillendirmiyor mu? Sadece belli bir zamana mahsus olan ayetleri de bar\u0131nd\u0131ran bir kitab\u0131n b\u00fct\u00fcn\u00fcyle t\u00fcm alemlere \u00f6\u011f\u00fct olmas\u0131 nas\u0131l d\u00fc\u015f\u00fcn\u00fclebilir?<\/li>\n<\/ol>\n<p>(Devam edecek)<\/p>\n<hr \/>\n<p><a href=\"#_ftnref1\" name=\"_ftn1\">[1]<\/a> Mustafa \u00d6zt\u00fcrk, <em>Kur\u2019an ve Tefsir K\u00fclt\u00fcr\u00fcm\u00fcz<\/em>, s. 12<\/p>\n","protected":false},"excerpt":{"rendered":"<p>Mustafa \u00d6zt\u00fcrk, tarihselcilik tezinin M\u00fcsl\u00fcmanlar\u0131n kahir ekseriyeti taraf\u0131ndan kabul g\u00f6rmedi\u011fini yineleyerek evrenselci yakla\u015f\u0131m\u0131n Kur\u2019an\u2019dan onay alamayaca\u011f\u0131n\u0131 iddia ediyor. As\u0131rlar boyu b\u00fct\u00fcn bir dinin yanl\u0131\u015f anla\u015f\u0131l\u0131p ya\u015fand\u0131\u011f\u0131 gibi sa\u00e7ma ve u\u00e7uk bir iddiay\u0131 da z\u0131mnen bar\u0131nd\u0131ran bu g\u00f6r\u00fc\u015f \u00d6zt\u00fcrk\u2019\u00fcn ilgili yaz\u0131s\u0131nda \u015f\u00f6yle yer almakta: \u201cM\u00fcsl\u00fcmanlar\u0131n kahir ekseriyetine g\u00f6re Kur&#8217;an t\u00fcm insanlara ve t\u00fcm zamanlara g\u00f6nderilmi\u015f bir [&hellip;]<\/p>\n","protected":false},"author":3,"featured_media":736,"comment_status":"open","ping_status":"open","sticky":false,"template":"","format":"standard","meta":{"content-type":"","_monsterinsights_skip_tracking":false,"_monsterinsights_sitenote_active":false,"_monsterinsights_sitenote_note":"","_monsterinsights_sitenote_category":0,"footnotes":""},"categories":[2,5],"tags":[49,192,303,421,431,491,643,644,689],"class_list":{"0":"post-737","1":"post","2":"type-post","3":"status-publish","4":"format-standard","5":"has-post-thumbnail","7":"category-gundeme-dair","8":"category-modernizm","9":"tag-akademi","10":"tag-evrensellik","11":"tag-ilahiyat","12":"tag-lafiz","13":"tag-mana","14":"tag-mustafa-ozturk","15":"tag-tarihselcilik","16":"tag-tarihsellik","17":"tag-vahiy"},"yoast_head":"<!-- This site is optimized with the Yoast SEO plugin v23.2 - https:\/\/yoast.com\/wordpress\/plugins\/seo\/ -->\n<title>Kur&#039;\u00e2n&#039;a Z\u0131t Olan Hangisi: Tarihsellik Mi, Evrensellik Mi? - \u00d6mer Faruk Korkmaz Hocaefendi<\/title>\n<meta name=\"robots\" content=\"index, follow, max-snippet:-1, max-image-preview:large, max-video-preview:-1\" \/>\n<link rel=\"canonical\" href=\"https:\/\/omerfarukkorkmaz.com.tr\/tr\/kurana-zit-olan-hangisi-tarihsellik-mi-evrensellik-mi\/\" \/>\n<meta property=\"og:locale\" content=\"tr_TR\" \/>\n<meta property=\"og:type\" content=\"article\" \/>\n<meta property=\"og:title\" content=\"Kur&#039;\u00e2n&#039;a Z\u0131t Olan Hangisi: Tarihsellik Mi, Evrensellik Mi? - \u00d6mer Faruk Korkmaz Hocaefendi\" \/>\n<meta property=\"og:description\" content=\"Mustafa \u00d6zt\u00fcrk, tarihselcilik tezinin M\u00fcsl\u00fcmanlar\u0131n kahir ekseriyeti taraf\u0131ndan kabul g\u00f6rmedi\u011fini yineleyerek evrenselci yakla\u015f\u0131m\u0131n Kur\u2019an\u2019dan onay alamayaca\u011f\u0131n\u0131 iddia ediyor. As\u0131rlar boyu b\u00fct\u00fcn bir dinin yanl\u0131\u015f anla\u015f\u0131l\u0131p ya\u015fand\u0131\u011f\u0131 gibi sa\u00e7ma ve u\u00e7uk bir iddiay\u0131 da z\u0131mnen bar\u0131nd\u0131ran bu g\u00f6r\u00fc\u015f \u00d6zt\u00fcrk\u2019\u00fcn ilgili yaz\u0131s\u0131nda \u015f\u00f6yle yer almakta: \u201cM\u00fcsl\u00fcmanlar\u0131n kahir ekseriyetine g\u00f6re Kur&#8217;an t\u00fcm insanlara ve t\u00fcm zamanlara g\u00f6nderilmi\u015f bir [&hellip;]\" \/>\n<meta property=\"og:url\" content=\"https:\/\/omerfarukkorkmaz.com.tr\/tr\/kurana-zit-olan-hangisi-tarihsellik-mi-evrensellik-mi\/\" \/>\n<meta property=\"og:site_name\" content=\"\u00d6mer Faruk Korkmaz Hocaefendi\" \/>\n<meta property=\"article:published_time\" content=\"2020-12-05T23:53:39+00:00\" \/>\n<meta property=\"og:image\" content=\"https:\/\/omerfarukkorkmaz.com.tr\/tr\/wp-content\/uploads\/2020\/12\/ilahiyatci-prof-dr-mustafa-ozturk-kur-an-i-13774668_3231_o-e1607212392832.jpg\" \/>\n\t<meta property=\"og:image:width\" content=\"614\" \/>\n\t<meta property=\"og:image:height\" content=\"336\" \/>\n\t<meta property=\"og:image:type\" content=\"image\/jpeg\" \/>\n<meta name=\"author\" content=\"\u00d6mer Faruk Korkmaz\" \/>\n<meta name=\"twitter:card\" content=\"summary_large_image\" \/>\n<meta name=\"twitter:label1\" content=\"Yazan:\" \/>\n\t<meta name=\"twitter:data1\" content=\"\u00d6mer Faruk Korkmaz\" \/>\n\t<meta name=\"twitter:label2\" content=\"Tahmini okuma s\u00fcresi\" \/>\n\t<meta name=\"twitter:data2\" content=\"3 dakika\" \/>\n<script type=\"application\/ld+json\" class=\"yoast-schema-graph\">{\"@context\":\"https:\/\/schema.org\",\"@graph\":[{\"@type\":\"Article\",\"@id\":\"https:\/\/omerfarukkorkmaz.com.tr\/tr\/kurana-zit-olan-hangisi-tarihsellik-mi-evrensellik-mi\/#article\",\"isPartOf\":{\"@id\":\"https:\/\/omerfarukkorkmaz.com.tr\/tr\/kurana-zit-olan-hangisi-tarihsellik-mi-evrensellik-mi\/\"},\"author\":{\"name\":\"\u00d6mer Faruk Korkmaz\",\"@id\":\"https:\/\/omerfarukkorkmaz.com.tr\/tr\/#\/schema\/person\/7efd65277de8b9dc0520ec210e387854\"},\"headline\":\"Kur&#8217;\u00e2n&#8217;a Z\u0131t Olan Hangisi: Tarihsellik Mi, Evrensellik Mi?\",\"datePublished\":\"2020-12-05T23:53:39+00:00\",\"dateModified\":\"2020-12-05T23:53:39+00:00\",\"mainEntityOfPage\":{\"@id\":\"https:\/\/omerfarukkorkmaz.com.tr\/tr\/kurana-zit-olan-hangisi-tarihsellik-mi-evrensellik-mi\/\"},\"wordCount\":553,\"commentCount\":0,\"publisher\":{\"@id\":\"https:\/\/omerfarukkorkmaz.com.tr\/tr\/#\/schema\/person\/7efd65277de8b9dc0520ec210e387854\"},\"image\":{\"@id\":\"https:\/\/omerfarukkorkmaz.com.tr\/tr\/kurana-zit-olan-hangisi-tarihsellik-mi-evrensellik-mi\/#primaryimage\"},\"thumbnailUrl\":\"https:\/\/omerfarukkorkmaz.com.tr\/tr\/wp-content\/uploads\/2020\/12\/ilahiyatci-prof-dr-mustafa-ozturk-kur-an-i-13774668_3231_o-e1607212392832.jpg\",\"keywords\":[\"Akademi\",\"Evrensellik\",\"ilahiyat\",\"laf\u0131z\",\"mana\",\"mustafa \u00f6zt\u00fcrk\",\"tarihselcilik\",\"Tarihsellik\",\"vahiy\"],\"articleSection\":[\"G\u00fcndeme Dair\",\"Modernizm\"],\"inLanguage\":\"tr\",\"potentialAction\":[{\"@type\":\"CommentAction\",\"name\":\"Comment\",\"target\":[\"https:\/\/omerfarukkorkmaz.com.tr\/tr\/kurana-zit-olan-hangisi-tarihsellik-mi-evrensellik-mi\/#respond\"]}]},{\"@type\":\"WebPage\",\"@id\":\"https:\/\/omerfarukkorkmaz.com.tr\/tr\/kurana-zit-olan-hangisi-tarihsellik-mi-evrensellik-mi\/\",\"url\":\"https:\/\/omerfarukkorkmaz.com.tr\/tr\/kurana-zit-olan-hangisi-tarihsellik-mi-evrensellik-mi\/\",\"name\":\"Kur'\u00e2n'a Z\u0131t Olan Hangisi: Tarihsellik Mi, Evrensellik Mi? - \u00d6mer Faruk Korkmaz Hocaefendi\",\"isPartOf\":{\"@id\":\"https:\/\/omerfarukkorkmaz.com.tr\/tr\/#website\"},\"primaryImageOfPage\":{\"@id\":\"https:\/\/omerfarukkorkmaz.com.tr\/tr\/kurana-zit-olan-hangisi-tarihsellik-mi-evrensellik-mi\/#primaryimage\"},\"image\":{\"@id\":\"https:\/\/omerfarukkorkmaz.com.tr\/tr\/kurana-zit-olan-hangisi-tarihsellik-mi-evrensellik-mi\/#primaryimage\"},\"thumbnailUrl\":\"https:\/\/omerfarukkorkmaz.com.tr\/tr\/wp-content\/uploads\/2020\/12\/ilahiyatci-prof-dr-mustafa-ozturk-kur-an-i-13774668_3231_o-e1607212392832.jpg\",\"datePublished\":\"2020-12-05T23:53:39+00:00\",\"dateModified\":\"2020-12-05T23:53:39+00:00\",\"breadcrumb\":{\"@id\":\"https:\/\/omerfarukkorkmaz.com.tr\/tr\/kurana-zit-olan-hangisi-tarihsellik-mi-evrensellik-mi\/#breadcrumb\"},\"inLanguage\":\"tr\",\"potentialAction\":[{\"@type\":\"ReadAction\",\"target\":[\"https:\/\/omerfarukkorkmaz.com.tr\/tr\/kurana-zit-olan-hangisi-tarihsellik-mi-evrensellik-mi\/\"]}]},{\"@type\":\"ImageObject\",\"inLanguage\":\"tr\",\"@id\":\"https:\/\/omerfarukkorkmaz.com.tr\/tr\/kurana-zit-olan-hangisi-tarihsellik-mi-evrensellik-mi\/#primaryimage\",\"url\":\"https:\/\/omerfarukkorkmaz.com.tr\/tr\/wp-content\/uploads\/2020\/12\/ilahiyatci-prof-dr-mustafa-ozturk-kur-an-i-13774668_3231_o-e1607212392832.jpg\",\"contentUrl\":\"https:\/\/omerfarukkorkmaz.com.tr\/tr\/wp-content\/uploads\/2020\/12\/ilahiyatci-prof-dr-mustafa-ozturk-kur-an-i-13774668_3231_o-e1607212392832.jpg\",\"width\":614,\"height\":336},{\"@type\":\"BreadcrumbList\",\"@id\":\"https:\/\/omerfarukkorkmaz.com.tr\/tr\/kurana-zit-olan-hangisi-tarihsellik-mi-evrensellik-mi\/#breadcrumb\",\"itemListElement\":[{\"@type\":\"ListItem\",\"position\":1,\"name\":\"Anasayfa\",\"item\":\"https:\/\/omerfarukkorkmaz.com.tr\/tr\/\"},{\"@type\":\"ListItem\",\"position\":2,\"name\":\"Kur&#8217;\u00e2n&#8217;a Z\u0131t Olan Hangisi: Tarihsellik Mi, Evrensellik Mi?\"}]},{\"@type\":\"WebSite\",\"@id\":\"https:\/\/omerfarukkorkmaz.com.tr\/tr\/#website\",\"url\":\"https:\/\/omerfarukkorkmaz.com.tr\/tr\/\",\"name\":\"\u00d6mer Faruk Korkmaz Hocaefendi\",\"description\":\"Resmi Web Sayfas\u0131\",\"publisher\":{\"@id\":\"https:\/\/omerfarukkorkmaz.com.tr\/tr\/#\/schema\/person\/7efd65277de8b9dc0520ec210e387854\"},\"potentialAction\":[{\"@type\":\"SearchAction\",\"target\":{\"@type\":\"EntryPoint\",\"urlTemplate\":\"https:\/\/omerfarukkorkmaz.com.tr\/tr\/?s={search_term_string}\"},\"query-input\":\"required name=search_term_string\"}],\"inLanguage\":\"tr\"},{\"@type\":[\"Person\",\"Organization\"],\"@id\":\"https:\/\/omerfarukkorkmaz.com.tr\/tr\/#\/schema\/person\/7efd65277de8b9dc0520ec210e387854\",\"name\":\"\u00d6mer Faruk Korkmaz\",\"image\":{\"@type\":\"ImageObject\",\"inLanguage\":\"tr\",\"@id\":\"https:\/\/omerfarukkorkmaz.com.tr\/tr\/#\/schema\/person\/image\/\",\"url\":\"https:\/\/omerfarukkorkmaz.com.tr\/tr\/wp-content\/uploads\/2020\/12\/cropped-nkl-2.png\",\"contentUrl\":\"https:\/\/omerfarukkorkmaz.com.tr\/tr\/wp-content\/uploads\/2020\/12\/cropped-nkl-2.png\",\"width\":512,\"height\":512,\"caption\":\"\u00d6mer Faruk Korkmaz\"},\"logo\":{\"@id\":\"https:\/\/omerfarukkorkmaz.com.tr\/tr\/#\/schema\/person\/image\/\"},\"url\":\"https:\/\/omerfarukkorkmaz.com.tr\/tr\/author\/ofkorkmaz\/\"}]}<\/script>\n<!-- \/ Yoast SEO plugin. -->","yoast_head_json":{"title":"Kur'\u00e2n'a Z\u0131t Olan Hangisi: Tarihsellik Mi, Evrensellik Mi? - \u00d6mer Faruk Korkmaz Hocaefendi","robots":{"index":"index","follow":"follow","max-snippet":"max-snippet:-1","max-image-preview":"max-image-preview:large","max-video-preview":"max-video-preview:-1"},"canonical":"https:\/\/omerfarukkorkmaz.com.tr\/tr\/kurana-zit-olan-hangisi-tarihsellik-mi-evrensellik-mi\/","og_locale":"tr_TR","og_type":"article","og_title":"Kur'\u00e2n'a Z\u0131t Olan Hangisi: Tarihsellik Mi, Evrensellik Mi? - \u00d6mer Faruk Korkmaz Hocaefendi","og_description":"Mustafa \u00d6zt\u00fcrk, tarihselcilik tezinin M\u00fcsl\u00fcmanlar\u0131n kahir ekseriyeti taraf\u0131ndan kabul g\u00f6rmedi\u011fini yineleyerek evrenselci yakla\u015f\u0131m\u0131n Kur\u2019an\u2019dan onay alamayaca\u011f\u0131n\u0131 iddia ediyor. As\u0131rlar boyu b\u00fct\u00fcn bir dinin yanl\u0131\u015f anla\u015f\u0131l\u0131p ya\u015fand\u0131\u011f\u0131 gibi sa\u00e7ma ve u\u00e7uk bir iddiay\u0131 da z\u0131mnen bar\u0131nd\u0131ran bu g\u00f6r\u00fc\u015f \u00d6zt\u00fcrk\u2019\u00fcn ilgili yaz\u0131s\u0131nda \u015f\u00f6yle yer almakta: \u201cM\u00fcsl\u00fcmanlar\u0131n kahir ekseriyetine g\u00f6re Kur&#8217;an t\u00fcm insanlara ve t\u00fcm zamanlara g\u00f6nderilmi\u015f bir [&hellip;]","og_url":"https:\/\/omerfarukkorkmaz.com.tr\/tr\/kurana-zit-olan-hangisi-tarihsellik-mi-evrensellik-mi\/","og_site_name":"\u00d6mer Faruk Korkmaz Hocaefendi","article_published_time":"2020-12-05T23:53:39+00:00","og_image":[{"width":614,"height":336,"url":"https:\/\/omerfarukkorkmaz.com.tr\/tr\/wp-content\/uploads\/2020\/12\/ilahiyatci-prof-dr-mustafa-ozturk-kur-an-i-13774668_3231_o-e1607212392832.jpg","type":"image\/jpeg"}],"author":"\u00d6mer Faruk Korkmaz","twitter_card":"summary_large_image","twitter_misc":{"Yazan:":"\u00d6mer Faruk Korkmaz","Tahmini okuma s\u00fcresi":"3 dakika"},"schema":{"@context":"https:\/\/schema.org","@graph":[{"@type":"Article","@id":"https:\/\/omerfarukkorkmaz.com.tr\/tr\/kurana-zit-olan-hangisi-tarihsellik-mi-evrensellik-mi\/#article","isPartOf":{"@id":"https:\/\/omerfarukkorkmaz.com.tr\/tr\/kurana-zit-olan-hangisi-tarihsellik-mi-evrensellik-mi\/"},"author":{"name":"\u00d6mer Faruk Korkmaz","@id":"https:\/\/omerfarukkorkmaz.com.tr\/tr\/#\/schema\/person\/7efd65277de8b9dc0520ec210e387854"},"headline":"Kur&#8217;\u00e2n&#8217;a Z\u0131t Olan Hangisi: Tarihsellik Mi, Evrensellik Mi?","datePublished":"2020-12-05T23:53:39+00:00","dateModified":"2020-12-05T23:53:39+00:00","mainEntityOfPage":{"@id":"https:\/\/omerfarukkorkmaz.com.tr\/tr\/kurana-zit-olan-hangisi-tarihsellik-mi-evrensellik-mi\/"},"wordCount":553,"commentCount":0,"publisher":{"@id":"https:\/\/omerfarukkorkmaz.com.tr\/tr\/#\/schema\/person\/7efd65277de8b9dc0520ec210e387854"},"image":{"@id":"https:\/\/omerfarukkorkmaz.com.tr\/tr\/kurana-zit-olan-hangisi-tarihsellik-mi-evrensellik-mi\/#primaryimage"},"thumbnailUrl":"https:\/\/omerfarukkorkmaz.com.tr\/tr\/wp-content\/uploads\/2020\/12\/ilahiyatci-prof-dr-mustafa-ozturk-kur-an-i-13774668_3231_o-e1607212392832.jpg","keywords":["Akademi","Evrensellik","ilahiyat","laf\u0131z","mana","mustafa \u00f6zt\u00fcrk","tarihselcilik","Tarihsellik","vahiy"],"articleSection":["G\u00fcndeme Dair","Modernizm"],"inLanguage":"tr","potentialAction":[{"@type":"CommentAction","name":"Comment","target":["https:\/\/omerfarukkorkmaz.com.tr\/tr\/kurana-zit-olan-hangisi-tarihsellik-mi-evrensellik-mi\/#respond"]}]},{"@type":"WebPage","@id":"https:\/\/omerfarukkorkmaz.com.tr\/tr\/kurana-zit-olan-hangisi-tarihsellik-mi-evrensellik-mi\/","url":"https:\/\/omerfarukkorkmaz.com.tr\/tr\/kurana-zit-olan-hangisi-tarihsellik-mi-evrensellik-mi\/","name":"Kur'\u00e2n'a Z\u0131t Olan Hangisi: Tarihsellik Mi, Evrensellik Mi? - \u00d6mer Faruk Korkmaz Hocaefendi","isPartOf":{"@id":"https:\/\/omerfarukkorkmaz.com.tr\/tr\/#website"},"primaryImageOfPage":{"@id":"https:\/\/omerfarukkorkmaz.com.tr\/tr\/kurana-zit-olan-hangisi-tarihsellik-mi-evrensellik-mi\/#primaryimage"},"image":{"@id":"https:\/\/omerfarukkorkmaz.com.tr\/tr\/kurana-zit-olan-hangisi-tarihsellik-mi-evrensellik-mi\/#primaryimage"},"thumbnailUrl":"https:\/\/omerfarukkorkmaz.com.tr\/tr\/wp-content\/uploads\/2020\/12\/ilahiyatci-prof-dr-mustafa-ozturk-kur-an-i-13774668_3231_o-e1607212392832.jpg","datePublished":"2020-12-05T23:53:39+00:00","dateModified":"2020-12-05T23:53:39+00:00","breadcrumb":{"@id":"https:\/\/omerfarukkorkmaz.com.tr\/tr\/kurana-zit-olan-hangisi-tarihsellik-mi-evrensellik-mi\/#breadcrumb"},"inLanguage":"tr","potentialAction":[{"@type":"ReadAction","target":["https:\/\/omerfarukkorkmaz.com.tr\/tr\/kurana-zit-olan-hangisi-tarihsellik-mi-evrensellik-mi\/"]}]},{"@type":"ImageObject","inLanguage":"tr","@id":"https:\/\/omerfarukkorkmaz.com.tr\/tr\/kurana-zit-olan-hangisi-tarihsellik-mi-evrensellik-mi\/#primaryimage","url":"https:\/\/omerfarukkorkmaz.com.tr\/tr\/wp-content\/uploads\/2020\/12\/ilahiyatci-prof-dr-mustafa-ozturk-kur-an-i-13774668_3231_o-e1607212392832.jpg","contentUrl":"https:\/\/omerfarukkorkmaz.com.tr\/tr\/wp-content\/uploads\/2020\/12\/ilahiyatci-prof-dr-mustafa-ozturk-kur-an-i-13774668_3231_o-e1607212392832.jpg","width":614,"height":336},{"@type":"BreadcrumbList","@id":"https:\/\/omerfarukkorkmaz.com.tr\/tr\/kurana-zit-olan-hangisi-tarihsellik-mi-evrensellik-mi\/#breadcrumb","itemListElement":[{"@type":"ListItem","position":1,"name":"Anasayfa","item":"https:\/\/omerfarukkorkmaz.com.tr\/tr\/"},{"@type":"ListItem","position":2,"name":"Kur&#8217;\u00e2n&#8217;a Z\u0131t Olan Hangisi: Tarihsellik Mi, Evrensellik Mi?"}]},{"@type":"WebSite","@id":"https:\/\/omerfarukkorkmaz.com.tr\/tr\/#website","url":"https:\/\/omerfarukkorkmaz.com.tr\/tr\/","name":"\u00d6mer Faruk Korkmaz Hocaefendi","description":"Resmi Web Sayfas\u0131","publisher":{"@id":"https:\/\/omerfarukkorkmaz.com.tr\/tr\/#\/schema\/person\/7efd65277de8b9dc0520ec210e387854"},"potentialAction":[{"@type":"SearchAction","target":{"@type":"EntryPoint","urlTemplate":"https:\/\/omerfarukkorkmaz.com.tr\/tr\/?s={search_term_string}"},"query-input":"required name=search_term_string"}],"inLanguage":"tr"},{"@type":["Person","Organization"],"@id":"https:\/\/omerfarukkorkmaz.com.tr\/tr\/#\/schema\/person\/7efd65277de8b9dc0520ec210e387854","name":"\u00d6mer Faruk Korkmaz","image":{"@type":"ImageObject","inLanguage":"tr","@id":"https:\/\/omerfarukkorkmaz.com.tr\/tr\/#\/schema\/person\/image\/","url":"https:\/\/omerfarukkorkmaz.com.tr\/tr\/wp-content\/uploads\/2020\/12\/cropped-nkl-2.png","contentUrl":"https:\/\/omerfarukkorkmaz.com.tr\/tr\/wp-content\/uploads\/2020\/12\/cropped-nkl-2.png","width":512,"height":512,"caption":"\u00d6mer Faruk Korkmaz"},"logo":{"@id":"https:\/\/omerfarukkorkmaz.com.tr\/tr\/#\/schema\/person\/image\/"},"url":"https:\/\/omerfarukkorkmaz.com.tr\/tr\/author\/ofkorkmaz\/"}]}},"_links":{"self":[{"href":"https:\/\/omerfarukkorkmaz.com.tr\/tr\/wp-json\/wp\/v2\/posts\/737","targetHints":{"allow":["GET"]}}],"collection":[{"href":"https:\/\/omerfarukkorkmaz.com.tr\/tr\/wp-json\/wp\/v2\/posts"}],"about":[{"href":"https:\/\/omerfarukkorkmaz.com.tr\/tr\/wp-json\/wp\/v2\/types\/post"}],"author":[{"embeddable":true,"href":"https:\/\/omerfarukkorkmaz.com.tr\/tr\/wp-json\/wp\/v2\/users\/3"}],"replies":[{"embeddable":true,"href":"https:\/\/omerfarukkorkmaz.com.tr\/tr\/wp-json\/wp\/v2\/comments?post=737"}],"version-history":[{"count":0,"href":"https:\/\/omerfarukkorkmaz.com.tr\/tr\/wp-json\/wp\/v2\/posts\/737\/revisions"}],"wp:featuredmedia":[{"embeddable":true,"href":"https:\/\/omerfarukkorkmaz.com.tr\/tr\/wp-json\/wp\/v2\/media\/736"}],"wp:attachment":[{"href":"https:\/\/omerfarukkorkmaz.com.tr\/tr\/wp-json\/wp\/v2\/media?parent=737"}],"wp:term":[{"taxonomy":"category","embeddable":true,"href":"https:\/\/omerfarukkorkmaz.com.tr\/tr\/wp-json\/wp\/v2\/categories?post=737"},{"taxonomy":"post_tag","embeddable":true,"href":"https:\/\/omerfarukkorkmaz.com.tr\/tr\/wp-json\/wp\/v2\/tags?post=737"}],"curies":[{"name":"wp","href":"https:\/\/api.w.org\/{rel}","templated":true}]}}