{"id":720,"date":"2020-11-30T19:58:27","date_gmt":"2020-11-30T19:58:27","guid":{"rendered":"http:\/\/www.omerfarukkorkmaz.com.tr\/?p=720"},"modified":"2020-11-30T19:58:27","modified_gmt":"2020-11-30T19:58:27","slug":"emanetin-tazmin-edilmeme-meselesi-2","status":"publish","type":"post","link":"https:\/\/omerfarukkorkmaz.com.tr\/tr\/emanetin-tazmin-edilmeme-meselesi-2\/","title":{"rendered":"Em\u00e2netin Tazmin Edilmeme Meselesi"},"content":{"rendered":"<blockquote><p><strong>Soru: <\/strong>Herkesten s\u0131k\u00e7a duydu\u011fum bir mesele var: \u015eayet bir mal emanetse\u00a0 ba\u015f\u0131na bir \u015fey gelmesi durumunda emanet\u00e7i o mal\u0131 \u00f6demek mecburiyetinde de\u011fildir. Bu her h\u00e2l\u00fck\u00e2rda b\u00f6yle midir? Yoksa f\u0131kh\u00ee a\u00e7\u0131dan bir tafsilat\u0131 var m\u0131d\u0131r?<\/p><\/blockquote>\n<p><strong>Cevap: <\/strong>Emanetin zayi edilmesi durumunda tazmin edilmemesi gerekti\u011fi \u201cEmanet mazmun de\u011fildir\u201d \u015feklindeki me\u015fhur mecelle kaidesidir. Lakin bu ifadeyi genellemek do\u011fru olmaz. K\u0131sa ifadeyle bu kaide, emanet\u00e7inin herhangi bir dahli ve tesiri olmaks\u0131z\u0131n helak olan emanetin tazmin edilmeyece\u011fi manas\u0131ndad\u0131r.<a href=\"#_ftn1\" name=\"_ftnref1\">[1]<\/a> Konuyu biraz daha tafsil etmemiz gerekirse emanetin tazmin edilmesini gerektiren durumlar\u0131 \u015fu \u015fekilde s\u0131ralamam\u0131z m\u00fcmk\u00fcnd\u00fcr:<\/p>\n<ol>\n<li><strong>Korumay\u0131 terk etmek: <\/strong>Bir kimse emanet ald\u0131\u011f\u0131 mal\u0131 korumay\u0131 terk edecek olursa bu mal\u0131 tazmin etmekle sorumlu olacakt\u0131r. Zira yap\u0131lan ved\u00eea akdi sebebiyle bu kimse ald\u0131\u011f\u0131 emanet mal\u0131 korumay\u0131 kendisine gerekli k\u0131lm\u0131\u015f olmaktad\u0131r. Bunun i\u00e7in mal\u0131 korumamas\u0131 bu akitle kendisine gerekli k\u0131ld\u0131\u011f\u0131 \u015feye muhalefet etmesi anlam\u0131na gelece\u011finden dolay\u0131 ald\u0131\u011f\u0131 emaneti tazminle sorumlu olur. Mesela, kendisine emanet edilen bir mal\u0131 \u00e7alan bir h\u0131rs\u0131z\u0131 g\u00f6r\u00fcr de bu h\u0131rs\u0131z\u0131 engellemeye g\u00fcc\u00fc yetmesine ra\u011fmen buna mani olmazsa akit sebebiyle sorumlulu\u011fu alt\u0131na girdi\u011fi \u015feyi terk etti\u011fi i\u00e7in mal\u0131 tazmin eder.<\/li>\n<li><strong>Sahibi i\u00e7in korumamak: <\/strong>Emanet al\u0131nan mal kullan\u0131lmak i\u00e7in de\u011fil sadece sahibi ad\u0131na korunmas\u0131 i\u00e7in al\u0131n\u0131r. Zaten emanetin tarifi de budur.<a href=\"#_ftn2\" name=\"_ftnref2\">[2]<\/a> Bir kimse, emanet olarak ald\u0131\u011f\u0131 elbise t\u00fcr\u00fcnden olan bir mal\u0131 giymesi, bine\u011fe binmesi, k\u00f6leyi kendi hizmetinde kullanmas\u0131 gibi emanet \u00fczerinde kendi ad\u0131na tasarruflarda bulunacak olursa ve bu sebeplerle mala her hangi bir zarar gelecek olursa mal\u0131 tazmin etmekle m\u00fckellef olur. Ayr\u0131ca emanet mal\u0131 kendi ailesinden olmayan kimseye tevdi edecek olursa<a href=\"#_ftn3\" name=\"_ftnref3\">[3]<\/a>, kendisine s\u00f6ylenen evden ba\u015fka bir yerde onu koruyarak mal\u0131n bu \u015fekilde helak\u0131na sebep olursa yahut \u00f6l\u00fcm\u00fc s\u0131ras\u0131nda mal\u0131n kendi yan\u0131nda emanet olarak bulundu\u011funu a\u00e7\u0131klamayacak olursa yine tazminle m\u00fckellef olur. Ayn\u0131 \u015fekilde emanet ald\u0131\u011f\u0131 bu\u011fday arpa vs. gibi kar\u0131\u015fmaya elveri\u015fli olan bir mal\u0131 ay\u0131rt edilemeyecek \u015fekilde ba\u015fka bir malla kar\u0131\u015ft\u0131racak olsa yine emaneti geri \u00f6deyecektir.<\/li>\n<li><strong>Talep etti\u011fi zamanda mal sahibinin y\u00fcz\u00fcne kar\u015f\u0131 emaneti inkar etmek:<\/strong> Emaneti alan ki\u015fi, mal\u0131n sahibinin emanetini geri istemesi durumunda onun kendisinde bir emaneti bulunmad\u0131\u011f\u0131n\u0131 y\u00fcz\u00fcne kar\u015f\u0131 s\u00f6ylerse bak\u0131l\u0131r: \u015eayet mal sahibi bu mal\u0131n o ki\u015finin yan\u0131nda emanet olarak bulundu\u011funa delil g\u00f6sterebilirse veya inkar eden ki\u015fi yemin edemezse yahut da emanet\u00e7i bu mal\u0131n emanet oldu\u011funu kendili\u011finden ikrar edecek olursa mal\u0131 geriye tazmin edecektir. Zira mal sahibi bu kimseden mal\u0131n\u0131 geri istemesiyle art\u0131k bu kimseyi mal\u0131 koruma g\u00f6revinden azletti\u011fini ibraz etmi\u015ftir. Emanet\u00e7i de mal\u0131n emanet olarak kendi yan\u0131nda bulunmas\u0131n\u0131 ink\u00e2r edince kendisini h\u0131fz\/koruma g\u00f6revinden alm\u0131\u015f ve bu sebeple mal kendi yan\u0131nda sahibinin izni olmaks\u0131z\u0131n kalm\u0131\u015ft\u0131r. Bu kimse g\u00e2s\u0131p h\u00fckm\u00fcnde olaca\u011f\u0131ndan dolay\u0131 yukar\u0131daki ihtimaller s\u00f6z konusu oldu\u011funda mal\u0131 tazminle sorumlu olacakt\u0131r. Buradaki \u201cmal\u0131n sahibinin y\u00fcz\u00fcne kar\u015f\u0131 mal\u0131n emanet olu\u015funu ink\u00e2r etmesi\u201d \u015feklindeki kay\u0131t m\u00fchimdir. Zira ayn\u0131 ki\u015fi mal\u0131n sahibinin arkas\u0131ndan ba\u015fka birisine kar\u015f\u0131 b\u00f6yle bir mal\u0131n kendi yan\u0131nda emanet olarak bulunmad\u0131\u011f\u0131n\u0131 s\u00f6ylemesi bu mal\u0131 koruma maksatl\u0131 olabilece\u011finden dolay\u0131 tazmin sebebi say\u0131lmamaktad\u0131r.<\/li>\n<li><strong>Hakikaten veya manen telef etmek:<\/strong> Mal\u0131 hakikaten telef etmesi, kendi fiiliyle mal\u0131n telef edilmesi anlam\u0131ndad\u0131r. Manen telef etmesi de mal sahibini emanetten faydalanmaktan aciz b\u0131rakmas\u0131 manas\u0131ndad\u0131r. Mesela mal sahibi mal\u0131n\u0131 geri istedi\u011finde emanet\u00e7i olan kimse mal\u0131 geri verebilecek durumda olmas\u0131na ra\u011fmen bu mal\u0131 ona teslim etmemesi onu manen telef etmesidir. Bu ba\u015fkas\u0131n\u0131n mal\u0131n\u0131 izni olmaks\u0131z\u0131n telef etme anlam\u0131na geldi\u011finden dolay\u0131 tazmini gerektiren bir durumdur.<a href=\"#_ftn4\" name=\"_ftnref4\">[4]<\/a><\/li>\n<\/ol>\n<p>B\u00fct\u00fcn bunlardan anla\u015f\u0131ld\u0131\u011f\u0131 \u00fczere emanetin tazmin edilmeme meselesi mutlak olarak anla\u015f\u0131lmamas\u0131 gereken mukayyed bir kaidedir.<a href=\"#_ftn5\" name=\"_ftnref5\">[5]<\/a> \u00d6yleyse konuyu bu \u015fartlar m\u00fcvazenesinde de\u011ferlendirmemiz gerekmektedir<\/p>\n<p>Vallahu a&#8217;lem&#8230;<\/p>\n<hr \/>\n<p><a href=\"#_ftnref1\" name=\"_ftn1\"><strong>[1]<\/strong><\/a> Ali Haydar, <em><strong>D\u00fcreru\u2019l-H\u00fckk\u00e2m \u015eerhu Mecelleti\u2019l-Ahk\u00e2m<\/strong><\/em>, II\/ 235 Daru Alemi\u2019l-K\u00fct\u00fcb, Beyrut, 2003, Muhammed Kadri Pa\u015fa, <em><strong>M\u00fcr\u015fidu\u2019l-Hayr\u00e2n<\/strong><\/em>, S. 115, No: 707 el-Matbaatu\u2019l-K\u00fcbr\u00e2\u2019l-Em\u00eeriyye, 1308, Bulak<\/p>\n<p><a href=\"#_ftnref2\" name=\"_ftn2\"><strong>[2]<\/strong><\/a> ez-Zeyl\u00e2\u00ee, <em><strong>Teby\u00eenu\u2019l-Hakaik<\/strong><\/em>, VI\/ 17 Daru\u2019l-K\u00fct\u00fcbi\u2019l-\u0130lmiyye, Beyrut-L\u00fcbnan 2010, B.II<\/p>\n<p><a href=\"#_ftnref3\" name=\"_ftn3\"><strong>[3]<\/strong><\/a> Bu noktada \u0130mam Muhammed\u2019in \u015f\u00f6yle bir g\u00f6r\u00fc\u015f\u00fc nakledilir: \u015eayet emaneti alan kimse bu mal\u0131 ailesinden olmayan vekile yahut veya kendi mal\u0131 hususunda g\u00fcvendi\u011fi kimselerden birine teslim edecek olursa tazminle m\u00fckellef olmaz. Zira b\u00f6yle bir ki\u015fi kendisine emanet edilen mal\u0131 kendi mal\u0131n\u0131 korudu\u011fu gibi korumu\u015ftur. Bu g\u00f6r\u00fc\u015f\u00fc Hidaye \u015earihlerinden en-Nihaye sahibi, Timurta\u015fi\u2019ye o da el-Halvani\u2019 ye nispet etmi\u015f ve fetva verilmesi gereken g\u00f6r\u00fc\u015f\u00fcn bu oldu\u011funu s\u00f6ylemi\u015ftir. Ali el-Kari, <strong><em>Fethu B\u00e2bi\u2019l-\u0130naye<\/em>,<\/strong> II\/ 592, Daru\u2019l-K\u00fct\u00fcbi\u2019l-\u0130lmiyye, Beyrut-L\u00fcbnan, 2009, B.I, Mecelle\u2019nin konuyla ilgili maddesi de bu fetvaya g\u00f6re d\u00fczenlenmi\u015f g\u00f6z\u00fckmektedir. Bkz. <em><strong>Mecelle<\/strong><\/em>, s. 116, No: 780 el-Matbaatu\u2019l-Edebiyye, H. 1202, Beyrut<\/p>\n<p><a href=\"#_ftnref4\" name=\"_ftn4\"><strong>[4]<\/strong><\/a> Alauddin el-K\u00e2s\u00e2n\u00ee, <em><strong>Bedaiu\u2019s-San\u00e2i<\/strong><\/em>\u2019, VI\/ 323-325 Daru\u2019l-Fikr, Beyrut-L\u00fcbnan, B.I<\/p>\n<p><a href=\"#_ftnref5\" name=\"_ftn5\"><strong>[5]<\/strong><\/a> Emanetin hangi durumlarda tazmininin gerekli olup olmad\u0131\u011f\u0131 konusunun tafsilat\u0131 i\u00e7in Bkz. Ebu Muhammed \u011e\u00e2nim b. Muhammed el-Ba\u011fd\u00e2di, <em><strong>Mecmau\u2019z-Zam\u00e2n\u00e2t<\/strong><\/em>, s. 191, 232 Daru\u2019s-Selam, Kahire, 1999, B.I<\/p>\n","protected":false},"excerpt":{"rendered":"<p>Soru: Herkesten s\u0131k\u00e7a duydu\u011fum bir mesele var: \u015eayet bir mal emanetse\u00a0 ba\u015f\u0131na bir \u015fey gelmesi durumunda emanet\u00e7i o mal\u0131 \u00f6demek mecburiyetinde de\u011fildir. Bu her h\u00e2l\u00fck\u00e2rda b\u00f6yle midir? Yoksa f\u0131kh\u00ee a\u00e7\u0131dan bir tafsilat\u0131 var m\u0131d\u0131r? Cevap: Emanetin zayi edilmesi durumunda tazmin edilmemesi gerekti\u011fi \u201cEmanet mazmun de\u011fildir\u201d \u015feklindeki me\u015fhur mecelle kaidesidir. Lakin bu ifadeyi genellemek do\u011fru olmaz. [&hellip;]<\/p>\n","protected":false},"author":3,"featured_media":721,"comment_status":"open","ping_status":"open","sticky":false,"template":"","format":"standard","meta":{"content-type":"","_monsterinsights_skip_tracking":false,"_monsterinsights_sitenote_active":false,"_monsterinsights_sitenote_note":"","_monsterinsights_sitenote_category":0,"footnotes":""},"categories":[16,8],"tags":[181,223,479,620,654],"class_list":{"0":"post-720","1":"post","2":"type-post","3":"status-publish","4":"format-standard","5":"has-post-thumbnail","7":"category-diger-meseleler","8":"category-sual-cevap","9":"tag-emanet","10":"tag-geriye-odeme","11":"tag-mukellef","12":"tag-sorumlu","13":"tag-tazmin"},"yoast_head":"<!-- This site is optimized with the Yoast SEO plugin v23.2 - https:\/\/yoast.com\/wordpress\/plugins\/seo\/ -->\n<title>Em\u00e2netin Tazmin Edilmeme Meselesi - \u00d6mer Faruk Korkmaz Hocaefendi<\/title>\n<meta name=\"robots\" content=\"index, follow, max-snippet:-1, max-image-preview:large, max-video-preview:-1\" \/>\n<link rel=\"canonical\" href=\"https:\/\/omerfarukkorkmaz.com.tr\/tr\/emanetin-tazmin-edilmeme-meselesi-2\/\" \/>\n<meta property=\"og:locale\" content=\"tr_TR\" \/>\n<meta property=\"og:type\" content=\"article\" \/>\n<meta property=\"og:title\" content=\"Em\u00e2netin Tazmin Edilmeme Meselesi - \u00d6mer Faruk Korkmaz Hocaefendi\" \/>\n<meta property=\"og:description\" content=\"Soru: Herkesten s\u0131k\u00e7a duydu\u011fum bir mesele var: \u015eayet bir mal emanetse\u00a0 ba\u015f\u0131na bir \u015fey gelmesi durumunda emanet\u00e7i o mal\u0131 \u00f6demek mecburiyetinde de\u011fildir. Bu her h\u00e2l\u00fck\u00e2rda b\u00f6yle midir? Yoksa f\u0131kh\u00ee a\u00e7\u0131dan bir tafsilat\u0131 var m\u0131d\u0131r? Cevap: Emanetin zayi edilmesi durumunda tazmin edilmemesi gerekti\u011fi \u201cEmanet mazmun de\u011fildir\u201d \u015feklindeki me\u015fhur mecelle kaidesidir. Lakin bu ifadeyi genellemek do\u011fru olmaz. [&hellip;]\" \/>\n<meta property=\"og:url\" content=\"https:\/\/omerfarukkorkmaz.com.tr\/tr\/emanetin-tazmin-edilmeme-meselesi-2\/\" \/>\n<meta property=\"og:site_name\" content=\"\u00d6mer Faruk Korkmaz Hocaefendi\" \/>\n<meta property=\"article:published_time\" content=\"2020-11-30T19:58:27+00:00\" \/>\n<meta property=\"og:image\" content=\"https:\/\/omerfarukkorkmaz.com.tr\/tr\/wp-content\/uploads\/2020\/11\/1623b248-3ed0-4164-8536-059f558de2c2-e1606766255578.jpg\" \/>\n\t<meta property=\"og:image:width\" content=\"995\" \/>\n\t<meta property=\"og:image:height\" content=\"487\" \/>\n\t<meta property=\"og:image:type\" content=\"image\/jpeg\" \/>\n<meta name=\"author\" content=\"\u00d6mer Faruk Korkmaz\" \/>\n<meta name=\"twitter:card\" content=\"summary_large_image\" \/>\n<meta name=\"twitter:label1\" content=\"Yazan:\" \/>\n\t<meta name=\"twitter:data1\" content=\"\u00d6mer Faruk Korkmaz\" \/>\n\t<meta name=\"twitter:label2\" content=\"Tahmini okuma s\u00fcresi\" \/>\n\t<meta name=\"twitter:data2\" content=\"5 dakika\" \/>\n<script type=\"application\/ld+json\" class=\"yoast-schema-graph\">{\"@context\":\"https:\/\/schema.org\",\"@graph\":[{\"@type\":\"Article\",\"@id\":\"https:\/\/omerfarukkorkmaz.com.tr\/tr\/emanetin-tazmin-edilmeme-meselesi-2\/#article\",\"isPartOf\":{\"@id\":\"https:\/\/omerfarukkorkmaz.com.tr\/tr\/emanetin-tazmin-edilmeme-meselesi-2\/\"},\"author\":{\"name\":\"\u00d6mer Faruk Korkmaz\",\"@id\":\"https:\/\/omerfarukkorkmaz.com.tr\/tr\/#\/schema\/person\/7efd65277de8b9dc0520ec210e387854\"},\"headline\":\"Em\u00e2netin Tazmin Edilmeme Meselesi\",\"datePublished\":\"2020-11-30T19:58:27+00:00\",\"dateModified\":\"2020-11-30T19:58:27+00:00\",\"mainEntityOfPage\":{\"@id\":\"https:\/\/omerfarukkorkmaz.com.tr\/tr\/emanetin-tazmin-edilmeme-meselesi-2\/\"},\"wordCount\":947,\"commentCount\":0,\"publisher\":{\"@id\":\"https:\/\/omerfarukkorkmaz.com.tr\/tr\/#\/schema\/person\/7efd65277de8b9dc0520ec210e387854\"},\"image\":{\"@id\":\"https:\/\/omerfarukkorkmaz.com.tr\/tr\/emanetin-tazmin-edilmeme-meselesi-2\/#primaryimage\"},\"thumbnailUrl\":\"https:\/\/omerfarukkorkmaz.com.tr\/tr\/wp-content\/uploads\/2020\/11\/1623b248-3ed0-4164-8536-059f558de2c2-e1606766255578.jpg\",\"keywords\":[\"Emanet\",\"geriye \u00f6deme\",\"M\u00fckellef\",\"sorumlu\",\"tazmin\"],\"articleSection\":[\"Di\u011fer Meseleler\",\"Sual Cevap\"],\"inLanguage\":\"tr\",\"potentialAction\":[{\"@type\":\"CommentAction\",\"name\":\"Comment\",\"target\":[\"https:\/\/omerfarukkorkmaz.com.tr\/tr\/emanetin-tazmin-edilmeme-meselesi-2\/#respond\"]}]},{\"@type\":\"WebPage\",\"@id\":\"https:\/\/omerfarukkorkmaz.com.tr\/tr\/emanetin-tazmin-edilmeme-meselesi-2\/\",\"url\":\"https:\/\/omerfarukkorkmaz.com.tr\/tr\/emanetin-tazmin-edilmeme-meselesi-2\/\",\"name\":\"Em\u00e2netin Tazmin Edilmeme Meselesi - \u00d6mer Faruk Korkmaz Hocaefendi\",\"isPartOf\":{\"@id\":\"https:\/\/omerfarukkorkmaz.com.tr\/tr\/#website\"},\"primaryImageOfPage\":{\"@id\":\"https:\/\/omerfarukkorkmaz.com.tr\/tr\/emanetin-tazmin-edilmeme-meselesi-2\/#primaryimage\"},\"image\":{\"@id\":\"https:\/\/omerfarukkorkmaz.com.tr\/tr\/emanetin-tazmin-edilmeme-meselesi-2\/#primaryimage\"},\"thumbnailUrl\":\"https:\/\/omerfarukkorkmaz.com.tr\/tr\/wp-content\/uploads\/2020\/11\/1623b248-3ed0-4164-8536-059f558de2c2-e1606766255578.jpg\",\"datePublished\":\"2020-11-30T19:58:27+00:00\",\"dateModified\":\"2020-11-30T19:58:27+00:00\",\"breadcrumb\":{\"@id\":\"https:\/\/omerfarukkorkmaz.com.tr\/tr\/emanetin-tazmin-edilmeme-meselesi-2\/#breadcrumb\"},\"inLanguage\":\"tr\",\"potentialAction\":[{\"@type\":\"ReadAction\",\"target\":[\"https:\/\/omerfarukkorkmaz.com.tr\/tr\/emanetin-tazmin-edilmeme-meselesi-2\/\"]}]},{\"@type\":\"ImageObject\",\"inLanguage\":\"tr\",\"@id\":\"https:\/\/omerfarukkorkmaz.com.tr\/tr\/emanetin-tazmin-edilmeme-meselesi-2\/#primaryimage\",\"url\":\"https:\/\/omerfarukkorkmaz.com.tr\/tr\/wp-content\/uploads\/2020\/11\/1623b248-3ed0-4164-8536-059f558de2c2-e1606766255578.jpg\",\"contentUrl\":\"https:\/\/omerfarukkorkmaz.com.tr\/tr\/wp-content\/uploads\/2020\/11\/1623b248-3ed0-4164-8536-059f558de2c2-e1606766255578.jpg\",\"width\":995,\"height\":487},{\"@type\":\"BreadcrumbList\",\"@id\":\"https:\/\/omerfarukkorkmaz.com.tr\/tr\/emanetin-tazmin-edilmeme-meselesi-2\/#breadcrumb\",\"itemListElement\":[{\"@type\":\"ListItem\",\"position\":1,\"name\":\"Anasayfa\",\"item\":\"https:\/\/omerfarukkorkmaz.com.tr\/tr\/\"},{\"@type\":\"ListItem\",\"position\":2,\"name\":\"Em\u00e2netin Tazmin Edilmeme Meselesi\"}]},{\"@type\":\"WebSite\",\"@id\":\"https:\/\/omerfarukkorkmaz.com.tr\/tr\/#website\",\"url\":\"https:\/\/omerfarukkorkmaz.com.tr\/tr\/\",\"name\":\"\u00d6mer Faruk Korkmaz Hocaefendi\",\"description\":\"Resmi Web Sayfas\u0131\",\"publisher\":{\"@id\":\"https:\/\/omerfarukkorkmaz.com.tr\/tr\/#\/schema\/person\/7efd65277de8b9dc0520ec210e387854\"},\"potentialAction\":[{\"@type\":\"SearchAction\",\"target\":{\"@type\":\"EntryPoint\",\"urlTemplate\":\"https:\/\/omerfarukkorkmaz.com.tr\/tr\/?s={search_term_string}\"},\"query-input\":\"required name=search_term_string\"}],\"inLanguage\":\"tr\"},{\"@type\":[\"Person\",\"Organization\"],\"@id\":\"https:\/\/omerfarukkorkmaz.com.tr\/tr\/#\/schema\/person\/7efd65277de8b9dc0520ec210e387854\",\"name\":\"\u00d6mer Faruk Korkmaz\",\"image\":{\"@type\":\"ImageObject\",\"inLanguage\":\"tr\",\"@id\":\"https:\/\/omerfarukkorkmaz.com.tr\/tr\/#\/schema\/person\/image\/\",\"url\":\"https:\/\/omerfarukkorkmaz.com.tr\/tr\/wp-content\/uploads\/2020\/12\/cropped-nkl-2.png\",\"contentUrl\":\"https:\/\/omerfarukkorkmaz.com.tr\/tr\/wp-content\/uploads\/2020\/12\/cropped-nkl-2.png\",\"width\":512,\"height\":512,\"caption\":\"\u00d6mer Faruk Korkmaz\"},\"logo\":{\"@id\":\"https:\/\/omerfarukkorkmaz.com.tr\/tr\/#\/schema\/person\/image\/\"},\"url\":\"https:\/\/omerfarukkorkmaz.com.tr\/tr\/author\/ofkorkmaz\/\"}]}<\/script>\n<!-- \/ Yoast SEO plugin. -->","yoast_head_json":{"title":"Em\u00e2netin Tazmin Edilmeme Meselesi - \u00d6mer Faruk Korkmaz Hocaefendi","robots":{"index":"index","follow":"follow","max-snippet":"max-snippet:-1","max-image-preview":"max-image-preview:large","max-video-preview":"max-video-preview:-1"},"canonical":"https:\/\/omerfarukkorkmaz.com.tr\/tr\/emanetin-tazmin-edilmeme-meselesi-2\/","og_locale":"tr_TR","og_type":"article","og_title":"Em\u00e2netin Tazmin Edilmeme Meselesi - \u00d6mer Faruk Korkmaz Hocaefendi","og_description":"Soru: Herkesten s\u0131k\u00e7a duydu\u011fum bir mesele var: \u015eayet bir mal emanetse\u00a0 ba\u015f\u0131na bir \u015fey gelmesi durumunda emanet\u00e7i o mal\u0131 \u00f6demek mecburiyetinde de\u011fildir. Bu her h\u00e2l\u00fck\u00e2rda b\u00f6yle midir? Yoksa f\u0131kh\u00ee a\u00e7\u0131dan bir tafsilat\u0131 var m\u0131d\u0131r? Cevap: Emanetin zayi edilmesi durumunda tazmin edilmemesi gerekti\u011fi \u201cEmanet mazmun de\u011fildir\u201d \u015feklindeki me\u015fhur mecelle kaidesidir. Lakin bu ifadeyi genellemek do\u011fru olmaz. [&hellip;]","og_url":"https:\/\/omerfarukkorkmaz.com.tr\/tr\/emanetin-tazmin-edilmeme-meselesi-2\/","og_site_name":"\u00d6mer Faruk Korkmaz Hocaefendi","article_published_time":"2020-11-30T19:58:27+00:00","og_image":[{"width":995,"height":487,"url":"https:\/\/omerfarukkorkmaz.com.tr\/tr\/wp-content\/uploads\/2020\/11\/1623b248-3ed0-4164-8536-059f558de2c2-e1606766255578.jpg","type":"image\/jpeg"}],"author":"\u00d6mer Faruk Korkmaz","twitter_card":"summary_large_image","twitter_misc":{"Yazan:":"\u00d6mer Faruk Korkmaz","Tahmini okuma s\u00fcresi":"5 dakika"},"schema":{"@context":"https:\/\/schema.org","@graph":[{"@type":"Article","@id":"https:\/\/omerfarukkorkmaz.com.tr\/tr\/emanetin-tazmin-edilmeme-meselesi-2\/#article","isPartOf":{"@id":"https:\/\/omerfarukkorkmaz.com.tr\/tr\/emanetin-tazmin-edilmeme-meselesi-2\/"},"author":{"name":"\u00d6mer Faruk Korkmaz","@id":"https:\/\/omerfarukkorkmaz.com.tr\/tr\/#\/schema\/person\/7efd65277de8b9dc0520ec210e387854"},"headline":"Em\u00e2netin Tazmin Edilmeme Meselesi","datePublished":"2020-11-30T19:58:27+00:00","dateModified":"2020-11-30T19:58:27+00:00","mainEntityOfPage":{"@id":"https:\/\/omerfarukkorkmaz.com.tr\/tr\/emanetin-tazmin-edilmeme-meselesi-2\/"},"wordCount":947,"commentCount":0,"publisher":{"@id":"https:\/\/omerfarukkorkmaz.com.tr\/tr\/#\/schema\/person\/7efd65277de8b9dc0520ec210e387854"},"image":{"@id":"https:\/\/omerfarukkorkmaz.com.tr\/tr\/emanetin-tazmin-edilmeme-meselesi-2\/#primaryimage"},"thumbnailUrl":"https:\/\/omerfarukkorkmaz.com.tr\/tr\/wp-content\/uploads\/2020\/11\/1623b248-3ed0-4164-8536-059f558de2c2-e1606766255578.jpg","keywords":["Emanet","geriye \u00f6deme","M\u00fckellef","sorumlu","tazmin"],"articleSection":["Di\u011fer Meseleler","Sual Cevap"],"inLanguage":"tr","potentialAction":[{"@type":"CommentAction","name":"Comment","target":["https:\/\/omerfarukkorkmaz.com.tr\/tr\/emanetin-tazmin-edilmeme-meselesi-2\/#respond"]}]},{"@type":"WebPage","@id":"https:\/\/omerfarukkorkmaz.com.tr\/tr\/emanetin-tazmin-edilmeme-meselesi-2\/","url":"https:\/\/omerfarukkorkmaz.com.tr\/tr\/emanetin-tazmin-edilmeme-meselesi-2\/","name":"Em\u00e2netin Tazmin Edilmeme Meselesi - \u00d6mer Faruk Korkmaz Hocaefendi","isPartOf":{"@id":"https:\/\/omerfarukkorkmaz.com.tr\/tr\/#website"},"primaryImageOfPage":{"@id":"https:\/\/omerfarukkorkmaz.com.tr\/tr\/emanetin-tazmin-edilmeme-meselesi-2\/#primaryimage"},"image":{"@id":"https:\/\/omerfarukkorkmaz.com.tr\/tr\/emanetin-tazmin-edilmeme-meselesi-2\/#primaryimage"},"thumbnailUrl":"https:\/\/omerfarukkorkmaz.com.tr\/tr\/wp-content\/uploads\/2020\/11\/1623b248-3ed0-4164-8536-059f558de2c2-e1606766255578.jpg","datePublished":"2020-11-30T19:58:27+00:00","dateModified":"2020-11-30T19:58:27+00:00","breadcrumb":{"@id":"https:\/\/omerfarukkorkmaz.com.tr\/tr\/emanetin-tazmin-edilmeme-meselesi-2\/#breadcrumb"},"inLanguage":"tr","potentialAction":[{"@type":"ReadAction","target":["https:\/\/omerfarukkorkmaz.com.tr\/tr\/emanetin-tazmin-edilmeme-meselesi-2\/"]}]},{"@type":"ImageObject","inLanguage":"tr","@id":"https:\/\/omerfarukkorkmaz.com.tr\/tr\/emanetin-tazmin-edilmeme-meselesi-2\/#primaryimage","url":"https:\/\/omerfarukkorkmaz.com.tr\/tr\/wp-content\/uploads\/2020\/11\/1623b248-3ed0-4164-8536-059f558de2c2-e1606766255578.jpg","contentUrl":"https:\/\/omerfarukkorkmaz.com.tr\/tr\/wp-content\/uploads\/2020\/11\/1623b248-3ed0-4164-8536-059f558de2c2-e1606766255578.jpg","width":995,"height":487},{"@type":"BreadcrumbList","@id":"https:\/\/omerfarukkorkmaz.com.tr\/tr\/emanetin-tazmin-edilmeme-meselesi-2\/#breadcrumb","itemListElement":[{"@type":"ListItem","position":1,"name":"Anasayfa","item":"https:\/\/omerfarukkorkmaz.com.tr\/tr\/"},{"@type":"ListItem","position":2,"name":"Em\u00e2netin Tazmin Edilmeme Meselesi"}]},{"@type":"WebSite","@id":"https:\/\/omerfarukkorkmaz.com.tr\/tr\/#website","url":"https:\/\/omerfarukkorkmaz.com.tr\/tr\/","name":"\u00d6mer Faruk Korkmaz Hocaefendi","description":"Resmi Web Sayfas\u0131","publisher":{"@id":"https:\/\/omerfarukkorkmaz.com.tr\/tr\/#\/schema\/person\/7efd65277de8b9dc0520ec210e387854"},"potentialAction":[{"@type":"SearchAction","target":{"@type":"EntryPoint","urlTemplate":"https:\/\/omerfarukkorkmaz.com.tr\/tr\/?s={search_term_string}"},"query-input":"required name=search_term_string"}],"inLanguage":"tr"},{"@type":["Person","Organization"],"@id":"https:\/\/omerfarukkorkmaz.com.tr\/tr\/#\/schema\/person\/7efd65277de8b9dc0520ec210e387854","name":"\u00d6mer Faruk Korkmaz","image":{"@type":"ImageObject","inLanguage":"tr","@id":"https:\/\/omerfarukkorkmaz.com.tr\/tr\/#\/schema\/person\/image\/","url":"https:\/\/omerfarukkorkmaz.com.tr\/tr\/wp-content\/uploads\/2020\/12\/cropped-nkl-2.png","contentUrl":"https:\/\/omerfarukkorkmaz.com.tr\/tr\/wp-content\/uploads\/2020\/12\/cropped-nkl-2.png","width":512,"height":512,"caption":"\u00d6mer Faruk Korkmaz"},"logo":{"@id":"https:\/\/omerfarukkorkmaz.com.tr\/tr\/#\/schema\/person\/image\/"},"url":"https:\/\/omerfarukkorkmaz.com.tr\/tr\/author\/ofkorkmaz\/"}]}},"_links":{"self":[{"href":"https:\/\/omerfarukkorkmaz.com.tr\/tr\/wp-json\/wp\/v2\/posts\/720","targetHints":{"allow":["GET"]}}],"collection":[{"href":"https:\/\/omerfarukkorkmaz.com.tr\/tr\/wp-json\/wp\/v2\/posts"}],"about":[{"href":"https:\/\/omerfarukkorkmaz.com.tr\/tr\/wp-json\/wp\/v2\/types\/post"}],"author":[{"embeddable":true,"href":"https:\/\/omerfarukkorkmaz.com.tr\/tr\/wp-json\/wp\/v2\/users\/3"}],"replies":[{"embeddable":true,"href":"https:\/\/omerfarukkorkmaz.com.tr\/tr\/wp-json\/wp\/v2\/comments?post=720"}],"version-history":[{"count":0,"href":"https:\/\/omerfarukkorkmaz.com.tr\/tr\/wp-json\/wp\/v2\/posts\/720\/revisions"}],"wp:featuredmedia":[{"embeddable":true,"href":"https:\/\/omerfarukkorkmaz.com.tr\/tr\/wp-json\/wp\/v2\/media\/721"}],"wp:attachment":[{"href":"https:\/\/omerfarukkorkmaz.com.tr\/tr\/wp-json\/wp\/v2\/media?parent=720"}],"wp:term":[{"taxonomy":"category","embeddable":true,"href":"https:\/\/omerfarukkorkmaz.com.tr\/tr\/wp-json\/wp\/v2\/categories?post=720"},{"taxonomy":"post_tag","embeddable":true,"href":"https:\/\/omerfarukkorkmaz.com.tr\/tr\/wp-json\/wp\/v2\/tags?post=720"}],"curies":[{"name":"wp","href":"https:\/\/api.w.org\/{rel}","templated":true}]}}