{"id":696,"date":"2020-11-11T16:45:38","date_gmt":"2020-11-11T16:45:38","guid":{"rendered":"http:\/\/www.omerfarukkorkmaz.com.tr\/?p=696"},"modified":"2020-11-11T16:45:38","modified_gmt":"2020-11-11T16:45:38","slug":"tayy-i-zaman-ve-tayy-i-mekan-var-midir","status":"publish","type":"post","link":"https:\/\/omerfarukkorkmaz.com.tr\/tr\/tayy-i-zaman-ve-tayy-i-mekan-var-midir\/","title":{"rendered":"Tayy-i Zaman Ve Tayy-i Mek\u00e2n Var M\u0131d\u0131r?"},"content":{"rendered":"<blockquote><p><strong>Soru: <\/strong>Tasavvuf konular\u0131 i\u00e7inde en \u00e7ok dikkatimi \u00e7ekenlerden biri de tayy-i zaman ve tayy-i mekan konusudur.\u00a0 Tasavvuf kaynaklar\u0131 buna yer veriyorlar. B\u00f6yle bir \u015fey ger\u00e7ekten olabilir mi?<\/p><\/blockquote>\n<p><strong>Cevap: <\/strong>Soruyu cevapland\u0131rmaya ba\u015flamadan \u00f6nce tayy-i zaman ve mekan\u0131n ne demek oldu\u011funu beyan edelim. L\u00fcgav\u00ee anlam\u0131 itibar\u0131yla bir \u015feyi d\u00fcrmek,<a href=\"#_ftn1\" name=\"_ftnref1\">[1]<\/a> bir k\u0131sm\u0131n\u0131 di\u011ferine katmak,<a href=\"#_ftn2\" name=\"_ftnref2\">[2]<\/a> gibi manalara tekab\u00fcl eden \u00a0\u00a0\u0637\u064a\/tayy kelimesi, zaman ve mekana izafe edilmekle \u201czaman\u0131n veya mesafesinin d\u00fcr\u00fclmesi\u201d anlam\u0131na gelmektedir. Daha a\u00e7\u0131k bir ifadeyle, bir an i\u00e7inde \u00e7ok uzun bir zaman ya\u015famaya tayy-i zaman, uzak bir mesafeye\u00a0 bir anda gitmeye tayy-i mekan denmektedir. El-K\u00e2\u015f\u00e2n\u00ee\u2019ye g\u00f6re tayy-i zaman, k\u0131sa olan zaman\u0131n uzuna \u00e7evrilmesidir. Zira zaman denen \u015feyin bir de asl\u0131 vard\u0131r ki o da \u201cdaim\u00ee an\u201d d\u0131r. Bu ana malik olan ki\u015fiye ise \u201csahibu\u2019z-zaman\u201d denmektedir.<a href=\"#_ftn3\" name=\"_ftnref3\">[3]<\/a><\/p>\n<p>Tayy-i zaman ve mekan\u0131n harikulade bir hadise oldu\u011funda hi\u00e7 ku\u015fku yoktur. Bu sebeple tasavvuf\u00ee eserlerde s\u00fbfilerin kerametlerinden say\u0131lm\u0131\u015ft\u0131r.<a href=\"#_ftn4\" name=\"_ftnref4\">[4]<\/a> Hemen belirtelim ki bu harikulade durum sadece sufilere mahsus, onlar\u0131n ihdas etti\u011fi bir \u015fey olarak anla\u015f\u0131lmamal\u0131d\u0131r. Nitekim, Allah Resul\u00fc \ufdfa\u2019n\u00fcn Mescid-i Haram\u2019dan Mescid-i Aksa\u2019ya ve oradan da g\u00f6klere yapm\u0131\u015f oldu\u011fu yolculuk bunun bir misali olarak zikredilmektedir.<a href=\"#_ftn5\" name=\"_ftnref5\">[5]<\/a> Zira bu hadise her ne kadar bir peygamberin mucizesi olarak tezah\u00fcr etmi\u015f olsa da netice itibar\u0131yla zaman ve mekan\u0131n bir harikulade olay olarak d\u00fcr\u00fclebilmesinin haddi zat\u0131nda m\u00fcmk\u00fcn oldu\u011funu g\u00f6stermektedir.<\/p>\n<p>Hz. S\u00fcleyman\u2019\u0131n iste\u011fi \u00fczerine, peygamber olmayan \u00c2s\u00e2f b. Berhiya\u2019n\u0131n g\u00f6z a\u00e7\u0131p kapayacak kadar k\u0131sa bir m\u00fcddet zarf\u0131nda Belk\u0131s\u2019\u0131n taht\u0131n\u0131 Yemen\u2019in en u\u00e7 noktas\u0131ndan Bil\u00e2d-\u0131 \u015e\u00e2m\u2019\u0131n en u\u00e7 noktas\u0131na getirmesi de bahsinde oldu\u011fumuz meselenin bariz bir delilidir.<a href=\"#_ftn6\" name=\"_ftnref6\">[6]<\/a> Keza Ash\u00e2b-\u0131 Kehfin \u00fc\u00e7 y\u00fcz dokuz sene uyuduklar\u0131 m\u00fcddeti bir g\u00fcn veya bir g\u00fcndeki bir an zannetmeleri de<a href=\"#_ftn7\" name=\"_ftnref7\">[7]<\/a> bahsimize misal te\u015fkil etmektedir.<\/p>\n<p>B\u00fct\u00fcn bunlar ve benzerleri bize i\u00e7inde ya\u015fad\u0131\u011f\u0131m\u0131z zaman\u0131n ve kastetti\u011fimiz mesafelerin bunlar\u0131 yaratan Allah \ufdfb\u2019\u0131n dilemesiyle d\u00fcr\u00fclebilece\u011fini ve mevcut d\u00fczenin o ana mahsus a\u015f\u0131labilece\u011fini g\u00f6stermektedir. Zaman\u0131n d\u00fcr\u00fclmesine somut bir misal verecek olursak, \u0130mam et-Taber\u00ee, Nevev\u00ee, Suy\u00fbt\u00ee ve el-Leknev\u00ee gibi zatlar\u0131n hayatlar\u0131na bak\u0131n\u0131z. Bu kadar bir \u00f6mre normal \u015fartlarda o devasa \u00e7al\u0131\u015fmalar\u0131 ve eserleri s\u0131\u011fd\u0131rmak m\u00fcmk\u00fcn m\u00fcd\u00fcr? Madem m\u00fcmk\u00fcnse bug\u00fcn \u00e7ok daha fazla maddi imkanlara sahip olmam\u0131za ra\u011fmen biz bunun \u00e7eyre\u011fine dahi neden muvaffak olam\u0131yoruz? Tayy-i zaman\u0131 ink\u00e2r eden zihin yap\u0131s\u0131n\u0131n bu somut misallere da sahici cevap verebilmeleri gerekir.<\/p>\n<p>Ne yaz\u0131k ki biz bug\u00fcn materyalist d\u00fc\u015f\u00fcnceyi esas edinmi\u015f ve her \u015feye madde plan\u0131ndan bakan bilimsel s\u00f6ylemlerin tazyiki alt\u0131nda kald\u0131\u011f\u0131m\u0131z i\u00e7in bunlar\u0131 idrak etmekten aciz kal\u0131yoruz. Esas problemimiz bu asl\u0131nda. Aksi takdirde manevi alemin acayipli\u011fini bilsek o alemin deh\u015fet verici harikuladeli\u011fini bihakk\u0131n idrak etsek bunlar\u0131n son derece kolay i\u015fler oldu\u011funu anlam\u0131\u015f olaca\u011f\u0131z.<\/p>\n<p>\u0130nsan olarak as\u0131l m\u00fc\u015fkilimiz, s\u00fcrekli m\u00fc\u015fahede etti\u011fimiz \u015feyleri belli bir zaman sonra normal \u015feyler olarak telakki etmemiz ve hi\u00e7 g\u00f6rmedi\u011fimiz \u015feyleri ise garipseyip ink\u00e2r etmemizdir. Oysa bug\u00fcn bizim \u015fu alemde g\u00f6rd\u00fc\u011f\u00fcm\u00fcz her \u015fey bir mucizedir. Varl\u0131\u011f\u0131m\u0131z, da\u011flar, ta\u015flar, g\u00fcne\u015f, ay, gece ve g\u00fcnd\u00fcz\u00fcn tahavv\u00fcl\u00fc gibi\u2026 Peki, b\u00fct\u00fcn bunlar\u0131 g\u00f6z\u00fcm\u00fczde normalle\u015ftiren \u015fey nedir? Elbette ki bunlar\u0131 s\u00fcrekli olarak m\u00fc\u015fahede ediyor olu\u015fumuzdur.<a href=\"#_ftn8\" name=\"_ftnref8\">[8]<\/a><\/p>\n<p>Bu ba\u011flamda bir misal olarak zikredelim: Bir veli zat\u0131n bir anda bir yerden bir yere gitmesini anlamayan bir ki\u015fi g\u00fcne\u015f \u0131\u015f\u0131\u011f\u0131n\u0131n y\u00fcz elli milyon kilometrelik mesafeyi sadece sekiz dakikal\u0131k bir s\u00fcre zarf\u0131nda kat ederek d\u00fcnyam\u0131za ula\u015fmas\u0131n\u0131 nas\u0131l anlayabilmektedir? Yahut evliyaullah\u0131n bir anda bir yere gitmesine \u015fa\u015f\u0131ran zihniyete, ruhun bir anda hayal g\u00fcc\u00fcyle d\u00fcnyan\u0131n istedi\u011fi yerine gidebilmesini normal kabul ettiren \u015fey nedir?<\/p>\n<p>Yahut, keramet mahsul\u00fc d\u00fcnyan\u0131n bir ucundaki adamla g\u00f6r\u00fc\u015f\u00fclmesini ink\u00e2r eden adam bunun telefon vb. vas\u0131ta ile olan \u015feklini nas\u0131l makul buluyor? Bu ve benzeri sorular\u0131n cevab\u0131 elbette ki yukar\u0131da temas etti\u011fimiz noktad\u0131r: \u0130nsan i\u00e7 i\u00e7e ya\u015fad\u0131\u011f\u0131 mucizeleri normal kabul eden, hi\u00e7 g\u00f6rmedi\u011fi harikulade olaylar\u0131 ise garipseyip inkar eden bir varl\u0131kt\u0131r. Hen\u00fcz ke\u015ffedilmeden \u00f6nce g\u00f6r\u00fcnt\u00fcl\u00fc konu\u015fman\u0131n m\u00fcmk\u00fcnl\u00fc\u011f\u00fcn\u00fc bu zihniyete anlatmaya kalksayd\u0131k inan\u0131n ayn\u0131 inkarc\u0131 tutumla kar\u015f\u0131la\u015facakt\u0131k.<\/p>\n<p>Ez c\u00fcmle, Allah Te\u00e2l\u00e2 bu kainat\u0131n bir d\u00fczen i\u00e7inde y\u00fcr\u00fcmesi i\u00e7in elbette bir tak\u0131m kurallar vaz etmi\u015ftir. Buna biz \u201cil\u00e2h\u00ee nizam\u201d diyoruz. Fakat yeri ve zaman\u0131 geldi\u011finde bu kurallar\u0131 vaz eden Cenab-\u0131 Hak diledi\u011fi zamanda diledi\u011fi kul i\u00e7in bunlar\u0131 kald\u0131rabilir. B\u00f6ylece il\u00e2h\u00ee kudretin yard\u0131m\u0131yla zaman da d\u00fcr\u00fcl\u00fcr mekan da. Bunda garipsenecek, ink\u00e2ra mahal olacak hi\u00e7bir y\u00f6n yok.<\/p>\n<p>Meassselame\u2026<\/p>\n<hr \/>\n<p><a href=\"#_ftnref1\" name=\"_ftn1\">[1]<\/a> \u0130bn Manzur, <em>Lis\u00e2nu\u2019l-Arab<\/em>, XV\/18, Muhammed b. Muhammed el-H\u00fcseyn\u00ee, <em>T\u00e2cu\u2019l-Ar\u00fbs<\/em>, 38\/512<\/p>\n<p><a href=\"#_ftnref2\" name=\"_ftn2\">[2]<\/a> \u0130brahim Mustafa, Ahmed ez-Zeyy\u00e2t, H\u00e2mid Abd\u00fclkadir, Muhammed en-Necc\u00e2r, <em>el-Mucemu\u2019l-Ves\u00eet<\/em>, II\/613<\/p>\n<p><a href=\"#_ftnref3\" name=\"_ftn3\">[3]<\/a> Abd\u00fcrrezzak el-K\u00e2\u015f\u00e2n\u00ee, <em>Let\u00e2ifu\u2019l-\u0130\u2018l\u00e2m f\u00ee \u0130\u015f\u00e2r\u00e2ti Ehli\u2019l-\u0130lh\u00e2m<\/em>, Thk: Said Abd\u00fclfettah, el-Hey\u2019etu\u2019l-M\u0131sriyyetu\u2019l-\u00c2mme li\u2019l-Kit\u00e2b, 2007, Bask\u0131: III, I\/283<\/p>\n<p><a href=\"#_ftnref4\" name=\"_ftn4\">[4]<\/a> Bkz. Ebubekir b. Muhammed el-Kel\u00e2b\u00e2z\u00ee, <em>et-Taarruf li Mezhebi Ehli\u2019t-Tasavvuf<\/em>, Daru\u2019l-K\u00fct\u00fcbi\u2019-\u0130lmiyye, Beyrut, L\u00fcbnan, s. 71<\/p>\n<p><a href=\"#_ftnref5\" name=\"_ftn5\">[5]<\/a> Ger\u00e7i \u0130mam Fahrurrazi bu meseleyi hakikat nam\u0131na g\u00f6z\u00fcn\u00fc sadece maddeye hasretmi\u015f olanlara y\u00f6nelik hendes\u00ee a\u00e7\u0131dan bir tahlil yapmaktaysa da (Fahruddin er-R\u00e2z\u00ee, <em>Mef\u00e2t\u00eehu\u2019l-\u011eayb<\/em>, D\u00e2ru\u2019l-Fikr, 1981, Bask\u0131: I, 20\/148-150) ulema bu olay\u0131 mucize olarak telakki etmi\u015ftir.<\/p>\n<p><a href=\"#_ftnref6\" name=\"_ftn6\">[6]<\/a> Ebu\u2019l-Hasen Ali b. Osman el-Hucv\u00eer\u00ee, <em>Ke\u015ffu\u2019l-Mahc\u00fbb<\/em>, Thk: Ahmed Abdurrahim es-S\u00e2yih, Tevfik Ali Vehbe, Mektebetu\u2019s-Sek\u00e2feti\u2019d-D\u00eeniyye, Kahire, 2007, Bask\u0131: I, s. 260<\/p>\n<p><a href=\"#_ftnref7\" name=\"_ftn7\">[7]<\/a> Kehf, 19<\/p>\n<p><a href=\"#_ftnref8\" name=\"_ftn8\">[8]<\/a> Bu noktada g\u00fczel bir tafsil i\u00e7in bkz. \u0130smail Fenn\u00ee Ertu\u011frul, <em>L\u00fcgat\u00e7e-i Felsefe<\/em>, \u00c7izgi Kitabevi, Konya, 2015, s. 262-263<\/p>\n","protected":false},"excerpt":{"rendered":"<p>Soru: Tasavvuf konular\u0131 i\u00e7inde en \u00e7ok dikkatimi \u00e7ekenlerden biri de tayy-i zaman ve tayy-i mekan konusudur.\u00a0 Tasavvuf kaynaklar\u0131 buna yer veriyorlar. B\u00f6yle bir \u015fey ger\u00e7ekten olabilir mi? Cevap: Soruyu cevapland\u0131rmaya ba\u015flamadan \u00f6nce tayy-i zaman ve mekan\u0131n ne demek oldu\u011funu beyan edelim. L\u00fcgav\u00ee anlam\u0131 itibar\u0131yla bir \u015feyi d\u00fcrmek,[1] bir k\u0131sm\u0131n\u0131 di\u011ferine katmak,[2] gibi manalara tekab\u00fcl eden [&hellip;]<\/p>\n","protected":false},"author":3,"featured_media":697,"comment_status":"open","ping_status":"open","sticky":false,"template":"","format":"standard","meta":{"content-type":"","_monsterinsights_skip_tracking":false,"_monsterinsights_sitenote_active":false,"_monsterinsights_sitenote_note":"","_monsterinsights_sitenote_category":0,"footnotes":""},"categories":[16,2,8],"tags":[319,646,651,652],"class_list":{"0":"post-696","1":"post","2":"type-post","3":"status-publish","4":"format-standard","5":"has-post-thumbnail","7":"category-diger-meseleler","8":"category-gundeme-dair","9":"category-sual-cevap","10":"tag-imkansiz","11":"tag-tasavvuf","12":"tag-tayyi-mekan","13":"tag-tayyi-zaman"},"yoast_head":"<!-- This site is optimized with the Yoast SEO plugin v23.2 - https:\/\/yoast.com\/wordpress\/plugins\/seo\/ -->\n<title>Tayy-i Zaman Ve Tayy-i Mek\u00e2n Var M\u0131d\u0131r? - \u00d6mer Faruk Korkmaz Hocaefendi<\/title>\n<meta name=\"robots\" content=\"index, follow, max-snippet:-1, max-image-preview:large, max-video-preview:-1\" \/>\n<link rel=\"canonical\" href=\"https:\/\/omerfarukkorkmaz.com.tr\/tr\/tayy-i-zaman-ve-tayy-i-mekan-var-midir\/\" \/>\n<meta property=\"og:locale\" content=\"tr_TR\" \/>\n<meta property=\"og:type\" content=\"article\" \/>\n<meta property=\"og:title\" content=\"Tayy-i Zaman Ve Tayy-i Mek\u00e2n Var M\u0131d\u0131r? - \u00d6mer Faruk Korkmaz Hocaefendi\" \/>\n<meta property=\"og:description\" content=\"Soru: Tasavvuf konular\u0131 i\u00e7inde en \u00e7ok dikkatimi \u00e7ekenlerden biri de tayy-i zaman ve tayy-i mekan konusudur.\u00a0 Tasavvuf kaynaklar\u0131 buna yer veriyorlar. B\u00f6yle bir \u015fey ger\u00e7ekten olabilir mi? Cevap: Soruyu cevapland\u0131rmaya ba\u015flamadan \u00f6nce tayy-i zaman ve mekan\u0131n ne demek oldu\u011funu beyan edelim. L\u00fcgav\u00ee anlam\u0131 itibar\u0131yla bir \u015feyi d\u00fcrmek,[1] bir k\u0131sm\u0131n\u0131 di\u011ferine katmak,[2] gibi manalara tekab\u00fcl eden [&hellip;]\" \/>\n<meta property=\"og:url\" content=\"https:\/\/omerfarukkorkmaz.com.tr\/tr\/tayy-i-zaman-ve-tayy-i-mekan-var-midir\/\" \/>\n<meta property=\"og:site_name\" content=\"\u00d6mer Faruk Korkmaz Hocaefendi\" \/>\n<meta property=\"article:published_time\" content=\"2020-11-11T16:45:38+00:00\" \/>\n<meta property=\"og:image\" content=\"https:\/\/omerfarukkorkmaz.com.tr\/tr\/wp-content\/uploads\/2020\/11\/1145-e1605113066435.jpg\" \/>\n\t<meta property=\"og:image:width\" content=\"744\" \/>\n\t<meta property=\"og:image:height\" content=\"358\" \/>\n\t<meta property=\"og:image:type\" content=\"image\/jpeg\" \/>\n<meta name=\"author\" content=\"\u00d6mer Faruk Korkmaz\" \/>\n<meta name=\"twitter:card\" content=\"summary_large_image\" \/>\n<meta name=\"twitter:label1\" content=\"Yazan:\" \/>\n\t<meta name=\"twitter:data1\" content=\"\u00d6mer Faruk Korkmaz\" \/>\n\t<meta name=\"twitter:label2\" content=\"Tahmini okuma s\u00fcresi\" \/>\n\t<meta name=\"twitter:data2\" content=\"5 dakika\" \/>\n<script type=\"application\/ld+json\" class=\"yoast-schema-graph\">{\"@context\":\"https:\/\/schema.org\",\"@graph\":[{\"@type\":\"Article\",\"@id\":\"https:\/\/omerfarukkorkmaz.com.tr\/tr\/tayy-i-zaman-ve-tayy-i-mekan-var-midir\/#article\",\"isPartOf\":{\"@id\":\"https:\/\/omerfarukkorkmaz.com.tr\/tr\/tayy-i-zaman-ve-tayy-i-mekan-var-midir\/\"},\"author\":{\"name\":\"\u00d6mer Faruk Korkmaz\",\"@id\":\"https:\/\/omerfarukkorkmaz.com.tr\/tr\/#\/schema\/person\/7efd65277de8b9dc0520ec210e387854\"},\"headline\":\"Tayy-i Zaman Ve Tayy-i Mek\u00e2n Var M\u0131d\u0131r?\",\"datePublished\":\"2020-11-11T16:45:38+00:00\",\"dateModified\":\"2020-11-11T16:45:38+00:00\",\"mainEntityOfPage\":{\"@id\":\"https:\/\/omerfarukkorkmaz.com.tr\/tr\/tayy-i-zaman-ve-tayy-i-mekan-var-midir\/\"},\"wordCount\":1091,\"commentCount\":0,\"publisher\":{\"@id\":\"https:\/\/omerfarukkorkmaz.com.tr\/tr\/#\/schema\/person\/7efd65277de8b9dc0520ec210e387854\"},\"image\":{\"@id\":\"https:\/\/omerfarukkorkmaz.com.tr\/tr\/tayy-i-zaman-ve-tayy-i-mekan-var-midir\/#primaryimage\"},\"thumbnailUrl\":\"https:\/\/omerfarukkorkmaz.com.tr\/tr\/wp-content\/uploads\/2020\/11\/1145-e1605113066435.jpg\",\"keywords\":[\"imkans\u0131z\",\"tasavvuf\",\"tayyi mekan\",\"Tayyi zaman\"],\"articleSection\":[\"Di\u011fer Meseleler\",\"G\u00fcndeme Dair\",\"Sual Cevap\"],\"inLanguage\":\"tr\",\"potentialAction\":[{\"@type\":\"CommentAction\",\"name\":\"Comment\",\"target\":[\"https:\/\/omerfarukkorkmaz.com.tr\/tr\/tayy-i-zaman-ve-tayy-i-mekan-var-midir\/#respond\"]}]},{\"@type\":\"WebPage\",\"@id\":\"https:\/\/omerfarukkorkmaz.com.tr\/tr\/tayy-i-zaman-ve-tayy-i-mekan-var-midir\/\",\"url\":\"https:\/\/omerfarukkorkmaz.com.tr\/tr\/tayy-i-zaman-ve-tayy-i-mekan-var-midir\/\",\"name\":\"Tayy-i Zaman Ve Tayy-i Mek\u00e2n Var M\u0131d\u0131r? - \u00d6mer Faruk Korkmaz Hocaefendi\",\"isPartOf\":{\"@id\":\"https:\/\/omerfarukkorkmaz.com.tr\/tr\/#website\"},\"primaryImageOfPage\":{\"@id\":\"https:\/\/omerfarukkorkmaz.com.tr\/tr\/tayy-i-zaman-ve-tayy-i-mekan-var-midir\/#primaryimage\"},\"image\":{\"@id\":\"https:\/\/omerfarukkorkmaz.com.tr\/tr\/tayy-i-zaman-ve-tayy-i-mekan-var-midir\/#primaryimage\"},\"thumbnailUrl\":\"https:\/\/omerfarukkorkmaz.com.tr\/tr\/wp-content\/uploads\/2020\/11\/1145-e1605113066435.jpg\",\"datePublished\":\"2020-11-11T16:45:38+00:00\",\"dateModified\":\"2020-11-11T16:45:38+00:00\",\"breadcrumb\":{\"@id\":\"https:\/\/omerfarukkorkmaz.com.tr\/tr\/tayy-i-zaman-ve-tayy-i-mekan-var-midir\/#breadcrumb\"},\"inLanguage\":\"tr\",\"potentialAction\":[{\"@type\":\"ReadAction\",\"target\":[\"https:\/\/omerfarukkorkmaz.com.tr\/tr\/tayy-i-zaman-ve-tayy-i-mekan-var-midir\/\"]}]},{\"@type\":\"ImageObject\",\"inLanguage\":\"tr\",\"@id\":\"https:\/\/omerfarukkorkmaz.com.tr\/tr\/tayy-i-zaman-ve-tayy-i-mekan-var-midir\/#primaryimage\",\"url\":\"https:\/\/omerfarukkorkmaz.com.tr\/tr\/wp-content\/uploads\/2020\/11\/1145-e1605113066435.jpg\",\"contentUrl\":\"https:\/\/omerfarukkorkmaz.com.tr\/tr\/wp-content\/uploads\/2020\/11\/1145-e1605113066435.jpg\",\"width\":744,\"height\":358},{\"@type\":\"BreadcrumbList\",\"@id\":\"https:\/\/omerfarukkorkmaz.com.tr\/tr\/tayy-i-zaman-ve-tayy-i-mekan-var-midir\/#breadcrumb\",\"itemListElement\":[{\"@type\":\"ListItem\",\"position\":1,\"name\":\"Anasayfa\",\"item\":\"https:\/\/omerfarukkorkmaz.com.tr\/tr\/\"},{\"@type\":\"ListItem\",\"position\":2,\"name\":\"Tayy-i Zaman Ve Tayy-i Mek\u00e2n Var M\u0131d\u0131r?\"}]},{\"@type\":\"WebSite\",\"@id\":\"https:\/\/omerfarukkorkmaz.com.tr\/tr\/#website\",\"url\":\"https:\/\/omerfarukkorkmaz.com.tr\/tr\/\",\"name\":\"\u00d6mer Faruk Korkmaz Hocaefendi\",\"description\":\"Resmi Web Sayfas\u0131\",\"publisher\":{\"@id\":\"https:\/\/omerfarukkorkmaz.com.tr\/tr\/#\/schema\/person\/7efd65277de8b9dc0520ec210e387854\"},\"potentialAction\":[{\"@type\":\"SearchAction\",\"target\":{\"@type\":\"EntryPoint\",\"urlTemplate\":\"https:\/\/omerfarukkorkmaz.com.tr\/tr\/?s={search_term_string}\"},\"query-input\":\"required name=search_term_string\"}],\"inLanguage\":\"tr\"},{\"@type\":[\"Person\",\"Organization\"],\"@id\":\"https:\/\/omerfarukkorkmaz.com.tr\/tr\/#\/schema\/person\/7efd65277de8b9dc0520ec210e387854\",\"name\":\"\u00d6mer Faruk Korkmaz\",\"image\":{\"@type\":\"ImageObject\",\"inLanguage\":\"tr\",\"@id\":\"https:\/\/omerfarukkorkmaz.com.tr\/tr\/#\/schema\/person\/image\/\",\"url\":\"https:\/\/omerfarukkorkmaz.com.tr\/tr\/wp-content\/uploads\/2020\/12\/cropped-nkl-2.png\",\"contentUrl\":\"https:\/\/omerfarukkorkmaz.com.tr\/tr\/wp-content\/uploads\/2020\/12\/cropped-nkl-2.png\",\"width\":512,\"height\":512,\"caption\":\"\u00d6mer Faruk Korkmaz\"},\"logo\":{\"@id\":\"https:\/\/omerfarukkorkmaz.com.tr\/tr\/#\/schema\/person\/image\/\"},\"url\":\"https:\/\/omerfarukkorkmaz.com.tr\/tr\/author\/ofkorkmaz\/\"}]}<\/script>\n<!-- \/ Yoast SEO plugin. -->","yoast_head_json":{"title":"Tayy-i Zaman Ve Tayy-i Mek\u00e2n Var M\u0131d\u0131r? - \u00d6mer Faruk Korkmaz Hocaefendi","robots":{"index":"index","follow":"follow","max-snippet":"max-snippet:-1","max-image-preview":"max-image-preview:large","max-video-preview":"max-video-preview:-1"},"canonical":"https:\/\/omerfarukkorkmaz.com.tr\/tr\/tayy-i-zaman-ve-tayy-i-mekan-var-midir\/","og_locale":"tr_TR","og_type":"article","og_title":"Tayy-i Zaman Ve Tayy-i Mek\u00e2n Var M\u0131d\u0131r? - \u00d6mer Faruk Korkmaz Hocaefendi","og_description":"Soru: Tasavvuf konular\u0131 i\u00e7inde en \u00e7ok dikkatimi \u00e7ekenlerden biri de tayy-i zaman ve tayy-i mekan konusudur.\u00a0 Tasavvuf kaynaklar\u0131 buna yer veriyorlar. B\u00f6yle bir \u015fey ger\u00e7ekten olabilir mi? Cevap: Soruyu cevapland\u0131rmaya ba\u015flamadan \u00f6nce tayy-i zaman ve mekan\u0131n ne demek oldu\u011funu beyan edelim. L\u00fcgav\u00ee anlam\u0131 itibar\u0131yla bir \u015feyi d\u00fcrmek,[1] bir k\u0131sm\u0131n\u0131 di\u011ferine katmak,[2] gibi manalara tekab\u00fcl eden [&hellip;]","og_url":"https:\/\/omerfarukkorkmaz.com.tr\/tr\/tayy-i-zaman-ve-tayy-i-mekan-var-midir\/","og_site_name":"\u00d6mer Faruk Korkmaz Hocaefendi","article_published_time":"2020-11-11T16:45:38+00:00","og_image":[{"width":744,"height":358,"url":"https:\/\/omerfarukkorkmaz.com.tr\/tr\/wp-content\/uploads\/2020\/11\/1145-e1605113066435.jpg","type":"image\/jpeg"}],"author":"\u00d6mer Faruk Korkmaz","twitter_card":"summary_large_image","twitter_misc":{"Yazan:":"\u00d6mer Faruk Korkmaz","Tahmini okuma s\u00fcresi":"5 dakika"},"schema":{"@context":"https:\/\/schema.org","@graph":[{"@type":"Article","@id":"https:\/\/omerfarukkorkmaz.com.tr\/tr\/tayy-i-zaman-ve-tayy-i-mekan-var-midir\/#article","isPartOf":{"@id":"https:\/\/omerfarukkorkmaz.com.tr\/tr\/tayy-i-zaman-ve-tayy-i-mekan-var-midir\/"},"author":{"name":"\u00d6mer Faruk Korkmaz","@id":"https:\/\/omerfarukkorkmaz.com.tr\/tr\/#\/schema\/person\/7efd65277de8b9dc0520ec210e387854"},"headline":"Tayy-i Zaman Ve Tayy-i Mek\u00e2n Var M\u0131d\u0131r?","datePublished":"2020-11-11T16:45:38+00:00","dateModified":"2020-11-11T16:45:38+00:00","mainEntityOfPage":{"@id":"https:\/\/omerfarukkorkmaz.com.tr\/tr\/tayy-i-zaman-ve-tayy-i-mekan-var-midir\/"},"wordCount":1091,"commentCount":0,"publisher":{"@id":"https:\/\/omerfarukkorkmaz.com.tr\/tr\/#\/schema\/person\/7efd65277de8b9dc0520ec210e387854"},"image":{"@id":"https:\/\/omerfarukkorkmaz.com.tr\/tr\/tayy-i-zaman-ve-tayy-i-mekan-var-midir\/#primaryimage"},"thumbnailUrl":"https:\/\/omerfarukkorkmaz.com.tr\/tr\/wp-content\/uploads\/2020\/11\/1145-e1605113066435.jpg","keywords":["imkans\u0131z","tasavvuf","tayyi mekan","Tayyi zaman"],"articleSection":["Di\u011fer Meseleler","G\u00fcndeme Dair","Sual Cevap"],"inLanguage":"tr","potentialAction":[{"@type":"CommentAction","name":"Comment","target":["https:\/\/omerfarukkorkmaz.com.tr\/tr\/tayy-i-zaman-ve-tayy-i-mekan-var-midir\/#respond"]}]},{"@type":"WebPage","@id":"https:\/\/omerfarukkorkmaz.com.tr\/tr\/tayy-i-zaman-ve-tayy-i-mekan-var-midir\/","url":"https:\/\/omerfarukkorkmaz.com.tr\/tr\/tayy-i-zaman-ve-tayy-i-mekan-var-midir\/","name":"Tayy-i Zaman Ve Tayy-i Mek\u00e2n Var M\u0131d\u0131r? - \u00d6mer Faruk Korkmaz Hocaefendi","isPartOf":{"@id":"https:\/\/omerfarukkorkmaz.com.tr\/tr\/#website"},"primaryImageOfPage":{"@id":"https:\/\/omerfarukkorkmaz.com.tr\/tr\/tayy-i-zaman-ve-tayy-i-mekan-var-midir\/#primaryimage"},"image":{"@id":"https:\/\/omerfarukkorkmaz.com.tr\/tr\/tayy-i-zaman-ve-tayy-i-mekan-var-midir\/#primaryimage"},"thumbnailUrl":"https:\/\/omerfarukkorkmaz.com.tr\/tr\/wp-content\/uploads\/2020\/11\/1145-e1605113066435.jpg","datePublished":"2020-11-11T16:45:38+00:00","dateModified":"2020-11-11T16:45:38+00:00","breadcrumb":{"@id":"https:\/\/omerfarukkorkmaz.com.tr\/tr\/tayy-i-zaman-ve-tayy-i-mekan-var-midir\/#breadcrumb"},"inLanguage":"tr","potentialAction":[{"@type":"ReadAction","target":["https:\/\/omerfarukkorkmaz.com.tr\/tr\/tayy-i-zaman-ve-tayy-i-mekan-var-midir\/"]}]},{"@type":"ImageObject","inLanguage":"tr","@id":"https:\/\/omerfarukkorkmaz.com.tr\/tr\/tayy-i-zaman-ve-tayy-i-mekan-var-midir\/#primaryimage","url":"https:\/\/omerfarukkorkmaz.com.tr\/tr\/wp-content\/uploads\/2020\/11\/1145-e1605113066435.jpg","contentUrl":"https:\/\/omerfarukkorkmaz.com.tr\/tr\/wp-content\/uploads\/2020\/11\/1145-e1605113066435.jpg","width":744,"height":358},{"@type":"BreadcrumbList","@id":"https:\/\/omerfarukkorkmaz.com.tr\/tr\/tayy-i-zaman-ve-tayy-i-mekan-var-midir\/#breadcrumb","itemListElement":[{"@type":"ListItem","position":1,"name":"Anasayfa","item":"https:\/\/omerfarukkorkmaz.com.tr\/tr\/"},{"@type":"ListItem","position":2,"name":"Tayy-i Zaman Ve Tayy-i Mek\u00e2n Var M\u0131d\u0131r?"}]},{"@type":"WebSite","@id":"https:\/\/omerfarukkorkmaz.com.tr\/tr\/#website","url":"https:\/\/omerfarukkorkmaz.com.tr\/tr\/","name":"\u00d6mer Faruk Korkmaz Hocaefendi","description":"Resmi Web Sayfas\u0131","publisher":{"@id":"https:\/\/omerfarukkorkmaz.com.tr\/tr\/#\/schema\/person\/7efd65277de8b9dc0520ec210e387854"},"potentialAction":[{"@type":"SearchAction","target":{"@type":"EntryPoint","urlTemplate":"https:\/\/omerfarukkorkmaz.com.tr\/tr\/?s={search_term_string}"},"query-input":"required name=search_term_string"}],"inLanguage":"tr"},{"@type":["Person","Organization"],"@id":"https:\/\/omerfarukkorkmaz.com.tr\/tr\/#\/schema\/person\/7efd65277de8b9dc0520ec210e387854","name":"\u00d6mer Faruk Korkmaz","image":{"@type":"ImageObject","inLanguage":"tr","@id":"https:\/\/omerfarukkorkmaz.com.tr\/tr\/#\/schema\/person\/image\/","url":"https:\/\/omerfarukkorkmaz.com.tr\/tr\/wp-content\/uploads\/2020\/12\/cropped-nkl-2.png","contentUrl":"https:\/\/omerfarukkorkmaz.com.tr\/tr\/wp-content\/uploads\/2020\/12\/cropped-nkl-2.png","width":512,"height":512,"caption":"\u00d6mer Faruk Korkmaz"},"logo":{"@id":"https:\/\/omerfarukkorkmaz.com.tr\/tr\/#\/schema\/person\/image\/"},"url":"https:\/\/omerfarukkorkmaz.com.tr\/tr\/author\/ofkorkmaz\/"}]}},"_links":{"self":[{"href":"https:\/\/omerfarukkorkmaz.com.tr\/tr\/wp-json\/wp\/v2\/posts\/696","targetHints":{"allow":["GET"]}}],"collection":[{"href":"https:\/\/omerfarukkorkmaz.com.tr\/tr\/wp-json\/wp\/v2\/posts"}],"about":[{"href":"https:\/\/omerfarukkorkmaz.com.tr\/tr\/wp-json\/wp\/v2\/types\/post"}],"author":[{"embeddable":true,"href":"https:\/\/omerfarukkorkmaz.com.tr\/tr\/wp-json\/wp\/v2\/users\/3"}],"replies":[{"embeddable":true,"href":"https:\/\/omerfarukkorkmaz.com.tr\/tr\/wp-json\/wp\/v2\/comments?post=696"}],"version-history":[{"count":0,"href":"https:\/\/omerfarukkorkmaz.com.tr\/tr\/wp-json\/wp\/v2\/posts\/696\/revisions"}],"wp:featuredmedia":[{"embeddable":true,"href":"https:\/\/omerfarukkorkmaz.com.tr\/tr\/wp-json\/wp\/v2\/media\/697"}],"wp:attachment":[{"href":"https:\/\/omerfarukkorkmaz.com.tr\/tr\/wp-json\/wp\/v2\/media?parent=696"}],"wp:term":[{"taxonomy":"category","embeddable":true,"href":"https:\/\/omerfarukkorkmaz.com.tr\/tr\/wp-json\/wp\/v2\/categories?post=696"},{"taxonomy":"post_tag","embeddable":true,"href":"https:\/\/omerfarukkorkmaz.com.tr\/tr\/wp-json\/wp\/v2\/tags?post=696"}],"curies":[{"name":"wp","href":"https:\/\/api.w.org\/{rel}","templated":true}]}}