{"id":680,"date":"2020-10-27T13:29:15","date_gmt":"2020-10-27T13:29:15","guid":{"rendered":"http:\/\/www.omerfarukkorkmaz.com.tr\/?p=680"},"modified":"2020-10-27T13:29:15","modified_gmt":"2020-10-27T13:29:15","slug":"selefiyyenin-anlama-problemi-cercevesinde-mevlid-kutlamalari-uzerine-mulahazalar","status":"publish","type":"post","link":"https:\/\/omerfarukkorkmaz.com.tr\/tr\/selefiyyenin-anlama-problemi-cercevesinde-mevlid-kutlamalari-uzerine-mulahazalar\/","title":{"rendered":"Selefiyye&#8217;nin Anlama Problemi \u00c7er\u00e7evesinde Mevlid Kutlamalar\u0131 \u00dczerine M\u00fcl\u00e2hazalar"},"content":{"rendered":"<p><strong>Giri\u015f<\/strong><\/p>\n<p>K\u00e2inatta cereyan eden kimi hadiseler fizik ve metafizikten m\u00fcte\u015fekkil her iki perspektif a\u00e7\u0131s\u0131ndan de\u011ferlendirilmedi\u011finde k\u00e2s\u0131r olarak anla\u015f\u0131lm\u0131\u015f olurlar. De\u011ferleri b\u00fcy\u00fck olan maddi veya manevi \u015feyler y\u00fczeysel bir bak\u0131\u015f a\u00e7\u0131s\u0131yla de\u011ferlendirildiklerinde ta\u015f\u0131d\u0131klar\u0131 manay\u0131 yitirebilirler. Asl\u0131nda mevcudattaki fiziksel-metafiziksel objelerin kadir ve k\u0131ymeti, onlar\u0131 de\u011ferlendirenlerin d\u00fc\u015f\u00fcnce ve duygu d\u00fcnyas\u0131ndaki tekab\u00fcl ettikleri mertebeyle \u00f6l\u00e7\u00fclebilir ancak. Bu m\u00fcnasebetle baz\u0131 \u015fah\u0131slara g\u00f6re paha bi\u00e7ilemeyecek cinsten addedilen vak\u0131alar di\u011fer kesim taraf\u0131ndan o denli bir ilgiyle kar\u015f\u0131lanmayabilir. Hatta mevzuya bak\u0131\u015f a\u00e7\u0131s\u0131ndaki alt yap\u0131dan ne\u015fet eden muhtelif m\u00fclahazalar, mezkur konu hakk\u0131nda biri k\u0131ymetli di\u011feri abs\u00fcrt olmak \u00fczere tamamen m\u00fctenak\u0131z dahi olabilir. Bu durum tamamen konuyu tahlile tabi tutan kesimlerin mevzuya farkl\u0131 a\u00e7\u0131lardan bakmalar\u0131ndan kaynaklanmaktad\u0131r.<\/p>\n<p>B\u00fct\u00fcn bunlar m\u00fcv\u00e2zenesinde bahse medar etti\u011fimiz mevlid-i nebi konusuna gelecek olursak; konu hakk\u0131nda modern selefilerin a\u015f\u0131r\u0131 bir tutum sergileyerek mevlid-i nebi kutlamalar\u0131na bidat dediklerini ve buna kar\u015f\u0131 olarak da ehl-i s\u00fcnnet \u00e2limlerinin bunu g\u00fczel bir fiil olarak telakki ettiklerini g\u00f6rmekteyiz.<\/p>\n<p>Meselenin asl\u0131na bakt\u0131\u011f\u0131m\u0131zda bu g\u00fcnk\u00fc selefilerin kutlu do\u011fum ve mevlid-i nebi kutlamalar\u0131na bidat g\u00f6z\u00fcyle bakmalar\u0131n\u0131n beslenmi\u015f olduklar\u0131 kaynaklar\u0131n ve yeti\u015fme k\u00f6kenlerinin do\u011fal bir neticesi oldu\u011funu s\u00f6yleyebiliriz. Zira k\u00f6keni itibar\u0131yla b\u00fcy\u00fck \u00f6l\u00e7\u00fcde \u0130bn Teymiye\u2019ye dayanan \u00e7a\u011fda\u015f selefiye hareketi, Hz. Peygamber \ufdfa \u2019in ya\u015fayanlar ad\u0131na hi\u00e7bir fayda tahsil edemeyece\u011fi,<a href=\"#_ftn1\" name=\"_ftnref1\">[1]<\/a> kabrini ziyaret etme kast\u0131yla yolculuk etmenin masiyet say\u0131laca\u011f\u0131<a href=\"#_ftn2\" name=\"_ftnref2\">[2]<\/a> gibi bir y\u0131\u011f\u0131n mevzuda ayn\u0131 noktadan beslenmektedirler. \u015eu farkla ki; mevcut selefiye kimi zaman baz\u0131 konularda imamlar\u0131 \u0130bn Teymiye\u2019nin g\u00f6sterdi\u011fi m\u00fcsamahay\u0131 g\u00f6sterememekte ve onun cevaz havzas\u0131nda ele ald\u0131\u011f\u0131 olay\u0131 onlar adem-i cevaz sahas\u0131na \u00e7ekebilmektedirler.<a href=\"#_ftn3\" name=\"_ftnref3\">[3]<\/a><\/p>\n<p><strong>\u00a0<\/strong><strong>Mevcut Selefili\u011fin Peygamber tasavvuru<\/strong><\/p>\n<p>Tarihte bidat bir f\u0131rka olarak tezah\u00fcr etmi\u015f olan Selefiye ak\u0131m\u0131, Selef d\u00f6neminde bir tak\u0131m siyasal karga\u015falar\u0131n neticesi olarak ortaya \u00e7\u0131km\u0131\u015f olan Haricilerin devam\u0131 olarak telakki edildi. Zira naslar\u0131 anlama noktas\u0131nda t\u0131pk\u0131 onlar gibiydiler. Onlar gibi \u00fcmmeti tekfir ediyor ve kanlar\u0131n\u0131 helal kabul ediyorlard\u0131. Bundan \u00f6t\u00fcr\u00fc de ulema bu kesimin ba\u011fi h\u00fckm\u00fcnde oldu\u011fu \u015feklinde fetva verdi.<a href=\"#_ftn4\" name=\"_ftnref4\">[4]<\/a><\/p>\n<p>\u0130bn Teymiye\u2019den bu yana selefiye ak\u0131m\u0131n\u0131n Peygamber tasavvurunda bir tak\u0131m ar\u0131zal\u0131 noktalar her zaman kendini g\u00f6stermi\u015ftir. O zamandan bu yana esas noktas\u0131nda de\u011fi\u015fen pek de bir \u015fey yoktur. S\u00f6zgelimi \u0130bn Teymiye Peygamber \ufdfa\u2019in kabrini ziyaret maksad\u0131yla yap\u0131lan yolculuklar\u0131n masiyet olu\u011funu s\u00f6ylemi\u015f, g\u00fcn\u00fcm\u00fcz selefileri de bu fetvay\u0131 aynen yinelemi\u015flerdir.<a href=\"#_ftn5\" name=\"_ftnref5\">[5]<\/a><\/p>\n<p>\u0130bn Teymiye Peygamber\u2019le vefat\u0131ndan sonra isti\u011fase yap\u0131lmas\u0131 meselesini \u015firk mefhumuyla birlikte zikretmi\u015f ve hadiseyi bu \u00e7er\u00e7evede ele alm\u0131\u015ft\u0131r. Muas\u0131r selefilerin mevzu hakk\u0131ndaki tavr\u0131 da bu olmu\u015ftur.<a href=\"#_ftn6\" name=\"_ftnref6\">[6]<\/a> Bunlar ve benzeri hadiseleri bir araya getirdi\u011fimizde Selef\u00eeli\u011fin Peygamberlik ten anlad\u0131\u011f\u0131 \u015feyin sadece tebli\u011f oldu\u011fu ve Peygamber \ufdfa&#8217;in vefat\u0131yla Kur\u2019an\u2019\u0131n ona y\u00fckledi\u011fi kitab\u0131 ve hikmeti \u00f6\u011fretme, m\u00fcminleri tezkiye etme gibi vazifelerin sona erdi\u011fi itikad\u0131 ortaya \u00e7\u0131km\u0131\u015ft\u0131r.<a href=\"#_ftn7\" name=\"_ftnref7\">[7]<\/a> Ayr\u0131ca bu g\u00fcn Selefili\u011fin hayli yayg\u0131n oldu\u011fu Suud vb. gibi yerlere farkl\u0131 sebeplerle yap\u0131lan yolculuklarda bu hadise ekseninde ya\u015fanan vak\u0131alar, \u015fahit olunan s\u00f6zler de bu ar\u0131zal\u0131 anlay\u0131\u015f\u0131n canl\u0131 \u015fahidi say\u0131labilirler.<\/p>\n<p><strong>TAR\u0130H\u0130 K\u00d6KEN A\u00c7ISINDAN MEVL\u0130D<\/strong><\/p>\n<p>Allah Resul\u00fc \ufdfa racih olan g\u00f6r\u00fc\u015fe g\u00f6re Rebi\u2019ulevvel ay\u0131n\u0131n on ikinci g\u00fcn\u00fc d\u00fcnyay\u0131 te\u015frif etmi\u015ftir. Bu y\u0131l da fil vak\u0131as\u0131n\u0131n ya\u015fand\u0131\u011f\u0131 seneye tekab\u00fcl etmektedir.<a href=\"#_ftn8\" name=\"_ftnref8\">[8]<\/a> Onun d\u00fcnyaya gelmesiyle k\u00e2inat\u0131n \u00fczerindeki cehalet karabulutlar\u0131 zail olmu\u015f ve cehalet ad\u0131na nerede ne kadar belirti varsa hepsi yerini nura b\u0131rakm\u0131\u015ft\u0131.<\/p>\n<p>Allah Resul\u00fc \ufdfa\u2019n\u00fcn D\u00fcnya\u2019y\u0131 te\u015frifinden evvel gerek sosyal anlamda ve gerekse de ferdi planda tamam\u0131yla \u00e7\u00f6kmeye y\u00fcz tutmu\u015f bir Mekke toplumu vard\u0131. \u00d6zellikle kad\u0131n ve k\u0131z \u00e7ocuklar\u0131na reva g\u00f6r\u00fclenler akl\u0131n ve selim tabiat\u0131n kabul edebilece\u011fi t\u00fcren \u015feyler de\u011fildi. Onun i\u00e7in Kur\u2019an n\u00fczulunden sonra <em>\u201cDiri diri topra\u011fa g\u00f6m\u00fclen k\u0131za hangi g\u00fcnah sebebiyle \u00f6ld\u00fcr\u00fcld\u00fc\u011f\u00fc soruldu\u011funda\u201d<a href=\"#_ftn9\" name=\"_ftnref9\"><strong>[9]<\/strong><\/a><\/em> ve <em>\u201cEvlerinizde oturun ve eski cahiliye \u00e2deti gibi a\u00e7\u0131l\u0131p sa\u00e7\u0131lmay\u0131n\u201d<a href=\"#_ftn10\" name=\"_ftnref10\"><strong>[10]<\/strong><\/a> <\/em>ayeti kerimeleriyle bu manaya vurgu yapt\u0131.<\/p>\n<p>Ba\u015fka bir a\u00e7\u0131dan bak\u0131ld\u0131\u011f\u0131nda Hz. Peygamber \ufdfa\u2019in do\u011fumu Mekke\u2019deki mevcut sultan\u0131n ink\u0131raz\u0131 anlam\u0131na gelmekteydi. Menba\u0131 itibar\u0131yla nid\u00fc\u011f\u00fc belli olmayan bir baba taklit\u00e7ili\u011fine yahut muharref dinleri mesnet k\u0131larak be\u015ferin tahrifle t\u00fcretti\u011fi esaslara dayanan b\u00fct\u00fcn ananeler, h\u00fck\u00fcmler, yarg\u0131lar ve ya\u015fam tarz\u0131 yerini emir ve yasaklar\u0131n\u0131 k\u00e2inat\u0131n sahibinen alan m\u00fccerret bir ilahi nizama b\u0131rak\u0131yordu. Mekke \u015ferden hayra ge\u00e7i\u015f yahut yeniden ihya olma \u015feklinde niteleyebilece\u011fimiz b\u00fcy\u00fck bir ink\u0131laba haz\u0131rlan\u0131yordu. Bu a\u00e7\u0131dan mevlid-i nebi bahsini yapt\u0131\u011f\u0131m\u0131z b\u00fcy\u00fck ihya hareketinin mebdeini te\u015fkil ediyordu.<\/p>\n<p>Allah Resul\u00fc \ufdfa\u2019n\u00fcn do\u011fumu mana a\u00e7\u0131s\u0131ndan \u2013g\u00f6rebilene, tefekk\u00fcr edebilene- \u00e7ok fazla \u015feyler anlat\u0131yordu. Her \u015feyden \u00f6nce Peygamber \ufdfa\u2019in vil\u00e2deti as\u0131rlar \u00f6ncesinden gelen \u0130brahim\u00ee duan\u0131n muhte\u015fem tezah\u00fcr\u00fcyd\u00fc. \u0130nsanlar\u0131n hal-i p\u00fcrmelalini g\u00f6ren \u0130brahim u onlar\u0131n ak\u0131beti ate\u015f olan bu i\u00e7ler ac\u0131s\u0131 durumlardan kurtulmalar\u0131 i\u00e7in \u015f\u00f6yle dua etmi\u015fti Rabbi Rahman\u2019a \u201cEy Rabbimiz! Onlara i\u00e7lerinden senin ayetlerini kendilerine okuyacak, kitap ve hikmeti \u00f6\u011fretecek, onlar\u0131 temizleyecek bir peygamber g\u00f6nder.\u201d<a href=\"#_ftn11\" name=\"_ftnref11\">[11]<\/a><\/p>\n<p>As\u0131rlar \u00f6ncesinde b\u00fcy\u00fck bir samimiyetle yap\u0131lm\u0131\u015f bu peygamber duas\u0131 fuh\u015fiyat batakl\u0131klar\u0131nda debelenen ve sefalet karanl\u0131klar\u0131nda yolunu arayanlara bir me\u015falenin do\u011fu\u015funa, Hz. Muhammed \ufdfa\u2019in d\u00fcnyaya geli\u015fine vesile oldu. Bunun i\u00e7in Allah Resul\u00fc \ufdfa bu noktaya \u201cBen dedem \u0130brahim\u2019in duas\u0131y\u0131m\u201d<a href=\"#_ftn12\" name=\"_ftnref12\">[12]<\/a> buyurarak i\u015faret buyurmu\u015ftu. Demek ki Hz. Peygamber \ufdfa\u2019in do\u011fumu ayetlerin okunmas\u0131, hikmetin \u00f6\u011frenilmesi ve manevi kirlerden ar\u0131n\u0131p tezkiye olma ad\u0131na bir ba\u015flang\u0131\u00e7t\u0131.<\/p>\n<p>Allah Resul\u00fc \ufdfa\u2019n\u00fcn do\u011fumu ba\u015fka zaviyeden bak\u0131ld\u0131\u011f\u0131nda Hz. \u0130sa \u2019n\u0131n da m\u00fcjdesinin tezah\u00fcr\u00fcyd\u00fc. <em>\u201cHat\u0131rla ki; Meryem o\u011flu \u0130sa: Ey \u0130srailo\u011fullar\u0131! Ben size Allah\u2019\u0131n el\u00e7isiyim. Benden \u00f6nce gelen Tevrat\u2019\u0131 do\u011frulay\u0131c\u0131 ve benden sonra gelecek Ahmed ad\u0131nda bir peygamberi de m\u00fcjdeleyici olarak geldim demi\u015fti\u201d<a href=\"#_ftn13\" name=\"_ftnref13\"><strong>[13]<\/strong><\/a>\u015feklin<\/em>deki ayet-i kerimede ifade edildi\u011fi \u00fczere \u0130sa\u00a0 Hz. Peygamber \ufdfa\u2019in gelece\u011fini m\u00fcjdelemi\u015fti. Geldikten sonra da Allah \ufdfb onun bizim i\u00e7imizden birisi olarak g\u00f6nderilmesinin bize b\u00fcy\u00fck bir ihsan-\u0131 il\u00e2hi oldu\u011funu ifade buyurdu.<a href=\"#_ftn14\" name=\"_ftnref14\">[14]<\/a><\/p>\n<p>O ayn\u0131 zamanda d\u00fcnyaya gelmeden \u00f6nce Yahudilerin Mekke m\u00fc\u015friklerine hitaben \u201c\u015eimdilerde gelecek olan Peygamberle size \u00fcst\u00fcnl\u00fck sa\u011flayaca\u011f\u0131z. Onunla birlikte size kar\u015f\u0131 Ad ve \u0130rem kabileleri gibi sava\u015faca\u011f\u0131z\u201d diyerek b\u00fcy\u00fck bir umutla bekledikleri Peygamberdi.<a href=\"#_ftn15\" name=\"_ftnref15\">[15]<\/a> Sonras\u0131nda kendi kabilelerinden gelmedi\u011fi i\u00e7in ink\u00e2r etmi\u015flerdi onu.<\/p>\n<p>Allah Te\u00e2l\u00e2 Kur\u2019an\u2019da Allah Res\u00fbl\u00fc \ufdfa\u2019ne evvelki Peygamberlerin bir tak\u0131m k\u0131ssalar\u0131n\u0131 anlatmakta<a href=\"#_ftn16\" name=\"_ftnref16\">[16]<\/a> ve bununla da onun kalbini tespit edip sa\u011flamla\u015ft\u0131rd\u0131\u011f\u0131n\u0131 ifade buyurmaktad\u0131r.<a href=\"#_ftn17\" name=\"_ftnref17\">[17]<\/a> Buradan da anla\u015f\u0131ld\u0131\u011f\u0131 \u00fczere evvel ki Peygamberlerin hayatlar\u0131, k\u0131ssalar\u0131 nas\u0131l ki Hz. Peygamber \ufdfa\u2019in kalbini sa\u011flamla\u015ft\u0131r\u0131yorsa kendisine ait \u015feylerin M\u00fcsl\u00fcmanlar taraf\u0131ndan hat\u0131rlanmas\u0131 da ayn\u0131 neticeyi inta\u00e7 edecektir.<\/p>\n<p>Bunlar gibi nice hikmetler bar\u0131nd\u0131ran Mevlid-i nebi her zaman hat\u0131rlanmal\u0131 ve b\u00fcnyesinde ihtiva etti\u011fi manalarla birlikte tefekk\u00fcr edilmelidir. Bu g\u00fcn\u00fcn ayr\u0131cal\u0131\u011f\u0131 vard\u0131 ku\u015fkusuz. Allah Resul\u00fc \ufdfa\u2019ne Pazartesi orucun (un neden tutuldu\u011fun) dan soruldu\u011funda \u201cO g\u00fcn benim do\u011fdu\u011fum g\u00fcnd\u00fcr, ve o g\u00fcnde bana (ayet) inz\u00e2l edilmi\u015ftir\u201d<a href=\"#_ftn18\" name=\"_ftnref18\">[18]<\/a> buyurmu\u015ftur. Bu rivayet mevlit g\u00fcn\u00fcn\u00fcn ayr\u0131 bir \u00f6nem ta\u015f\u0131d\u0131\u011f\u0131 ve zihinde tutulmas\u0131 gerekti\u011fini g\u00f6stermektedir.<\/p>\n<p>Mevlit Hz. Peygamber \ufdfa d\u00f6neminde hat\u0131rda tutulan bir g\u00fcn olmakla birlikte bu g\u00fcnk\u00fc gibi kutlanm\u0131yordu ku\u015fkusuz. Ama sadece bu kadar\u0131 bu ameliyenin bidat oldu\u011funu g\u00f6stermez. (Bu noktan\u0131n m\u00fcnaka\u015fas\u0131n\u0131 ilerleyen b\u00f6l\u00fcmde yapaca\u011f\u0131z.) Hulef\u00e2-i R\u00e2\u015fidin d\u00f6neminde de m\u00fcstakil bir kutlamayla an\u0131lmam\u0131\u015ft\u0131r.<a href=\"#_ftn19\" name=\"_ftnref19\">[19]<\/a><\/p>\n<p>Mevzu buraya gelmi\u015fken \u015fu noktay\u0131 belirtmekte fayda var: Mevlit kutlamalar\u0131na itiraz edenlerin iddialar\u0131na mesnet k\u0131ld\u0131klar\u0131 sahabe ve tabiinin bu g\u00fcne y\u00f6nelik her hangi bir kutlamada bulunmad\u0131klar\u0131 \u015feklindeki iddia da haddi zat\u0131nda hakikati yans\u0131tan bir iddia de\u011fildir. Zira yukar\u0131da aktard\u0131\u011f\u0131m\u0131z gibi en ba\u015fta Allah Resul\u00fc \ufdfa pazartesi orucunun tutulmas\u0131na illet olarak o g\u00fcn\u00fcn kendi do\u011fum g\u00fcn\u00fc oldu\u011funu delil getirmi\u015ftir. Bu sahih rivayet Hz. Peygamber \ufdfa nazar\u0131nda bu g\u00fcn\u00fcn di\u011ferlerine nazaran bir ayr\u0131cal\u0131k ta\u015f\u0131d\u0131\u011f\u0131n\u0131 ifade etmektedir.<\/p>\n<p>Bir di\u011fer husus olarak sahabenin veya tabiinin mevlit kutlamamas\u0131ndan onlar\u0131n bu g\u00fcne herhangi bir ayr\u0131cal\u0131k atfetmedikleri \u015feklinde bir \u00e7\u0131kar\u0131m yapman\u0131n yanl\u0131\u015f olaca\u011f\u0131d\u0131r. Sahabe o g\u00fcn itibar\u0131yla b\u00f6yle bir k\u00fclt\u00fcr\u00fcn olu\u015fmamas\u0131 veya Hulef\u00e2-i ra\u015fidin\u2019in daha \u00e7ok yeni tekevv\u00fcn etmeye ba\u015flam\u0131\u015f \u0130slam\u00ee devletin alt yap\u0131s\u0131n\u0131 olu\u015fturma gayesiyle yeni yeni beldeleri fethetme i\u015fiyle me\u015fgul olmas\u0131 sebebiyle bu g\u00fcne y\u00f6nelik merasim yapmamas\u0131 mevlit kutlamalar\u0131na bidat h\u00fckm\u00fc verilebilmesi a\u00e7\u0131s\u0131ndan yeterli de\u011fildir.<\/p>\n<p>En basitinden olaya \u015fu perspektiften bakabiliriz: Bir y\u0131l ge\u00e7ip yeni bir y\u0131la girdi\u011fimizde bize hayat imk\u00e2n\u0131 sa\u011flam\u0131\u015f, t\u00fcrl\u00fc nimetlerle bizleri donatm\u0131\u015f olan Allah Te\u00e2l\u00e2\u2019ya hamd ederiz. Her bir yeni y\u0131l M\u00fcsl\u00fcman ad\u0131na \u015f\u00fck\u00fcr ve s\u00fcrur kayna\u011f\u0131d\u0131r yani. Buna g\u00f6re Hz. \u00d6mer d\u00f6neminde bir adam Halife \u00d6mer\u2019e gelerek: \u201cYemen\u2019de insanlar\u0131n falanca y\u0131l ve filanca ay \u015feklinde yazarak ad\u0131na tarih dedikleri bir \u015fey g\u00f6rd\u00fcm\u201d demesi \u00fczerine Halife, M\u00fcsl\u00fcmanlar ad\u0131na da bir tarih olu\u015fturma amac\u0131yla isti\u015fare heyetini toplar. O heyetteki baz\u0131 sahabiler M\u00fcsl\u00fcmanlar\u0131n tarihinin ba\u015flang\u0131c\u0131 olarak Hz. Peygamber \ufdfa\u2019in do\u011fumunun baz al\u0131nmas\u0131n\u0131 \u00f6nerir.<a href=\"#_ftn20\" name=\"_ftnref20\">[20]<\/a> Bilenler bilir ki bir topluluk tarih belirlerken en \u00f6nemsedikleri hadise neyse mebde olarak onu esas al\u0131rlar. Bu rivayet bize sahabenin Hz. Peygamber \ufdfa\u2019in do\u011fumunu, ad\u0131na tarih ba\u015flatacak derecede \u00f6nemsediklerini g\u00f6stermektedir. Ve bunu yapmak istemeleriyle de ama\u00e7lar\u0131n\u0131n Hz. Peygamber \ufdfa\u2019in do\u011fum tarihinin hi\u00e7bir zaman unutulmamas\u0131n\u0131 sa\u011flayarak seneler t\u00fckendik\u00e7e hat\u0131rlarda kalmas\u0131n\u0131 istemeleri oldu\u011funu a\u00e7\u0131k bir \u015fekilde resmetmektedir.<\/p>\n<p><strong>Mevlidi ilk kutlayan kim?<\/strong><\/p>\n<p>Mevlid kutlamalar\u0131na itiraz edenler bu kutlamalar\u0131n ilk kez \u015eiiler taraf\u0131ndan yap\u0131ld\u0131\u011f\u0131n\u0131 iddia etmektedirler. Bu bilgilere g\u00f6re M\u0131s\u0131r\u2019da \u015eii Fat\u0131m\u00ee devleti kurulunca soyundan geldiklerini s\u00f6yledikleri Hz. Peygamber \ufdfa\u2019in do\u011fum y\u0131ld\u00f6n\u00fcm\u00fc Muiz li dinill\u00e2h (972-975) d\u00f6neminden itibaren resmen kutlanmaya ba\u015flanm\u0131\u015ft\u0131r. Bunun yan\u0131nda Hz. Ali, Fat\u0131ma, Hasan, H\u00fcseyin ve o g\u00fcnk\u00fc halifenin mevlitleriyle (mev\u00e2l\u00eed-i sitte) recep, \u015faban, ramazan aylar\u0131ndaki kandiller, ramazan ve kurban bayramlar\u0131yla di\u011fer baz\u0131 kutlamalar bu d\u00f6nemde zengin bir \u015f\u00f6len gelene\u011fi olu\u015fturmu\u015ftur.<a href=\"#_ftn21\" name=\"_ftnref21\">[21]<\/a><\/p>\n<p>Suyut\u00ee mevlidi ilk kutlayan ki\u015finin Erbil atabe\u011fi Melik Muzaffer Ebu Said G\u00f6kb\u00f6ri oldu\u011funu s\u00f6ylemektedir.<a href=\"#_ftn22\" name=\"_ftnref22\">[22]<\/a> Melik Muzaffer mevlit kutlama i\u015fine ziyadesiyle \u00f6nem atfeder ve bu g\u00fcnde nafakalar ve bah\u015fi\u015fler da\u011f\u0131t\u0131rd\u0131. \u00d6yle ki; mevlit hakk\u0131nda varit olan iki muhtelif rivayetle de amel edebilmek i\u00e7in bir y\u0131l Rebiulevvel ay\u0131n\u0131n sekizinci g\u00fcn\u00fcnde kutlamalar yapar di\u011fer y\u0131l da on ikinci g\u00fcn\u00fcn de yapard\u0131.<a href=\"#_ftn23\" name=\"_ftnref23\">[23]<\/a><\/p>\n<p>S\u0131btu \u0130bni\u2019l-cevz\u00ee Melik Muzaffer\u2019in kutlamalar\u0131na kat\u0131lan bir ki\u015finin be\u015f bin pi\u015firilmi\u015f koyun, on bin tavuk, y\u00fcz at, y\u00fcz bin tabak yemek ve otuz bin tabak helva da\u011f\u0131tt\u0131\u011f\u0131n\u0131 kaydetmesi o zamandaki t\u00f6renlerin \u00e7ap\u0131n\u0131 belirtmesi a\u00e7\u0131s\u0131ndan da \u00f6nemli bir vesika h\u00fcviyeti ta\u015f\u0131maktad\u0131r. Zaman\u0131n \u00e2limleri ve ileri gelen mutasavv\u0131flar\u0131 bu t\u00f6rende haz\u0131r bulunur ve Melik Muzaffer de kendilerine hil\u2019at giydirir ve \u00e7e\u015fitli hediyeler verirdi. Sufiler de \u00f6\u011flenden sabaha kadar sema yaparlard\u0131. O da bizatihi onlara kat\u0131l\u0131rd\u0131. Her y\u0131l mevlit kutlamalar\u0131 ad\u0131na \u00fc\u00e7 y\u00fcz bin dinar harcand\u0131\u011f\u0131 belirtilmektedir.<\/p>\n<p>Nerden geldi\u011fine ve kim oldu\u011funa bak\u0131lmaks\u0131z\u0131n her y\u00f6nden gelen insanlara ziyafet verildi\u011fi Dar-\u0131 ziyafet vard\u0131. Burada verilen ziyafetlerin senelik tutar\u0131 y\u00fcz bin dinara tekab\u00fcl ediyordu. <a href=\"#_ftn24\" name=\"_ftnref24\">[24]<\/a> End\u00fcl\u00fcsl\u00fc b\u00fcy\u00fck tarih\u00e7i ve muhaddis Ebul Hattab \u0130bn Dihye Erbil\u2019e geldi\u011finde burada yap\u0131lan mevlit kutlamalar\u0131n\u0131 g\u00f6rm\u00fc\u015f ve bunun \u00fczerine \u201cet-Tenv\u00eer f\u00ee mevlidi\u2019s-sir\u00e2ci\u2019l-m\u00fcn\u00eer\u201d isimli eserini yazarak Melik Muzaffer\u2019e takdim etmi\u015f ve o da bunun \u00fczerine kendisine bin dinar vermi\u015ftir.<a href=\"#_ftn25\" name=\"_ftnref25\">[25]<\/a><\/p>\n<p>Mevlit kutlamalar\u0131 Melik Muzaffer\u2019in sonras\u0131nda da tarihin farkl\u0131 s\u00fcre\u00e7lerinde devam etmi\u015ftir. Hatta Osmanl\u0131 d\u00f6nemindeki kutlamalar\u0131n resmi olarak ba\u015flang\u0131c\u0131 her ne kadar III. Murat (996\/1588)\u2019la ifade ediliyorsa da gayr-i resm\u00ee belgeler mezk\u00fbr kutlamalar\u0131n ta Osman Gazi\u2019ye dayand\u0131\u011f\u0131n\u0131 belirtmektedirler.<\/p>\n<p>Hatta Ey\u00fcp Sabri Pa\u015fa\u2019n\u0131n nakletti\u011fine g\u00f6re Rebiulevvel\u2019in on ikisi Medine\u2019de resm\u00ee tatil olup kaleden toplar at\u0131l\u0131r ve o g\u00fcn d\u00fckk\u00e2nlar a\u00e7\u0131lmazd\u0131. \u0130nsanlar g\u00fczel elbiseler giyerek dola\u015f\u0131r ve birbirini tebrik eder, bu gece Mescid-i nebevi\u2019de ihya edilirdi. Sabaha kar\u015f\u0131 bab-\u0131 nis\u00e2 \u00f6n\u00fcnde toplan\u0131l\u0131r, burada kurulan k\u00fcrs\u00fc \u00fczerinde g\u00fcne\u015fin do\u011fmas\u0131yla birlikte be\u015f hatipten ilki bir hadis okuyup padi\u015fah i\u00e7in dua eder, di\u011ferleri s\u0131ras\u0131yla mevlidin viladet, rada ve hicret bahirlerini okurlar sonuncusu dua ederdi. Daha sonra halk ikram edilen \u015ferbeti i\u00e7ip da\u011f\u0131l\u0131rd\u0131.<a href=\"#_ftn26\" name=\"_ftnref26\">[26]<\/a><\/p>\n<p><strong>\u00a0<\/strong><strong>MEVL\u0130D KUTLAMALARI ETRAFINDA TARTI\u015eMALAR<\/strong><\/p>\n<p>Mevlid kutlamalar\u0131 etraf\u0131nda \u00f6zellikle birka\u00e7 y\u00fcz y\u0131ld\u0131r hararetli tart\u0131\u015fmalar\u0131n ard\u0131 arkas\u0131 kesilmedi. Ba husus Selefi kesimin itirazlar\u0131na makes olan mevlit kutlamalar\u0131 konusu, beri tarafta \u00fcmmetin cumh\u00fbrunu te\u015fkil eden ehl-i s\u00fcnnet \u00e2limler taraf\u0131ndan m\u00fcdafaa edilmi\u015ftir. Vahh\u00e2bi k\u00f6kenli \u00e2limler kendi davalar\u0131n\u0131 ispat sadedinde eserler kaleme ald\u0131lar. Bu g\u00fcn ellerde m\u00fctedavel \u201cRes\u00e2il f\u00ee h\u00fckmi\u2019l-ihtif\u00e2l bi\u2019l-mevlidi\u2019n-nebev\u00ee\u201d \u015feklindeki iki ciltlik eser<a href=\"#_ftn27\" name=\"_ftnref27\">[27]<\/a> bu s\u00f6ylediklerimize misal te\u015fkil eder mahiyettedir.<\/p>\n<p>Selefiye\u2019nin bu mevzudaki tutumu buna benzer mevzulardaki tutumuyla ayn\u0131d\u0131r. Bu a\u00e7\u0131dan bak\u0131ld\u0131\u011f\u0131nda onlar\u0131n bu konu hakk\u0131ndaki tav\u0131rlar\u0131 garipsenecek t\u00fcrden de\u011fildir. Naslar\u0131n zahirine bakmak ve Hz. Peygamber \ufdfa d\u00f6neminde olmayan her bir \u015feyi bidat saymak \u015feklindeki isti\u2019c\u00e2l\u00ee tav\u0131r ta ilk d\u00f6nem haric\u00eelerinden g\u00fcn\u00fcm\u00fcze tevar\u00fcs eden bir fikr\u00ee kal\u0131nt\u0131d\u0131r.<\/p>\n<p><strong>\u0130bn Teymiye <\/strong><\/p>\n<p>Selef\u00ee kesimin bir\u00e7ok mevzuda referans ald\u0131\u011f\u0131 \u0130bn Teymiye Mevlit konusuna da de\u011finmektedir. Tespit edebildi\u011fimiz kadar\u0131yla birka\u00e7 eserinde bu konuya de\u011finen \u0130bn Teymiye \u00f6zet olarak \u015f\u00f6yle demektedir:<\/p>\n<p>\u201cBaz\u0131 d\u00fczg\u00fcn m\u00fcminlerden \u00e7irkin olacak \u015fey di\u011fer kesimden g\u00fczel kabul edilebilir. Buna g\u00f6re baz\u0131 insanlar\u0131n yapt\u0131\u011f\u0131 mevlide tazim etme ve bunu bir mevsim edinme i\u015fi yapan ki\u015finin g\u00fczel kast\u0131 ve Resul\u00fcllah \ufdfa\u2019a tazim niyeti sebebiyle kendisinde b\u00fcy\u00fck bir sevap olacak i\u015ftir.<a href=\"#_ftn28\" name=\"_ftnref28\">[28]<\/a><\/p>\n<p>Baz\u0131 kimseler \u0130bn Teymiye\u2019nin bu paragraf\u0131ndan hareketle kendisinin mevlit kutlamalar\u0131na s\u0131cak bakt\u0131\u011f\u0131n\u0131 ve kutlayan ki\u015filerin bundan mutlak anlamda sevap alacaklar\u0131n\u0131 savundu\u011funu vehm etmektedirler. Ancak \u0130bn Teymiye\u2019 nin bu ifadelerinin hemen sonras\u0131na bakt\u0131\u011f\u0131m\u0131zda bu paragraf\u0131na misal olarak \u0130mam Ahmed\u2019e bir k\u0131s\u0131m h\u00fck\u00fcmdarlar\u0131n bir mushafa bin dinar verdiklerini haber verdiklerinde \u2013kendi mezhebi mushaf\u0131 s\u00fcslemenin mekruh olmas\u0131na ra\u011fmen-\u201c B\u0131rak onlar\u0131! Bu onlar\u0131n u\u011fruna alt\u0131n harcad\u0131klar\u0131 \u015feylerin en hay\u0131rl\u0131s\u0131d\u0131r\u201d demi\u015ftir.<a href=\"#_ftn29\" name=\"_ftnref29\">[29]<\/a><\/p>\n<p>\u0130bn Teymiye bu ifadelerinin birka\u00e7 sayfa \u00f6ncesinde yine mevlit konusundan bahseder ve \u015funlar\u0131 s\u00f6yler:<\/p>\n<p>\u201c\u0130nsanlar\u0131n \u0130sa u\u2019n\u0131n do\u011fumunda Hristiyanlara benzeme amac\u0131yla veya Nebi \ufdfa\u2019nin do\u011fumunda ona tazim ve muhabbet amac\u0131yla sonradan ihdas ettikleri \u015feyler de ayn\u0131d\u0131r. Allah onlar\u0131 (m\u00fcminleri) bu i\u00e7tihatlar\u0131 (h\u00fcsn-\u00fc niyetleri) na kar\u015f\u0131l\u0131k m\u00fck\u00e2fatland\u0131racakt\u0131r. Peygamber \ufdfa\u2019in do\u011fumunu bayram edinme \u015feklindeki bidatlar\u0131na kar\u015f\u0131l\u0131k de\u011fil. \u00dcstelik do\u011fumu konusunda insanlar farkl\u0131 farkl\u0131 g\u00f6r\u00fc\u015flerdedir. \u015eayet bu i\u015f hay\u0131r olsayd\u0131 onlar\u0131 bunu yapmaktan her hangi bir engelleyici bulunmamas\u0131na ra\u011fmen ve bunu yapmalar\u0131 i\u00e7in etken mevcutken Selef bu i\u015fi yapmam\u0131\u015flard\u0131r. E\u011fer bu i\u015f mahza hay\u0131r veya tercih edilen bir \u015fey olsayd\u0131 selef bunu yapmaya bizden daha lay\u0131kt\u0131. Zira onlar Peygamber \ufdfa\u2019e muhabbet ve tazim a\u00e7\u0131s\u0131ndan bizden daha \u015fedittirler. Ve hay\u0131r i\u015fleme \u00fczerine daha h\u0131rsl\u0131d\u0131rlar. Peygamber \ufdfa\u2019e muhabbet ancak ve ancak ona ittiba etmek, dinine uymak, z\u00e2hiren ve b\u00e2t\u0131nen s\u00fcnnetini ihya etmek, kendisiyle g\u00f6nderildi\u011fi \u015feriat\u0131 ne\u015fr etmek ve bu yolda kalp, el ve dille cihat etmekle olur. Bu metod Ensar ve muhacirin evvelki \u00f6nde gelenlerinin (es-sabik\u00fbne\u2019l-evvel\u00fbn) ve onlara ihsanla tabi olanlar\u0131n usul\u00fcd\u00fcr.<\/p>\n<p>Bunlar\u0131n \u00e7o\u011funun iyi niyetleri ve kar\u015f\u0131l\u0131\u011f\u0131nda sevap alacaklar\u0131 \u00fcmit edilen i\u00e7tihatlar\u0131yla bu gibi bidatlere kar\u015f\u0131 haris olduklar\u0131n\u0131 g\u00f6r\u00fcrs\u00fcn. \u00d6te yandan ayn\u0131 bunlar\u0131n Peygamber \ufdfa\u2019in tavsiye etti\u011fi s\u00fcnnetleri i\u015fleme konusunda gev\u015fek olduklar\u0131na \u015fahit olursun. Bunlar t\u0131pk\u0131 mushaf\u0131 s\u00fcsleyip onu okumayan veya okuyup ona uymayan, mescidi s\u00fcsleyip onda namaz k\u0131lmayan veya az namaz k\u0131lan yahut da s\u00fcsl\u00fc seccadeler ve tespihler edinme pe\u015finde olan ki\u015filer gibidirler.<\/p>\n<p>Me\u015fru olmayan, riya ve kibirden h\u00e2li olmayan bu gibi zahiri s\u00fcsler ve me\u015fru i\u015f dururken ba\u015fka bir i\u015fle me\u015fgul olmak sahibinin halini ifsat edecek \u015feylerdir. T\u0131pk\u0131 hadiste varit oldu\u011fu gibi: <a href=\"#_ftn30\" name=\"_ftnref30\">[30]<\/a>\u00a0 \u201cHi\u00e7bir toplulu\u011fun ameli kesinlikle k\u00f6t\u00fc olmam\u0131\u015ft\u0131r ki illa onlar mescitlerini s\u00fcslemi\u015flerdir.\u201d <a href=\"#_ftn31\" name=\"_ftnref31\">[31]<\/a><\/p>\n<p>\u201cMecmu\u2019u\u2019l-fet\u00e2v\u00e2\u201d s\u0131n da da \u015f\u00f6yle demektedir: Mevlit gecesi olarak nitelenen Rebiulevvel ay\u0131n\u0131n baz\u0131 geceleri, Recep ay\u0131n\u0131n baz\u0131 geceleri, Zilhiccenin on sekizinci g\u00fcn\u00fc, Recep ay\u0131n\u0131n ilk cumas\u0131, bir k\u0131s\u0131m cahillerin \u201cebrar bayram\u0131\u201d dedikleri \u015eevval ay\u0131n\u0131n sekizinci g\u00fcn\u00fcn\u00fc mevsim edinmek (her y\u0131l kutlamak) ; bunlar selefin yapmad\u0131\u011f\u0131 ve ho\u015f kar\u015f\u0131lamad\u0131\u011f\u0131 bidatlerdendir.<a href=\"#_ftn32\" name=\"_ftnref32\">[32]<\/a><\/p>\n<p>\u0130bn Teymiye\u2019nin buraya kadar aktard\u0131\u011f\u0131m\u0131z ifadelerinden ortaya \u00e7\u0131kan \u015fey \u015fudur: \u0130bn Teymiye, mevlit kutlamalar\u0131n\u0131 selefin yapmad\u0131\u011f\u0131n\u0131, ho\u015f kar\u015f\u0131lamad\u0131\u011f\u0131n\u0131 \u00f6ne s\u00fcrerek bir bidat olarak telakki etmektedir. Ancak bunu yapan ki\u015fileri her ne kadar kabukla u\u011fra\u015fmak, \u015fer-i \u015ferifin maksad\u0131n\u0131 anlayamamak, ehem dururken ba\u015fka \u015feylerle me\u015fgul olmakla su\u00e7luyorsa da onlar\u0131n iyi niyetleri ve bu i\u00e7tihatlar\u0131 sebebiyle sevaba nail olacaklar\u0131n\u0131 da g\u00f6z ard\u0131 etmemektedir. Verdi\u011fi misallerden de anla\u015f\u0131ld\u0131\u011f\u0131 \u00fczere o bu tarz uygulamalar\u0131 cahillerin yapt\u0131\u011f\u0131n\u0131 \u00f6ne s\u00fcrerek ba\u015fka me\u015fru olmayan \u015feyler yapaca\u011f\u0131na b\u0131rak da b\u00f6yle \u015feyler yaps\u0131nlar anlay\u0131\u015f\u0131yla hareket etmektedir.<\/p>\n<p><strong>B\u0130DAT OLDU\u011eUNU S\u00d6YLEYENLER\u0130N GEREK\u00c7ELER\u0130<\/strong><\/p>\n<p>\u0130bn Teymiye mukallidi olduklar\u0131n\u0131 s\u00f6yleyebilece\u011fimiz selefi kesimin eserlerini m\u00fctalaa etti\u011fimizde bu konuda \u0130bn Teymiye ile birebir ayn\u0131 kanaati payla\u015f\u0131p ayn\u0131 duru\u015fu sergilediklerini s\u00f6yleyebilmemiz ger\u00e7ekten g\u00fc\u00e7 olacakt\u0131r. \u00c7\u00fcnk\u00fc \u0130bn Teymiye mevlide bidat demesine ra\u011fmen bunu yapan kimselerin h\u00fcsn-\u00fc niyetlerinden \u00f6t\u00fcr\u00fc sevaba nail olmalar\u0131n\u0131n muhtemelli\u011finden de bahsetmektedir en az\u0131ndan. Ancak muas\u0131r selefiye ne b\u00f6yle bir h\u00fcsn-\u00fc niyetten bahsedebilmekte ne de b\u00f6yle bir ihtimalden. Onlar bu i\u015fi yanl\u0131\u015f anlamalar\u0131 veya h\u00fckmetmeleri muhalmi\u015f seviyesindeki bir keskinlikle reddetmekte ve kutlayanlar\u0131n vebale dahi girebileceklerini iddia etmektedirler.<\/p>\n<p>Mevlidi bidat kabul edenlerin gerek\u00e7elerinin bir k\u0131sm\u0131 \u0130bn Teymiye\u2019yle ayniyet arz etmektedir. \u015eimdi s\u0131ras\u0131yla onlar\u0131n gerek\u00e7elerini sayal\u0131m ve sonras\u0131nda mezk\u00fbr gerek\u00e7elerin cevaplar\u0131na ge\u00e7elim.<\/p>\n<ol>\n<li><strong>Kitapta ve s\u00fcnnette mevcut de\u011fil<\/strong><\/li>\n<\/ol>\n<p>Mevlit kutlamalar\u0131n\u0131n ne kitapta ne de s\u00fcnnette her hangi bir yeri yoktur. Ayn\u0131 zamanda bunu seleften kimse de yapmam\u0131\u015ft\u0131r. Onlar dinde \u00f6nderlerimiz ve mutekaddim\u00een\u2019in rivayetleriyle amel eden kimselerdir. Bu i\u015f sonraki bir tak\u0131m \u00e7\u0131karc\u0131lar\u0131n ortaya att\u0131\u011f\u0131 bir bidatt\u0131r. Bidat olmas\u0131n\u0131n delili \u015fudur: Biz bu i\u015fin h\u00fckm\u00fcn\u00fc \u00f6\u011frenmek istedi\u011fimizde \u00f6n\u00fcm\u00fcze bir tak\u0131m ihtimaller \u00e7\u0131kacakt\u0131r: \u00d6yleyse bu i\u015f ya vacip, ya mendup, ya mubah, ya mekruh ya da haramd\u0131r.<\/p>\n<p>Bu i\u015f icmaen ne vacip ne de menduptur. \u00c7\u00fcnk\u00fc mendup demek \u015feriat\u0131n, terkine y\u00f6nelik her hangi bir zem y\u00f6neltmedi\u011fi fiildir. Bu i\u015f ise \u015feriat\u0131n m\u00fcsaade etmedi\u011fi ne sahabenin ne de tabiinin yapmad\u0131\u011f\u0131 bir i\u015ftir. M\u00fcbah olmas\u0131 da ihtimal d\u00e2hilinde de\u011fildir. Zira dinde bidat \u00e7\u0131kartmak hi\u00e7bir zaman mubah olmam\u0131\u015ft\u0131r.<\/p>\n<p>Geriye kalan ihtimallere g\u00f6re bu i\u015f olsa olsa ya mekruh ya da haram olacakt\u0131r. \u015eu durumda e\u011fer bir ki\u015fi bu kutlamay\u0131 kendi paras\u0131ndan deruhte ederek yapacak olursa ve kutlamada da caiz olmayan bir i\u015f yapmad\u0131ysa bu bidat ve mekruh olacakt\u0131r. \u00c7\u00fcnk\u00fc b\u00f6yle bir \u015feyi m\u00fctekaddimlerden kimse yapmam\u0131\u015ft\u0131r. H\u00e2lbuki onlar bu \u00fcmmetin fakihleridirler.<\/p>\n<p>\u015eayet bu ki\u015fi b\u00f6yle bir merasimi ger\u00e7ekle\u015ftirme amac\u0131yla yetki sahibi kimselerden para toplayarak veya insanlardan g\u00f6n\u00fclleri raz\u0131 olmaks\u0131z\u0131n bu i\u015f i\u00e7in para alarak bunu yapacak olursa bu durumda haram olacakt\u0131r. Ayr\u0131ca merasim esnas\u0131nda caiz olmayan bir tak\u0131m \u00e7alg\u0131 aletlerinin kullan\u0131lmas\u0131, kad\u0131n erkek kar\u0131\u015f\u0131k oturulmas\u0131 \u015feklinde mahremiyetin ihlal edilmesi, kad\u0131nlar\u0131n kendi aralar\u0131nda topland\u0131klar\u0131 esnada seslerini y\u00fckseltmeleri gibi durumlarda yine haram h\u00fckm\u00fcn\u00fc alacakt\u0131r.<a href=\"#_ftn33\" name=\"_ftnref33\">[33]<\/a><\/p>\n<ol>\n<li><strong>Adil bir insan\u0131n bunu ihdas etmesi bir \u015feyi de\u011fi\u015ftirmez <\/strong><\/li>\n<\/ol>\n<p>Suy\u00fbt\u00ee yazd\u0131\u011f\u0131 risalede Fakih\u00e2n\u00ee\u2019den nakletti\u011fimiz gerek\u00e7elere cevap vermeye \u00e7al\u0131\u015fm\u0131\u015f fakat kayda de\u011fer bir \u015fey ortaya koyamam\u0131\u015ft\u0131r. O bu i\u015fi adil bir devlet ba\u015fkan\u0131n\u0131n g\u00fczel bir niyetle ortaya atmas\u0131, \u0130bn Dihye\u2019 nin bu i\u015ften raz\u0131 olup hakk\u0131nda eser telif etmesinden hareketle bu i\u015fin me\u015fru oldu\u011funu ispatlamaya \u00e7al\u0131\u015fm\u0131\u015ft\u0131r. H\u00e2lbuki bunlar\u0131n hi\u00e7birisi h\u00fcccet de\u011fildir. Zira bir insan\u0131n adil olmas\u0131 masum olmas\u0131n\u0131 gerektirmez. Dinde bidat ihdas etmek kim olursa olsun caiz de\u011fildir. Biz bidatten nehy eden onca hadisi Ebu Said G\u00f6kb\u00f6rinin ameline kurban edemeyiz.<\/p>\n<p>\u0130bn Dihye\u2019ye gelince; \u0130bn Kesir\u2019in tarihinde oldu\u011fu gibi ulema onu ak\u015fam namaz\u0131n\u0131n k\u0131salt\u0131lmas\u0131 hususunda hadis uydurmakla itham etmi\u015flerdir.<a href=\"#_ftn34\" name=\"_ftnref34\">[34]<\/a><\/p>\n<ol>\n<li><strong>\u0130bn Kesir\u2019in ifadeleri<\/strong><\/li>\n<\/ol>\n<p>Mevlid merasimlerinin mutlak anlamda bidat oldu\u011funu iddia edenlerin ortaya s\u00fcrd\u00fc\u011f\u00fc bir di\u011fer gerek\u00e7e de \u0130bn Kesir\u2019in \u201cel-Bidaye ve\u2019n-nih\u00e2ye\u201dsinde (XI\/172) yer verdi\u011fi s\u00f6ylenilen ifadeleridir. Bu iddiaya g\u00f6re \u0130bn Kesir Abdullah b. Meymun\u2019a mensup olan Fat\u0131m\u00ee devletinin ve sene 350 ile 567 y\u0131llar\u0131 aras\u0131nda M\u0131s\u0131r\u2019a h\u00fckmetmi\u015f olanlar\u0131n bir \u00e7ok g\u00fcnlerde merasim yapma bidati \u00e7\u0131kard\u0131klar\u0131n\u0131 ve bunlardan birinin de Mevlit kutlamas\u0131 oldu\u011funu ifade etmi\u015ftir.<a href=\"#_ftn35\" name=\"_ftnref35\">[35]<\/a><\/p>\n<p>Bu referansa g\u00f6re \u0130bn Kesir de mevlidi bidat saymakta ve Fat\u0131m\u00ee devletini bu tarz kutlamalar\u0131 ihdas etti\u011fi i\u00e7in zemmetmektedir.<\/p>\n<p>Mevlit kutlamalar\u0131n\u0131n bidat oldu\u011funu s\u00f6yleyenlerin gerek\u00e7elerine b\u00fct\u00fcnc\u00fcl bir bak\u0131\u015f yapacak olursak bu s\u00f6ylediklerimizin d\u0131\u015f\u0131nda kayda de\u011fer \u00e7ok fazla bir \u015fey s\u00f6ylemediklerini g\u00f6rm\u00fc\u015f olaca\u011f\u0131z. Evet, belki onlar bunlar\u0131n d\u0131\u015f\u0131ndaki bir tak\u0131m delillerle de istidlal etmektedirler. Fakat genel anlamda di\u011fer delilleri de sonu\u00e7 itibar\u0131yla bu sayd\u0131klar\u0131m\u0131zla ayn\u0131 noktada kesi\u015fiyor. Yani onlar her hal\u00fckarda mevzuyu Hz. Peygamber \ufdfa\u2019in d\u00f6neminde olmamas\u0131 dolay\u0131s\u0131yla mevlidin bidat oldu\u011fu neticesine ta\u015f\u0131yorlar.<\/p>\n<p>\u00d6yleyse bu noktada verilecek olan cevap da mevlidin mezmum kategorisinde bir bidat olmad\u0131\u011f\u0131n\u0131 ispatlama keyfiyetinde olmal\u0131d\u0131r. \u00d6yleyse mevzuyu \u00e7ok daha fazla uzatmadan bu gerek\u00e7elerin cevaplar\u0131na ge\u00e7elim.<\/p>\n<p>&nbsp;<\/p>\n<p><strong>B\u0130DAT OLMADI\u011eINI SAVUNANLARIN GEREK\u00c7ELER\u0130<\/strong><\/p>\n<p>Mevlid kutlamalar\u0131n\u0131n bidat olup olmad\u0131\u011f\u0131n\u0131 tespit edebilmemiz i\u00e7in \u00f6ncelikle bidatin ne oldu\u011funu belirlemekte fayda var. Bu uygulamalar\u0131n bidat oldu\u011funu s\u00f6yleyenler genellikle bunun Hz. Peygamber \ufdfa d\u00f6neminde mevcut olmamas\u0131 \u00fczerinden hareket ediyorlar. \u015eu halde bu noktada sormam\u0131z gereken soru \u015fudur: Allah Resul\u00fc \ufdfa d\u00f6neminde olmayan her \u015fey bidat midir?<\/p>\n<p>Bu soruya cevap verebilmek i\u00e7in \u00f6ncelikle bidatin tarifini g\u00f6relim: Bidat l\u00fcgavi ve \u015fer\u2019i olmak \u00fczere iki k\u0131s\u0131mda incelenir. Bu anlamda Hz. Peygamber \ufdfa d\u00f6neminde olmay\u0131p sonras\u0131nda ortaya \u00e7\u0131kan her \u015feye bidat denir. Bunun her hangi bir istisnas\u0131 yoktur. Yani o d\u00f6nemde olmay\u0131p sonras\u0131nda ortaya \u00e7\u0131kan hay\u0131r veya \u015fer anlam\u0131nda ne varsa l\u00fcgav\u00ee bidat olarak de\u011ferlendirilmelidir. <a href=\"#_ftn36\" name=\"_ftnref36\">[36]<\/a><\/p>\n<ol>\n<li>Gerek \u0130bn Teymiye\u2019nin ve gerekse de onunla ayn\u0131 g\u00f6r\u00fc\u015fleri payla\u015fanlar\u0131n mevlit kutlamalar\u0131n\u0131n bidat oldu\u011fu g\u00f6r\u00fc\u015f\u00fcne delil olarak \u00f6ne s\u00fcrd\u00fckleri bu kutlamalar\u0131n asr-\u0131 saadette olmamas\u0131 \u015feklindeki gerek\u00e7e tutarl\u0131 de\u011fildir. Bu g\u00f6r\u00fc\u015f\u00fcn temel olarak dayand\u0131\u011f\u0131 iki temel vard\u0131r. Birincisi Hz. Peygamber \ufdfa\u2019in \u201cHer bidat dalalettir\u201d<a href=\"#_ftn37\" name=\"_ftnref37\">[37]<\/a> \u015feklindeki umumi ifadesidir. \u0130kincisi de ba\u015fta Hz. Peygamber \ufdfa\u2019in ve sahebenin bu ameli terk etmi\u015f olmas\u0131d\u0131r. Peki, bu fiilin mezmum bir bidat olarak nitelendirilebilmesi i\u00e7in ger\u00e7ekten yeterlimi dir?<\/li>\n<\/ol>\n<p>Allah Resul\u00fc \ufdfa\u2019 n\u00fcn konuya delil olarak getirilen \u201cHer bidat dalalettir\u201d \u015feklindeki hadisinin yan\u0131nda ayn\u0131 zamanda \u201cHer kim dinde g\u00fczel bir \u00e7\u0131\u011f\u0131r a\u00e7arsa, a\u00e7t\u0131\u011f\u0131 \u00e7\u0131\u011f\u0131r\u0131n ve onunla amel edenlerin sevab\u0131na nail olur\u201d<a href=\"#_ftn38\" name=\"_ftnref38\">[38]<\/a> \u015feklinde de bir hadisi vard\u0131r. Bu hadis \u00fczerinden hareket etti\u011fimizde yukar\u0131da umum olarak getirilen hadisin tahsis edilmesi gerekti\u011fi sonucu ortaya \u00e7\u0131kacakt\u0131r. \u00c7\u00fcnk\u00fc birinci hadiste her bidatin dalalet oldu\u011funu ifade buyuran Allah Resul\u00fc \ufdfa\u2019n\u00fcn \u00a0yine bizatihi kendisi ikinci hadiste \u0130slam\u2019da g\u00fczel bir \u00e7\u0131\u011f\u0131r a\u00e7man\u0131n sevaba nail olmaya vesile olaca\u011f\u0131n\u0131 s\u00f6ylemektedir. Demek ki Resul\u00fcllah \ufdfa\u2019\u0131n dalalet oldu\u011funu s\u00f6yledi\u011fi bidatle kast\u0131 kendi devrinden sonra \u00e7\u0131kan her fiil yani l\u00fcgav\u00ee bidat de\u011fildir.<\/p>\n<p>Ayr\u0131ca bu s\u00f6z\u00fc buyuran Hz.Peygamber \ufdfa kendi d\u00f6neminde baz\u0131 sahabilerin kendi uygulamalar\u0131n\u0131 takrir etmi\u015f ve bidat kapsam\u0131na sokmam\u0131\u015ft\u0131r. Misal olarak \u015funlar\u0131n zikredilmesi m\u00fcmk\u00fcnd\u00fcr:<\/p>\n<ul>\n<li>Resul\u00fcllah \ufdfa Bilal-i Habe\u015fi\u2019ye \u201cCennet\u2019te ayak seslerini i\u015fittim. \u0130slam\u2019da i\u015fledi\u011fin ve en \u00fcmit var oldu\u011fun amel hangisidir? diye sordu\u011funda Bilal t\u2019in cevab\u0131 \u015fu olmu\u015ftur: Ben gece veya g\u00fcnd\u00fczden hangi anda abdest alsam illaki sonras\u0131nda Allah\u2019\u0131n bana k\u0131lmam\u0131 yazd\u0131\u011f\u0131 (kadar) namaz k\u0131lar\u0131m.\u201d<a href=\"#_ftn39\" name=\"_ftnref39\">[39]<\/a> Bu hadiste g\u00f6r\u00fcld\u00fc\u011f\u00fc gibi Hz. Peygamber \ufdfa Bilal-i Habe\u015fi\u2019ye Cennet\u2019e girmesinin sebebini soruyor ve cevap olarak s\u00f6ylenilen amelin de Bilal \u2019in kendine \u00f6zg\u00fcn ameli oldu\u011fu anla\u015f\u0131l\u0131yor. Buna ra\u011fmen Hz. Peygamber \ufdfa onu bidat\u00e7ilikle itham etmiyor.<\/li>\n<li>Ruf\u00e2e b. R\u00e2fi\u2019 der ki; Resul\u00fcllah \ufdfa\u2019\u0131n arkas\u0131nda namaz k\u0131l\u0131yorduk. Ba\u015f\u0131n\u0131 r\u00fck\u00fbdan kald\u0131r\u0131nca \u201csemiallahu limen hamideh\u201d dedi. Bunun \u00fczerine arkas\u0131ndaki bir adam da \u201cRabben\u00e2 ve lekel hamd. Hamden kes\u00eeran tayyiben m\u00fcbareken f\u00eeh\u201d dedi.\u00a0 Namaz\u0131 bitirince Allah Resul\u00fc \ufdfa: \u201cKonu\u015fan kimdi?\u201d diye sordu. Adam da \u201cbendim\u201d dedi. Allah Resul\u00fc \ufdfa: \u201cOtuz k\u00fcs\u00fcr mele\u011fin hangisi (senin s\u00f6yledi\u011fin o kelam\u0131n sevab\u0131n\u0131 \u00f6nce) yazacak diye acele ettiklerini g\u00f6rd\u00fcm.\u201d Buyurdu.<a href=\"#_ftn40\" name=\"_ftnref40\">[40]<\/a><\/li>\n<li>Sahabeden B\u00fcreyde der ki; \u201cResulullah \ufdfa ile mescide girdim ve bakt\u0131m ki bir adam namaz k\u0131larken \u015f\u00f6yle dua ediyor: \u201cAllah\u0131m! Ben senin Allah oldu\u011funa, hi\u00e7bir \u015feyin kendisine denk olmad\u0131\u011f\u0131 ve do\u011furmayan ve do\u011furulmayan Samet oldu\u011funa kendisinden ba\u015fka ilah olmayan tek zat oldu\u011funa \u015fehadet etmem sebebiyle senden istiyorum.\u201d Adam\u0131n bu duas\u0131 \u00fczerine Resul\u00fcllah \ufdfa \u015f\u00f6yle buyurdu: \u201cNefsim yedinde olan Allah\u2019a yemin olsun ki; (bu ki\u015fi) Allah\u2019tan istendi\u011finde katiyen geri \u00e7evirmedi\u011fi ve dua edildi\u011finde icabet etti\u011fi en b\u00fcy\u00fck ismiyle (ism-i azam) istemi\u015ftir.\u201d <a href=\"#_ftn41\" name=\"_ftnref41\">[41]<\/a> Bu noktadaki isti\u015fhad mahallimiz ortadad\u0131r. Belli ki Allah Resul\u00fc \ufdfa\u2019n\u00fcn hakk\u0131nda b\u00f6yle buyurdu\u011fu adam yapt\u0131\u011f\u0131 bu duay\u0131 Hz. Peygamber \ufdfa\u2019 den taall\u00fcm etmemi\u015ftir. Belki bu i\u015fi Allah Te\u00e2l\u00e2\u2019n\u0131n mezk\u00fbr duay\u0131 bu ki\u015finin kalbine ilham etmesi yoluyla yapm\u0131\u015ft\u0131r. Her hal\u00fck\u00e2rda Peygamber \ufdfa bu ki\u015finin fiilini bidat olarak tavsif etmemi\u015f bilakis g\u00fczel kabul etmi\u015ftir.<a href=\"#_ftn42\" name=\"_ftnref42\">[42]<\/a><\/li>\n<li>Peygamber \ufdfa bir g\u00fcn mescitte oturan bir k\u0131s\u0131m sahabilere bir araya gelip oturmalar\u0131n\u0131n sebebini sormu\u015f ve onlar da Allah\u2019\u0131 zikrettiklerini kendilerini ve hidayete erdirdi\u011fi i\u00e7in ona hamd etme gayesiyle oturduklar\u0131n\u0131 s\u00f6yleyince Resul\u00fcllah \ufdfa\u201cBen sizden (yalanc\u0131 \u00e7\u0131kma) t\u00f6hmet(i) olmamas\u0131 a\u00e7\u0131s\u0131ndan yemin etmenizi istemeyece\u011fim. Lakin bana Cebrail gelip haber verdi ki; Allah Te\u00e2l\u00e2 sizinle meleklere kar\u015f\u0131 \u00f6v\u00fcn\u00fcyor\u201d buyurmu\u015ftur.<a href=\"#_ftn43\" name=\"_ftnref43\">[43]<\/a><\/li>\n<li>Bir di\u011fer rivayette ise \u015fu h\u00e2dise anlat\u0131l\u0131r: Ens\u00e2r&#8217;dan bir z\u00e2t kendi kavmine Kub\u00e2 mescidinde imaml\u0131k ederdi. Bu ki\u015fi cehr\u00ee k\u0131raat yap\u0131lmas\u0131 gereken namazlarda ne zaman namazda okunacak s\u00fcrelerden birini okuyacak olsa, ilk \u00f6nce \u0130hlas (kul huvellahu ahad) s\u00fcresini okur, onu bitirdikten sonra di\u011ferine ba\u015flard\u0131. Ve bunu da her rek\u00e2tta yapard\u0131. Arkada\u015flar\u0131 onunla konu\u015fup: \u201cSen bu s\u00fcreyi okuyorsun, sonra bunun senin i\u00e7in yeterli gelmeyece\u011fini (mi) d\u00fc\u015f\u00fcn\u00fcyorsun da ba\u015fka bir s\u00fcre daha okuyorsun. Ya bu s\u00fcreyi oku yahut bunu b\u0131rak da ba\u015fka s\u00fcre oku, dediler. O da: \u201cBen bunu terk edecek de\u011filim. Bu \u015fekilde imaml\u0131k yapmam\u0131 isterseniz, yapar\u0131m. \u0130stemedi\u011finiz sizi terk ederim\u201d dedi. Onlar bu zat\u0131n kendilerinin en faziletlileri oldu\u011funu d\u00fc\u015f\u00fcn\u00fcyorlar ve ba\u015fkas\u0131n\u0131n imam olmas\u0131n\u0131 da istemiyorlard\u0131. Peygamber onlara geldi\u011finde hadiseyi ona haber verdiler. Peygamber de: &#8220;Ey falan, arkada\u015flar\u0131n\u0131n tavsiye ettikleri \u015feyi yapmaktan seni al\u0131koyan nedir? Ve seni her rek\u00e2tta bu s\u00fcreyi mutlaka okumana sevk eden \u015fey nedir?&#8221; diye sordu. O z\u00e2t da: \u201cBen bu s\u00fcreyi seviyorum\u201d dedi. Peygamber de: &#8220;Onu sevmen \u015f\u00fcphesiz seni cennete girdirmi\u015ftir&#8221; buyurdu.<a href=\"#_ftn44\" name=\"_ftnref44\">[44]<\/a><\/li>\n<\/ul>\n<p>\u00d6rnek olarak serdetti\u011fimiz bunlar ve benzerleri rivayetlerden ortaya \u00e7\u0131kan sonu\u00e7: Hz. Peygamber aleyhissalat\u00fc vesselam\u2019\u0131n \u201cHer bidat dalalettir\u201d s\u00f6z\u00fcnden maksad\u0131n l\u00fcgav\u00ee anlamda her sonradan \u00e7\u0131kan \u015feylerle ilgili olmad\u0131\u011f\u0131d\u0131r. \u00c7\u00fcnk\u00fc bu t\u00fcr rivayetlerin hi\u00e7 birisinde Hz. Peygamber \ufdfa.<\/p>\n<p>Mevzunun di\u011fer bir yan\u0131 da terkin h\u00fckm\u00fcyle ilgilidir. Hz. Peygamber \ufdfa\u2019in bir \u015feyi yapmay\u0131p terk etmesi o \u015feyin caiz olmad\u0131\u011f\u0131 anlam\u0131na gelir mi? Bu soruyu cevapland\u0131rmam\u0131z mevlit kutlamalar\u0131n\u0131n h\u00fckm\u00fcne ula\u015fmam\u0131z a\u00e7\u0131s\u0131ndan bize yard\u0131mc\u0131 olacakt\u0131r.<a href=\"#_ftn45\" name=\"_ftnref45\">[45]<\/a> Zira bu kutlamalar\u0131n bidat oldu\u011funu s\u00f6yleyenler bu h\u00fckme Allah Resul\u00fc \ufdfa\u2019 n\u00fcn bu i\u015fi yapmamas\u0131ndan hareketle varmaktad\u0131rlar. Halbuki bu iddian\u0131n bizatihi savunucular\u0131 kral ve ailesinin her t\u00fcrl\u00fc ceremelerini, camialarda bir yerlere gelebilmek i\u00e7in baz\u0131 \u015feyleri feda etmeyi, l\u00fcks binitlerle gezip tozmay\u0131, \u015fatafatl\u0131 evleri tercih etmeyi m\u00fcbah sayarken hi\u00e7 bu noktalarda Allah Resul\u00fc \ufdfa yapt\u0131 yapmad\u0131 anlay\u0131\u015f\u0131 \u00fczerinden hareket etmezler.<\/p>\n<p>Ulema terkin \u015fer\u2019\u00ee bir h\u00fck\u00fcm olmad\u0131\u011f\u0131n\u0131 s\u00f6ylerler.<a href=\"#_ftn46\" name=\"_ftnref46\">[46]<\/a> Usul-i f\u0131k\u0131h \u00e2limlerimiz ne teklifi h\u00fck\u00fcmlerin i\u00e7erisinde ne de vaz\u2019\u00ee h\u00fck\u00fcmlerin i\u00e7erisinde terk diye bir \u015feyden bahsetmezler.<a href=\"#_ftn47\" name=\"_ftnref47\">[47]<\/a>Zira Efendimiz \ufdfa\u2019in b\u00fct\u00fcn mubahlar\u0131 i\u015flemedi\u011fi m\u00fcsellem bir noktad\u0131r.<a href=\"#_ftn48\" name=\"_ftnref48\">[48]<\/a> Bu y\u00fczden onun i\u015flemedi\u011fi bir fiili hemen bidatlikle veya herhangi bir yasaklama manas\u0131na gelen bir h\u00fck\u00fcmle nitelemek yanl\u0131\u015f olacakt\u0131r.<a href=\"#_ftn49\" name=\"_ftnref49\">[49]<\/a><\/p>\n<p>Allah Resul\u00fc \ufdfa\u2019n\u00fcn bir k\u0131s\u0131m \u015feyleri terk etmesini \u015f\u00f6yle tasnif etmemiz m\u00fcmk\u00fcnd\u00fcr.<\/p>\n<ul>\n<li>Peygamber \ufdfa\u2019in bazen terk etti\u011fi i\u015fler yeme, i\u00e7me, oturma ve kalkma gibi tabii bir fiil sahas\u0131nda meydana gelebilir. Hz. Peygamber \ufdfa\u2019in b\u00fct\u00fcn mubahlar\u0131 i\u015flemedi\u011fini belirtmi\u015ftik.<\/li>\n<li>Kimi zaman m\u00fcstehap sahas\u0131nda olur. Yani Resul\u00fcllah \ufdfa bazen bir k\u0131s\u0131m m\u00fcstehap veya mendup i\u015flerin yap\u0131lmas\u0131n\u0131 g\u00fczel g\u00f6r\u00fcr, ashab\u0131n\u0131 o noktada takrir eder fakat kendi i\u015flemez. T\u0131pk\u0131 geride ge\u00e7en hadisede \u0130hlas s\u00fcresini okuyan sahabinin fiilini takrirden \u00f6te g\u00fczel g\u00f6rmesi gibi.<\/li>\n<li>Peygamber taraf\u0131ndan meydana gelen terk s\u00fcnnet olan i\u015flerde de olabilir. T\u0131pk\u0131 Hz. Peygamber aleyhissalat\u00fc vesselam\u2019\u0131n teravih namaz\u0131n\u0131 cemaatle k\u0131lmay\u0131 terk etmesi gibi. Bilindi\u011fi gibi Peygamber r bu olay\u0131n anlat\u0131ld\u0131\u011f\u0131 rivayette \u201cEy insanlar yapt\u0131\u011f\u0131n\u0131z\u0131 g\u00f6rd\u00fcm. Beni sizin yan\u0131n\u0131za \u00e7\u0131kmaktan engelleyen \u015fey bu namaz\u0131n size farz k\u0131l\u0131nmas\u0131ndan korkmam d\u0131\u015f\u0131nda ba\u015fka bir \u015fey de\u011fil\u201d<a href=\"#_ftn50\" name=\"_ftnref50\">[50]<\/a> ifadesi yer almaktad\u0131r.<\/li>\n<li>Peygamber baz\u0131 i\u015fleri de \u2013tabii olarak- nehy edilip yasakland\u0131klar\u0131 i\u00e7in terk etmi\u015ftir.<a href=\"#_ftn51\" name=\"_ftnref51\">[51]<\/a><\/li>\n<\/ul>\n<p>&nbsp;<\/p>\n<p>Demek ki bir fiilin Peygamber \ufdfa taraf\u0131ndan i\u015flenmemesi onun her hal\u00fck\u00e2rda bidat oldu\u011fu anlam\u0131na gelmez. \u015eu halde bir \u015feyin \u015fer\u2019i bidat diye tabir etti\u011fimiz mezmum bidat kapsam\u0131na girmesi i\u00e7in hangi \u015fartlar bulunmal\u0131d\u0131r? Bu noktay\u0131 inceleyelim.<\/p>\n<p>\u0130slam \u00e2limleri sonradan meydana gelen bir \u015feyin bidat-\u0131 mezmume kapsam\u0131na girmesi i\u00e7in belli \u015fartlar ko\u015fmu\u015flard\u0131r. S\u0131ras\u0131yla bunlar\u0131 g\u00f6recek olursak;<\/p>\n<ol>\n<li>Sonradan meydana gelen \u015fey dinle alakal\u0131 olmal\u0131 ve taabbud\u00ee i\u015flerden olmal\u0131d\u0131r. \u00c7\u00fcnk\u00fc Allah Resul\u00fc \ufdfa: \u201cKim bizim i\u015fimizde ondan olmayan bir \u015fey ihdas ederse o merduttur\u201d<a href=\"#_ftn52\" name=\"_ftnref52\">[52]<\/a> buyurmaktad\u0131r. Dikkat edilirse hadiste \u201cbizim i\u015fimizde\u201d ifadesi yer almaktad\u0131r. Bu da g\u00f6stermektedir ki sonradan ihdas edilen \u015feyin merdut olmas\u0131 i\u00e7in Peygamber r\u2019in i\u015fi olan dinle ilgili olmas\u0131 gerekmektedir.<a href=\"#_ftn53\" name=\"_ftnref53\">[53]<\/a><\/li>\n<li>\u0130hdas edilmi\u015f olan bu \u015feyin \u015fer\u2019i delillere z\u0131t olmamas\u0131 gerekir. Buna g\u00f6re Hz. Peygamber \ufdfa\u2019 in zaman\u0131ndan sonra ortaya \u00e7\u0131km\u0131\u015f olan bir fiili \u015fer\u2019i delillere arz etmek gerekir. Bunlara arz neticesinde ortaya \u00e7\u0131kan h\u00fck\u00fcm bu i\u015fin h\u00fckm\u00fc demektir.<a href=\"#_ftn54\" name=\"_ftnref54\">[54]<\/a>Ebubekir ibn Arab\u00ee\u2019nin \u201chamlu\u2019n-naz\u00eer ale\u2019n-nazir\u201d dedi\u011fi<a href=\"#_ftn55\" name=\"_ftnref55\">[55]<\/a> bu y\u00f6ntemle bir \u015feyin bidat olup olmad\u0131\u011f\u0131 \u00e7ok rahat bir \u015fekilde ortaya \u00e7\u0131kacakt\u0131r. Bundan \u00f6t\u00fcr\u00fc Harmele b. Yahy\u00e2 der ki; \u0130mam e\u015f-\u015eafii\u2019yi \u015f\u00f6yle derken i\u015fittim: Bidat iki t\u00fcrl\u00fcd\u00fcr: Bidat-\u0131 mahmude ve bidat-\u0131 mezm\u00fbme. S\u00fcnnete muvaf\u0131k olan bidat-\u0131 mahmude olup muhalif olan da mezm\u00fbmedir.<a href=\"#_ftn56\" name=\"_ftnref56\">[56]<\/a><\/li>\n<\/ol>\n<ul>\n<li>Bu fiil i\u015flendi\u011finde \u015feriattan bir as\u0131l veya s\u00fcnnet y\u0131k\u0131lmamal\u0131d\u0131r. \u00c7\u00fcnk\u00fc her bidat bir s\u00fcnneti \u00f6ld\u00fcr\u00fcr. Bunun misali \u00f6l\u00fcye sar\u0131lan kefenle birlikte ba\u015f\u0131na da sar\u0131k sarmakt\u0131r. B\u00f6yle bir bidat kefenin erkekte \u00fc\u00e7, kad\u0131nda d\u00f6rt olmas\u0131 \u015feklindeki s\u00fcnneti \u00f6ld\u00fcr\u00fcp ortadan kald\u0131rd\u0131\u011f\u0131 i\u00e7in mezmum say\u0131lm\u0131\u015ft\u0131r. Ayr\u0131ca b\u00f6yle bir \u015fey yapmak s\u00fcnnet olan say\u0131 \u00fczerine ziyade yapmakt\u0131r ki bu da netice olarak neshe \u00e7\u0131kar.<a href=\"#_ftn57\" name=\"_ftnref57\">[57]<\/a> Bu \u015fart esas\u0131nda bir \u00f6nceki \u015fartla beraber bir birini tamamlamaktad\u0131r.<\/li>\n<\/ul>\n<p>Bu \u015fartlar \u00e7er\u00e7evesinde l\u00fcgavi olarak niteleyebilece\u011fimiz bidatlar\u0131 farz, vacip, m\u00fcstehap, mendup olarak tasnif edenler de vard\u0131r. Mesela insanlar\u0131n akidesinin bozulmaya y\u00fcz tuttu\u011fu zamanlarda bidat ehliyle birlikte kelam\u00ee mevzular\u0131n tart\u0131\u015f\u0131lmas\u0131 farz olur. Bu g\u00f6revi hi\u00e7 kimse \u00fcstlenmezse \u00fcmmetin tamam\u0131 g\u00fcnahk\u00e2r olur. Bunun i\u00e7in \u0130mam Ebu Hanife sahabe d\u00f6neminde yap\u0131lmam\u0131\u015f olmas\u0131na ra\u011fmen kel\u00e2mi konularda bidat ehliyle tart\u0131\u015fmas\u0131n\u0131n gerek\u00e7esini izah ederken; sahabenin d\u00f6neminde s\u00fcnn\u00ee \u00a0d\u00fc\u015f\u00fcnceye kar\u015f\u0131t fikirde insanlar\u0131n olmad\u0131\u011f\u0131n\u0131 ve bu y\u00fczden onlar\u0131n ak\u00eedevi mevzular\u0131 tart\u0131\u015fmad\u0131klar\u0131n\u0131 s\u00f6yler ve ard\u0131ndan ekler: \u201cOnlar\u0131n durumu kar\u015f\u0131lar\u0131nda m\u00fccadele edecekleri kimseler olmayan ki\u015filere benzer. Bu y\u00fczden onlar silah kullanma tekell\u00fcf\u00fcne girmemi\u015flerdir.\u201d<a href=\"#_ftn58\" name=\"_ftnref58\">[58]<\/a><\/p>\n<p>Bidat konusuna y\u00f6nelik \u00e7ok daha farkl\u0131 tasnifler varsa da konuyu it\u00e2le etmeme a\u00e7\u0131s\u0131ndan bunlara de\u011finmeyece\u011fiz.<a href=\"#_ftn59\" name=\"_ftnref59\">[59]<\/a><\/p>\n<p><strong>Mevlidin bidat olmad\u0131\u011f\u0131n\u0131n delilleri<\/strong><\/p>\n<p>Bidatla ilgili verilen malumat \u00fczerinden mevlit kutlamalar\u0131n\u0131 de\u011ferlendirecek olursak; bu kutlamalar\u0131n bidat oldu\u011funu s\u00f6ylememiz g\u00fc\u00e7 olacakt\u0131r. Zira mevlit kutlamalar\u0131n\u0131n \u015fer\u2019\u00ee delillere z\u0131t olmas\u0131 s\u00f6z konusu de\u011fildir. Bilakis bu kutlamalar\u0131 \u015fer\u2019\u00ee deliller z\u0131mn\u0131nda de\u011ferlendirmemiz m\u00fcmk\u00fcnd\u00fcr. Buna y\u00f6nelik bir tak\u0131m delilleri serdedecek olursak \u015funlar\u0131 sayabiliriz:<\/p>\n<ol>\n<li>Mevlit kutlamalar\u0131 Hz. Peygamber \ufdfa\u2019in do\u011fumuyla sevinme anlam\u0131na gelmektedir. Bu da \u015feriatta yasaklanm\u0131\u015f bir \u015fey de\u011fildir. Hatta ra\u011fbet edilen bir \u015feydir. \u00c7\u00fcnk\u00fc Hz. Peygamber \ufdfa do\u011fdu\u011funda cariyesi S\u00fcveybe\u2019yi azat etti\u011finden dolay\u0131 her pazartesi gecesi geldi\u011finde Ebu Leheb\u2019in azab\u0131n\u0131n hafifletildi\u011fi sahih rivayetlerde zikredilmi\u015ftir.<a href=\"#_ftn60\" name=\"_ftnref60\">[60]<\/a><\/li>\n<li>Allah Resul\u00fc \ufdfa\u2019ne Pazartesi orucun (un neden tutuldu\u011fun) dan soruldu\u011funda \u201cO g\u00fcn benim do\u011fdu\u011fum g\u00fcnd\u00fcr, ve o g\u00fcnde bana (ayet) inz\u00e2l edilmi\u015ftir\u201d<a href=\"#_ftn61\" name=\"_ftnref61\">[61]<\/a> buyurmu\u015ftur.<\/li>\n<\/ol>\n<ul>\n<li>Peygamber\u2019le ferah ve sevin\u00e7 duymak Kur\u2019an\u0131n emriyle bizden istenen bir \u015feydir. Zira Cenab-\u0131 Hak ayet-i kerimede <em>\u201cDe ki; Allah\u2019\u0131n fazl\u0131yla ve rahmetiyle, i\u015fte yaln\u0131z onunla ferahlans\u0131nlar. O onlar\u0131n toplad\u0131klar\u0131ndan daha hay\u0131rl\u0131d\u0131r\u201d<a href=\"#_ftn62\" name=\"_ftnref62\"><strong>[62]<\/strong><\/a><\/em> buyurmaktad\u0131r. <em>\u201cBiz seni ancak \u00e2lemlere rahmet olarak g\u00f6nderdik\u201d<a href=\"#_ftn63\" name=\"_ftnref63\"><strong>[63]<\/strong><\/a><\/em> ayet-i kerimesinden de anla\u015f\u0131ld\u0131\u011f\u0131 \u00fczere Hz. Peygamber rahmettir ve onunla sevinmek, do\u011fumuyla ferahlanmak Kur\u2019an\u00ee bir emirdir.<\/li>\n<\/ul>\n<ol>\n<li>Efendimiz \ufdfa\u2019in Cuma g\u00fcn\u00fcyle ilgili buyurdu\u011fu <em>\u201cO g\u00fcnde \u00c2dem do\u011fmu\u015ftur\u201d<a href=\"#_ftn64\" name=\"_ftnref64\"><strong>[64]<\/strong><\/a><\/em> s\u00f6z\u00fcnden de anlayaca\u011f\u0131m\u0131z \u00fczere herhangi bir Peygamberin bir g\u00fcnde do\u011fmas\u0131 o g\u00fcn\u00fc Allah Resul\u00fc \ufdfa\u2019n\u00fcn nazar\u0131nda ayr\u0131cal\u0131kl\u0131 k\u0131lmaktad\u0131r.<\/li>\n<li>Mevlit kutlamalar\u0131 b\u00fct\u00fcn \u015fehirlerdeki \u0130sl\u00e2m ulemas\u0131n\u0131n g\u00fczel kabul ettikleri bir i\u015ftir. \u0130bn Mesud Rad\u0131yallahu anh\u2019in \u201cM\u00fcsl\u00fcmanlar\u0131n g\u00fczel g\u00f6rd\u00fckleri \u015fey Allah Kat\u0131nda da g\u00fczel, \u00e7irkin g\u00f6rd\u00fckleri \u015fey Allah Kat\u0131nda da \u00e7irkindir\u201d<a href=\"#_ftn65\" name=\"_ftnref65\">[65]<\/a> \u015feklindeki s\u00f6z\u00fc de mevlidin \u00e7irkin bir bidat kabul edilemeyece\u011finin delilidir.<a href=\"#_ftn66\" name=\"_ftnref66\">[66]<\/a><\/li>\n<li>Peygamber \ufdfa Medine\u2019ye geldi\u011finde orada bulunan Yahudilerin a\u015fure g\u00fcn\u00fcnde oru\u00e7 tuttuklar\u0131n\u0131 g\u00f6rm\u00fc\u015f ve sebebini sormu\u015ftur. \u201cBu g\u00fcn Allah\u2019\u0131n Musa\u2019y\u0131 ve Ben\u00ee \u0130srail\u2019i firavuna kar\u015f\u0131 galip k\u0131ld\u0131\u011f\u0131 g\u00fcnd\u00fcr. Bizler de bu g\u00fcne tazim i\u00e7in oru\u00e7 tutuyoruz\u201d cevab\u0131n\u0131 al\u0131nca \u201cBiz Musa\u2019ya sizden daha lay\u0131\u011f\u0131z\u201d buyurmu\u015f<a href=\"#_ftn67\" name=\"_ftnref67\">[67]<\/a> ve bu g\u00fcn\u00fcn oru\u00e7lu ge\u00e7irilmesini tavsiye etmi\u015ftir.<\/li>\n<\/ol>\n<ul>\n<li>Allah Te\u00e2l\u00e2 bir ayet-i kerimede Hz. Peygamber \ufdfa\u2019e, \u00fcmmetine Allah\u2019\u0131n g\u00fcnlerini hat\u0131rlatmas\u0131n\u0131 emir buyurmaktad\u0131r.<a href=\"#_ftn68\" name=\"_ftnref68\">[68]<\/a> Ayette ge\u00e7en \u201ceyy\u00e2mullah\/Allah\u2019\u0131n g\u00fcnleri\u201d ifadesinden kas\u0131t mutlak anlamda zaman de\u011fildir. Belki bundan kas\u0131t ge\u00e7mi\u015f zamanda ya\u015fanm\u0131\u015f olan \u00f6nemli hadiselerdir. Mazide ya\u015fanm\u0131\u015f hadiselerin i\u00e7erisinde en \u00e7ok ehemmiyet arz eden olaylardan biri de ku\u015fkusuz Hz. Peygamber \ufdfa\u2019in do\u011fumudur.<\/li>\n<\/ul>\n<p>Mevlit kutlamalar\u0131 bu as\u0131llar\u0131n z\u0131mn\u0131nda de\u011ferlendirilebilecek olan bir ameliyedir. Bir \u015feyin bidat say\u0131labilmesi i\u00e7in edille-i \u015fer\u2019iyyeden hi\u00e7bir asla dayanmamas\u0131 gerekti\u011fini geride izah ettik. M\u00fcminlerin maslahat\u0131 veya zaruri hallerin s\u00f6z konusu oldu\u011fu durumlarda \u015feriat\u0131n \u00f6z\u00fcne muhalif olmayan i\u015flere bidat demek y\u00fczeysel bir bak\u0131\u015f a\u00e7\u0131s\u0131n\u0131n \u00fcr\u00fcn\u00fc olabilir ancak.<\/p>\n<p>Hemen belirtelim ki deliller \u00e7er\u00e7evesinde tahlil edilip \u2013cumhur taraf\u0131ndan-\u00a0 bidat olmad\u0131\u011f\u0131 savunulan mevlit kutlamalar\u0131, i\u00e7erisinde mahremiyet ihlali, m\u00fczik, l\u00fczumsuz ses y\u00fckseltmeleri gibi \u015feriata muvaf\u0131k olmayan i\u015flerin bulunmad\u0131\u011f\u0131 mevlit kutlamalar\u0131d\u0131r. Aksi takdirde bu \u015fekildeki mevlit kutlamalar\u0131n\u0131n caiz ve me\u015fru oldu\u011funu kimse s\u00f6ylememi\u015ftir.<\/p>\n<p>Kutlamalar Kur\u2019an tilaveti, vaaz-u nasihat, salavat-\u0131 \u015ferife okumalar\u0131 ve hasbihal gibi \u015feriat\u0131n te\u015fvik ve emir buyurdu\u011fu faaliyetlerle icra edilmelidirler. Zaten mevlit kutlamalar\u0131n\u0131 bidat olmaktan kurtaran bir di\u011fer m\u00fcessir etken de bu kutlamalar\u0131n Hz. Peygamber \ufdfa\u2019e fazla fazla salat getirerek <em>\u201cEy iman edenler siz de ona salat edin selam edin\u201d<a href=\"#_ftn69\" name=\"_ftnref69\"><strong>[69]<\/strong><\/a><\/em> \u015feklindeki ayet-i kerimeyle \u00e7ok\u00e7a amel etmeye sebep olmas\u0131d\u0131r.<\/p>\n<p>&nbsp;<\/p>\n<ol>\n<li>Suy\u00fbt\u00ee\u2019nin F\u00e2kih\u00e2n\u00ee\u2019nin gerek\u00e7elerine yeterince cevap veremedi\u011fi sizin kabullendi\u011finiz bir iddiad\u0131r. Risaleyi taassuptan \u00e2r\u00ee bir nazarla mutala\u00e2 eden birisi kendisine \u00eecaz makam\u0131nda sunulabilecek derecede delil bulabilir. Fakat \u0131srarla kendi s\u00f6yledi\u011finin do\u011fru oldu\u011funu iddia eden ki\u015finin ikn\u00e2 edilmesi ciltler dolusu delille de m\u00fcmk\u00fcn olmaz.<\/li>\n<\/ol>\n<p>Bu mevzudaki taassub\u00ee nazar ilgili risalenin sadece bu bahsedilenlere inhisar edilmesinde \u00e7ok a\u00e7\u0131k bir \u015fekilde g\u00f6r\u00fclmektedir. H\u00e2lbuki bahsi yap\u0131lan risalede \u0130mam es-Suyut\u00ee bunlar\u0131n d\u0131\u015f\u0131ndaki bir tak\u0131m delillerden de bahsetmesine ra\u011fmen sizler eseri bir iki nokta \u00fczerinden de\u011ferlendirmektesiniz. Mesela Suyut\u00ee bu eserde imametleri m\u00fcsellem olan bir\u00e7ok imamdan mevlit kutlamalar\u0131n\u0131n cevaziyetine y\u00f6nelik nakiller yapmas\u0131na ra\u011fmen siz b\u00fct\u00fcn bunlar i\u00e7erisinden sadece \u0130bn Dihye\u2019den bahsetmektesiniz.<\/p>\n<p>Kald\u0131 ki \u0130bn Dihye ile ilgili s\u00f6ylenilen \u015feyler de hakikati yans\u0131tmamaktad\u0131r. Kendisinin nakilde m\u00fcttehem birisi oldu\u011fu ifade edilmektedir. Bununla birlikte onun ilim kaplar\u0131ndan bir kap oldu\u011fu da s\u00f6ylenmektedir. Hatta Ebu Hayyan onu tazif edenlerin g\u00f6r\u00fc\u015f\u00fcn\u00fc kabul etmemi\u015ftir. \u0130bn Nukta, \u0130bn Dihye\u2019nin marifet ve faziletle mevsuf birisi oldu\u011funu ancak bir tak\u0131m hakikati olmayan \u015feyleri iddia etti\u011fini s\u00f6ylemektedir.<a href=\"#_ftn70\" name=\"_ftnref70\">[70]<\/a><\/p>\n<p>Her \u015feye ra\u011fmen \u0130bn Dihye\u2019nin tamam\u0131yla reddedilecek birisi oldu\u011funu kabul etsek bile bu sizin iddian\u0131z\u0131 ge\u00e7erli k\u0131lmaz. Zira mevlit kutlamalar\u0131n\u0131 g\u00fczel kabul eden sadece \u0130bn Dihye de\u011fildir. Bilakis m\u00fcfessirinden muhaddisine, fakihinden m\u00fctekellimine b\u00fct\u00fcn bir \u00fcmmet bu kutlamalar\u0131n \u2013me\u015fru \u015fartlar \u00e7er\u00e7evesinde oldu\u011fu s\u00fcrece- caiz hatta m\u00fcstehap oldu\u011funda ittifak halindedirler.<\/p>\n<ol>\n<li>\u0130bn Kesir\u2019in \u201cel-Bidaye\u201dsinden yap\u0131lan nakil tam anlam\u0131yla tahriftir. Kendi davas\u0131n\u0131 ispat edebilmek i\u00e7in s\u00f6z\u00fcne itibar edilebilecek bir tek ki\u015fi bile bulmaya muktedir olamayanlar\u0131n \u00fcmmetin kabulle telakki etti\u011fi bir imamdan yapt\u0131klar\u0131 nakilde h\u0131yanet i\u015flemeleri gayet normaldir. Peki, bu me\u015fru mudur? Bu denli bir ilm\u00ee h\u0131yanete imza atabilenlerin sair ilm\u00ee mevzulardaki g\u00f6r\u00fc\u015flerine g\u00fcvenle yakla\u015f\u0131labilir mi?<\/li>\n<\/ol>\n<p>\u0130bn Kesir\u2019in ifadeleri \u015f\u00f6yledir:<\/p>\n<p>Melik Muzaffer Ebu Said G\u00f6kb\u00f6r\u00ee \u015eerefli meliklerden, c\u00f6mert ve b\u00fcy\u00fck \u00f6nderlerden birisidir. \u00c7ok g\u00fczel eserleri vard\u0131r. Rebiu\u2019l-evvel ay\u0131nda mevlit kutlamalar\u0131 yapard\u0131. T\u00fcm bunlarla birlikte kendisi adil, \u00e2lim, akil, at\u0131lgan, cesur, asil bir ki\u015fiydi. (\u2026) Mevlit kutlamalar\u0131nda \u00fc\u00e7 y\u00fcn bin dinar harcard\u0131.<a href=\"#_ftn71\" name=\"_ftnref71\">[71]<\/a><\/p>\n<p>G\u00f6r\u00fcld\u00fc\u011f\u00fc gibi \u0130bn Kesir mevlit kutlamalar\u0131n\u0131 ba\u015flatan Melik Muzaffer\u2019i yermenin aksine \u00f6vmektedir. Geriye b\u0131rakt\u0131\u011f\u0131 mevlit kutlamalar\u0131 adeti i\u00e7in \u201c\u00e2s\u00e2r-\u0131 hasene\/g\u00fczel eserler ifadesini kullanmaktad\u0131r. Ancak bat\u0131l mezhepleri u\u011fruna her t\u00fcrl\u00fc tezvirat\u0131 me\u015fru g\u00f6ren anlay\u0131\u015f\u0131n m\u00fcmessilleri imamlar\u0131n kitaplar\u0131ndaki ifadeleri ziyade yapmak, eksiltmek, tebdil etmek gibi ve\u00e7heleriyle tahrif etmeyi me\u015fru kabul etmektedirler. Bu tav\u0131rlar\u0131yla da gerek bu mevzuda ve gerekse de tart\u0131\u015fmaya a\u00e7t\u0131klar\u0131 sair mevzularda iyi niyet ve hakk\u0131 arama gibi bir maksatlar\u0131n\u0131n olmad\u0131\u011f\u0131n\u0131 ibraz etmi\u015f olmaktad\u0131rlar. \u0130lell\u00e2hi\u2019l-m\u00fc\u015ftek\u00e2\u2026<\/p>\n<p><strong>Hatime<\/strong><\/p>\n<p>Hz. Peygamber \ufdfa\u2019i devaml\u0131 hat\u0131rda tutma ve hat\u0131ras\u0131n\u0131 bir \u00f6m\u00fcr y\u00e2d etme gibi gayelerle icr\u00e2 edilen mevlit kutlamalar\u0131 \u00fcmmetin cumhurunun kabulle kar\u015f\u0131lad\u0131\u011f\u0131 ve g\u00fczel g\u00f6rd\u00fc\u011f\u00fc bir ameliyedir. Asl\u0131nda hadisenin sadece bu boyutu dahi bu kutlamalar\u0131n me\u015fruiyetini ispat sadedinde k\u00e2fidir. Zira \u00fcmmetinin dal\u00e2let \u00fczere toplanmayaca\u011f\u0131n\u0131 haber veren de yine Allah Resul\u00fc \ufdfa\u2019n\u00fcn bizzat kendisidir.<a href=\"#_ftn72\" name=\"_ftnref72\">[72]<\/a><\/p>\n<p>Ayr\u0131ca ak\u0131l da bunu gerektirmektedir. \u00c7\u00fcnk\u00fc hi\u00e7bir akl-\u0131 sel\u00eem sahas\u0131nda otorite \u00e2limlerin tecviz noktas\u0131nda birle\u015fip ittifak ettikleri bir konuda infirat edip \u015faz kalan taraf\u0131n hak \u00fczere oldu\u011funa h\u00fckmetmez.<a href=\"#_ftn73\" name=\"_ftnref73\">[73]<\/a> \u015eu halde \u00fcmmetin yek\u00fbnunun dedi\u011fi gibi; gayr-i me\u015fru uygulamalar\u0131 ihtiva etmeyen mevlit kutlamalar\u0131n\u0131n icra edilmesi m\u00fcstehapt\u0131r.<\/p>\n<hr \/>\n<p><a href=\"#_ftnref1\" name=\"_ftn1\">[1]<\/a> \u0130bn Teymiye, <em>Mecmu\u2019u\u2019l-fet\u00e2v\u00e2<\/em>, Mecmau\u2019l-melik fahd, Med\u00eene-i M\u00fcnevvere, 1995,\u00a0 I\/352<\/p>\n<p><a href=\"#_ftnref2\" name=\"_ftn2\">[2]<\/a> \u0130bn Teymiye, <em>K\u00e2idetun cel\u00eele fi\u2019t-tevess\u00fcl-i ve\u2019l-ves\u00eele<\/em>, Mektebetu\u2019l-furk\u00e2n, 2001, B.I, s. 146, <em>Mecm\u00fb\u2019u\u2019l-fet\u00e2v\u00e2<\/em>, I\/304, , <em>el-Fet\u00e2va\u2019l-k\u00fcbr\u00e2<\/em>, Daru\u2019l-k\u00fct\u00fcbi\u2019l-ilmiyye, 1987, B.I, I\/175,<em> \u0130ktiz\u00e2u\u2019s-s\u0131r\u00e2t\u0131\u2019l-m\u00fcstak\u00eem<\/em>, D\u00e2ru \u00e2lemi\u2019l-k\u00fct\u00fcb, Beyrut-L\u00fcbnan, 1999, B.VII, II\/182, <em>Muhtasaru\u2019l-fet\u00e2va\u2019l-M\u0131sriyye<\/em>, I\/62,<em> Minh\u00e2cu\u2019s-s\u00fcnne<\/em>, M\u00fcessesetu Kurtuba, B.I, II\/270,<em> Kaidetun az\u00eemetun fi\u2019l-farki beyne ib\u00e2d\u00e2ti ehli\u2019l-\u0130sl\u00e2m ve ib\u00e2d\u00e2ti ehl\u2019\u015f-\u015firki ve\u2019n-nif\u00e2k, Daru\u2019l\u00e2s\u0131me<\/em>, Riyat, 1997, B.II, s. 94<\/p>\n<p><a href=\"#_ftnref3\" name=\"_ftn3\">[3]<\/a> Buna misal olarak taklit meselesini g\u00f6sterebiliriz. \u0130bn Teymiye delillerden h\u00fck\u00fcm istinbat etme salahiyetinde olmayan avam\u0131n bir m\u00fc\u00e7tehidi taklit etmesinde her hangi bir beis g\u00f6rm\u00fcyorken (Mecmu\u2019u\u2019l-fet\u00e2v\u00e2,XIX\/262) g\u00fcn\u00fcm\u00fcz selefilerinden baz\u0131lar\u0131 taklidi k\u00fclliyyen reddetme yoluna gitmektedirler.<\/p>\n<p><a href=\"#_ftnref4\" name=\"_ftn4\">[4]<\/a> \u0130bn Abidin Muhammed Emin, <em>Ha\u015fiyetu Reddi\u2019l-muht\u00e2r ale\u2019d-d\u00fcrri\u2019l-muht\u00e2r<\/em>, Daru\u2019l-marife, Beyrut-L\u00fcbnan, 2011, B.III<\/p>\n<p><a href=\"#_ftnref5\" name=\"_ftn5\">[5]<\/a> Mesela bkz. Muhammed\u00a0 b. Salih el-Useymin, <em>e\u015f-\u015eerhu\u2019l-m\u00fcmti\u2019 al\u00e2 z\u00e2di\u2019l-m\u00fctekanni\u2019<\/em>, Daru \u0130bni\u2019l-cevz\u00ee, 1424, B.I<\/p>\n<p><a href=\"#_ftnref6\" name=\"_ftn6\">[6]<\/a> Mesela bkz. \u0130bn Teymiye, <em>Ziyaretu\u2019l-kub\u00fbr ve\u2019l-istincadu bi\u2019l-makb\u00fbr<\/em>, Daru\u2019s-sah\u00e2be, s. 42 vd., Abd\u00fclaziz b. Abdullah b. Baz, <em>er-Rud\u00fbdu\u2019l-b\u00e2ziyye f\u00ee ba\u2019zi\u2019l-mes\u00e2ili\u2019l-akdiyye<\/em>, Daru \u0130bni\u2019l-es\u00eer, Riyat, 2007, B.I, s. 221<\/p>\n<p><a href=\"#_ftnref7\" name=\"_ftn7\">[7]<\/a> \u00d6rne\u011fin \u0130mam el-Beyhak\u00ee\u2019nin Peygamberlerin vefatlar\u0131ndan sonra da hayat sahibi olduklar\u0131n\u0131 ispat sadedinde yazd\u0131\u011f\u0131 <em>\u201cHay\u00e2tu\u2019l-enbiyai ba\u2019de vef\u00e2tihim\u201d<\/em> isimli risale h\u00fcviyetindeki eserini tahkik ederek basan \u201cAhmed b. At\u0131yye el- \u011eamid\u00ee\u201d ad\u0131ndaki selefi, \u0130mam el-Beyhak\u00ee\u2019nin ifadelerine d\u00fc\u015ft\u00fc\u011f\u00fc notlarla adeta eseri mihverinden sapt\u0131rm\u0131\u015f ve tek kelimeyle tahrif etmi\u015ftir. Ku\u015fkusuz bunu yapmas\u0131ndaki tek sebep zihn\u00ee d\u00fcnyas\u0131ndaki ar\u0131zal\u0131 Peygamber tasavvurunu diri tutmak ve bununla da kalmay\u0131p \u00fcmmetin hadis alan\u0131nda imam kabul etti\u011fi el-Beyhaki\u2019yi de bu ameliyesine ortak k\u0131lmakt\u0131r. Bkz. Ebubekir Ahmed b. el-H\u00fcseyin el-Beyhak\u00ee, <em>Hay\u00e2tu\u2019l-enbiy\u00e2 ba\u2019de vefatihim<\/em>, (thk: Ahmed b. At\u0131yye el-\u011eamid\u00ee), Mektebetu\u2019l-ul\u00fbm ve\u2019l-hikem, Medine-i m\u00fcnevvere, 1993, B.I<\/p>\n<p><a href=\"#_ftnref8\" name=\"_ftn8\">[8]<\/a> \u0130bn Hi\u015fam, <em>es-S\u00eeretu\u2019n-nebeviyye<\/em>,\u00a0 I\/158, \u0130bn \u0130shak, <em>es-S\u00eeretu\u2019n-nebeviyye<\/em>, Daru\u2019l-k\u00fct\u00fcbi\u2019l-ilmiyye, Beyrut-L\u00fcbnan, 2004, B.I, s. 99, \u00a0\u0130bn Kesir, Ebul fida, <em>el-Fus\u00fbl f\u00ee s\u00eereti\u2019r-Res\u00fbl<\/em>, M\u00fcessesetu ul\u00fbmi\u2019l-Kur\u2019an,D\u0131me\u015fk, 1403, B.III s.91<\/p>\n<p><a href=\"#_ftnref9\" name=\"_ftn9\">[9]<\/a> Tekvir, 8-9<\/p>\n<p><a href=\"#_ftnref10\" name=\"_ftn10\">[10]<\/a> Ahz\u00e2b, 33<\/p>\n<p><a href=\"#_ftnref11\" name=\"_ftn11\">[11]<\/a> Bakara, 129<\/p>\n<p><a href=\"#_ftnref12\" name=\"_ftn12\">[12]<\/a> \u0130bn Cerir et-Taber\u00ee, <em>Camiu\u2019l-Bey\u00e2n<\/em>, I\/800 Daru\u2019l-Hadis, Kahire, 2010<\/p>\n<p><a href=\"#_ftnref13\" name=\"_ftn13\">[13]<\/a> Saf, 6<\/p>\n<p><a href=\"#_ftnref14\" name=\"_ftn14\">[14]<\/a> \u00c2l-i imran, 164<\/p>\n<p><a href=\"#_ftnref15\" name=\"_ftn15\">[15]<\/a> \u0130bn Kesir, Ebul fida, <em>Tefs\u00eeru\u2019l-kur\u2019\u00e2ni\u2019l-az\u00eem<\/em>, M\u00fcessesetu Kurtuba, I\/486-87<\/p>\n<p><a href=\"#_ftnref16\" name=\"_ftn16\">[16]<\/a> Nisa, 164<\/p>\n<p><a href=\"#_ftnref17\" name=\"_ftn17\">[17]<\/a> H\u00fbd, 120<\/p>\n<p><a href=\"#_ftnref18\" name=\"_ftn18\">[18]<\/a> Ahmed b. Hanbel, <em>M\u00fcsned<\/em>, No: 22537, Hakim, M\u00fcstedrek, No: 4179, Nes\u00e2i, <em>es-S\u00fcnenu\u2019l-k\u00fcbr\u00e2<\/em>, No: 2790<\/p>\n<p><a href=\"#_ftnref19\" name=\"_ftn19\">[19]<\/a> Hasen es-Sed\u00fbb\u00ee, <em>T\u00e2r\u00eehu\u2019l-ihtif\u00e2l bi\u2019l-mevlidi\u2019n-nebev\u00ee<\/em>, Matbaatu\u2019l-istik\u00e2me, Kahire, 1948, s. 17 vd.<\/p>\n<p><a href=\"#_ftnref20\" name=\"_ftn20\">[20]<\/a> Celalettin es-Suy\u00fbt\u00ee, <em>e\u015f-\u015eem\u00e2r\u00eeh f\u00ee ilmi\u2019t-t\u00e2r\u00eeh<\/em>, Mektebetu\u2019l-\u00e2d\u00e2b, Kahire, trh:yok, s. 15<\/p>\n<p><a href=\"#_ftnref21\" name=\"_ftn21\">[21]<\/a> \u0130bnu\u2019t-tuveyr, <em>Nuzhetu\u2019l-mukleteyn f\u00ee ahb\u00e2ri\u2019d-devleteyn<\/em>, (n\u015fr: Eymen Fuat Seyyit), s. 211-223, D\u0130A, XXIX\/475<\/p>\n<p><a href=\"#_ftnref22\" name=\"_ftn22\">[22]<\/a> Celalettin es-Suy\u00fbt\u00ee, <em>H\u00fcsnu\u2019l-maksit f\u00ee ameli\u2019l-mevlid<\/em>, Daru\u2019l-k\u00fct\u00fcbi\u2019l-ilmiyye, Beyrut, L\u00fcbnan, 1985, B.I<\/p>\n<p><a href=\"#_ftnref23\" name=\"_ftn23\">[23]<\/a> \u0130bn Hallik\u00e2n, <em>Vefey\u00e2tu\u2019l-a\u2019y\u00e2n<\/em>, I\/436, Muhammed Zahid el-Kevser\u00ee, <em>Mak\u00e2l\u00e2t<\/em>, el-Mektebetu\u2019l-ezheriyye, M\u0131s\u0131r, s. 421<\/p>\n<p><a href=\"#_ftnref24\" name=\"_ftn24\">[24]<\/a> Suy\u00fbt\u00ee, <em>a.g.e<\/em>., s. 43<\/p>\n<p><a href=\"#_ftnref25\" name=\"_ftn25\">[25]<\/a> Suy\u00fbt\u00ee, <em>a.g.e<\/em>.,a.y.<\/p>\n<p><a href=\"#_ftnref26\" name=\"_ftn26\">[26]<\/a> Ahmet R\u0131fat Pa\u015fa, <em>Mir\u2019\u00e2tu\u2019l-haremeyn<\/em>, II\/101-102, [D\u0130A, 29- 477]<\/p>\n<p><a href=\"#_ftnref27\" name=\"_ftn27\">[27]<\/a> Daru\u2019l-\u00e2s\u0131me, Riyat, 1998, B.I<\/p>\n<p><a href=\"#_ftnref28\" name=\"_ftn28\">[28]<\/a> \u0130bn Teymiye, <em>\u0130ktizau\u2019s-s\u0131rati\u2019l-m\u00fcstakim<\/em>, Mektebetu\u2019r-r\u00fc\u015fd, Riyat, Trh: yok,\u00a0 II\/621-22<\/p>\n<p><a href=\"#_ftnref29\" name=\"_ftn29\">[29]<\/a> \u0130bn Teymiye, <em>\u0130ktizau\u2019s-s\u0131rati\u2019l-m\u00fcstakim<\/em>, II\/622<\/p>\n<p><a href=\"#_ftnref30\" name=\"_ftn30\">[30]<\/a> \u0130bnM\u00e2ce, \u201cKit\u00e2bu\u2019l-mes\u00e2cid\u201d, No: 741<\/p>\n<p><a href=\"#_ftnref31\" name=\"_ftn31\">[31]<\/a> \u0130bn Teymiye, <em>\u0130ktizau\u2019s-s\u0131rati\u2019l-m\u00fcstakim, <\/em>II\/619-20<\/p>\n<p><a href=\"#_ftnref32\" name=\"_ftn32\">[32]<\/a> \u0130bn Teymiye, <em>Mecmuatu\u2019l-fet\u00e2v\u00e2<\/em>, Daru\u2019l-vef\u00e2, 2005, B.III, XXV\/160<\/p>\n<p><a href=\"#_ftnref33\" name=\"_ftn33\">[33]<\/a> Ebu Hafs T\u00e2c\u00fcddin el-F\u00e2kih\u00e2n\u00ee, <em>el-Mevrid f\u00ee ameli\u2019l-mevlid<\/em>, (\u201cRes\u00e2il f\u00ee h\u00fckmi\u2019l-ihtif\u00e2l bi\u2019l-mevlidi\u2019n-nebev\u00ee i\u00e7erisinde) Daru\u2019l-\u00e2s\u0131me, Riyat, 1998, B.I, I\/8-12<\/p>\n<p><a href=\"#_ftnref34\" name=\"_ftn34\">[34]<\/a> Muhammed b. \u0130brahim \u00c2l e\u015f-\u015eeyh, <em>f\u00ee ink\u00e2ri\u2019l-ihtifal bi\u2019l-mevlidi\u2019n-nebev\u00ee,<\/em> (\u201cRes\u00e2il f\u00ee h\u00fckmi\u2019l-ihtif\u00e2l bi\u2019l-mevlidi\u2019n-nebev\u00ee i\u00e7erisinde) Daru\u2019l s. 34<\/p>\n<p><a href=\"#_ftnref35\" name=\"_ftn35\">[35]<\/a> Muhammed b. Alev\u00ee el-M\u00e2lik\u00ee el-Haseni, <em>Havle\u2019l-ihtif\u00e2l bi zikra\u2019l-mevlidi\u2019n-nebeviyyi\u2019\u015f-\u015fer\u00eef<\/em>, el-Mektebetu\u2019l-asriyye, Beyrut, 2010, s.55<\/p>\n<p><a href=\"#_ftnref36\" name=\"_ftn36\">[36]<\/a> Bu konuda geni\u015f malumat i\u00e7in bkz. Ebu \u0130shak \u0130brahim b. Musa e\u015f-\u015e\u00e2t\u0131b\u00ee, <em>el-\u0130\u2019tis\u00e2m<\/em>, Daru \u0130bn Hazm, Beyrut, 2012, B.I, s. 22 vd.<\/p>\n<p><a href=\"#_ftnref37\" name=\"_ftn37\">[37]<\/a> Ahmed b. Hanbel, <em>M\u00fcsned<\/em>, XXII\/237, No: 14334, Nesai, \u201cSalatu\u2019l-\u00cedeyn\u201d, No: 1578, Ebu Davud, \u201cKitabu\u2019s-s\u00fcnne\u201d, No: 4609, \u0130bn Mace, \u201c\u0130man\u201d, No: 42, \u0130bn Huzeyme, <em>Sahih<\/em>, \u201cKitabu\u2019l-cumu\u2019a\u201d, No: 1785, \u0130bn Hibb\u00e2n, <em>Sahih<\/em>, \u201cMukaddime\u201d, 10<\/p>\n<p><a href=\"#_ftnref38\" name=\"_ftn38\">[38]<\/a> Taber\u00e2ni, <em>el-Mu\u2019cemu\u2019l-evsat<\/em>, No: 4386, <em>M\u00fcsnedu\u2019\u015f-\u015f\u00e2miyy\u00een<\/em>, No: 2560,\u00a0 \u0130bn Huzeyme, <em>Sahih<\/em>, No: 2447 vd.<\/p>\n<p><a href=\"#_ftnref39\" name=\"_ftn39\">[39]<\/a> Ahmed b. Hanbel, <em>M\u00fcsned<\/em>, No: 9672, Buhari, \u201cEbv\u00e2bu\u2019t-tehecc\u00fcd\u201d, No: 1098<\/p>\n<p><a href=\"#_ftnref40\" name=\"_ftn40\">[40]<\/a> Buhari, S\u0131fatu\u2019s-sal\u00e2t, No: 766, Ahmed b. Hanbel, <em>M\u00fcsned<\/em>, No: 18996, Malik, <em>Muvatta<\/em>, Kitabu\u2019l-kur\u2019an, No: 493, Nesai, S\u0131fatu\u2019s-salat, No: 931, Ebu Davud, Kitabu\u2019s-salat, No: 770, Tirmizi, Ebvabu\u2019s-salat, No: 404, Hakim, <em>el-M\u00fcstedrek<\/em>, No: 819<\/p>\n<p><a href=\"#_ftnref41\" name=\"_ftn41\">[41]<\/a> Ahmed b. Hanbel, <em>M\u00fcsned<\/em>, No: 23041, Hakim, <em>M\u00fcstedrek<\/em>, No: 1858, Tirmizi, Kitabu\u2019d-daav\u00e2t, No: 3475, \u0130bn As\u00e2kir, <em>Mu\u2019cem<\/em>, No: 691<\/p>\n<p><a href=\"#_ftnref42\" name=\"_ftn42\">[42]<\/a> Vehbi S\u00fcleyman \u011eavci, <em>Kelimetun ilmiyyetun h\u00e2diyetun fi\u2019l-bid\u2019ati ve ahk\u00e2miha<\/em>, Daru\u2019l-be\u015fair, D\u0131me\u015fk, Suriye, 2004, B.I<\/p>\n<p><a href=\"#_ftnref43\" name=\"_ftn43\">[43]<\/a>Ahmed b. Hanbel, <em>M\u00fcsned<\/em>, XXVIII\/49, No: 16835, M\u00fcslim, Kitabu\u2019z-zikr, No:2701, \u0130bn Hibb\u00e2n, <em>Sahih<\/em>, No: 813, Taber\u00e2ni, <em>el-Mu\u2019cemu\u2019l-keb\u00eer<\/em>, No: 701<\/p>\n<p><a href=\"#_ftnref44\" name=\"_ftn44\">[44]<\/a> Buhari, S\u0131fatu\u2019s-sal\u00e2t, No: 741, Tirmizi, \u201cFed\u00e2ilu\u2019l-Kur\u2019an\u201d, No: 2901<\/p>\n<p><a href=\"#_ftnref45\" name=\"_ftn45\">[45]<\/a> Esas\u0131nda \u0130bn Teymiye dahi \u201cMecmu\u2019u\u2019l-fet\u00e2v\u00e2\u201d (XXI\/313)da Allah Resul\u00fc \ufdfa \u2019n\u00fcn hamama girmemesinden hamama girmenin mekruh olaca\u011f\u0131 \u015feklinde bir h\u00fckme gitmenin yanl\u0131\u015f olaca\u011f\u0131n\u0131 s\u00f6yleyerek ,Hz. Peygamber \ufdfa \u2019in bir \u015feyi yapmamas\u0131ndan onun mekruh (bidat) oldu\u011funu anlaman\u0131n do\u011fru olmad\u0131\u011f\u0131n\u0131 ifade etmektedir. Mevlit konusu da aynen b\u00f6yledir. Bidat oldu\u011funu bu noktadan hareketle ispat etmeye \u00e7al\u0131\u015fmak abesle i\u015ftigal kabilindendir. Bkz. Muhammed Ahmed Zeyn, <em>el-Bey\u00e2nu\u2019n-nebev\u00ee an fadli\u2019l-ihtif\u00e2l bi\u2019l-mevlidi\u2019n-nebevi<\/em>, Daru\u2019l-buh\u00fbs li\u2019d-dir\u00e2s\u00e2ti\u2019l-\u0130sl\u00e2miyye ve ihy\u00e2i\u2019t-t\u00fcr\u00e2s, 2005, B.II, s. 36<\/p>\n<p><a href=\"#_ftnref46\" name=\"_ftn46\">[46]<\/a> \u011eavci, <em>a.g.e.,<\/em> s. 250<\/p>\n<p><a href=\"#_ftnref47\" name=\"_ftn47\">[47]<\/a> Bkz. \u0130bn H\u00fcmam, Kemaluddin Muhammed b. Abd\u00fclvahid<em>, et-Tahr\u00eer<\/em>, Mustafa el-B\u00e2b\u00ee matbaas\u0131, 1351 s. 217, Sa\u2019duddin et-Teft\u00e2z\u00e2n\u00ee, <em>et-Telv\u00eeh ale\u2019t-tavd\u00eeh<\/em>, Daru\u2019l-k\u00fct\u00fcbi\u2019l-ilmiyye, Beyrut-L\u00fcbnan, B.I, II\/259, Bedrettin ez-Zerke\u015f\u00ee, <em>el-Bahru\u2019l-muh\u00eet<\/em>, Daru\u2019s-safve, 1992, B.II, I\/175<\/p>\n<p><a href=\"#_ftnref48\" name=\"_ftn48\">[48]<\/a> Abdullah b. Muhammed S\u0131dd\u00eek el-\u011eum\u00e2r\u00ee, <em>\u0130tk\u00e2nu\u2019s-san\u2019a f\u00ee tahkik-i ma\u2019ne\u2019l-bid\u2019a<\/em>, Alemu\u2019l-k\u00fctub, Beyrut-L\u00fcbnan, 2006, s. 9<\/p>\n<p><a href=\"#_ftnref49\" name=\"_ftn49\">[49]<\/a> Bu ba\u011flamda Hz. Peygamber \ufdfa \u2019in yapmad\u0131\u011f\u0131 bir\u00e7ok \u015feyi daha sonras\u0131nda sahabenin yapt\u0131\u011f\u0131na \u015fahit oluyoruz. Misal olarak zikretmek gerekirse Kur\u2019an\u2019\u0131n toplanmas\u0131, Makam-\u0131 \u0130brahim\u2019in Beytullah\u2019tan ayr\u0131lmas\u0131, Cuma g\u00fcn\u00fc birinci ezan\u0131n ziyade edilmesi, \u0130bn Mes\u2019ud\u2019un te\u015fehh\u00fcde ziyadede bulunmas\u0131, Abdullah b. \u00d6mer (rad\u0131yallahu anh)\u2019in te\u015fehh\u00fcd\u00fcn evveline besmele ziyade etmesi, \u0130bn Abbas (rad\u0131yallahu anh) \u2019\u0131n Kabenin d\u00f6rt r\u00fckn\u00fcn\u00fc de istilam etmesi gibi olaylar\u0131 zikredebiliriz. Tafsil i\u00e7in bkz. Abdullah b. \u015eeyh Ebubekir b. S\u00e2lim, <em>Hulasatu\u2019l-kel\u00e2m fi\u2019l-ihtif\u00e2li bi mevlid-i hayri\u2019l-en\u00e2m<\/em>, Daru\u2019l-fak\u00eeh, B.IV, s. 23-29<\/p>\n<p><a href=\"#_ftnref50\" name=\"_ftn50\">[50]<\/a> Buhari, \u201cKitabu\u2019l-cumu\u2019a\u201d, No: 1129, M\u00fcslim, \u201cSal\u00e2tu\u2019l-m\u00fcs\u00e2fir\u00een\u201d, No: 177, Ebu Davud, \u201cKitabu\u2019s-salat\u201d, No: 1373, \u0130bn Hibb\u00e2n, <em>Sahih<\/em>, No: 2542<\/p>\n<p><a href=\"#_ftnref51\" name=\"_ftn51\">[51]<\/a> \u011eavci, <em>a.g.e.,<\/em> s. 251-53, Abdullah b. Muhammed S\u0131dd\u00eek el-\u011eum\u00e2ri, <em>H\u00fcsn\u00fc\u2019t-tefehh\u00fcm ve\u2019t-terk li mes\u2019eleti\u2019t-terk,<\/em> Mektebetu\u2019l-kahire, s.9 vd.<\/p>\n<p><a href=\"#_ftnref52\" name=\"_ftn52\">[52]<\/a> Buhari, \u201cKitabu\u2019s-sulh\u201d, No: 2550, M\u00fcslim, \u201cKitabu\u2019l-akd\u0131ye\u201d, No: 1718, \u00a0\u00a0Ahmed b. Hanbel, <em>M\u00fcsned<\/em>, No: 26033, Ebu Davud, \u201cKitabu\u2019s-s\u00fcnne\u201d, No: 4606, \u0130bn M\u00e2ce, \u201cMukaddime\u201d, No: 14, \u0130bn Hibb\u00e2n, <em>Sahih<\/em>, \u201cMukaddime\u201d, No: 26<\/p>\n<p><a href=\"#_ftnref53\" name=\"_ftn53\">[53]<\/a>\u00a0 \u0130sa b. Abdullah, <em>el-Bid\u2019atu\u2019l-hasene aslun min us\u00fbli\u2019d-d\u00een<\/em>, s. 115<\/p>\n<p><a href=\"#_ftnref54\" name=\"_ftn54\">[54]<\/a> Muhammed Bahit el-Muti\u2019\u00ee, <em>Ahsenu\u2019l-kel\u00e2m f\u00eem\u00e2 yeteallaku bi\u2019s-s\u00fcnneti ve\u2019l-bid\u2019ati mine\u2019l-ahk\u00e2m<\/em>, Kahire, 1329, s. 6<\/p>\n<p><a href=\"#_ftnref55\" name=\"_ftn55\">[55]<\/a> Ebubekir ibn Arab\u00ee, <em>\u00c2rizatu\u2019l-ahvez\u00ee<\/em>, X\/147, Muhammed b. Muhammed el-Amr\u00e2v\u00ee, <em>Mefh\u00fbmu\u2019l-bid\u2019a inde ulem\u00e2i\u2019l-\u00fcmme<\/em>, Ma\u2019hedu\u2019l-imam Malik, Ma\u011frib, 2008, B.I<\/p>\n<p><a href=\"#_ftnref56\" name=\"_ftn56\">[56]<\/a> Ebu \u015eame, \u015eihabuddin Abdurrahman b. \u0130smail, <em>el-B\u00e2is al\u00e2 ink\u00e2ri\u2019l-bida\u2019i ve\u2019l-hav\u00e2dis<\/em>, Matbaatu\u2019n-nahzati\u2019l-hadisiyye, Mekke, 1981, B.II, s. 20 vd.<\/p>\n<p><a href=\"#_ftnref57\" name=\"_ftn57\">[57]<\/a> \u0130mam-\u0131 Rabb\u00e2n\u00ee, Ahmed el-Far\u00fbk\u00ee, <em>el-Mekt\u00fbb\u00e2tu\u2019r-Rabbaniyye<\/em>, I\/272<\/p>\n<p><a href=\"#_ftnref58\" name=\"_ftn58\">[58]<\/a> Ebu Hanife, Nu\u2019man b. S\u00e2bit, <em>el-\u00c2lim ve\u2019l-m\u00fcteallim<\/em>, Said Abd\u00fcllatif F\u00fbde, <em>e\u015f-\u015eerhu\u2019l-keb\u00eer ale\u2019l-ak\u00eedeti\u2019t-Tahaviyye,<\/em> Daru\u2019z-zeh\u00e2ir, Beyrut-L\u00fcbnan, I\/79<\/p>\n<p><a href=\"#_ftnref59\" name=\"_ftn59\">[59]<\/a> Tafsilat i\u00e7in bkz. Abd\u00fclhayy el-Leknev\u00ee, <em>\u0130k\u00e2metu\u2019l-h\u00fccce f\u00ee enne\u2019l-iks\u00e2re fi\u2019t-taabbudi leyse bi bid\u2019a, <\/em>(Mecmu\u2019atu res\u00e2ili\u2019l-Leknev\u00ee i\u00e7erisinde) \u0130nti\u015f\u00e2r\u00e2tu \u015eeyhi\u2019l-isl\u00e2m Ahmed C\u00e2m<\/p>\n<p><a href=\"#_ftnref60\" name=\"_ftn60\">[60]<\/a> Buhari, Kitabu\u2019n-nik\u00e2h, No: 4813,Ebu Av\u00e2ne, <em>M\u00fcsned<\/em>, No: 4403, Taber\u00e2n\u00ee, <em>M\u00fcsned\u00fc\u2019\u015f<\/em>&#8211;<em>\u015f\u00e2miyy\u00een<\/em>, No: 3114, Beyhaki, <em>es<\/em>&#8211;<em>S\u00fcnenu\u2019l<\/em>&#8211;<em>k\u00fcbr\u00e2<\/em>, No: 155<\/p>\n<p><a href=\"#_ftnref61\" name=\"_ftn61\">[61]<\/a> Ahmed b. Hanbel, <em>M\u00fcsned<\/em>, No: 22537, Hakim, M\u00fcstedrek, No: 4179, Nes\u00e2i, <em>es-S\u00fcnenu\u2019l-k\u00fcbr\u00e2<\/em>, No: 2790<\/p>\n<p><a href=\"#_ftnref62\" name=\"_ftn62\">[62]<\/a> Yunus, 58<\/p>\n<p><a href=\"#_ftnref63\" name=\"_ftn63\">[63]<\/a> Enbiya, 107<\/p>\n<p><a href=\"#_ftnref64\" name=\"_ftn64\">[64]<\/a> Malik, <em>Muvatta<\/em>, No: 364, M\u00fcslim, Kitabu\u2019l- Cumu\u2019a, No: 2013,Ebu Davud, <em>S\u00fcnen<\/em>, Kitabu\u2019s-salat, No: 1048, Tirmizi, <em>S\u00fcnen<\/em>, \u201cEbv\u00e2bu\u2019l-cumu\u2019a\u201d, No: 488, \u0130bn Huzeyme, <em>Sahih<\/em>, Kitabu\u2019l-cumua, No: 1728<\/p>\n<p><a href=\"#_ftnref65\" name=\"_ftn65\">[65]<\/a> Ahmed b. Hanbel, <em>M\u00fcsned<\/em>, No: 3600, Tay\u00e2lis\u00ee, <em>M\u00fcsned<\/em>, No: 246, Benzer bir laf\u0131zla Bezz\u00e2r, <em>M\u00fcsned<\/em>, No: 1816,<\/p>\n<p><a href=\"#_ftnref66\" name=\"_ftn66\">[66]<\/a> Muhammed b. Alev\u00ee el-M\u00e2lik\u00ee el-Hasen\u00ee, <em>ez<\/em>&#8211;<em>Zeh\u00e2iru\u2019l<\/em>&#8211;<em>Muhammediyye<\/em>, Beyrut, 2008,\u00a0 s. 263-70<\/p>\n<p><a href=\"#_ftnref67\" name=\"_ftn67\">[67]<\/a> Buhari, \u201cKitabu Fedaili\u2019s-sahabe\u201d, No: 3727, M\u00fcslim, \u201cS\u0131yam\u201d, No: 2712, Ebu Davud, <em>S\u00fcnen<\/em>, \u201cKitabu\u2019s-savm\u201d, No: 2446, \u0130bn Huzeyme, <em>Sahih<\/em>, No: 2084<\/p>\n<p><a href=\"#_ftnref68\" name=\"_ftn68\">[68]<\/a> \u0130brahim, 5<\/p>\n<p><a href=\"#_ftnref69\" name=\"_ftn69\">[69]<\/a> Ahz\u00e2b, 56<\/p>\n<p><a href=\"#_ftnref70\" name=\"_ftn70\">[70]<\/a> Burhaneddin el-Haleb\u00ee Ebu\u2019l-vef\u00e2 \u0130brahim el-Acem\u00ee<em>, el-\u0130\u011ftib\u00e2t bimen rumiye mine\u2019r-ruv\u00e2ti bi\u2019l-ihtil\u00e2t<\/em>, Daru\u2019l-hadis, Kahire, 1998, B.I, I\/368, (Al\u00e2uddin Ali R\u0131za, <em>Nih\u00e2yetu\u2019l-i\u011ftib\u00e2t<\/em>, I\/368)<\/p>\n<p><a href=\"#_ftnref71\" name=\"_ftn71\">[71]<\/a> \u0130bn Kesir, <em>el-Bid\u00e2ye ve\u2019n-nih\u00e2ye<\/em>, XIII\/136, \u0130bn \u015eeyh, a.g.e., s. 53, \u0130bn Malik\u00ee el-Alevi, a.g.e., s. 56<\/p>\n<p><a href=\"#_ftnref72\" name=\"_ftn72\">[72]<\/a> Taber\u00e2n\u00ee, <em>el-Mu\u2019cemu\u2019l-keb\u00eer<\/em>, No: 13623, Hakim, <em>M\u00fcstedrek<\/em>, Kitabu\u2019l-ilim, No: 393<\/p>\n<p><a href=\"#_ftnref73\" name=\"_ftn73\">[73]<\/a> Bu konuda \u00e7ok m\u00fcfit tespit ve bilgiler i\u00e7in bkz. E\u015fref Ali Teh\u00e2nev\u00ee, <em>el-\u0130ntib\u00e2h\u00e2tu\u2019l-m\u00fcf\u00eede,<\/em> Mektebetu Camiati d\u00e2ri\u2019l-ul\u00fbm, Kara\u00e7i, Pakistan,\u00a0 s. 139 vd.<\/p>\n","protected":false},"excerpt":{"rendered":"<p>Giri\u015f K\u00e2inatta cereyan eden kimi hadiseler fizik ve metafizikten m\u00fcte\u015fekkil her iki perspektif a\u00e7\u0131s\u0131ndan de\u011ferlendirilmedi\u011finde k\u00e2s\u0131r olarak anla\u015f\u0131lm\u0131\u015f olurlar. De\u011ferleri b\u00fcy\u00fck olan maddi veya manevi \u015feyler y\u00fczeysel bir bak\u0131\u015f a\u00e7\u0131s\u0131yla de\u011ferlendirildiklerinde ta\u015f\u0131d\u0131klar\u0131 manay\u0131 yitirebilirler. Asl\u0131nda mevcudattaki fiziksel-metafiziksel objelerin kadir ve k\u0131ymeti, onlar\u0131 de\u011ferlendirenlerin d\u00fc\u015f\u00fcnce ve duygu d\u00fcnyas\u0131ndaki tekab\u00fcl ettikleri mertebeyle \u00f6l\u00e7\u00fclebilir ancak. Bu m\u00fcnasebetle baz\u0131 [&hellip;]<\/p>\n","protected":false},"author":3,"featured_media":681,"comment_status":"open","ping_status":"open","sticky":false,"template":"","format":"standard","meta":{"content-type":"","_monsterinsights_skip_tracking":false,"_monsterinsights_sitenote_active":false,"_monsterinsights_sitenote_note":"","_monsterinsights_sitenote_category":0,"footnotes":""},"categories":[2,3,5,7],"tags":[120,361,418,453,454,455,541],"class_list":{"0":"post-680","1":"post","2":"type-post","3":"status-publish","4":"format-standard","5":"has-post-thumbnail","7":"category-gundeme-dair","8":"category-makaleler","9":"category-modernizm","10":"category-siyer-tarih","11":"tag-caiz","12":"tag-kandil","13":"tag-kutlu-dogum","14":"tag-mevlid","15":"tag-mevlit-kandili","16":"tag-mevlit-kutlamak","17":"tag-peygamberin-dogumu"},"yoast_head":"<!-- This site is optimized with the Yoast SEO plugin v23.2 - https:\/\/yoast.com\/wordpress\/plugins\/seo\/ -->\n<title>Selefiyye&#039;nin Anlama Problemi \u00c7er\u00e7evesinde Mevlid Kutlamalar\u0131 \u00dczerine M\u00fcl\u00e2hazalar - \u00d6mer Faruk Korkmaz Hocaefendi<\/title>\n<meta name=\"robots\" content=\"index, follow, max-snippet:-1, max-image-preview:large, max-video-preview:-1\" \/>\n<link rel=\"canonical\" href=\"https:\/\/omerfarukkorkmaz.com.tr\/tr\/selefiyyenin-anlama-problemi-cercevesinde-mevlid-kutlamalari-uzerine-mulahazalar\/\" \/>\n<meta property=\"og:locale\" content=\"tr_TR\" \/>\n<meta property=\"og:type\" content=\"article\" \/>\n<meta property=\"og:title\" content=\"Selefiyye&#039;nin Anlama Problemi \u00c7er\u00e7evesinde Mevlid Kutlamalar\u0131 \u00dczerine M\u00fcl\u00e2hazalar - \u00d6mer Faruk Korkmaz Hocaefendi\" \/>\n<meta property=\"og:description\" content=\"Giri\u015f K\u00e2inatta cereyan eden kimi hadiseler fizik ve metafizikten m\u00fcte\u015fekkil her iki perspektif a\u00e7\u0131s\u0131ndan de\u011ferlendirilmedi\u011finde k\u00e2s\u0131r olarak anla\u015f\u0131lm\u0131\u015f olurlar. De\u011ferleri b\u00fcy\u00fck olan maddi veya manevi \u015feyler y\u00fczeysel bir bak\u0131\u015f a\u00e7\u0131s\u0131yla de\u011ferlendirildiklerinde ta\u015f\u0131d\u0131klar\u0131 manay\u0131 yitirebilirler. Asl\u0131nda mevcudattaki fiziksel-metafiziksel objelerin kadir ve k\u0131ymeti, onlar\u0131 de\u011ferlendirenlerin d\u00fc\u015f\u00fcnce ve duygu d\u00fcnyas\u0131ndaki tekab\u00fcl ettikleri mertebeyle \u00f6l\u00e7\u00fclebilir ancak. Bu m\u00fcnasebetle baz\u0131 [&hellip;]\" \/>\n<meta property=\"og:url\" content=\"https:\/\/omerfarukkorkmaz.com.tr\/tr\/selefiyyenin-anlama-problemi-cercevesinde-mevlid-kutlamalari-uzerine-mulahazalar\/\" \/>\n<meta property=\"og:site_name\" content=\"\u00d6mer Faruk Korkmaz Hocaefendi\" \/>\n<meta property=\"article:published_time\" content=\"2020-10-27T13:29:15+00:00\" \/>\n<meta property=\"og:image\" content=\"https:\/\/omerfarukkorkmaz.com.tr\/tr\/wp-content\/uploads\/2020\/10\/1200x627-hz-muhammed-sav-hayati-nasil-gecmistir-kisaca-hz-muhammedin-hayati-1587908709338-e1603804900846.jpg\" \/>\n\t<meta property=\"og:image:width\" content=\"1134\" \/>\n\t<meta property=\"og:image:height\" content=\"552\" \/>\n\t<meta property=\"og:image:type\" content=\"image\/jpeg\" \/>\n<meta name=\"author\" content=\"\u00d6mer Faruk Korkmaz\" \/>\n<meta name=\"twitter:card\" content=\"summary_large_image\" \/>\n<meta name=\"twitter:label1\" content=\"Yazan:\" \/>\n\t<meta name=\"twitter:data1\" content=\"\u00d6mer Faruk Korkmaz\" \/>\n\t<meta name=\"twitter:label2\" content=\"Tahmini okuma s\u00fcresi\" \/>\n\t<meta name=\"twitter:data2\" content=\"46 dakika\" \/>\n<script type=\"application\/ld+json\" class=\"yoast-schema-graph\">{\"@context\":\"https:\/\/schema.org\",\"@graph\":[{\"@type\":\"Article\",\"@id\":\"https:\/\/omerfarukkorkmaz.com.tr\/tr\/selefiyyenin-anlama-problemi-cercevesinde-mevlid-kutlamalari-uzerine-mulahazalar\/#article\",\"isPartOf\":{\"@id\":\"https:\/\/omerfarukkorkmaz.com.tr\/tr\/selefiyyenin-anlama-problemi-cercevesinde-mevlid-kutlamalari-uzerine-mulahazalar\/\"},\"author\":{\"name\":\"\u00d6mer Faruk Korkmaz\",\"@id\":\"https:\/\/omerfarukkorkmaz.com.tr\/tr\/#\/schema\/person\/7efd65277de8b9dc0520ec210e387854\"},\"headline\":\"Selefiyye&#8217;nin Anlama Problemi \u00c7er\u00e7evesinde Mevlid Kutlamalar\u0131 \u00dczerine M\u00fcl\u00e2hazalar\",\"datePublished\":\"2020-10-27T13:29:15+00:00\",\"dateModified\":\"2020-10-27T13:29:15+00:00\",\"mainEntityOfPage\":{\"@id\":\"https:\/\/omerfarukkorkmaz.com.tr\/tr\/selefiyyenin-anlama-problemi-cercevesinde-mevlid-kutlamalari-uzerine-mulahazalar\/\"},\"wordCount\":9205,\"commentCount\":0,\"publisher\":{\"@id\":\"https:\/\/omerfarukkorkmaz.com.tr\/tr\/#\/schema\/person\/7efd65277de8b9dc0520ec210e387854\"},\"image\":{\"@id\":\"https:\/\/omerfarukkorkmaz.com.tr\/tr\/selefiyyenin-anlama-problemi-cercevesinde-mevlid-kutlamalari-uzerine-mulahazalar\/#primaryimage\"},\"thumbnailUrl\":\"https:\/\/omerfarukkorkmaz.com.tr\/tr\/wp-content\/uploads\/2020\/10\/1200x627-hz-muhammed-sav-hayati-nasil-gecmistir-kisaca-hz-muhammedin-hayati-1587908709338-e1603804900846.jpg\",\"keywords\":[\"caiz\",\"kandil\",\"kutlu do\u011fum\",\"Mevlid\",\"Mevlit kandili\",\"Mevlit kutlamak\",\"Peygamberin do\u011fumu\"],\"articleSection\":[\"G\u00fcndeme Dair\",\"Makaleler\",\"Modernizm\",\"Siyer-Tarih\"],\"inLanguage\":\"tr\",\"potentialAction\":[{\"@type\":\"CommentAction\",\"name\":\"Comment\",\"target\":[\"https:\/\/omerfarukkorkmaz.com.tr\/tr\/selefiyyenin-anlama-problemi-cercevesinde-mevlid-kutlamalari-uzerine-mulahazalar\/#respond\"]}]},{\"@type\":\"WebPage\",\"@id\":\"https:\/\/omerfarukkorkmaz.com.tr\/tr\/selefiyyenin-anlama-problemi-cercevesinde-mevlid-kutlamalari-uzerine-mulahazalar\/\",\"url\":\"https:\/\/omerfarukkorkmaz.com.tr\/tr\/selefiyyenin-anlama-problemi-cercevesinde-mevlid-kutlamalari-uzerine-mulahazalar\/\",\"name\":\"Selefiyye'nin Anlama Problemi \u00c7er\u00e7evesinde Mevlid Kutlamalar\u0131 \u00dczerine M\u00fcl\u00e2hazalar - \u00d6mer Faruk Korkmaz Hocaefendi\",\"isPartOf\":{\"@id\":\"https:\/\/omerfarukkorkmaz.com.tr\/tr\/#website\"},\"primaryImageOfPage\":{\"@id\":\"https:\/\/omerfarukkorkmaz.com.tr\/tr\/selefiyyenin-anlama-problemi-cercevesinde-mevlid-kutlamalari-uzerine-mulahazalar\/#primaryimage\"},\"image\":{\"@id\":\"https:\/\/omerfarukkorkmaz.com.tr\/tr\/selefiyyenin-anlama-problemi-cercevesinde-mevlid-kutlamalari-uzerine-mulahazalar\/#primaryimage\"},\"thumbnailUrl\":\"https:\/\/omerfarukkorkmaz.com.tr\/tr\/wp-content\/uploads\/2020\/10\/1200x627-hz-muhammed-sav-hayati-nasil-gecmistir-kisaca-hz-muhammedin-hayati-1587908709338-e1603804900846.jpg\",\"datePublished\":\"2020-10-27T13:29:15+00:00\",\"dateModified\":\"2020-10-27T13:29:15+00:00\",\"breadcrumb\":{\"@id\":\"https:\/\/omerfarukkorkmaz.com.tr\/tr\/selefiyyenin-anlama-problemi-cercevesinde-mevlid-kutlamalari-uzerine-mulahazalar\/#breadcrumb\"},\"inLanguage\":\"tr\",\"potentialAction\":[{\"@type\":\"ReadAction\",\"target\":[\"https:\/\/omerfarukkorkmaz.com.tr\/tr\/selefiyyenin-anlama-problemi-cercevesinde-mevlid-kutlamalari-uzerine-mulahazalar\/\"]}]},{\"@type\":\"ImageObject\",\"inLanguage\":\"tr\",\"@id\":\"https:\/\/omerfarukkorkmaz.com.tr\/tr\/selefiyyenin-anlama-problemi-cercevesinde-mevlid-kutlamalari-uzerine-mulahazalar\/#primaryimage\",\"url\":\"https:\/\/omerfarukkorkmaz.com.tr\/tr\/wp-content\/uploads\/2020\/10\/1200x627-hz-muhammed-sav-hayati-nasil-gecmistir-kisaca-hz-muhammedin-hayati-1587908709338-e1603804900846.jpg\",\"contentUrl\":\"https:\/\/omerfarukkorkmaz.com.tr\/tr\/wp-content\/uploads\/2020\/10\/1200x627-hz-muhammed-sav-hayati-nasil-gecmistir-kisaca-hz-muhammedin-hayati-1587908709338-e1603804900846.jpg\",\"width\":1134,\"height\":552},{\"@type\":\"BreadcrumbList\",\"@id\":\"https:\/\/omerfarukkorkmaz.com.tr\/tr\/selefiyyenin-anlama-problemi-cercevesinde-mevlid-kutlamalari-uzerine-mulahazalar\/#breadcrumb\",\"itemListElement\":[{\"@type\":\"ListItem\",\"position\":1,\"name\":\"Anasayfa\",\"item\":\"https:\/\/omerfarukkorkmaz.com.tr\/tr\/\"},{\"@type\":\"ListItem\",\"position\":2,\"name\":\"Selefiyye&#8217;nin Anlama Problemi \u00c7er\u00e7evesinde Mevlid Kutlamalar\u0131 \u00dczerine M\u00fcl\u00e2hazalar\"}]},{\"@type\":\"WebSite\",\"@id\":\"https:\/\/omerfarukkorkmaz.com.tr\/tr\/#website\",\"url\":\"https:\/\/omerfarukkorkmaz.com.tr\/tr\/\",\"name\":\"\u00d6mer Faruk Korkmaz Hocaefendi\",\"description\":\"Resmi Web Sayfas\u0131\",\"publisher\":{\"@id\":\"https:\/\/omerfarukkorkmaz.com.tr\/tr\/#\/schema\/person\/7efd65277de8b9dc0520ec210e387854\"},\"potentialAction\":[{\"@type\":\"SearchAction\",\"target\":{\"@type\":\"EntryPoint\",\"urlTemplate\":\"https:\/\/omerfarukkorkmaz.com.tr\/tr\/?s={search_term_string}\"},\"query-input\":\"required name=search_term_string\"}],\"inLanguage\":\"tr\"},{\"@type\":[\"Person\",\"Organization\"],\"@id\":\"https:\/\/omerfarukkorkmaz.com.tr\/tr\/#\/schema\/person\/7efd65277de8b9dc0520ec210e387854\",\"name\":\"\u00d6mer Faruk Korkmaz\",\"image\":{\"@type\":\"ImageObject\",\"inLanguage\":\"tr\",\"@id\":\"https:\/\/omerfarukkorkmaz.com.tr\/tr\/#\/schema\/person\/image\/\",\"url\":\"https:\/\/omerfarukkorkmaz.com.tr\/tr\/wp-content\/uploads\/2020\/12\/cropped-nkl-2.png\",\"contentUrl\":\"https:\/\/omerfarukkorkmaz.com.tr\/tr\/wp-content\/uploads\/2020\/12\/cropped-nkl-2.png\",\"width\":512,\"height\":512,\"caption\":\"\u00d6mer Faruk Korkmaz\"},\"logo\":{\"@id\":\"https:\/\/omerfarukkorkmaz.com.tr\/tr\/#\/schema\/person\/image\/\"},\"url\":\"https:\/\/omerfarukkorkmaz.com.tr\/tr\/author\/ofkorkmaz\/\"}]}<\/script>\n<!-- \/ Yoast SEO plugin. -->","yoast_head_json":{"title":"Selefiyye'nin Anlama Problemi \u00c7er\u00e7evesinde Mevlid Kutlamalar\u0131 \u00dczerine M\u00fcl\u00e2hazalar - \u00d6mer Faruk Korkmaz Hocaefendi","robots":{"index":"index","follow":"follow","max-snippet":"max-snippet:-1","max-image-preview":"max-image-preview:large","max-video-preview":"max-video-preview:-1"},"canonical":"https:\/\/omerfarukkorkmaz.com.tr\/tr\/selefiyyenin-anlama-problemi-cercevesinde-mevlid-kutlamalari-uzerine-mulahazalar\/","og_locale":"tr_TR","og_type":"article","og_title":"Selefiyye'nin Anlama Problemi \u00c7er\u00e7evesinde Mevlid Kutlamalar\u0131 \u00dczerine M\u00fcl\u00e2hazalar - \u00d6mer Faruk Korkmaz Hocaefendi","og_description":"Giri\u015f K\u00e2inatta cereyan eden kimi hadiseler fizik ve metafizikten m\u00fcte\u015fekkil her iki perspektif a\u00e7\u0131s\u0131ndan de\u011ferlendirilmedi\u011finde k\u00e2s\u0131r olarak anla\u015f\u0131lm\u0131\u015f olurlar. De\u011ferleri b\u00fcy\u00fck olan maddi veya manevi \u015feyler y\u00fczeysel bir bak\u0131\u015f a\u00e7\u0131s\u0131yla de\u011ferlendirildiklerinde ta\u015f\u0131d\u0131klar\u0131 manay\u0131 yitirebilirler. Asl\u0131nda mevcudattaki fiziksel-metafiziksel objelerin kadir ve k\u0131ymeti, onlar\u0131 de\u011ferlendirenlerin d\u00fc\u015f\u00fcnce ve duygu d\u00fcnyas\u0131ndaki tekab\u00fcl ettikleri mertebeyle \u00f6l\u00e7\u00fclebilir ancak. Bu m\u00fcnasebetle baz\u0131 [&hellip;]","og_url":"https:\/\/omerfarukkorkmaz.com.tr\/tr\/selefiyyenin-anlama-problemi-cercevesinde-mevlid-kutlamalari-uzerine-mulahazalar\/","og_site_name":"\u00d6mer Faruk Korkmaz Hocaefendi","article_published_time":"2020-10-27T13:29:15+00:00","og_image":[{"width":1134,"height":552,"url":"https:\/\/omerfarukkorkmaz.com.tr\/tr\/wp-content\/uploads\/2020\/10\/1200x627-hz-muhammed-sav-hayati-nasil-gecmistir-kisaca-hz-muhammedin-hayati-1587908709338-e1603804900846.jpg","type":"image\/jpeg"}],"author":"\u00d6mer Faruk Korkmaz","twitter_card":"summary_large_image","twitter_misc":{"Yazan:":"\u00d6mer Faruk Korkmaz","Tahmini okuma s\u00fcresi":"46 dakika"},"schema":{"@context":"https:\/\/schema.org","@graph":[{"@type":"Article","@id":"https:\/\/omerfarukkorkmaz.com.tr\/tr\/selefiyyenin-anlama-problemi-cercevesinde-mevlid-kutlamalari-uzerine-mulahazalar\/#article","isPartOf":{"@id":"https:\/\/omerfarukkorkmaz.com.tr\/tr\/selefiyyenin-anlama-problemi-cercevesinde-mevlid-kutlamalari-uzerine-mulahazalar\/"},"author":{"name":"\u00d6mer Faruk Korkmaz","@id":"https:\/\/omerfarukkorkmaz.com.tr\/tr\/#\/schema\/person\/7efd65277de8b9dc0520ec210e387854"},"headline":"Selefiyye&#8217;nin Anlama Problemi \u00c7er\u00e7evesinde Mevlid Kutlamalar\u0131 \u00dczerine M\u00fcl\u00e2hazalar","datePublished":"2020-10-27T13:29:15+00:00","dateModified":"2020-10-27T13:29:15+00:00","mainEntityOfPage":{"@id":"https:\/\/omerfarukkorkmaz.com.tr\/tr\/selefiyyenin-anlama-problemi-cercevesinde-mevlid-kutlamalari-uzerine-mulahazalar\/"},"wordCount":9205,"commentCount":0,"publisher":{"@id":"https:\/\/omerfarukkorkmaz.com.tr\/tr\/#\/schema\/person\/7efd65277de8b9dc0520ec210e387854"},"image":{"@id":"https:\/\/omerfarukkorkmaz.com.tr\/tr\/selefiyyenin-anlama-problemi-cercevesinde-mevlid-kutlamalari-uzerine-mulahazalar\/#primaryimage"},"thumbnailUrl":"https:\/\/omerfarukkorkmaz.com.tr\/tr\/wp-content\/uploads\/2020\/10\/1200x627-hz-muhammed-sav-hayati-nasil-gecmistir-kisaca-hz-muhammedin-hayati-1587908709338-e1603804900846.jpg","keywords":["caiz","kandil","kutlu do\u011fum","Mevlid","Mevlit kandili","Mevlit kutlamak","Peygamberin do\u011fumu"],"articleSection":["G\u00fcndeme Dair","Makaleler","Modernizm","Siyer-Tarih"],"inLanguage":"tr","potentialAction":[{"@type":"CommentAction","name":"Comment","target":["https:\/\/omerfarukkorkmaz.com.tr\/tr\/selefiyyenin-anlama-problemi-cercevesinde-mevlid-kutlamalari-uzerine-mulahazalar\/#respond"]}]},{"@type":"WebPage","@id":"https:\/\/omerfarukkorkmaz.com.tr\/tr\/selefiyyenin-anlama-problemi-cercevesinde-mevlid-kutlamalari-uzerine-mulahazalar\/","url":"https:\/\/omerfarukkorkmaz.com.tr\/tr\/selefiyyenin-anlama-problemi-cercevesinde-mevlid-kutlamalari-uzerine-mulahazalar\/","name":"Selefiyye'nin Anlama Problemi \u00c7er\u00e7evesinde Mevlid Kutlamalar\u0131 \u00dczerine M\u00fcl\u00e2hazalar - \u00d6mer Faruk Korkmaz Hocaefendi","isPartOf":{"@id":"https:\/\/omerfarukkorkmaz.com.tr\/tr\/#website"},"primaryImageOfPage":{"@id":"https:\/\/omerfarukkorkmaz.com.tr\/tr\/selefiyyenin-anlama-problemi-cercevesinde-mevlid-kutlamalari-uzerine-mulahazalar\/#primaryimage"},"image":{"@id":"https:\/\/omerfarukkorkmaz.com.tr\/tr\/selefiyyenin-anlama-problemi-cercevesinde-mevlid-kutlamalari-uzerine-mulahazalar\/#primaryimage"},"thumbnailUrl":"https:\/\/omerfarukkorkmaz.com.tr\/tr\/wp-content\/uploads\/2020\/10\/1200x627-hz-muhammed-sav-hayati-nasil-gecmistir-kisaca-hz-muhammedin-hayati-1587908709338-e1603804900846.jpg","datePublished":"2020-10-27T13:29:15+00:00","dateModified":"2020-10-27T13:29:15+00:00","breadcrumb":{"@id":"https:\/\/omerfarukkorkmaz.com.tr\/tr\/selefiyyenin-anlama-problemi-cercevesinde-mevlid-kutlamalari-uzerine-mulahazalar\/#breadcrumb"},"inLanguage":"tr","potentialAction":[{"@type":"ReadAction","target":["https:\/\/omerfarukkorkmaz.com.tr\/tr\/selefiyyenin-anlama-problemi-cercevesinde-mevlid-kutlamalari-uzerine-mulahazalar\/"]}]},{"@type":"ImageObject","inLanguage":"tr","@id":"https:\/\/omerfarukkorkmaz.com.tr\/tr\/selefiyyenin-anlama-problemi-cercevesinde-mevlid-kutlamalari-uzerine-mulahazalar\/#primaryimage","url":"https:\/\/omerfarukkorkmaz.com.tr\/tr\/wp-content\/uploads\/2020\/10\/1200x627-hz-muhammed-sav-hayati-nasil-gecmistir-kisaca-hz-muhammedin-hayati-1587908709338-e1603804900846.jpg","contentUrl":"https:\/\/omerfarukkorkmaz.com.tr\/tr\/wp-content\/uploads\/2020\/10\/1200x627-hz-muhammed-sav-hayati-nasil-gecmistir-kisaca-hz-muhammedin-hayati-1587908709338-e1603804900846.jpg","width":1134,"height":552},{"@type":"BreadcrumbList","@id":"https:\/\/omerfarukkorkmaz.com.tr\/tr\/selefiyyenin-anlama-problemi-cercevesinde-mevlid-kutlamalari-uzerine-mulahazalar\/#breadcrumb","itemListElement":[{"@type":"ListItem","position":1,"name":"Anasayfa","item":"https:\/\/omerfarukkorkmaz.com.tr\/tr\/"},{"@type":"ListItem","position":2,"name":"Selefiyye&#8217;nin Anlama Problemi \u00c7er\u00e7evesinde Mevlid Kutlamalar\u0131 \u00dczerine M\u00fcl\u00e2hazalar"}]},{"@type":"WebSite","@id":"https:\/\/omerfarukkorkmaz.com.tr\/tr\/#website","url":"https:\/\/omerfarukkorkmaz.com.tr\/tr\/","name":"\u00d6mer Faruk Korkmaz Hocaefendi","description":"Resmi Web Sayfas\u0131","publisher":{"@id":"https:\/\/omerfarukkorkmaz.com.tr\/tr\/#\/schema\/person\/7efd65277de8b9dc0520ec210e387854"},"potentialAction":[{"@type":"SearchAction","target":{"@type":"EntryPoint","urlTemplate":"https:\/\/omerfarukkorkmaz.com.tr\/tr\/?s={search_term_string}"},"query-input":"required name=search_term_string"}],"inLanguage":"tr"},{"@type":["Person","Organization"],"@id":"https:\/\/omerfarukkorkmaz.com.tr\/tr\/#\/schema\/person\/7efd65277de8b9dc0520ec210e387854","name":"\u00d6mer Faruk Korkmaz","image":{"@type":"ImageObject","inLanguage":"tr","@id":"https:\/\/omerfarukkorkmaz.com.tr\/tr\/#\/schema\/person\/image\/","url":"https:\/\/omerfarukkorkmaz.com.tr\/tr\/wp-content\/uploads\/2020\/12\/cropped-nkl-2.png","contentUrl":"https:\/\/omerfarukkorkmaz.com.tr\/tr\/wp-content\/uploads\/2020\/12\/cropped-nkl-2.png","width":512,"height":512,"caption":"\u00d6mer Faruk Korkmaz"},"logo":{"@id":"https:\/\/omerfarukkorkmaz.com.tr\/tr\/#\/schema\/person\/image\/"},"url":"https:\/\/omerfarukkorkmaz.com.tr\/tr\/author\/ofkorkmaz\/"}]}},"_links":{"self":[{"href":"https:\/\/omerfarukkorkmaz.com.tr\/tr\/wp-json\/wp\/v2\/posts\/680","targetHints":{"allow":["GET"]}}],"collection":[{"href":"https:\/\/omerfarukkorkmaz.com.tr\/tr\/wp-json\/wp\/v2\/posts"}],"about":[{"href":"https:\/\/omerfarukkorkmaz.com.tr\/tr\/wp-json\/wp\/v2\/types\/post"}],"author":[{"embeddable":true,"href":"https:\/\/omerfarukkorkmaz.com.tr\/tr\/wp-json\/wp\/v2\/users\/3"}],"replies":[{"embeddable":true,"href":"https:\/\/omerfarukkorkmaz.com.tr\/tr\/wp-json\/wp\/v2\/comments?post=680"}],"version-history":[{"count":0,"href":"https:\/\/omerfarukkorkmaz.com.tr\/tr\/wp-json\/wp\/v2\/posts\/680\/revisions"}],"wp:featuredmedia":[{"embeddable":true,"href":"https:\/\/omerfarukkorkmaz.com.tr\/tr\/wp-json\/wp\/v2\/media\/681"}],"wp:attachment":[{"href":"https:\/\/omerfarukkorkmaz.com.tr\/tr\/wp-json\/wp\/v2\/media?parent=680"}],"wp:term":[{"taxonomy":"category","embeddable":true,"href":"https:\/\/omerfarukkorkmaz.com.tr\/tr\/wp-json\/wp\/v2\/categories?post=680"},{"taxonomy":"post_tag","embeddable":true,"href":"https:\/\/omerfarukkorkmaz.com.tr\/tr\/wp-json\/wp\/v2\/tags?post=680"}],"curies":[{"name":"wp","href":"https:\/\/api.w.org\/{rel}","templated":true}]}}