{"id":649,"date":"2020-10-12T18:29:51","date_gmt":"2020-10-12T18:29:51","guid":{"rendered":"http:\/\/www.omerfarukkorkmaz.com.tr\/?p=649"},"modified":"2020-10-12T18:29:51","modified_gmt":"2020-10-12T18:29:51","slug":"erkeklerin-yuzuk-kullanmasi-ve-yuzugun-agirlik-miktari","status":"publish","type":"post","link":"https:\/\/omerfarukkorkmaz.com.tr\/tr\/erkeklerin-yuzuk-kullanmasi-ve-yuzugun-agirlik-miktari\/","title":{"rendered":"Erkeklerin Y\u00fcz\u00fck Kullanmas\u0131 ve Y\u00fcz\u00fc\u011f\u00fcn A\u011f\u0131rl\u0131k Miktar\u0131"},"content":{"rendered":"<p><strong>\u00a0<\/strong>Efendimiz (Sallallahu Aleyhi ve Sellem) g\u00fcm\u00fc\u015f y\u00fcz\u00fck edinmi\u015ftir. Zira \u0130mam Buhari\u2019 nin \u0130bn \u00d6mer (Rad\u0131yallahu Anh)\u2019 den yapt\u0131\u011f\u0131 rivayette \u0130bn \u00d6mer, Peygamber (Aleyhisselam)\u2019 in, \u00a0nak\u015f\u0131 \u201cMuhammedun Resulullah\u201d\u00a0 olan g\u00fcm\u00fc\u015f bir y\u00fcz\u00fck edindi\u011fini ve daha sonra bu y\u00fcz\u00fc\u011f\u00fcn Ebu Bekir, \u00d6mer (Rad\u0131yallahu Anhuma) taraf\u0131ndan kullan\u0131ld\u0131\u011f\u0131n\u0131 ve Er\u00ees kuyusuna d\u00fc\u015f\u00fcp kayboluncaya kadar Hz. Osman (Rad\u0131yallahu Anh)\u2019\u0131n da bu y\u00fcz\u00fc\u011f\u00fc kulland\u0131\u011f\u0131n\u0131 nakletmektedir.<a href=\"#_ftn1\" name=\"_ftnref1\">[1]<\/a> Us\u00fbl-i Sitte ashab\u0131n\u0131n Enes b. Malik\u2019 den yapt\u0131klar\u0131 bir rivayette de o \u201cEfendimiz Aleyhissalat\u00fc vesselam\u2019\u0131n habe\u015f\u00ee ka\u015fl\u0131 Muhammedun Resulullah nak\u0131\u015fl\u0131 bir y\u00fcz\u00fck edindi\u011fini\u201d s\u00f6ylemektedir.<a href=\"#_ftn2\" name=\"_ftnref2\">[2]<\/a> Rivayetlerin tamam\u0131 incelendi\u011finde Efendimizin y\u00fcz\u00fck edindi\u011finin ink\u00e2r edilemez bir ger\u00e7ek oldu\u011fu g\u00f6r\u00fclecektir. Bu hususta m\u00fcstakillen yaz\u0131lm\u0131\u015f \u0130mam el- Beyhak\u00ee\u2019 nin <em>\u201cel-Camiu\u00a0 fi\u2019l- Hatem<a href=\"#_ftn3\" name=\"_ftnref3\"><strong>[3]<\/strong><\/a>\u201d <\/em>i veya \u0130bn Recep el- Hanbel\u00ee\u2019 nin <em>\u201cKitabu\u2019l- Havatim\u201d<a href=\"#_ftn4\" name=\"_ftnref4\"><strong>[4]<\/strong><\/a>\u2019 <\/em>\u00a0i gibi eserler Efendimizin y\u00fcz\u00fck kulland\u0131\u011f\u0131na dair yeterince rivayet serdetmektedirler.<\/p>\n<p>Hanef\u00ee mezhebinde g\u00fcm\u00fc\u015f haricinde her hangi bir y\u00fcz\u00fck tak\u0131lmas\u0131n\u0131n caiz olmad\u0131\u011f\u0131 mukarrerdir. Nitekim \u0130mam Muhammed <em>\u201cel- Camiu\u2019s- Sa\u011fir\u201d<\/em> inde \u201c<strong>\u0648\u0644\u0627 \u064a\u062a\u062e\u062a\u0645 \u0627\u0644\u0627 \u0628\u0627\u0644\u0641\u0636\u0629<\/strong><strong>\u201d <\/strong><strong>\u201c<\/strong>G\u00fcm\u00fc\u015ften ba\u015fka y\u00fcz\u00fck tak\u0131lmaz\u201d<a href=\"#_ftn5\" name=\"_ftnref5\">[5]<\/a> \u015feklindeki s\u00f6z\u00fcyle s\u00f6yledi\u011fimizi a\u00e7\u0131k\u00e7a ifade etmektedir. Bu h\u00fck\u00fcm sonraki metinlere de aynen yans\u0131m\u0131\u015ft\u0131r.<a href=\"#_ftn6\" name=\"_ftnref6\">[6]<\/a> \u015eu kadar\u0131 var ki metinlerde buna ziyade olarak erkeklerin bir dirhem<a href=\"#_ftn7\" name=\"_ftnref7\">[7]<\/a> veya bir miskalden<a href=\"#_ftn8\" name=\"_ftnref8\">[8]<\/a> fazla g\u00fcm\u00fc\u015f y\u00fcz\u00fck edinmemeleri gerekti\u011fi yaz\u0131l\u0131d\u0131r. Ki, bir miskal g\u00fcn\u00fcm\u00fcz miktar\u0131na g\u00f6re 4. 52 gram\u2019a tekab\u00fcl etmektedir.<a href=\"#_ftn9\" name=\"_ftnref9\">[9]<\/a> \u00a0Buna da gerek\u00e7e olarak Peygamber Efendimizin sahabeden birisine <em>\u201cY\u00fcz\u00fc\u011f\u00fcn g\u00fcm\u00fc\u015ften olsun ve bir miskali a\u015fmas\u0131n\u201d<\/em> \u015feklindeki s\u00f6z\u00fcn\u00fc g\u00f6stermektedirler.<a href=\"#_ftn10\" name=\"_ftnref10\">[10]<\/a> Ayr\u0131ca, y\u00fcz\u00fc\u011f\u00fcn bir miskali a\u015fmas\u0131 i\u015fi mutad olan s\u00fcslenmeden \u00e7\u0131kar\u0131p israfa d\u00f6n\u00fc\u015ft\u00fcrmektedir.<a href=\"#_ftn11\" name=\"_ftnref11\">[11]<\/a> Bu y\u00fczden y\u00fcz\u00fc\u011f\u00fcn bir miskali a\u015fmas\u0131 Hanefi mezhebince mekruh say\u0131lmaktad\u0131r.<\/p>\n<p>Yukar\u0131da yapt\u0131\u011f\u0131m\u0131z izahattan da anla\u015f\u0131laca\u011f\u0131 \u00fczere g\u00fcm\u00fc\u015f y\u00fcz\u00fc\u011f\u00fcn d\u0131\u015f\u0131nda demir, bak\u0131r, sar\u0131 bak\u0131r, tun\u00e7 gibi maddelerden y\u00fcz\u00fck edinmek de caiz de\u011fil<a href=\"#_ftn12\" name=\"_ftnref12\">[12]<\/a>, haramd\u0131r.<a href=\"#_ftn13\" name=\"_ftnref13\">[13]<\/a> \u00c7\u00fcnk\u00fc Nebi (Sallallahu Aleyhi ve Sellem) ba\u015fta demirden bir y\u00fcz\u00fck edinmi\u015f ve daha sonra kerih g\u00f6rerek bu y\u00fcz\u00fc\u011f\u00fcn\u00fc atm\u0131\u015ft\u0131r.<a href=\"#_ftn14\" name=\"_ftnref14\">[14]<\/a> Bir ba\u015fka rivayette Efendimiz parmaklar\u0131nda sar\u0131 bak\u0131rdan ve demirden y\u00fcz\u00fck g\u00f6rd\u00fc\u011f\u00fc sahab\u00eelere <em>\u201cBana ne oluyor ki senden putlar\u0131n kokusunu al\u0131yorum\u201d<a href=\"#_ftn15\" name=\"_ftnref15\"><strong>[15]<\/strong><\/a>, \u201c Bana ne oluyor ki \u00fczerinde Cehennem ehlinin s\u00fcs\u00fcn\u00fc g\u00f6r\u00fcyorum\u201d<a href=\"#_ftn16\" name=\"_ftnref16\"><strong>[16]<\/strong><\/a><\/em> demi\u015ftir. \u00d6yleyse y\u00fcz\u00fck takma olay\u0131nda m\u00fcnhas\u0131ran g\u00fcm\u00fc\u015f\u00fcn cevaziyeti s\u00f6z konusudur, gayr\u0131s\u0131 de\u011fil.<\/p>\n<p>Gelelim g\u00fcm\u00fc\u015f y\u00fcz\u00fck de olsa erkeklerin y\u00fcz\u00fck takmas\u0131n\u0131n h\u00fckm\u00fcne; bu hususta mezhep i\u00e7erisinde farkl\u0131 kaviller vard\u0131r. Ebu Reyhane\u2019den yap\u0131lan rivayette o <em>\u201c Allah Res\u00fclu <\/em><em>(Sallallahu Aleyhi ve Sellem)<\/em><em> yetki sahibinin d\u0131\u015f\u0131ndaki kimseleri y\u00fcz\u00fck takmaktan nehyetmi\u015ftir\u201d <\/em>demektedir.<a href=\"#_ftn17\" name=\"_ftnref17\">[17]<\/a> \u00a0\u00a0\u0130mam et- Tahav\u00ee\u00a0 <em>\u201c\u015eerhu Me\u00e2ni\u2019l- \u00c2s\u00e2r\u201d <\/em>\u0131nda bu hususta m\u00fcstakil bir bap a\u00e7arak bu hadisle istidlal eden baz\u0131lar\u0131n\u0131n yetki sahibi (halife vs.) d\u0131\u015f\u0131ndakilerin y\u00fcz\u00fck takmas\u0131n\u0131n mekruh olaca\u011f\u0131n\u0131 savunduklar\u0131n\u0131 zikretmektedir. Bu rivayete z\u0131tl\u0131k te\u015fkil eden Hz. Hasan ve H\u00fcseyin\u2019in sol ellerine y\u00fcz\u00fck takt\u0131klar\u0131n\u0131 ifade eden rivayetleri ve benzerlerini nakleden \u0130mam et- Tahavi, sahabe ve tabiinden yetki sahibi olmad\u0131klar\u0131 halde y\u00fcz\u00fck takanlar\u0131n bulundu\u011funu ispat etmektedir. \u0130\u015fin nakli boyutunu aktard\u0131ktan sonra akli boyutunu da izah eden \u0130mam et- Tahavi \u015funlar\u0131 s\u00f6yler: Sultan\u0131n y\u00fcz\u00fck takmas\u0131 zinet olmad\u0131\u011f\u0131ndan dolay\u0131 caiz ise sultan olmayan ki\u015finin de bu gerek\u00e7e ile y\u00fcz\u00fck kullanmas\u0131 caiz olmal\u0131d\u0131r. Geride de g\u00f6rd\u00fck ki; alt\u0131n\u0131n ve g\u00fcm\u00fc\u015f\u00fcn kullan\u0131lmas\u0131 hususunda sultan olanla olmayan e\u015fittir. Bu konunun da b\u00f6yle olmas\u0131 gerekir. (Yani g\u00fcm\u00fc\u015f y\u00fcz\u00fck kullanma hususunda) sultan i\u00e7in caiz olan \u015fey gayr\u0131s\u0131 i\u00e7in de caiz olmal\u0131d\u0131r. \u015eayet sultan\u0131n y\u00fcz\u00fck kullanmas\u0131 M\u00fcsl\u00fcmanlar\u0131n mallar\u0131n\u0131 m\u00fch\u00fcrlemesi i\u00e7in oldu\u011fundan caiz oluyorsa, sair insanlar\u0131n da kitaplar\u0131na ve mallar\u0131na m\u00fch\u00fcr vurmalar\u0131 sebebiyle bu fiilin onlar ad\u0131na caiz olmas\u0131 gerekir. Zira bu hususta sultan olanla olmayan aras\u0131nda herhangi bir fark yoktur.<a href=\"#_ftn18\" name=\"_ftnref18\">[18]<\/a><\/p>\n<p>\u0130mam et- Tahavi\u2019nin tercihi bu y\u00f6ndeyse de Hanefi mezhebine ait kitaplar\u0131n g\u00f6rebildi\u011fimiz kadar\u0131yla bir\u00e7o\u011funda yetki sahibi olmayan ki\u015filerin y\u00fcz\u00fck takmamalar\u0131n\u0131n takmalar\u0131ndan daha faziletli olaca\u011f\u0131 zikredilmektedir. Hidaye sahibi Mer\u011finani, Sultan\u0131n y\u00fcz\u00fck takmas\u0131n\u0131n ihtiyaca mebni oldu\u011funu, sultan\u0131n d\u0131\u015f\u0131ndaki kimselerde as\u0131l olan\u0131n y\u00fcz\u00fck takmamak oldu\u011funu zikretmektedir.<a href=\"#_ftn19\" name=\"_ftnref19\">[19]<\/a> Nesefi, sultan\u0131n d\u0131\u015f\u0131ndakilerin y\u00fcz\u00fck takmay\u0131 terk etmelerinin daha faziletli oldu\u011funu s\u00f6ylemektedir.<a href=\"#_ftn20\" name=\"_ftnref20\">[20]<\/a> Mavsili de y\u00fcz\u00fc\u011fe ihtiyac\u0131 olmayan kimselerin y\u00fcz\u00fck takmay\u0131 terk etmelerinin daha faziletli olaca\u011f\u0131n\u0131 beyan etmektedir.<a href=\"#_ftn21\" name=\"_ftnref21\">[21]<\/a> Burhaneddin b. Maze\u2019 de y\u00fcz\u00fck takman\u0131n s\u00fcnnet oldu\u011funu, Efendimizin m\u00fchre ihtiya\u00e7 duydu\u011fu i\u00e7in y\u00fcz\u00fck kulland\u0131\u011f\u0131n\u0131 ve ihtiyac\u0131 olmayanlar\u0131n takmamalar\u0131n\u0131n efdal olaca\u011f\u0131n\u0131 s\u00f6ylemektedir.<a href=\"#_ftn22\" name=\"_ftnref22\">[22]<\/a><\/p>\n<p>G\u00f6zden ge\u00e7irdi\u011fimiz t\u00fcm nakiller ve fukaha kavillerine bakt\u0131\u011f\u0131m\u0131zda meselenin ihtilafl\u0131 bir mevzu oldu\u011fu a\u015fik\u00e2r olmaktad\u0131r. Yani ortada Efendimizin yapm\u0131\u015f oldu\u011fu bir fiilin illetini tespit etme noktas\u0131nda farkl\u0131 \u00e2limler taraf\u0131ndan \u00e7e\u015fitli m\u00fclahazar vard\u0131r. Allahu \u00a0A\u2019lem kitaplar\u0131n bir\u00e7o\u011fundaki \u201cterk etmenin efdal olmas\u0131\u201d \u015feklindeki h\u00fck\u00fcm de ulema aras\u0131ndaki bu ihtilaftan sak\u0131nmak i\u00e7indir. \u00d6yleyse y\u00fcz\u00fck takmaya fukaha taraf\u0131ndan gerek\u00e7e olarak tayin edilmi\u015f olan her hangi bir ihtiyac\u0131 bulunmayan ki\u015finin takmamas\u0131 takmas\u0131ndan daha faziletlidir. Vesselam\u2026<\/p>\n<hr \/>\n<p><a href=\"#_ftnref1\" name=\"_ftn1\"><strong>[1]<\/strong><\/a> Buhari, Sahih, Libas, No: 5866, et- Tehanevi, <strong><em>\u0130\u2019l\u00e2u\u2019s- S\u00fcnen<\/em><\/strong>, XVI\/ 8057 Daru\u2019l- Fikr, Beyrut- L\u00fcbnan 2001, B.I<\/p>\n<p><a href=\"#_ftnref2\" name=\"_ftn2\"><strong>[2]<\/strong><\/a> Rivayetlerin tamam\u0131 i\u00e7in Bkz. ez- Zeyl\u00e2\u00ee, <em><strong>Nasbu\u2019r- Raye<\/strong>,<\/em> IV\/ 232 No: 7262 Daru\u2019l- K\u0131ble, Cidde<\/p>\n<p><a href=\"#_ftnref3\" name=\"_ftn3\"><strong>[3]<\/strong><\/a> el- Beyhak\u00ee, <em><strong>el-Camiu\u00a0 fi\u2019l- Hatem<\/strong><\/em>, ed- Daru\u2019s- Selefiyye, Bombay, Hind, 1987, B.I<\/p>\n<p><a href=\"#_ftnref4\" name=\"_ftn4\"><strong>[4]<\/strong><\/a> \u0130bn Recep el- Hanbel\u00ee, <strong><em>Ahkamu\u2019l- Havatim<\/em><\/strong>, Daru\u2019l- End\u00fcl\u00fcs, 2010,B.I<\/p>\n<p><a href=\"#_ftnref5\" name=\"_ftn5\"><strong>[5]<\/strong><\/a> Muhammed b. Hasen e\u015f- \u015eeyb\u00e2n\u00ee, <em><strong>el- Camiu\u2019s- Sa\u011fir<\/strong><\/em>, s. 477 Alemu\u2019l- k\u00fct\u00fcb, Beyrut, 1986, B.I<\/p>\n<p><a href=\"#_ftnref6\" name=\"_ftn6\"><strong>[6]<\/strong><\/a>\u00a0 Mesela Bkz. Kuduri, Muhtasar, s. 240, Daru\u2019l- k\u00fct\u00fcbi\u2019l-\u0130lmiyye, Beyrut- L\u00fcbnan 1997, B.I, \u0130bn Saat\u00ee, <em><strong>Mecmau\u2019l- Bahreyn<\/strong><\/em>, s. 822, Daru\u2019l-K\u00fct\u00fcbi\u2019l-\u0130lmiyye, Beyrut-L\u00fcbnan, 2005, B.I\u00a0 vd.<\/p>\n<p><a href=\"#_ftnref7\" name=\"_ftn7\"><strong>[7]<\/strong><\/a> Kad\u0131 \u011eaznevi, <em><strong>el- H\u00e2vi\u2019l- Kuds\u00ee<\/strong><\/em>, II\/ 313, Daru\u2019n- Nevadir, L\u00fcbnan 2011, B.I<\/p>\n<p><a href=\"#_ftnref8\" name=\"_ftn8\"><strong>[8]<\/strong><\/a> Abd\u00fcl\u011fani el- \u011euneym\u00ee el- Meyd\u00e2n\u00ee, <em><strong>el- L\u00fcbab<\/strong><\/em>, IV\/ 158 el- Mektebetu\u2019l- \u0130lmiyye, Beyrut-L\u00fcbnan<\/p>\n<p><a href=\"#_ftnref9\" name=\"_ftn9\"><strong>[9]<\/strong><\/a> H\u00fcseyin Muhammed Rebabia, <strong><em>Tahv\u00eelu\u2019l- Mevazin ve\u2019l \u2013Mekayili\u2019\u015f-\u015eer\u2019iyyeti ile\u2019l- Mekadiri\u2019l- Muas\u0131ra<\/em><\/strong>, (\u0130slam Hukuku dergisi i\u00e7erisinde Say\u0131 15, Nisan 2010) S.296<\/p>\n<p><a href=\"#_ftnref10\" name=\"_ftn10\"><strong>[10]<\/strong><\/a> \u0130bn N\u00fcceym, <em><strong>el- Bahru\u2019r- R\u00e2ik<\/strong><\/em>, VIII\/ 350 Daru\u2019l-K\u00fct\u00fcbi\u2019l-\u0130lmiyye, Beyrut- L\u00fcbnan, 1997, B.I<\/p>\n<p><a href=\"#_ftnref11\" name=\"_ftn11\"><strong>[11]<\/strong><\/a> \u0130bn Recep el- Hanbeli, <em><strong>Ahkamu\u2019l- Havatim<\/strong><\/em>, S. 100, Daru\u2019l- End\u00fcl\u00fcs, 2010,B.I<\/p>\n<p><a href=\"#_ftnref12\" name=\"_ftn12\"><strong>[12]<\/strong><\/a> Burada \u00e7ift ifade kullanmam\u0131z\u0131n sebebi mezhebe ait baz\u0131 kaynaklarda bu gibi maddelerden edinilen y\u00fcz\u00fc\u011f\u00fcn h\u00fckm\u00fcn\u00fcn \u201c<strong>\u064a\u0643\u0631\u0647<\/strong>\u201d \u015feklindeki ibare ile yaz\u0131lm\u0131\u015f olmas\u0131d\u0131r. Mesela bkz. el- Mavs\u00eel\u00ee, <em><strong>el-\u0130htiyar<\/strong><\/em>, IV\/ 126 er- Risaletu\u2019l-\u00c2lemiyye, Beyrut- L\u00fcbnan, 2009, B.I, Ebu Cafer et- Tahavi, <em><strong>Muhtasar<\/strong><\/em>, (Cessas \u015ferhi ile)VIII\/ 541 Daru\u2019l-Be\u015fairi\u2019l-\u0130sl\u00e2miyye,1995, B.I<\/p>\n<p>12 Sadru\u2019\u015f-\u015eehid, <em><strong>\u015eerhu\u2019l- Camii\u2019s- Sa\u011fir<\/strong><\/em>, S. 550 Daru\u2019l-K\u00fct\u00fcbi\u2019l-\u0130lmiyye, Beyrut- L\u00fcbnan, 2006, B.I<\/p>\n<p><a href=\"#_ftnref13\" name=\"_ftn13\"><\/a>13 \u00a0Ebu\u2019l-Berek\u00e2t\u00a0 en- Nesef\u00ee, <em><strong>Kenzu\u2019d- Dek\u00e2ik<\/strong><\/em>, s. 337, Daru\u2019l- Beyr\u00fbt\u00ee, 2009, B.I<\/p>\n<p><a href=\"#_ftnref14\" name=\"_ftn14\"><\/a>14\u00a0 et- Tahavi, <em><strong>a.g.e<\/strong><\/em>., a.y<\/p>\n<p><a href=\"#_ftnref15\" name=\"_ftn15\"><strong>[15]<\/strong><\/a> Ebu Davud, <strong><em>S\u00fcnen<\/em><\/strong>, No: 4223, Tirmizi, S\u00fcnen, No: 1785<\/p>\n<p><a href=\"#_ftnref16\" name=\"_ftn16\">[16]<\/a> Ebu Davud, <strong><em>S\u00fcnen<\/em><\/strong>, No: 4223, Tirmizi, S\u00fcnen, No: 1785<\/p>\n<p><a href=\"#_ftnref17\" name=\"_ftn17\"><strong>[17]<\/strong><\/a> Ebu Davud, <em><strong>S\u00fcnen,<\/strong><\/em> Libas VIII, Nesa\u00ee, Zinet XX<\/p>\n<p><a href=\"#_ftnref18\" name=\"_ftn18\"><strong>[18]<\/strong><\/a> Ebu Cafer et- Tahavi, <em><strong>\u015eerhu\u00a0 Meani\u2019l-<\/strong> <strong>\u00c2s\u00e2r<\/strong><\/em> \u00a0IV\/ 72-73 Daru\u2019l- K\u00fct\u00fcbi\u2019l-\u0130lmiyye, Beyrut-L\u00fcbnan, 2006, B.II<\/p>\n<p><a href=\"#_ftnref19\" name=\"_ftn19\"><strong>[19]<\/strong><\/a> Burhaneddin el- Mer\u011finani, <strong><em>el- Hidaye<\/em><\/strong>, III\/ 367 Daru \u0130hyai\u2019t- T\u00fcrasi\u2019l- Arabi, Beyrut- L\u00fcbnan 2004, B.I<\/p>\n<p><a href=\"#_ftnref20\" name=\"_ftn20\">[20]<\/a> en- Nesef\u00ee, <strong><em>a.g.e<\/em><\/strong>., a.y.<\/p>\n<p><a href=\"#_ftnref21\" name=\"_ftn21\">[21]<\/a> el- Mavs\u00eel\u00ee, <em><strong>a.g.e<\/strong><\/em>. a.y.<\/p>\n<p><a href=\"#_ftnref22\" name=\"_ftn22\"><strong>[22]<\/strong><\/a> Burhaneddin b. Maze, <em><strong>el- Muhitu\u2019l- Burhani<\/strong><\/em>, VIII\/ 50 \u0130daretu\u2019l-Kuran ve\u2019l- Ulumi\u2019l-\u0130slamiyye, Pakistan 2004<\/p>\n","protected":false},"excerpt":{"rendered":"<p>\u00a0Efendimiz (Sallallahu Aleyhi ve Sellem) g\u00fcm\u00fc\u015f y\u00fcz\u00fck edinmi\u015ftir. Zira \u0130mam Buhari\u2019 nin \u0130bn \u00d6mer (Rad\u0131yallahu Anh)\u2019 den yapt\u0131\u011f\u0131 rivayette \u0130bn \u00d6mer, Peygamber (Aleyhisselam)\u2019 in, \u00a0nak\u015f\u0131 \u201cMuhammedun Resulullah\u201d\u00a0 olan g\u00fcm\u00fc\u015f bir y\u00fcz\u00fck edindi\u011fini ve daha sonra bu y\u00fcz\u00fc\u011f\u00fcn Ebu Bekir, \u00d6mer (Rad\u0131yallahu Anhuma) taraf\u0131ndan kullan\u0131ld\u0131\u011f\u0131n\u0131 ve Er\u00ees kuyusuna d\u00fc\u015f\u00fcp kayboluncaya kadar Hz. Osman (Rad\u0131yallahu Anh)\u2019\u0131n da [&hellip;]<\/p>\n","protected":false},"author":3,"featured_media":651,"comment_status":"open","ping_status":"open","sticky":false,"template":"","format":"standard","meta":{"content-type":"","_monsterinsights_skip_tracking":false,"_monsterinsights_sitenote_active":false,"_monsterinsights_sitenote_note":"","_monsterinsights_sitenote_category":0,"footnotes":""},"categories":[16,8],"tags":[44,120,185,710,711],"class_list":{"0":"post-649","1":"post","2":"type-post","3":"status-publish","4":"format-standard","5":"has-post-thumbnail","7":"category-diger-meseleler","8":"category-sual-cevap","9":"tag-agirlik","10":"tag-caiz","11":"tag-erkek","12":"tag-yuzuk","13":"tag-yuzuk-miktari"},"yoast_head":"<!-- This site is optimized with the Yoast SEO plugin v23.2 - https:\/\/yoast.com\/wordpress\/plugins\/seo\/ -->\n<title>Erkeklerin Y\u00fcz\u00fck Kullanmas\u0131 ve Y\u00fcz\u00fc\u011f\u00fcn A\u011f\u0131rl\u0131k Miktar\u0131 - \u00d6mer Faruk Korkmaz Hocaefendi<\/title>\n<meta name=\"robots\" content=\"index, follow, max-snippet:-1, max-image-preview:large, max-video-preview:-1\" \/>\n<link rel=\"canonical\" href=\"https:\/\/omerfarukkorkmaz.com.tr\/tr\/erkeklerin-yuzuk-kullanmasi-ve-yuzugun-agirlik-miktari\/\" \/>\n<meta property=\"og:locale\" content=\"tr_TR\" \/>\n<meta property=\"og:type\" content=\"article\" \/>\n<meta property=\"og:title\" content=\"Erkeklerin Y\u00fcz\u00fck Kullanmas\u0131 ve Y\u00fcz\u00fc\u011f\u00fcn A\u011f\u0131rl\u0131k Miktar\u0131 - \u00d6mer Faruk Korkmaz Hocaefendi\" \/>\n<meta property=\"og:description\" content=\"\u00a0Efendimiz (Sallallahu Aleyhi ve Sellem) g\u00fcm\u00fc\u015f y\u00fcz\u00fck edinmi\u015ftir. Zira \u0130mam Buhari\u2019 nin \u0130bn \u00d6mer (Rad\u0131yallahu Anh)\u2019 den yapt\u0131\u011f\u0131 rivayette \u0130bn \u00d6mer, Peygamber (Aleyhisselam)\u2019 in, \u00a0nak\u015f\u0131 \u201cMuhammedun Resulullah\u201d\u00a0 olan g\u00fcm\u00fc\u015f bir y\u00fcz\u00fck edindi\u011fini ve daha sonra bu y\u00fcz\u00fc\u011f\u00fcn Ebu Bekir, \u00d6mer (Rad\u0131yallahu Anhuma) taraf\u0131ndan kullan\u0131ld\u0131\u011f\u0131n\u0131 ve Er\u00ees kuyusuna d\u00fc\u015f\u00fcp kayboluncaya kadar Hz. Osman (Rad\u0131yallahu Anh)\u2019\u0131n da [&hellip;]\" \/>\n<meta property=\"og:url\" content=\"https:\/\/omerfarukkorkmaz.com.tr\/tr\/erkeklerin-yuzuk-kullanmasi-ve-yuzugun-agirlik-miktari\/\" \/>\n<meta property=\"og:site_name\" content=\"\u00d6mer Faruk Korkmaz Hocaefendi\" \/>\n<meta property=\"article:published_time\" content=\"2020-10-12T18:29:51+00:00\" \/>\n<meta property=\"og:image\" content=\"https:\/\/omerfarukkorkmaz.com.tr\/tr\/wp-content\/uploads\/2020\/10\/emporio-armani-ajegs1752-040515-erkek-yuzuk-emporio-armani-erkek-takilari-3225-29-B-e1602527378224.jpg\" \/>\n\t<meta property=\"og:image:width\" content=\"850\" \/>\n\t<meta property=\"og:image:height\" content=\"553\" \/>\n\t<meta property=\"og:image:type\" content=\"image\/jpeg\" \/>\n<meta name=\"author\" content=\"\u00d6mer Faruk Korkmaz\" \/>\n<meta name=\"twitter:card\" content=\"summary_large_image\" \/>\n<meta name=\"twitter:label1\" content=\"Yazan:\" \/>\n\t<meta name=\"twitter:data1\" content=\"\u00d6mer Faruk Korkmaz\" \/>\n\t<meta name=\"twitter:label2\" content=\"Tahmini okuma s\u00fcresi\" \/>\n\t<meta name=\"twitter:data2\" content=\"7 dakika\" \/>\n<script type=\"application\/ld+json\" class=\"yoast-schema-graph\">{\"@context\":\"https:\/\/schema.org\",\"@graph\":[{\"@type\":\"Article\",\"@id\":\"https:\/\/omerfarukkorkmaz.com.tr\/tr\/erkeklerin-yuzuk-kullanmasi-ve-yuzugun-agirlik-miktari\/#article\",\"isPartOf\":{\"@id\":\"https:\/\/omerfarukkorkmaz.com.tr\/tr\/erkeklerin-yuzuk-kullanmasi-ve-yuzugun-agirlik-miktari\/\"},\"author\":{\"name\":\"\u00d6mer Faruk Korkmaz\",\"@id\":\"https:\/\/omerfarukkorkmaz.com.tr\/tr\/#\/schema\/person\/7efd65277de8b9dc0520ec210e387854\"},\"headline\":\"Erkeklerin Y\u00fcz\u00fck Kullanmas\u0131 ve Y\u00fcz\u00fc\u011f\u00fcn A\u011f\u0131rl\u0131k Miktar\u0131\",\"datePublished\":\"2020-10-12T18:29:51+00:00\",\"dateModified\":\"2020-10-12T18:29:51+00:00\",\"mainEntityOfPage\":{\"@id\":\"https:\/\/omerfarukkorkmaz.com.tr\/tr\/erkeklerin-yuzuk-kullanmasi-ve-yuzugun-agirlik-miktari\/\"},\"wordCount\":1452,\"commentCount\":0,\"publisher\":{\"@id\":\"https:\/\/omerfarukkorkmaz.com.tr\/tr\/#\/schema\/person\/7efd65277de8b9dc0520ec210e387854\"},\"image\":{\"@id\":\"https:\/\/omerfarukkorkmaz.com.tr\/tr\/erkeklerin-yuzuk-kullanmasi-ve-yuzugun-agirlik-miktari\/#primaryimage\"},\"thumbnailUrl\":\"https:\/\/omerfarukkorkmaz.com.tr\/tr\/wp-content\/uploads\/2020\/10\/emporio-armani-ajegs1752-040515-erkek-yuzuk-emporio-armani-erkek-takilari-3225-29-B-e1602527378224.jpg\",\"keywords\":[\"a\u011f\u0131rl\u0131k\",\"caiz\",\"Erkek\",\"y\u00fcz\u00fck\",\"y\u00fcz\u00fck miktar\u0131\"],\"articleSection\":[\"Di\u011fer Meseleler\",\"Sual Cevap\"],\"inLanguage\":\"tr\",\"potentialAction\":[{\"@type\":\"CommentAction\",\"name\":\"Comment\",\"target\":[\"https:\/\/omerfarukkorkmaz.com.tr\/tr\/erkeklerin-yuzuk-kullanmasi-ve-yuzugun-agirlik-miktari\/#respond\"]}]},{\"@type\":\"WebPage\",\"@id\":\"https:\/\/omerfarukkorkmaz.com.tr\/tr\/erkeklerin-yuzuk-kullanmasi-ve-yuzugun-agirlik-miktari\/\",\"url\":\"https:\/\/omerfarukkorkmaz.com.tr\/tr\/erkeklerin-yuzuk-kullanmasi-ve-yuzugun-agirlik-miktari\/\",\"name\":\"Erkeklerin Y\u00fcz\u00fck Kullanmas\u0131 ve Y\u00fcz\u00fc\u011f\u00fcn A\u011f\u0131rl\u0131k Miktar\u0131 - \u00d6mer Faruk Korkmaz Hocaefendi\",\"isPartOf\":{\"@id\":\"https:\/\/omerfarukkorkmaz.com.tr\/tr\/#website\"},\"primaryImageOfPage\":{\"@id\":\"https:\/\/omerfarukkorkmaz.com.tr\/tr\/erkeklerin-yuzuk-kullanmasi-ve-yuzugun-agirlik-miktari\/#primaryimage\"},\"image\":{\"@id\":\"https:\/\/omerfarukkorkmaz.com.tr\/tr\/erkeklerin-yuzuk-kullanmasi-ve-yuzugun-agirlik-miktari\/#primaryimage\"},\"thumbnailUrl\":\"https:\/\/omerfarukkorkmaz.com.tr\/tr\/wp-content\/uploads\/2020\/10\/emporio-armani-ajegs1752-040515-erkek-yuzuk-emporio-armani-erkek-takilari-3225-29-B-e1602527378224.jpg\",\"datePublished\":\"2020-10-12T18:29:51+00:00\",\"dateModified\":\"2020-10-12T18:29:51+00:00\",\"breadcrumb\":{\"@id\":\"https:\/\/omerfarukkorkmaz.com.tr\/tr\/erkeklerin-yuzuk-kullanmasi-ve-yuzugun-agirlik-miktari\/#breadcrumb\"},\"inLanguage\":\"tr\",\"potentialAction\":[{\"@type\":\"ReadAction\",\"target\":[\"https:\/\/omerfarukkorkmaz.com.tr\/tr\/erkeklerin-yuzuk-kullanmasi-ve-yuzugun-agirlik-miktari\/\"]}]},{\"@type\":\"ImageObject\",\"inLanguage\":\"tr\",\"@id\":\"https:\/\/omerfarukkorkmaz.com.tr\/tr\/erkeklerin-yuzuk-kullanmasi-ve-yuzugun-agirlik-miktari\/#primaryimage\",\"url\":\"https:\/\/omerfarukkorkmaz.com.tr\/tr\/wp-content\/uploads\/2020\/10\/emporio-armani-ajegs1752-040515-erkek-yuzuk-emporio-armani-erkek-takilari-3225-29-B-e1602527378224.jpg\",\"contentUrl\":\"https:\/\/omerfarukkorkmaz.com.tr\/tr\/wp-content\/uploads\/2020\/10\/emporio-armani-ajegs1752-040515-erkek-yuzuk-emporio-armani-erkek-takilari-3225-29-B-e1602527378224.jpg\",\"width\":850,\"height\":553},{\"@type\":\"BreadcrumbList\",\"@id\":\"https:\/\/omerfarukkorkmaz.com.tr\/tr\/erkeklerin-yuzuk-kullanmasi-ve-yuzugun-agirlik-miktari\/#breadcrumb\",\"itemListElement\":[{\"@type\":\"ListItem\",\"position\":1,\"name\":\"Anasayfa\",\"item\":\"https:\/\/omerfarukkorkmaz.com.tr\/tr\/\"},{\"@type\":\"ListItem\",\"position\":2,\"name\":\"Erkeklerin Y\u00fcz\u00fck Kullanmas\u0131 ve Y\u00fcz\u00fc\u011f\u00fcn A\u011f\u0131rl\u0131k Miktar\u0131\"}]},{\"@type\":\"WebSite\",\"@id\":\"https:\/\/omerfarukkorkmaz.com.tr\/tr\/#website\",\"url\":\"https:\/\/omerfarukkorkmaz.com.tr\/tr\/\",\"name\":\"\u00d6mer Faruk Korkmaz Hocaefendi\",\"description\":\"Resmi Web Sayfas\u0131\",\"publisher\":{\"@id\":\"https:\/\/omerfarukkorkmaz.com.tr\/tr\/#\/schema\/person\/7efd65277de8b9dc0520ec210e387854\"},\"potentialAction\":[{\"@type\":\"SearchAction\",\"target\":{\"@type\":\"EntryPoint\",\"urlTemplate\":\"https:\/\/omerfarukkorkmaz.com.tr\/tr\/?s={search_term_string}\"},\"query-input\":\"required name=search_term_string\"}],\"inLanguage\":\"tr\"},{\"@type\":[\"Person\",\"Organization\"],\"@id\":\"https:\/\/omerfarukkorkmaz.com.tr\/tr\/#\/schema\/person\/7efd65277de8b9dc0520ec210e387854\",\"name\":\"\u00d6mer Faruk Korkmaz\",\"image\":{\"@type\":\"ImageObject\",\"inLanguage\":\"tr\",\"@id\":\"https:\/\/omerfarukkorkmaz.com.tr\/tr\/#\/schema\/person\/image\/\",\"url\":\"https:\/\/omerfarukkorkmaz.com.tr\/tr\/wp-content\/uploads\/2020\/12\/cropped-nkl-2.png\",\"contentUrl\":\"https:\/\/omerfarukkorkmaz.com.tr\/tr\/wp-content\/uploads\/2020\/12\/cropped-nkl-2.png\",\"width\":512,\"height\":512,\"caption\":\"\u00d6mer Faruk Korkmaz\"},\"logo\":{\"@id\":\"https:\/\/omerfarukkorkmaz.com.tr\/tr\/#\/schema\/person\/image\/\"},\"url\":\"https:\/\/omerfarukkorkmaz.com.tr\/tr\/author\/ofkorkmaz\/\"}]}<\/script>\n<!-- \/ Yoast SEO plugin. -->","yoast_head_json":{"title":"Erkeklerin Y\u00fcz\u00fck Kullanmas\u0131 ve Y\u00fcz\u00fc\u011f\u00fcn A\u011f\u0131rl\u0131k Miktar\u0131 - \u00d6mer Faruk Korkmaz Hocaefendi","robots":{"index":"index","follow":"follow","max-snippet":"max-snippet:-1","max-image-preview":"max-image-preview:large","max-video-preview":"max-video-preview:-1"},"canonical":"https:\/\/omerfarukkorkmaz.com.tr\/tr\/erkeklerin-yuzuk-kullanmasi-ve-yuzugun-agirlik-miktari\/","og_locale":"tr_TR","og_type":"article","og_title":"Erkeklerin Y\u00fcz\u00fck Kullanmas\u0131 ve Y\u00fcz\u00fc\u011f\u00fcn A\u011f\u0131rl\u0131k Miktar\u0131 - \u00d6mer Faruk Korkmaz Hocaefendi","og_description":"\u00a0Efendimiz (Sallallahu Aleyhi ve Sellem) g\u00fcm\u00fc\u015f y\u00fcz\u00fck edinmi\u015ftir. Zira \u0130mam Buhari\u2019 nin \u0130bn \u00d6mer (Rad\u0131yallahu Anh)\u2019 den yapt\u0131\u011f\u0131 rivayette \u0130bn \u00d6mer, Peygamber (Aleyhisselam)\u2019 in, \u00a0nak\u015f\u0131 \u201cMuhammedun Resulullah\u201d\u00a0 olan g\u00fcm\u00fc\u015f bir y\u00fcz\u00fck edindi\u011fini ve daha sonra bu y\u00fcz\u00fc\u011f\u00fcn Ebu Bekir, \u00d6mer (Rad\u0131yallahu Anhuma) taraf\u0131ndan kullan\u0131ld\u0131\u011f\u0131n\u0131 ve Er\u00ees kuyusuna d\u00fc\u015f\u00fcp kayboluncaya kadar Hz. Osman (Rad\u0131yallahu Anh)\u2019\u0131n da [&hellip;]","og_url":"https:\/\/omerfarukkorkmaz.com.tr\/tr\/erkeklerin-yuzuk-kullanmasi-ve-yuzugun-agirlik-miktari\/","og_site_name":"\u00d6mer Faruk Korkmaz Hocaefendi","article_published_time":"2020-10-12T18:29:51+00:00","og_image":[{"width":850,"height":553,"url":"https:\/\/omerfarukkorkmaz.com.tr\/tr\/wp-content\/uploads\/2020\/10\/emporio-armani-ajegs1752-040515-erkek-yuzuk-emporio-armani-erkek-takilari-3225-29-B-e1602527378224.jpg","type":"image\/jpeg"}],"author":"\u00d6mer Faruk Korkmaz","twitter_card":"summary_large_image","twitter_misc":{"Yazan:":"\u00d6mer Faruk Korkmaz","Tahmini okuma s\u00fcresi":"7 dakika"},"schema":{"@context":"https:\/\/schema.org","@graph":[{"@type":"Article","@id":"https:\/\/omerfarukkorkmaz.com.tr\/tr\/erkeklerin-yuzuk-kullanmasi-ve-yuzugun-agirlik-miktari\/#article","isPartOf":{"@id":"https:\/\/omerfarukkorkmaz.com.tr\/tr\/erkeklerin-yuzuk-kullanmasi-ve-yuzugun-agirlik-miktari\/"},"author":{"name":"\u00d6mer Faruk Korkmaz","@id":"https:\/\/omerfarukkorkmaz.com.tr\/tr\/#\/schema\/person\/7efd65277de8b9dc0520ec210e387854"},"headline":"Erkeklerin Y\u00fcz\u00fck Kullanmas\u0131 ve Y\u00fcz\u00fc\u011f\u00fcn A\u011f\u0131rl\u0131k Miktar\u0131","datePublished":"2020-10-12T18:29:51+00:00","dateModified":"2020-10-12T18:29:51+00:00","mainEntityOfPage":{"@id":"https:\/\/omerfarukkorkmaz.com.tr\/tr\/erkeklerin-yuzuk-kullanmasi-ve-yuzugun-agirlik-miktari\/"},"wordCount":1452,"commentCount":0,"publisher":{"@id":"https:\/\/omerfarukkorkmaz.com.tr\/tr\/#\/schema\/person\/7efd65277de8b9dc0520ec210e387854"},"image":{"@id":"https:\/\/omerfarukkorkmaz.com.tr\/tr\/erkeklerin-yuzuk-kullanmasi-ve-yuzugun-agirlik-miktari\/#primaryimage"},"thumbnailUrl":"https:\/\/omerfarukkorkmaz.com.tr\/tr\/wp-content\/uploads\/2020\/10\/emporio-armani-ajegs1752-040515-erkek-yuzuk-emporio-armani-erkek-takilari-3225-29-B-e1602527378224.jpg","keywords":["a\u011f\u0131rl\u0131k","caiz","Erkek","y\u00fcz\u00fck","y\u00fcz\u00fck miktar\u0131"],"articleSection":["Di\u011fer Meseleler","Sual Cevap"],"inLanguage":"tr","potentialAction":[{"@type":"CommentAction","name":"Comment","target":["https:\/\/omerfarukkorkmaz.com.tr\/tr\/erkeklerin-yuzuk-kullanmasi-ve-yuzugun-agirlik-miktari\/#respond"]}]},{"@type":"WebPage","@id":"https:\/\/omerfarukkorkmaz.com.tr\/tr\/erkeklerin-yuzuk-kullanmasi-ve-yuzugun-agirlik-miktari\/","url":"https:\/\/omerfarukkorkmaz.com.tr\/tr\/erkeklerin-yuzuk-kullanmasi-ve-yuzugun-agirlik-miktari\/","name":"Erkeklerin Y\u00fcz\u00fck Kullanmas\u0131 ve Y\u00fcz\u00fc\u011f\u00fcn A\u011f\u0131rl\u0131k Miktar\u0131 - \u00d6mer Faruk Korkmaz Hocaefendi","isPartOf":{"@id":"https:\/\/omerfarukkorkmaz.com.tr\/tr\/#website"},"primaryImageOfPage":{"@id":"https:\/\/omerfarukkorkmaz.com.tr\/tr\/erkeklerin-yuzuk-kullanmasi-ve-yuzugun-agirlik-miktari\/#primaryimage"},"image":{"@id":"https:\/\/omerfarukkorkmaz.com.tr\/tr\/erkeklerin-yuzuk-kullanmasi-ve-yuzugun-agirlik-miktari\/#primaryimage"},"thumbnailUrl":"https:\/\/omerfarukkorkmaz.com.tr\/tr\/wp-content\/uploads\/2020\/10\/emporio-armani-ajegs1752-040515-erkek-yuzuk-emporio-armani-erkek-takilari-3225-29-B-e1602527378224.jpg","datePublished":"2020-10-12T18:29:51+00:00","dateModified":"2020-10-12T18:29:51+00:00","breadcrumb":{"@id":"https:\/\/omerfarukkorkmaz.com.tr\/tr\/erkeklerin-yuzuk-kullanmasi-ve-yuzugun-agirlik-miktari\/#breadcrumb"},"inLanguage":"tr","potentialAction":[{"@type":"ReadAction","target":["https:\/\/omerfarukkorkmaz.com.tr\/tr\/erkeklerin-yuzuk-kullanmasi-ve-yuzugun-agirlik-miktari\/"]}]},{"@type":"ImageObject","inLanguage":"tr","@id":"https:\/\/omerfarukkorkmaz.com.tr\/tr\/erkeklerin-yuzuk-kullanmasi-ve-yuzugun-agirlik-miktari\/#primaryimage","url":"https:\/\/omerfarukkorkmaz.com.tr\/tr\/wp-content\/uploads\/2020\/10\/emporio-armani-ajegs1752-040515-erkek-yuzuk-emporio-armani-erkek-takilari-3225-29-B-e1602527378224.jpg","contentUrl":"https:\/\/omerfarukkorkmaz.com.tr\/tr\/wp-content\/uploads\/2020\/10\/emporio-armani-ajegs1752-040515-erkek-yuzuk-emporio-armani-erkek-takilari-3225-29-B-e1602527378224.jpg","width":850,"height":553},{"@type":"BreadcrumbList","@id":"https:\/\/omerfarukkorkmaz.com.tr\/tr\/erkeklerin-yuzuk-kullanmasi-ve-yuzugun-agirlik-miktari\/#breadcrumb","itemListElement":[{"@type":"ListItem","position":1,"name":"Anasayfa","item":"https:\/\/omerfarukkorkmaz.com.tr\/tr\/"},{"@type":"ListItem","position":2,"name":"Erkeklerin Y\u00fcz\u00fck Kullanmas\u0131 ve Y\u00fcz\u00fc\u011f\u00fcn A\u011f\u0131rl\u0131k Miktar\u0131"}]},{"@type":"WebSite","@id":"https:\/\/omerfarukkorkmaz.com.tr\/tr\/#website","url":"https:\/\/omerfarukkorkmaz.com.tr\/tr\/","name":"\u00d6mer Faruk Korkmaz Hocaefendi","description":"Resmi Web Sayfas\u0131","publisher":{"@id":"https:\/\/omerfarukkorkmaz.com.tr\/tr\/#\/schema\/person\/7efd65277de8b9dc0520ec210e387854"},"potentialAction":[{"@type":"SearchAction","target":{"@type":"EntryPoint","urlTemplate":"https:\/\/omerfarukkorkmaz.com.tr\/tr\/?s={search_term_string}"},"query-input":"required name=search_term_string"}],"inLanguage":"tr"},{"@type":["Person","Organization"],"@id":"https:\/\/omerfarukkorkmaz.com.tr\/tr\/#\/schema\/person\/7efd65277de8b9dc0520ec210e387854","name":"\u00d6mer Faruk Korkmaz","image":{"@type":"ImageObject","inLanguage":"tr","@id":"https:\/\/omerfarukkorkmaz.com.tr\/tr\/#\/schema\/person\/image\/","url":"https:\/\/omerfarukkorkmaz.com.tr\/tr\/wp-content\/uploads\/2020\/12\/cropped-nkl-2.png","contentUrl":"https:\/\/omerfarukkorkmaz.com.tr\/tr\/wp-content\/uploads\/2020\/12\/cropped-nkl-2.png","width":512,"height":512,"caption":"\u00d6mer Faruk Korkmaz"},"logo":{"@id":"https:\/\/omerfarukkorkmaz.com.tr\/tr\/#\/schema\/person\/image\/"},"url":"https:\/\/omerfarukkorkmaz.com.tr\/tr\/author\/ofkorkmaz\/"}]}},"_links":{"self":[{"href":"https:\/\/omerfarukkorkmaz.com.tr\/tr\/wp-json\/wp\/v2\/posts\/649","targetHints":{"allow":["GET"]}}],"collection":[{"href":"https:\/\/omerfarukkorkmaz.com.tr\/tr\/wp-json\/wp\/v2\/posts"}],"about":[{"href":"https:\/\/omerfarukkorkmaz.com.tr\/tr\/wp-json\/wp\/v2\/types\/post"}],"author":[{"embeddable":true,"href":"https:\/\/omerfarukkorkmaz.com.tr\/tr\/wp-json\/wp\/v2\/users\/3"}],"replies":[{"embeddable":true,"href":"https:\/\/omerfarukkorkmaz.com.tr\/tr\/wp-json\/wp\/v2\/comments?post=649"}],"version-history":[{"count":0,"href":"https:\/\/omerfarukkorkmaz.com.tr\/tr\/wp-json\/wp\/v2\/posts\/649\/revisions"}],"wp:featuredmedia":[{"embeddable":true,"href":"https:\/\/omerfarukkorkmaz.com.tr\/tr\/wp-json\/wp\/v2\/media\/651"}],"wp:attachment":[{"href":"https:\/\/omerfarukkorkmaz.com.tr\/tr\/wp-json\/wp\/v2\/media?parent=649"}],"wp:term":[{"taxonomy":"category","embeddable":true,"href":"https:\/\/omerfarukkorkmaz.com.tr\/tr\/wp-json\/wp\/v2\/categories?post=649"},{"taxonomy":"post_tag","embeddable":true,"href":"https:\/\/omerfarukkorkmaz.com.tr\/tr\/wp-json\/wp\/v2\/tags?post=649"}],"curies":[{"name":"wp","href":"https:\/\/api.w.org\/{rel}","templated":true}]}}