{"id":556,"date":"2020-06-07T14:44:06","date_gmt":"2020-06-07T14:44:06","guid":{"rendered":"http:\/\/www.omerfarukkorkmaz.com.tr\/?p=556"},"modified":"2020-06-07T14:44:06","modified_gmt":"2020-06-07T14:44:06","slug":"imam-muslim-intihalci-ifadesiyle-imam-buhariyi-mi-kastediyor","status":"publish","type":"post","link":"https:\/\/omerfarukkorkmaz.com.tr\/tr\/imam-muslim-intihalci-ifadesiyle-imam-buhariyi-mi-kastediyor\/","title":{"rendered":"\u0130mam M\u00fcslim &#8220;\u0130ntihalci&#8221; \u0130fadesiyle \u0130mam Buh\u00e2r\u00ee&#8217;yi mi Kastediyor?"},"content":{"rendered":"<blockquote><p><strong>Soru:\u00a0 <\/strong>Medresede M\u00fcslim okuyoruz. Mukaddime\u2019de ge\u00e7en \u201cB\u2019azu M\u00fcntahili\u2019l-Had\u00ees\/ Baz\u0131 hadis intihalcileri\u201d ifadesini anlayamad\u0131k. Bu ifade ile \u0130mam\u0131 M\u00fcslim sanki hocas\u0131 Buhar\u00ee\u2019yi ele\u015ftiriyor sanki. Hocam\u0131z \u0130mam Buhari\u2019yi ele\u015ftirmiyor deyip ge\u00e7ti. Biz de birka\u00e7 \u015ferhe bakt\u0131k ama ikna edici bir \u015feyler bulamad\u0131k. Bu konuyla ilgili yeterli malumat bulmak m\u00fcmk\u00fcn m\u00fc hocam?\u00a0\u00a0\u00a0 <strong>\u00a0\u00a0<\/strong><\/p><\/blockquote>\n<p><strong>Cevap:<\/strong>\u00a0 \u00d6ncelikle konuyu tavzihle ba\u015flayal\u0131m isterseniz. M\u00fcslim okurlar\u0131na yabanc\u0131 olmayan bir mevzu da Mukaddime\u2019de yer alan \u201cBa\u2019zu m\u00fcntahili\u2019l- hadis\u201d \u015feklindeki ifadedir.<a href=\"#_ftn1\" name=\"_ftnref1\">[1]<\/a> \u0130fade mana itibar\u0131yla \u201cbir k\u0131s\u0131m hadis h\u0131rs\u0131zlar\u0131\u201d anlam\u0131na gelmektedir. Mesele \u015fundan ibarettir. Teknik bir hadis mevzuu olarak \u201cmuan\u2019an\u201d olan rivayetlerde nakleden r\u00e2vinin \u2013m\u00fcdellis- olmamas\u0131 kayd\u0131yla nakletti\u011fi ki\u015fiyle ayn\u0131 as\u0131rda ya\u015famas\u0131 yeterli midir yoksa \u0130bn Med\u00een\u00ee ve Buh\u00e2r\u00ee\u2019lerin savundu\u011fu gibi bu durumda lika \u015fart\u0131 gerekli midir? Bu nokta bir anlamda \u0130mam M\u00fcslim\u2019i intihal ifadesini kullanmaya sevk eden ana etkendir. Bahsedilen durumda m\u00fccerret muasaray\u0131 yeterli bulan \u0130mam M\u00fcslim selefin bu konuda \u0130cma\u0131n\u0131n oldu\u011funu ve kar\u015f\u0131t g\u00f6r\u00fc\u015fte bulunanlar\u0131n davalar\u0131n\u0131 teyit amac\u0131na matuf tek bir rivayet getiremeyeceklerini ifade eder.<a href=\"#_ftn2\" name=\"_ftnref2\">[2]<\/a><\/p>\n<p>Peki, \u0130mam M\u00fcslim yukar\u0131daki tenkid\u00ee ifadeleriyle kimi hedef almaktad\u0131r. Do\u011frusu sizin de ifade etti\u011finiz gibi bununla ilgili kaynaklarda \u00e7ok da net bilgiler bulunmamaktad\u0131r. Her ne kadar baz\u0131lar\u0131 h\u00fcsn-\u00fc zan merkezli tespitlerle bu ifadelerle kastedilenin \u0130mam Buhari olmad\u0131\u011f\u0131n\u0131 s\u00f6yl\u00fcyorsa da bu kar\u015f\u0131 taraf\u0131 ikna etme a\u00e7\u0131s\u0131ndan pek de yeterli g\u00f6z\u00fckmemektedir. Ki siz de ikna olmam\u0131\u015fs\u0131n\u0131z. Konuya \u0130mam ez-Zeheb\u00ee\u2019nin <em>\u201cel- M\u00fbk\u0131za\u201d<\/em> s\u0131na yazd\u0131\u011f\u0131 notlarda yer veren Eb\u00fb Gudde bir tak\u0131m faydal\u0131 bilgilere yer verir ki zikredilmesinde fayda vard\u0131r:<\/p>\n<p>\u0130mam ez-Zeheb\u00ee <em>\u201cSiyeru A\u2019l\u00e2mi\u2019n-N\u00fcbel\u00e2\u201d<\/em> s\u0131nda M\u00fcslim\u2019i anlat\u0131rken onun Buhar\u00ee\u2019 yi ve \u015feyhi Ali b. el-Med\u00een\u00ee\u2019yi ele\u015ftirdi\u011fini ve bu y\u00fczden Sahih\u2019te onun muan\u2019an rivayette muasaray\u0131 yeterli g\u00f6rmeyip lika \u015fart\u0131n\u0131 aramas\u0131ndan dolay\u0131 tenkit etti\u011fini s\u00f6yler. Bu da bize Zeheb\u00ee\u2019nin M\u00fcslim\u2019in hedefindeki ki\u015finin Buhari ve \u0130bnu\u2019l-Med\u00een\u00ee oldu\u011fu kanaatini ta\u015f\u0131d\u0131\u011f\u0131n\u0131 g\u00f6stermektedir.<\/p>\n<p>Emir San\u2019\u00e2n\u00ee <em>\u201cTavd\u00eehu\u2019l-Efk\u00e2r\u201d <\/em>(I,44)<em> \u00a0<\/em>\u0131nda M\u00fcslim\u2019in Mukaddime\u2019sinde yer alan tenkitv\u00e2r\u00ee ifadelerin merciinde \u0130mam Buhari\u2019nin oldu\u011funu s\u00f6yler. San\u2019\u00e2n\u00ee\u2019ye g\u00f6re M\u00fcslim bunu her ne kadar sarahaten zikretmemekteyse de nazar erbab\u0131 bu ifadelerden murad\u0131n Buhari oldu\u011funda ittifak halindedirler. Hakeza M\u00fcslim\u2019in hedefindeki ki\u015finin Buhari oldu\u011funu \u201cHabibu\u2019r-Rahman el-A\u2019z\u00e2m\u00ee, \u015eebb\u00eer Ahmed el-Usm\u00e2n\u00ee ve Abdullah S\u0131dd\u00eek el-Gum\u00e2r\u00ee\u201d gibi hadis ehli \u015fahsiyetler de tasrih etmektedirler.\u00a0\u00a0 <em>\u00a0\u00a0<\/em><\/p>\n<p>Haf\u0131z \u0130bn Kesir <em>\u201c\u0130htisaru Ulumi\u2019l-Hadis<\/em>\u201d (s. 56) inde bu konuda iki g\u00f6r\u00fc\u015f\u00fcn oldu\u011funu ve birinci g\u00f6r\u00fc\u015fe g\u00f6re kastedilenin \u201cBuhari\u201d ikincisine g\u00f6re de \u201cAli b. El-Med\u00een\u00ee\u201d oldu\u011funu s\u00f6ylemektedir. Ancak \u0130bn Kesir\u2019e g\u00f6re en zahir olan g\u00f6r\u00fc\u015f M\u00fcslim\u2019in Ali b. el-Med\u00een\u00ee\u2019 yi kastetti\u011fidir. Zira \u0130bn Med\u00een\u00ee Muan\u2019an rivayetlerde likan\u0131n bulunmas\u0131n\u0131n s\u0131hhatin asl\u0131 i\u00e7in ararken Buhari ise bu \u015fart\u0131 sadece eseri i\u00e7in iltizam etmi\u015ftir.<\/p>\n<p>Haf\u0131z \u0130bn Hacer de bu konuda \u0130bn Kesir\u2019le ayn\u0131 kanaati payla\u015fmaktad\u0131r. Talebesi el-Bik\u00e2\u2019\u00ee <em>\u201cen-N\u00fcketu\u2019l-Vefiyye al\u00e2 \u015eerhi\u2019l-Elfiye\u201d<\/em> (Mahtut, v. 117) isimli eserinde hocas\u0131na bu konuyla ilgili soru soruldu\u011funu ve \u201c Ali b. el-Med\u00een\u00ee\u201d diye cevaplad\u0131\u011f\u0131n\u0131 belirtmektedir.<\/p>\n<p>Muhammed b. Kas\u0131m el-\u011eazz\u00ee de Irak\u00ee\u2019nin Elfiyesi \u00fczerine yazd\u0131\u011f\u0131 \u015ferhe yazd\u0131\u011f\u0131 ha\u015fiyede (Mahtut, v. 41) kastedilen zat\u0131n Ali b. el-Med\u00een\u00ee oldu\u011funu s\u00f6ylemektedir. \u015eu halde Ali b. el-Med\u00een\u00ee\u2019nin bu \u015fart\u0131 rivayetin asl\u0131n\u0131n s\u0131hhatine y\u00f6nelik olarak ortaya s\u00fcrd\u00fc\u011f\u00fcn\u00fc g\u00f6z \u00f6n\u00fcnde bulunduracak olursak Buhar\u00ee bu noktada m\u00fctevass\u0131t kalmaktad\u0131r. B\u00f6yle olunca da M\u00fcslim\u2019in tenkit oku Ali b. el-Med\u00een\u00ee\u2019ye y\u00f6nelmektedir.<\/p>\n<p>Bunu tarihsel veriler \u0131\u015f\u0131\u011f\u0131nda ispatlamak gerekirse \u015funlar s\u00f6ylenebilir: Bilindi\u011fi gibi M\u00fcslim H. 204 (Hatta daha racih g\u00f6r\u00fc\u015fe g\u00f6re 206) y\u0131l\u0131nda d\u00fcnyaya gelmi\u015ftir. Hadis dinlemeye ise 218 y\u0131l\u0131nda ba\u015flam\u0131\u015f 268 y\u0131l\u0131nda ise ebed\u00ee \u00e2leme intikal etmi\u015ftir. Kaynaklar\u0131n belirtti\u011fine g\u00f6re Sahih\u2019ini H.235 y\u0131l\u0131nda yazmaya ba\u015flam\u0131\u015f ve on be\u015f y\u0131l s\u00fcren bu \u00e7al\u0131\u015fma H.250 y\u0131l\u0131nda nihayete ermi\u015ftir. M\u00fcslim Sahih\u2019ine yazd\u0131\u011f\u0131 mezk\u00fbr ele\u015ftiriyi de ihtiva eden Mukaddimesini kitaptan \u00f6nce yazm\u0131\u015ft\u0131r. \u00c7\u00fcnk\u00fc Mukaddime de yer alan \u201cKitab\u0131n\u0131 tamamlayaca\u011f\u0131na dair \u00fcmit var oldu\u011fu\u201d \u015feklindeki ifadeleri bunu a\u00e7\u0131k bir \u015fekilde resmetmektedir.<\/p>\n<p>\u015eimdi i\u015fin \u015fu noktas\u0131na da bir g\u00f6z atal\u0131m. \u0130mam ez-Zeheb\u00ee \u201cSiyeru A\u2019l\u00e2mi\u2019n-N\u00fcbel\u00e2\u201d s\u0131nda (XII\/404) \u0130mam el-Buhari\u2019nin Nisabur\u2019a geli\u015f tarihlerini kaydederken bu tarihlerden ilkini el-Buhar\u00ee\u2019nin on be\u015f ya\u015f\u0131nda oldu\u011fu zaman ikincini de H. 250 y\u0131l\u0131 olarak tespit eder. Hatip el-Ba\u011fd\u00e2d\u00ee\u2019nin <em>\u201cTarihu Ba\u011fd\u00e2d\u201d (XIII\/102)<\/em> \u0131nda ifade etti\u011fine g\u00f6re de \u0130mam M\u00fcslim Buhari\u2019ye iltizam etmesi ve ona ihtilaf etmesini de Tarih\u00ee a\u00e7\u0131dan Buhari\u2019nin Nisabur\u2019a son geli\u015f tarihi olan H. 250 tarihlerine tekab\u00fcl etmektedir. M\u00fcslim\u2019in Buhar\u00ee\u2019ye talebelik yapt\u0131\u011f\u0131 y\u0131llar\u0131n adedini de be\u015f olarak itibara ald\u0131\u011f\u0131m\u0131zda ortaya \u015fu foto\u011fraf \u00e7\u0131kar: M\u00fcslim Buhar\u00ee\u2019ye talebelik yapmaya ba\u015flad\u0131\u011f\u0131 y\u0131lda zaten Sahih\u2019ini telif etmi\u015f bulunmaktad\u0131r. Bu da bize Sahih\u2019te yap\u0131lan tenkidin hedefinde Buhari\u2019nin olmad\u0131\u011f\u0131n\u0131 g\u00f6stermektedir.<\/p>\n<p>Ayr\u0131ca hocas\u0131 Buhar\u00ee\u2019yi \u201cKur\u2019an\u2019\u0131n Mahl\u00fbk oldu\u011funu savunuyor olmas\u0131\u201d iddias\u0131yla Nisabur\u2019a geli\u015finde aleyhinde propagandalar yaparak ele\u015ftiren Z\u00fchl\u00ee\u2019nin hadislerine Sahih\u2019inde yer vermeyen ve Buhari\u2019ye \u201cSana haset\u00e7iden gayr\u0131s\u0131 bu\u011fzetmez. \u015eehadet ederim ki D\u00fcnya\u2019da mislin yoktur\u201d diyen M\u00fcslim\u2019in ayn\u0131 Buhari\u2019yi bu denli sert ele\u015ftirilere hedef yapmas\u0131 akl\u00ee a\u00e7\u0131dan da uzak g\u00f6r\u00fclmektedir.<a href=\"#_ftn3\" name=\"_ftnref3\">[3]<\/a><\/p>\n<hr \/>\n<p><span style=\"font-size: 10pt;\"><a href=\"#_ftnref1\" name=\"_ftn1\">[1]<\/a> M\u00fcslim, <em>Sahih<\/em>, Mukaddime, s. 19 Daru\u2019l\u00ad- Feyha ,D\u0131me\u015fk, Daru\u2019s-Selam, Riyat, 2000 B.I<\/span><\/p>\n<p><span style=\"font-size: 10pt;\"><a href=\"#_ftnref2\" name=\"_ftn2\">[2]<\/a> M\u00fcslim, a.g.e. , s. 20<\/span><\/p>\n<p><span style=\"font-size: 10pt;\"><a href=\"#_ftnref3\" name=\"_ftn3\">[3]<\/a> Abd\u00fclfettah Ebu Gudde, <em>el-M\u00fbkiza Tetimmesi<\/em>, s. 134-140, Mektebu\u2019l-Matbuati\u2019l-\u0130slamiyye, 1425, B. VIII<\/span><\/p>\n","protected":false},"excerpt":{"rendered":"<p>Soru:\u00a0 Medresede M\u00fcslim okuyoruz. Mukaddime\u2019de ge\u00e7en \u201cB\u2019azu M\u00fcntahili\u2019l-Had\u00ees\/ Baz\u0131 hadis intihalcileri\u201d ifadesini anlayamad\u0131k. Bu ifade ile \u0130mam\u0131 M\u00fcslim sanki hocas\u0131 Buhar\u00ee\u2019yi ele\u015ftiriyor sanki. Hocam\u0131z \u0130mam Buhari\u2019yi ele\u015ftirmiyor deyip ge\u00e7ti. Biz de birka\u00e7 \u015ferhe bakt\u0131k ama ikna edici bir \u015feyler bulamad\u0131k. Bu konuyla ilgili yeterli malumat bulmak m\u00fcmk\u00fcn m\u00fc hocam?\u00a0\u00a0\u00a0 \u00a0\u00a0 Cevap:\u00a0 \u00d6ncelikle konuyu tavzihle ba\u015flayal\u0131m [&hellip;]<\/p>\n","protected":false},"author":3,"featured_media":558,"comment_status":"open","ping_status":"open","sticky":false,"template":"","format":"standard","meta":{"content-type":"","_monsterinsights_skip_tracking":false,"_monsterinsights_sitenote_active":false,"_monsterinsights_sitenote_note":"","_monsterinsights_sitenote_category":0,"footnotes":""},"categories":[20,8],"tags":[114,310,321,488],"class_list":{"0":"post-556","1":"post","2":"type-post","3":"status-publish","4":"format-standard","5":"has-post-thumbnail","7":"category-kuran-hadis","8":"category-sual-cevap","9":"tag-buhari","10":"tag-imam","11":"tag-intihal","12":"tag-muslim"},"yoast_head":"<!-- This site is optimized with the Yoast SEO plugin v23.2 - https:\/\/yoast.com\/wordpress\/plugins\/seo\/ -->\n<title>\u0130mam M\u00fcslim &quot;\u0130ntihalci&quot; \u0130fadesiyle \u0130mam Buh\u00e2r\u00ee&#039;yi mi Kastediyor? - \u00d6mer Faruk Korkmaz Hocaefendi<\/title>\n<meta name=\"robots\" content=\"index, follow, max-snippet:-1, max-image-preview:large, max-video-preview:-1\" \/>\n<link rel=\"canonical\" href=\"https:\/\/omerfarukkorkmaz.com.tr\/tr\/imam-muslim-intihalci-ifadesiyle-imam-buhariyi-mi-kastediyor\/\" \/>\n<meta property=\"og:locale\" content=\"tr_TR\" \/>\n<meta property=\"og:type\" content=\"article\" \/>\n<meta property=\"og:title\" content=\"\u0130mam M\u00fcslim &quot;\u0130ntihalci&quot; \u0130fadesiyle \u0130mam Buh\u00e2r\u00ee&#039;yi mi Kastediyor? - \u00d6mer Faruk Korkmaz Hocaefendi\" \/>\n<meta property=\"og:description\" content=\"Soru:\u00a0 Medresede M\u00fcslim okuyoruz. Mukaddime\u2019de ge\u00e7en \u201cB\u2019azu M\u00fcntahili\u2019l-Had\u00ees\/ Baz\u0131 hadis intihalcileri\u201d ifadesini anlayamad\u0131k. Bu ifade ile \u0130mam\u0131 M\u00fcslim sanki hocas\u0131 Buhar\u00ee\u2019yi ele\u015ftiriyor sanki. Hocam\u0131z \u0130mam Buhari\u2019yi ele\u015ftirmiyor deyip ge\u00e7ti. Biz de birka\u00e7 \u015ferhe bakt\u0131k ama ikna edici bir \u015feyler bulamad\u0131k. Bu konuyla ilgili yeterli malumat bulmak m\u00fcmk\u00fcn m\u00fc hocam?\u00a0\u00a0\u00a0 \u00a0\u00a0 Cevap:\u00a0 \u00d6ncelikle konuyu tavzihle ba\u015flayal\u0131m [&hellip;]\" \/>\n<meta property=\"og:url\" content=\"https:\/\/omerfarukkorkmaz.com.tr\/tr\/imam-muslim-intihalci-ifadesiyle-imam-buhariyi-mi-kastediyor\/\" \/>\n<meta property=\"og:site_name\" content=\"\u00d6mer Faruk Korkmaz Hocaefendi\" \/>\n<meta property=\"article:published_time\" content=\"2020-06-07T14:44:06+00:00\" \/>\n<meta property=\"og:image\" content=\"https:\/\/omerfarukkorkmaz.com.tr\/tr\/wp-content\/uploads\/2020\/06\/islamic-art-e1591541025832.jpg\" \/>\n\t<meta property=\"og:image:width\" content=\"1896\" \/>\n\t<meta property=\"og:image:height\" content=\"931\" \/>\n\t<meta property=\"og:image:type\" content=\"image\/jpeg\" \/>\n<meta name=\"author\" content=\"\u00d6mer Faruk Korkmaz\" \/>\n<meta name=\"twitter:card\" content=\"summary_large_image\" \/>\n<meta name=\"twitter:label1\" content=\"Yazan:\" \/>\n\t<meta name=\"twitter:data1\" content=\"\u00d6mer Faruk Korkmaz\" \/>\n\t<meta name=\"twitter:label2\" content=\"Tahmini okuma s\u00fcresi\" \/>\n\t<meta name=\"twitter:data2\" content=\"5 dakika\" \/>\n<script type=\"application\/ld+json\" class=\"yoast-schema-graph\">{\"@context\":\"https:\/\/schema.org\",\"@graph\":[{\"@type\":\"Article\",\"@id\":\"https:\/\/omerfarukkorkmaz.com.tr\/tr\/imam-muslim-intihalci-ifadesiyle-imam-buhariyi-mi-kastediyor\/#article\",\"isPartOf\":{\"@id\":\"https:\/\/omerfarukkorkmaz.com.tr\/tr\/imam-muslim-intihalci-ifadesiyle-imam-buhariyi-mi-kastediyor\/\"},\"author\":{\"name\":\"\u00d6mer Faruk Korkmaz\",\"@id\":\"https:\/\/omerfarukkorkmaz.com.tr\/tr\/#\/schema\/person\/7efd65277de8b9dc0520ec210e387854\"},\"headline\":\"\u0130mam M\u00fcslim &#8220;\u0130ntihalci&#8221; \u0130fadesiyle \u0130mam Buh\u00e2r\u00ee&#8217;yi mi Kastediyor?\",\"datePublished\":\"2020-06-07T14:44:06+00:00\",\"dateModified\":\"2020-06-07T14:44:06+00:00\",\"mainEntityOfPage\":{\"@id\":\"https:\/\/omerfarukkorkmaz.com.tr\/tr\/imam-muslim-intihalci-ifadesiyle-imam-buhariyi-mi-kastediyor\/\"},\"wordCount\":1081,\"commentCount\":0,\"publisher\":{\"@id\":\"https:\/\/omerfarukkorkmaz.com.tr\/tr\/#\/schema\/person\/7efd65277de8b9dc0520ec210e387854\"},\"image\":{\"@id\":\"https:\/\/omerfarukkorkmaz.com.tr\/tr\/imam-muslim-intihalci-ifadesiyle-imam-buhariyi-mi-kastediyor\/#primaryimage\"},\"thumbnailUrl\":\"https:\/\/omerfarukkorkmaz.com.tr\/tr\/wp-content\/uploads\/2020\/06\/islamic-art-e1591541025832.jpg\",\"keywords\":[\"Buhari\",\"\u0130mam\",\"\u0130ntihal\",\"M\u00fcslim\"],\"articleSection\":[\"Kur'an-Hadis\",\"Sual Cevap\"],\"inLanguage\":\"tr\",\"potentialAction\":[{\"@type\":\"CommentAction\",\"name\":\"Comment\",\"target\":[\"https:\/\/omerfarukkorkmaz.com.tr\/tr\/imam-muslim-intihalci-ifadesiyle-imam-buhariyi-mi-kastediyor\/#respond\"]}]},{\"@type\":\"WebPage\",\"@id\":\"https:\/\/omerfarukkorkmaz.com.tr\/tr\/imam-muslim-intihalci-ifadesiyle-imam-buhariyi-mi-kastediyor\/\",\"url\":\"https:\/\/omerfarukkorkmaz.com.tr\/tr\/imam-muslim-intihalci-ifadesiyle-imam-buhariyi-mi-kastediyor\/\",\"name\":\"\u0130mam M\u00fcslim \\\"\u0130ntihalci\\\" \u0130fadesiyle \u0130mam Buh\u00e2r\u00ee'yi mi Kastediyor? - \u00d6mer Faruk Korkmaz Hocaefendi\",\"isPartOf\":{\"@id\":\"https:\/\/omerfarukkorkmaz.com.tr\/tr\/#website\"},\"primaryImageOfPage\":{\"@id\":\"https:\/\/omerfarukkorkmaz.com.tr\/tr\/imam-muslim-intihalci-ifadesiyle-imam-buhariyi-mi-kastediyor\/#primaryimage\"},\"image\":{\"@id\":\"https:\/\/omerfarukkorkmaz.com.tr\/tr\/imam-muslim-intihalci-ifadesiyle-imam-buhariyi-mi-kastediyor\/#primaryimage\"},\"thumbnailUrl\":\"https:\/\/omerfarukkorkmaz.com.tr\/tr\/wp-content\/uploads\/2020\/06\/islamic-art-e1591541025832.jpg\",\"datePublished\":\"2020-06-07T14:44:06+00:00\",\"dateModified\":\"2020-06-07T14:44:06+00:00\",\"breadcrumb\":{\"@id\":\"https:\/\/omerfarukkorkmaz.com.tr\/tr\/imam-muslim-intihalci-ifadesiyle-imam-buhariyi-mi-kastediyor\/#breadcrumb\"},\"inLanguage\":\"tr\",\"potentialAction\":[{\"@type\":\"ReadAction\",\"target\":[\"https:\/\/omerfarukkorkmaz.com.tr\/tr\/imam-muslim-intihalci-ifadesiyle-imam-buhariyi-mi-kastediyor\/\"]}]},{\"@type\":\"ImageObject\",\"inLanguage\":\"tr\",\"@id\":\"https:\/\/omerfarukkorkmaz.com.tr\/tr\/imam-muslim-intihalci-ifadesiyle-imam-buhariyi-mi-kastediyor\/#primaryimage\",\"url\":\"https:\/\/omerfarukkorkmaz.com.tr\/tr\/wp-content\/uploads\/2020\/06\/islamic-art-e1591541025832.jpg\",\"contentUrl\":\"https:\/\/omerfarukkorkmaz.com.tr\/tr\/wp-content\/uploads\/2020\/06\/islamic-art-e1591541025832.jpg\",\"width\":1896,\"height\":931},{\"@type\":\"BreadcrumbList\",\"@id\":\"https:\/\/omerfarukkorkmaz.com.tr\/tr\/imam-muslim-intihalci-ifadesiyle-imam-buhariyi-mi-kastediyor\/#breadcrumb\",\"itemListElement\":[{\"@type\":\"ListItem\",\"position\":1,\"name\":\"Anasayfa\",\"item\":\"https:\/\/omerfarukkorkmaz.com.tr\/tr\/\"},{\"@type\":\"ListItem\",\"position\":2,\"name\":\"\u0130mam M\u00fcslim &#8220;\u0130ntihalci&#8221; \u0130fadesiyle \u0130mam Buh\u00e2r\u00ee&#8217;yi mi Kastediyor?\"}]},{\"@type\":\"WebSite\",\"@id\":\"https:\/\/omerfarukkorkmaz.com.tr\/tr\/#website\",\"url\":\"https:\/\/omerfarukkorkmaz.com.tr\/tr\/\",\"name\":\"\u00d6mer Faruk Korkmaz Hocaefendi\",\"description\":\"Resmi Web Sayfas\u0131\",\"publisher\":{\"@id\":\"https:\/\/omerfarukkorkmaz.com.tr\/tr\/#\/schema\/person\/7efd65277de8b9dc0520ec210e387854\"},\"potentialAction\":[{\"@type\":\"SearchAction\",\"target\":{\"@type\":\"EntryPoint\",\"urlTemplate\":\"https:\/\/omerfarukkorkmaz.com.tr\/tr\/?s={search_term_string}\"},\"query-input\":\"required name=search_term_string\"}],\"inLanguage\":\"tr\"},{\"@type\":[\"Person\",\"Organization\"],\"@id\":\"https:\/\/omerfarukkorkmaz.com.tr\/tr\/#\/schema\/person\/7efd65277de8b9dc0520ec210e387854\",\"name\":\"\u00d6mer Faruk Korkmaz\",\"image\":{\"@type\":\"ImageObject\",\"inLanguage\":\"tr\",\"@id\":\"https:\/\/omerfarukkorkmaz.com.tr\/tr\/#\/schema\/person\/image\/\",\"url\":\"https:\/\/omerfarukkorkmaz.com.tr\/tr\/wp-content\/uploads\/2020\/12\/cropped-nkl-2.png\",\"contentUrl\":\"https:\/\/omerfarukkorkmaz.com.tr\/tr\/wp-content\/uploads\/2020\/12\/cropped-nkl-2.png\",\"width\":512,\"height\":512,\"caption\":\"\u00d6mer Faruk Korkmaz\"},\"logo\":{\"@id\":\"https:\/\/omerfarukkorkmaz.com.tr\/tr\/#\/schema\/person\/image\/\"},\"url\":\"https:\/\/omerfarukkorkmaz.com.tr\/tr\/author\/ofkorkmaz\/\"}]}<\/script>\n<!-- \/ Yoast SEO plugin. -->","yoast_head_json":{"title":"\u0130mam M\u00fcslim \"\u0130ntihalci\" \u0130fadesiyle \u0130mam Buh\u00e2r\u00ee'yi mi Kastediyor? - \u00d6mer Faruk Korkmaz Hocaefendi","robots":{"index":"index","follow":"follow","max-snippet":"max-snippet:-1","max-image-preview":"max-image-preview:large","max-video-preview":"max-video-preview:-1"},"canonical":"https:\/\/omerfarukkorkmaz.com.tr\/tr\/imam-muslim-intihalci-ifadesiyle-imam-buhariyi-mi-kastediyor\/","og_locale":"tr_TR","og_type":"article","og_title":"\u0130mam M\u00fcslim \"\u0130ntihalci\" \u0130fadesiyle \u0130mam Buh\u00e2r\u00ee'yi mi Kastediyor? - \u00d6mer Faruk Korkmaz Hocaefendi","og_description":"Soru:\u00a0 Medresede M\u00fcslim okuyoruz. Mukaddime\u2019de ge\u00e7en \u201cB\u2019azu M\u00fcntahili\u2019l-Had\u00ees\/ Baz\u0131 hadis intihalcileri\u201d ifadesini anlayamad\u0131k. Bu ifade ile \u0130mam\u0131 M\u00fcslim sanki hocas\u0131 Buhar\u00ee\u2019yi ele\u015ftiriyor sanki. Hocam\u0131z \u0130mam Buhari\u2019yi ele\u015ftirmiyor deyip ge\u00e7ti. Biz de birka\u00e7 \u015ferhe bakt\u0131k ama ikna edici bir \u015feyler bulamad\u0131k. Bu konuyla ilgili yeterli malumat bulmak m\u00fcmk\u00fcn m\u00fc hocam?\u00a0\u00a0\u00a0 \u00a0\u00a0 Cevap:\u00a0 \u00d6ncelikle konuyu tavzihle ba\u015flayal\u0131m [&hellip;]","og_url":"https:\/\/omerfarukkorkmaz.com.tr\/tr\/imam-muslim-intihalci-ifadesiyle-imam-buhariyi-mi-kastediyor\/","og_site_name":"\u00d6mer Faruk Korkmaz Hocaefendi","article_published_time":"2020-06-07T14:44:06+00:00","og_image":[{"width":1896,"height":931,"url":"https:\/\/omerfarukkorkmaz.com.tr\/tr\/wp-content\/uploads\/2020\/06\/islamic-art-e1591541025832.jpg","type":"image\/jpeg"}],"author":"\u00d6mer Faruk Korkmaz","twitter_card":"summary_large_image","twitter_misc":{"Yazan:":"\u00d6mer Faruk Korkmaz","Tahmini okuma s\u00fcresi":"5 dakika"},"schema":{"@context":"https:\/\/schema.org","@graph":[{"@type":"Article","@id":"https:\/\/omerfarukkorkmaz.com.tr\/tr\/imam-muslim-intihalci-ifadesiyle-imam-buhariyi-mi-kastediyor\/#article","isPartOf":{"@id":"https:\/\/omerfarukkorkmaz.com.tr\/tr\/imam-muslim-intihalci-ifadesiyle-imam-buhariyi-mi-kastediyor\/"},"author":{"name":"\u00d6mer Faruk Korkmaz","@id":"https:\/\/omerfarukkorkmaz.com.tr\/tr\/#\/schema\/person\/7efd65277de8b9dc0520ec210e387854"},"headline":"\u0130mam M\u00fcslim &#8220;\u0130ntihalci&#8221; \u0130fadesiyle \u0130mam Buh\u00e2r\u00ee&#8217;yi mi Kastediyor?","datePublished":"2020-06-07T14:44:06+00:00","dateModified":"2020-06-07T14:44:06+00:00","mainEntityOfPage":{"@id":"https:\/\/omerfarukkorkmaz.com.tr\/tr\/imam-muslim-intihalci-ifadesiyle-imam-buhariyi-mi-kastediyor\/"},"wordCount":1081,"commentCount":0,"publisher":{"@id":"https:\/\/omerfarukkorkmaz.com.tr\/tr\/#\/schema\/person\/7efd65277de8b9dc0520ec210e387854"},"image":{"@id":"https:\/\/omerfarukkorkmaz.com.tr\/tr\/imam-muslim-intihalci-ifadesiyle-imam-buhariyi-mi-kastediyor\/#primaryimage"},"thumbnailUrl":"https:\/\/omerfarukkorkmaz.com.tr\/tr\/wp-content\/uploads\/2020\/06\/islamic-art-e1591541025832.jpg","keywords":["Buhari","\u0130mam","\u0130ntihal","M\u00fcslim"],"articleSection":["Kur'an-Hadis","Sual Cevap"],"inLanguage":"tr","potentialAction":[{"@type":"CommentAction","name":"Comment","target":["https:\/\/omerfarukkorkmaz.com.tr\/tr\/imam-muslim-intihalci-ifadesiyle-imam-buhariyi-mi-kastediyor\/#respond"]}]},{"@type":"WebPage","@id":"https:\/\/omerfarukkorkmaz.com.tr\/tr\/imam-muslim-intihalci-ifadesiyle-imam-buhariyi-mi-kastediyor\/","url":"https:\/\/omerfarukkorkmaz.com.tr\/tr\/imam-muslim-intihalci-ifadesiyle-imam-buhariyi-mi-kastediyor\/","name":"\u0130mam M\u00fcslim \"\u0130ntihalci\" \u0130fadesiyle \u0130mam Buh\u00e2r\u00ee'yi mi Kastediyor? - \u00d6mer Faruk Korkmaz Hocaefendi","isPartOf":{"@id":"https:\/\/omerfarukkorkmaz.com.tr\/tr\/#website"},"primaryImageOfPage":{"@id":"https:\/\/omerfarukkorkmaz.com.tr\/tr\/imam-muslim-intihalci-ifadesiyle-imam-buhariyi-mi-kastediyor\/#primaryimage"},"image":{"@id":"https:\/\/omerfarukkorkmaz.com.tr\/tr\/imam-muslim-intihalci-ifadesiyle-imam-buhariyi-mi-kastediyor\/#primaryimage"},"thumbnailUrl":"https:\/\/omerfarukkorkmaz.com.tr\/tr\/wp-content\/uploads\/2020\/06\/islamic-art-e1591541025832.jpg","datePublished":"2020-06-07T14:44:06+00:00","dateModified":"2020-06-07T14:44:06+00:00","breadcrumb":{"@id":"https:\/\/omerfarukkorkmaz.com.tr\/tr\/imam-muslim-intihalci-ifadesiyle-imam-buhariyi-mi-kastediyor\/#breadcrumb"},"inLanguage":"tr","potentialAction":[{"@type":"ReadAction","target":["https:\/\/omerfarukkorkmaz.com.tr\/tr\/imam-muslim-intihalci-ifadesiyle-imam-buhariyi-mi-kastediyor\/"]}]},{"@type":"ImageObject","inLanguage":"tr","@id":"https:\/\/omerfarukkorkmaz.com.tr\/tr\/imam-muslim-intihalci-ifadesiyle-imam-buhariyi-mi-kastediyor\/#primaryimage","url":"https:\/\/omerfarukkorkmaz.com.tr\/tr\/wp-content\/uploads\/2020\/06\/islamic-art-e1591541025832.jpg","contentUrl":"https:\/\/omerfarukkorkmaz.com.tr\/tr\/wp-content\/uploads\/2020\/06\/islamic-art-e1591541025832.jpg","width":1896,"height":931},{"@type":"BreadcrumbList","@id":"https:\/\/omerfarukkorkmaz.com.tr\/tr\/imam-muslim-intihalci-ifadesiyle-imam-buhariyi-mi-kastediyor\/#breadcrumb","itemListElement":[{"@type":"ListItem","position":1,"name":"Anasayfa","item":"https:\/\/omerfarukkorkmaz.com.tr\/tr\/"},{"@type":"ListItem","position":2,"name":"\u0130mam M\u00fcslim &#8220;\u0130ntihalci&#8221; \u0130fadesiyle \u0130mam Buh\u00e2r\u00ee&#8217;yi mi Kastediyor?"}]},{"@type":"WebSite","@id":"https:\/\/omerfarukkorkmaz.com.tr\/tr\/#website","url":"https:\/\/omerfarukkorkmaz.com.tr\/tr\/","name":"\u00d6mer Faruk Korkmaz Hocaefendi","description":"Resmi Web Sayfas\u0131","publisher":{"@id":"https:\/\/omerfarukkorkmaz.com.tr\/tr\/#\/schema\/person\/7efd65277de8b9dc0520ec210e387854"},"potentialAction":[{"@type":"SearchAction","target":{"@type":"EntryPoint","urlTemplate":"https:\/\/omerfarukkorkmaz.com.tr\/tr\/?s={search_term_string}"},"query-input":"required name=search_term_string"}],"inLanguage":"tr"},{"@type":["Person","Organization"],"@id":"https:\/\/omerfarukkorkmaz.com.tr\/tr\/#\/schema\/person\/7efd65277de8b9dc0520ec210e387854","name":"\u00d6mer Faruk Korkmaz","image":{"@type":"ImageObject","inLanguage":"tr","@id":"https:\/\/omerfarukkorkmaz.com.tr\/tr\/#\/schema\/person\/image\/","url":"https:\/\/omerfarukkorkmaz.com.tr\/tr\/wp-content\/uploads\/2020\/12\/cropped-nkl-2.png","contentUrl":"https:\/\/omerfarukkorkmaz.com.tr\/tr\/wp-content\/uploads\/2020\/12\/cropped-nkl-2.png","width":512,"height":512,"caption":"\u00d6mer Faruk Korkmaz"},"logo":{"@id":"https:\/\/omerfarukkorkmaz.com.tr\/tr\/#\/schema\/person\/image\/"},"url":"https:\/\/omerfarukkorkmaz.com.tr\/tr\/author\/ofkorkmaz\/"}]}},"_links":{"self":[{"href":"https:\/\/omerfarukkorkmaz.com.tr\/tr\/wp-json\/wp\/v2\/posts\/556","targetHints":{"allow":["GET"]}}],"collection":[{"href":"https:\/\/omerfarukkorkmaz.com.tr\/tr\/wp-json\/wp\/v2\/posts"}],"about":[{"href":"https:\/\/omerfarukkorkmaz.com.tr\/tr\/wp-json\/wp\/v2\/types\/post"}],"author":[{"embeddable":true,"href":"https:\/\/omerfarukkorkmaz.com.tr\/tr\/wp-json\/wp\/v2\/users\/3"}],"replies":[{"embeddable":true,"href":"https:\/\/omerfarukkorkmaz.com.tr\/tr\/wp-json\/wp\/v2\/comments?post=556"}],"version-history":[{"count":0,"href":"https:\/\/omerfarukkorkmaz.com.tr\/tr\/wp-json\/wp\/v2\/posts\/556\/revisions"}],"wp:featuredmedia":[{"embeddable":true,"href":"https:\/\/omerfarukkorkmaz.com.tr\/tr\/wp-json\/wp\/v2\/media\/558"}],"wp:attachment":[{"href":"https:\/\/omerfarukkorkmaz.com.tr\/tr\/wp-json\/wp\/v2\/media?parent=556"}],"wp:term":[{"taxonomy":"category","embeddable":true,"href":"https:\/\/omerfarukkorkmaz.com.tr\/tr\/wp-json\/wp\/v2\/categories?post=556"},{"taxonomy":"post_tag","embeddable":true,"href":"https:\/\/omerfarukkorkmaz.com.tr\/tr\/wp-json\/wp\/v2\/tags?post=556"}],"curies":[{"name":"wp","href":"https:\/\/api.w.org\/{rel}","templated":true}]}}