{"id":49,"date":"2019-12-26T08:12:35","date_gmt":"2019-12-26T08:12:35","guid":{"rendered":"http:\/\/www.omerfarukkorkmaz.com.tr\/?p=49"},"modified":"2019-12-26T08:12:35","modified_gmt":"2019-12-26T08:12:35","slug":"bayram-gununun-sabit-olmasi","status":"publish","type":"post","link":"https:\/\/omerfarukkorkmaz.com.tr\/tr\/bayram-gununun-sabit-olmasi\/","title":{"rendered":"Bayram G\u00fcn\u00fcn\u00fcn Sabit Olmas\u0131"},"content":{"rendered":"<blockquote>\n<p style=\"text-align: justify;\"><strong style=\"font-size: 0.875rem; font-style: italic;\">Soru:\u00a0 Malum oldu\u011fu \u00fczere Suud\u2019 da bayram Cuma g\u00fcn\u00fc yap\u0131l\u0131yor. Bizler ise bayram\u0131 Per\u015fembe g\u00fcn\u00fc yapaca\u011f\u0131z. Bu ihtilaf\u0131n sebebi nedir ve bu husustaki tutumumuz ne olmal\u0131d\u0131r<\/strong><span style=\"font-size: 0.875rem; font-style: italic;\">?<\/span><\/p>\n<\/blockquote>\n<p style=\"text-align: justify;\"><strong>Cevap: \u00a0<\/strong>Bayram bu sene \u2013soruda ifade edildi\u011fi \u015fekilde- sadece Suud\u2019da de\u011fil, 22 \u0130sl\u00e2m \u00fclkesinde Cuma g\u00fcn\u00fc yap\u0131lacakt\u0131r. T\u00fcrkiye\u2019nin bayram hususunda itibara ald\u0131\u011f\u0131 Kandilli Rasathanesinin tesbiti olan Hilalin 16 Ekim Sal\u0131 g\u00fcn\u00fc G\u00fcney Amerika\u2019da g\u00f6r\u00fcld\u00fc\u011f\u00fc tesbitidir. Buna g\u00f6re Bayram 25 Ekim Per\u015fembe g\u00fcn\u00fcne denk gelmektedir. Di\u011fer 22 \u00fclkenin itibara ald\u0131\u011f\u0131 ise Zilhicce hilalinin 17 Ekim \u00c7ar\u015famba g\u00fcn\u00fc g\u00f6r\u00fcld\u00fc\u011f\u00fcd\u00fcr. Buna g\u00f6re de Bayram 26 Ekim Cuma g\u00fcn\u00fcne tekab\u00fcl etmektedir. Bu ikisinden ayr\u0131 olarak Pakistan da hilalin 18 Ekim Per\u015fembe g\u00fcn\u00fc g\u00f6r\u00fcld\u00fc\u011f\u00fc \u015feklindeki gerek\u00e7eyle 27 Ekim Cumartesi g\u00fcn\u00fcn\u00fc Kurban Bayram\u0131 olarak ilan etmi\u015ftir.<\/p>\n<p style=\"text-align: justify;\">Bu ihtilaf kar\u015f\u0131s\u0131nda M\u00fcsl\u00fcmanlar\u0131n yapmas\u0131 gereken \u015fey evvela birbirini \u00e7eki\u015ftirip tenkid etmekten uzak durmalar\u0131d\u0131r. Zira g\u00f6r\u00fcld\u00fc\u011f\u00fc \u00fczere b\u00fct\u00fcn hiziplerin kendisini destekleyen delilleri mevcuttur. Ancak bu hususta birka\u00e7 noktaya dikkat \u00e7ekmenin faydal\u0131 olaca\u011f\u0131 kanaatindeyiz:<\/p>\n<ol style=\"text-align: justify;\">\n<li><strong>\u0627\u064a\u0627\u0645 \u0627\u0644\u0646\u062d\u0631 \u062b\u0644\u0627\u062b \u0627\u0641\u0636\u0644\u0647\u0627 \u0627\u0648\u0644\u0647\u0627<\/strong> \u201cKurban bayram g\u00fcnleri \u00fc\u00e7 g\u00fcnd\u00fcr. Ve en faziletli olan\u0131 ilk g\u00fcn\u00fcd\u00fcr\u201d \u015feklinde mevk\u00fbf bir hadis-i \u015feriftir.<a href=\"#_ftn1\" name=\"_ftnref1\">[1]<\/a> Buna g\u00f6re bayram\u0131n ilk g\u00fcn\u00fcnde kurban kesmek evleviyetle ilgili bir durumdur. Ancak i\u00e7inde bulundu\u011fumuz zamanda bu denli kav\u00ee bir \u015f\u00fcphe kar\u015f\u0131s\u0131nda ihtiyat olarak yap\u0131lacak \u015fey kurban\u0131 Cuma g\u00fcn\u00fc kesmek olsa gerektir. Zira bu \u015f\u00fcphe kar\u015f\u0131s\u0131nda evleviyeti terk etmemiz zorunlu gibi g\u00f6z\u00fckmektedir.<\/li>\n<li>Efendimiz Aleyhissalat\u00fc vessel\u00e2m sahih bir rivayette \u201c<strong>\u00ab<\/strong><strong>\u0627\u0644\u0641\u0637\u0631<\/strong> <strong>\u064a\u0648\u0645<\/strong> <strong>\u064a\u064f\u0641\u0652\u0637\u0650\u0631\u064f<\/strong> <strong>\u0627\u0644\u0646\u0627\u0633\u060c<\/strong> <strong>\u0648\u0627\u0644\u0623\u0636\u062d\u0649<\/strong> <strong>\u064a\u0648\u0645<\/strong> <strong>\u064a\u0636\u062d\u0651\u0650\u064a<\/strong> <strong>\u0627\u0644\u0646\u0627\u0633\u064f<\/strong><strong>\u00bb<\/strong><strong>\u00a0 <\/strong>\u201cRamazan bayram\u0131 insanlar\u0131n oru\u00e7 tutmad\u0131klar\u0131 g\u00fcnd\u00fcr. Kurban Bayram\u0131 insanlar\u0131n kurban kestikleri g\u00fcnd\u00fcr\u201d buyurmaktad\u0131r.<a href=\"#_ftn2\" name=\"_ftnref2\">[2]<\/a> Bu hadisten yapabilece\u011fimiz istidl\u00e2l Bayram\u2019\u0131n tesbiti hususunda insanlara muvafakat edilmesi gerekti\u011fidir.<a href=\"#_ftn3\" name=\"_ftnref3\">[3]<\/a> Yani bu mevzuda itibara al\u0131nmas\u0131 gereken \u201c\u00fcmmete muvafakat\u201d t\u0131r.<\/li>\n<li>\u0130mam M\u00fcslim\u2019in ve di\u011ferlerinin rivayet etti\u011fi \u015fu hadise de hilalin g\u00f6r\u00fclmesi hususunda neye itibar edilip edilmeyece\u011fine \u0131\u015f\u0131k tutmaktad\u0131r. K\u00fcreyb diye bir zat\u0131, \u00dcmm\u00fc\u2019l-Fazl isimli zat \u015eam\u2019a Muaviye (Rad\u0131yallahu Anh)\u2019ye g\u00f6nderir. K\u00fcreyb de \u015eam\u2019a gelip bu kad\u0131n\u0131n i\u015fini g\u00f6rd\u00fckten sonra Hen\u00fcz \u015eam\u2019dan ayr\u0131lmam\u0131\u015fken Ramazan hilali kendisine g\u00f6z\u00fck\u00fcr. Ay\u0131n sonunda Medine\u2019ye gelip meseleyi \u0130bn Abbas (Rad\u0131yallahu Anh)\u2019a anlat\u0131nca \u0130bn Abbas (Rad\u0131yallahu Anh)\u2019 da ona kendilerinin hilali Cumartesi g\u00f6rd\u00fc\u011f\u00fcn\u00fc ve ay\u0131\u00a0 Bayram hilalini g\u00f6rmedikleri s\u00fcrece Ramazan\u2019\u0131 otuza tamamlayacaklar\u0131n\u0131 s\u00f6yler. Bunun \u00fczerine K\u00fcreyb \u201cMuaviye ve ashab\u0131n\u0131n hilali g\u00f6rmesi yeterli olmuyor mu?\u201d diye sorunca \u0130bn Abbas (Rad\u0131yallahu Anh) \u201cHay\u0131r! Resulullah (Sallallahu Aleyhi ve Sellem) bize b\u00f6ylece emretti\u201d buyurmu\u015ftur.<a href=\"#_ftn4\" name=\"_ftnref4\">[4]<\/a> Hadisin zahirine bak\u0131lacak olursa K\u00fcreyb de hilali g\u00f6renlerden birisidir. Ve buna ra\u011fmen \u0130bn Abbas (Rad\u0131yallahu Anh) ona orucunu otuz g\u00fcne tamamlamas\u0131n\u0131 emretmi\u015ftir.Buna muvaf\u0131k olarak \u0130mam Muhammed \u201cki\u015finin, yakinen m\u00fc\u015fahade etti\u011fi \u015feye muhalif olsa da bu hususta \u00e2mmeye uymas\u0131 gerekir\u201d \u015feklinde g\u00f6r\u00fc\u015f bildirmi\u015ftir.<a href=\"#_ftn5\" name=\"_ftnref5\">[5]<\/a><\/li>\n<\/ol>\n<p style=\"text-align: justify;\">Num\u00fbne-i misal kabilinden de\u011ferlendirebilece\u011fimiz bu hadise ve g\u00f6r\u00fc\u015fler m\u00fcvazenesinde meseleye bakacak olursak bahsinde oldu\u011fumuz konuda \u00fcmmetin birlik i\u00e7erisinde olmas\u0131 gerekti\u011fi noktas\u0131na var\u0131r\u0131z. Meselenin i\u00e7 boyutu olarak g\u00f6rebilece\u011fimiz bir tak\u0131m siy\u00e2s\u00ee \u00e7eki\u015fmeleri de bunun i\u00e7erisine d\u00e2hil edecek olursak \u00dclkemizin ve b\u00e2 husus Diyanet\u2019in konu hakk\u0131ndaki tavr\u0131 \u00e7ok da i\u00e7 a\u00e7\u0131c\u0131 de\u011fildir. 22 \u0130sl\u00e2m \u00fclkesinin bayram g\u00fcn\u00fc olarak ilan ettikleri bir g\u00fcne muhalif olarak ba\u015fka bir g\u00fcn\u00fc bayram ilan etmekte \u0131srarc\u0131 olmak, \u015f\u00fcphesiz bir tak\u0131m ihtimalleri \u00eeras etmektedir.<\/p>\n<p style=\"text-align: justify;\">\u00c2l\u00e2 k\u00fclli h\u00e2l, kurbanlar\u0131n Cuma g\u00fcn\u00fc kesilmesinin ihtiyata en yak\u0131n hareket olaca\u011f\u0131n\u0131 s\u00f6ylemek yanl\u0131\u015f olmasa gerektir. \u00c7\u00fcnk\u00fc yukar\u0131da da nakletti\u011fimiz \u00fczere kurban\u0131n ilk g\u00fcn kesilmesi evleviyet ve faziletle ilgili bir durumdur. Ancak bu denli \u015fek ve \u015f\u00fcbhenin mevcut oldu\u011fu bir mahalde evleviyetin ihmal edilerek cevaz\u0131 g\u00f6zetmenin en uygun bir hareket olaca\u011f\u0131 izahtan varestedir.<\/p>\n<hr \/>\n<p style=\"text-align: justify;\"><a href=\"#_ftnref1\" name=\"_ftn1\"><em><strong>[1]<\/strong><\/em><\/a><em>\u00a0 Celaleddin es-Suy\u00fbt\u00ee, Camiu\u2019l-Ehad\u00ees, No: 33066, Ali el-M\u00fcttaki, Kenzu\u2019l-Umm\u00e2l No: 12677<\/em><\/p>\n<p style=\"text-align: justify;\"><a href=\"#_ftnref2\" name=\"_ftn2\"><em><strong>[2]<\/strong><\/em><\/a><em> Tirmizi, S\u00fcnen No: 4392 (Ai\u015fe Rad\u0131yallahu Anha\u2019dan\u2026)<\/em><\/p>\n<p style=\"text-align: justify;\"><a href=\"#_ftnref3\" name=\"_ftn3\"><em><strong>[3]<\/strong><\/em><\/a><em> Emir es-San\u2019an\u00ee, <strong>S\u00fcb\u00fcl\u00fc\u2019s-Sel\u00e2m,<\/strong> III\/ 176 Daru \u0130bni\u2019l-Cevz\u00ee, 1421 Riyad<\/em><\/p>\n<p style=\"text-align: justify;\"><a href=\"#_ftnref4\" name=\"_ftn4\"><em><strong>[4]<\/strong><\/em><\/a><em> M\u00fcslim, Sahih, No: 2110<\/em><\/p>\n<p style=\"text-align: justify;\"><a href=\"#_ftnref5\" name=\"_ftn5\"><em><strong>[5]<\/strong><\/em><\/a><em> Es-San\u2019an\u00ee, a.g.e., III\/ 177<\/em><\/p>\n","protected":false},"excerpt":{"rendered":"<p>Soru:\u00a0 Malum oldu\u011fu \u00fczere Suud\u2019 da bayram Cuma g\u00fcn\u00fc yap\u0131l\u0131yor. Bizler ise bayram\u0131 Per\u015fembe g\u00fcn\u00fc yapaca\u011f\u0131z. Bu ihtilaf\u0131n sebebi nedir ve bu husustaki tutumumuz ne olmal\u0131d\u0131r? Cevap: \u00a0Bayram bu sene \u2013soruda ifade edildi\u011fi \u015fekilde- sadece Suud\u2019da de\u011fil, 22 \u0130sl\u00e2m \u00fclkesinde Cuma g\u00fcn\u00fc yap\u0131lacakt\u0131r. T\u00fcrkiye\u2019nin bayram hususunda itibara ald\u0131\u011f\u0131 Kandilli Rasathanesinin tesbiti olan Hilalin 16 Ekim [&hellip;]<\/p>\n","protected":false},"author":1,"featured_media":0,"comment_status":"open","ping_status":"open","sticky":false,"template":"","format":"standard","meta":{"content-type":"","_monsterinsights_skip_tracking":false,"_monsterinsights_sitenote_active":false,"_monsterinsights_sitenote_note":"","_monsterinsights_sitenote_category":0,"footnotes":""},"categories":[16,8],"tags":[],"class_list":{"0":"post-49","1":"post","2":"type-post","3":"status-publish","4":"format-standard","6":"category-diger-meseleler","7":"category-sual-cevap"},"yoast_head":"<!-- This site is optimized with the Yoast SEO plugin v23.2 - https:\/\/yoast.com\/wordpress\/plugins\/seo\/ -->\n<title>Bayram G\u00fcn\u00fcn\u00fcn Sabit Olmas\u0131 - \u00d6mer Faruk Korkmaz Hocaefendi<\/title>\n<meta name=\"robots\" content=\"index, follow, max-snippet:-1, max-image-preview:large, max-video-preview:-1\" \/>\n<link rel=\"canonical\" href=\"https:\/\/omerfarukkorkmaz.com.tr\/tr\/bayram-gununun-sabit-olmasi\/\" \/>\n<meta property=\"og:locale\" content=\"tr_TR\" \/>\n<meta property=\"og:type\" content=\"article\" \/>\n<meta property=\"og:title\" content=\"Bayram G\u00fcn\u00fcn\u00fcn Sabit Olmas\u0131 - \u00d6mer Faruk Korkmaz Hocaefendi\" \/>\n<meta property=\"og:description\" content=\"Soru:\u00a0 Malum oldu\u011fu \u00fczere Suud\u2019 da bayram Cuma g\u00fcn\u00fc yap\u0131l\u0131yor. Bizler ise bayram\u0131 Per\u015fembe g\u00fcn\u00fc yapaca\u011f\u0131z. Bu ihtilaf\u0131n sebebi nedir ve bu husustaki tutumumuz ne olmal\u0131d\u0131r? Cevap: \u00a0Bayram bu sene \u2013soruda ifade edildi\u011fi \u015fekilde- sadece Suud\u2019da de\u011fil, 22 \u0130sl\u00e2m \u00fclkesinde Cuma g\u00fcn\u00fc yap\u0131lacakt\u0131r. T\u00fcrkiye\u2019nin bayram hususunda itibara ald\u0131\u011f\u0131 Kandilli Rasathanesinin tesbiti olan Hilalin 16 Ekim [&hellip;]\" \/>\n<meta property=\"og:url\" content=\"https:\/\/omerfarukkorkmaz.com.tr\/tr\/bayram-gununun-sabit-olmasi\/\" \/>\n<meta property=\"og:site_name\" content=\"\u00d6mer Faruk Korkmaz Hocaefendi\" \/>\n<meta property=\"article:published_time\" content=\"2019-12-26T08:12:35+00:00\" \/>\n<meta name=\"author\" content=\"admin\" \/>\n<meta name=\"twitter:card\" content=\"summary_large_image\" \/>\n<meta name=\"twitter:label1\" content=\"Yazan:\" \/>\n\t<meta name=\"twitter:data1\" content=\"admin\" \/>\n\t<meta name=\"twitter:label2\" content=\"Tahmini okuma s\u00fcresi\" \/>\n\t<meta name=\"twitter:data2\" content=\"4 dakika\" \/>\n<script type=\"application\/ld+json\" class=\"yoast-schema-graph\">{\"@context\":\"https:\/\/schema.org\",\"@graph\":[{\"@type\":\"Article\",\"@id\":\"https:\/\/omerfarukkorkmaz.com.tr\/tr\/bayram-gununun-sabit-olmasi\/#article\",\"isPartOf\":{\"@id\":\"https:\/\/omerfarukkorkmaz.com.tr\/tr\/bayram-gununun-sabit-olmasi\/\"},\"author\":{\"name\":\"admin\",\"@id\":\"https:\/\/omerfarukkorkmaz.com.tr\/tr\/#\/schema\/person\/d5df7e26ea099f92daeaa9f8d4ed3df7\"},\"headline\":\"Bayram G\u00fcn\u00fcn\u00fcn Sabit Olmas\u0131\",\"datePublished\":\"2019-12-26T08:12:35+00:00\",\"dateModified\":\"2019-12-26T08:12:35+00:00\",\"mainEntityOfPage\":{\"@id\":\"https:\/\/omerfarukkorkmaz.com.tr\/tr\/bayram-gununun-sabit-olmasi\/\"},\"wordCount\":763,\"commentCount\":0,\"publisher\":{\"@id\":\"https:\/\/omerfarukkorkmaz.com.tr\/tr\/#\/schema\/person\/7efd65277de8b9dc0520ec210e387854\"},\"articleSection\":[\"Di\u011fer Meseleler\",\"Sual Cevap\"],\"inLanguage\":\"tr\",\"potentialAction\":[{\"@type\":\"CommentAction\",\"name\":\"Comment\",\"target\":[\"https:\/\/omerfarukkorkmaz.com.tr\/tr\/bayram-gununun-sabit-olmasi\/#respond\"]}]},{\"@type\":\"WebPage\",\"@id\":\"https:\/\/omerfarukkorkmaz.com.tr\/tr\/bayram-gununun-sabit-olmasi\/\",\"url\":\"https:\/\/omerfarukkorkmaz.com.tr\/tr\/bayram-gununun-sabit-olmasi\/\",\"name\":\"Bayram G\u00fcn\u00fcn\u00fcn Sabit Olmas\u0131 - \u00d6mer Faruk Korkmaz Hocaefendi\",\"isPartOf\":{\"@id\":\"https:\/\/omerfarukkorkmaz.com.tr\/tr\/#website\"},\"datePublished\":\"2019-12-26T08:12:35+00:00\",\"dateModified\":\"2019-12-26T08:12:35+00:00\",\"breadcrumb\":{\"@id\":\"https:\/\/omerfarukkorkmaz.com.tr\/tr\/bayram-gununun-sabit-olmasi\/#breadcrumb\"},\"inLanguage\":\"tr\",\"potentialAction\":[{\"@type\":\"ReadAction\",\"target\":[\"https:\/\/omerfarukkorkmaz.com.tr\/tr\/bayram-gununun-sabit-olmasi\/\"]}]},{\"@type\":\"BreadcrumbList\",\"@id\":\"https:\/\/omerfarukkorkmaz.com.tr\/tr\/bayram-gununun-sabit-olmasi\/#breadcrumb\",\"itemListElement\":[{\"@type\":\"ListItem\",\"position\":1,\"name\":\"Anasayfa\",\"item\":\"https:\/\/omerfarukkorkmaz.com.tr\/tr\/\"},{\"@type\":\"ListItem\",\"position\":2,\"name\":\"Bayram G\u00fcn\u00fcn\u00fcn Sabit Olmas\u0131\"}]},{\"@type\":\"WebSite\",\"@id\":\"https:\/\/omerfarukkorkmaz.com.tr\/tr\/#website\",\"url\":\"https:\/\/omerfarukkorkmaz.com.tr\/tr\/\",\"name\":\"\u00d6mer Faruk Korkmaz Hocaefendi\",\"description\":\"Resmi Web Sayfas\u0131\",\"publisher\":{\"@id\":\"https:\/\/omerfarukkorkmaz.com.tr\/tr\/#\/schema\/person\/7efd65277de8b9dc0520ec210e387854\"},\"potentialAction\":[{\"@type\":\"SearchAction\",\"target\":{\"@type\":\"EntryPoint\",\"urlTemplate\":\"https:\/\/omerfarukkorkmaz.com.tr\/tr\/?s={search_term_string}\"},\"query-input\":\"required name=search_term_string\"}],\"inLanguage\":\"tr\"},{\"@type\":[\"Person\",\"Organization\"],\"@id\":\"https:\/\/omerfarukkorkmaz.com.tr\/tr\/#\/schema\/person\/7efd65277de8b9dc0520ec210e387854\",\"name\":\"\u00d6mer Faruk Korkmaz\",\"image\":{\"@type\":\"ImageObject\",\"inLanguage\":\"tr\",\"@id\":\"https:\/\/omerfarukkorkmaz.com.tr\/tr\/#\/schema\/person\/image\/\",\"url\":\"https:\/\/omerfarukkorkmaz.com.tr\/tr\/wp-content\/uploads\/2020\/12\/cropped-nkl-2.png\",\"contentUrl\":\"https:\/\/omerfarukkorkmaz.com.tr\/tr\/wp-content\/uploads\/2020\/12\/cropped-nkl-2.png\",\"width\":512,\"height\":512,\"caption\":\"\u00d6mer Faruk Korkmaz\"},\"logo\":{\"@id\":\"https:\/\/omerfarukkorkmaz.com.tr\/tr\/#\/schema\/person\/image\/\"}},{\"@type\":\"Person\",\"@id\":\"https:\/\/omerfarukkorkmaz.com.tr\/tr\/#\/schema\/person\/d5df7e26ea099f92daeaa9f8d4ed3df7\",\"name\":\"admin\",\"image\":{\"@type\":\"ImageObject\",\"inLanguage\":\"tr\",\"@id\":\"https:\/\/omerfarukkorkmaz.com.tr\/tr\/#\/schema\/person\/image\/\",\"url\":\"https:\/\/secure.gravatar.com\/avatar\/b102a1ef8a87800a029359cf4061bb0e2be026a3d10c077456a6b9b6aa4c4239?s=96&d=mm&r=g\",\"contentUrl\":\"https:\/\/secure.gravatar.com\/avatar\/b102a1ef8a87800a029359cf4061bb0e2be026a3d10c077456a6b9b6aa4c4239?s=96&d=mm&r=g\",\"caption\":\"admin\"},\"sameAs\":[\"https:\/\/omerfarukkorkmaz.com.tr\/tr\"],\"url\":\"https:\/\/omerfarukkorkmaz.com.tr\/tr\/author\/tanyurd\/\"}]}<\/script>\n<!-- \/ Yoast SEO plugin. -->","yoast_head_json":{"title":"Bayram G\u00fcn\u00fcn\u00fcn Sabit Olmas\u0131 - \u00d6mer Faruk Korkmaz Hocaefendi","robots":{"index":"index","follow":"follow","max-snippet":"max-snippet:-1","max-image-preview":"max-image-preview:large","max-video-preview":"max-video-preview:-1"},"canonical":"https:\/\/omerfarukkorkmaz.com.tr\/tr\/bayram-gununun-sabit-olmasi\/","og_locale":"tr_TR","og_type":"article","og_title":"Bayram G\u00fcn\u00fcn\u00fcn Sabit Olmas\u0131 - \u00d6mer Faruk Korkmaz Hocaefendi","og_description":"Soru:\u00a0 Malum oldu\u011fu \u00fczere Suud\u2019 da bayram Cuma g\u00fcn\u00fc yap\u0131l\u0131yor. Bizler ise bayram\u0131 Per\u015fembe g\u00fcn\u00fc yapaca\u011f\u0131z. Bu ihtilaf\u0131n sebebi nedir ve bu husustaki tutumumuz ne olmal\u0131d\u0131r? Cevap: \u00a0Bayram bu sene \u2013soruda ifade edildi\u011fi \u015fekilde- sadece Suud\u2019da de\u011fil, 22 \u0130sl\u00e2m \u00fclkesinde Cuma g\u00fcn\u00fc yap\u0131lacakt\u0131r. T\u00fcrkiye\u2019nin bayram hususunda itibara ald\u0131\u011f\u0131 Kandilli Rasathanesinin tesbiti olan Hilalin 16 Ekim [&hellip;]","og_url":"https:\/\/omerfarukkorkmaz.com.tr\/tr\/bayram-gununun-sabit-olmasi\/","og_site_name":"\u00d6mer Faruk Korkmaz Hocaefendi","article_published_time":"2019-12-26T08:12:35+00:00","author":"admin","twitter_card":"summary_large_image","twitter_misc":{"Yazan:":"admin","Tahmini okuma s\u00fcresi":"4 dakika"},"schema":{"@context":"https:\/\/schema.org","@graph":[{"@type":"Article","@id":"https:\/\/omerfarukkorkmaz.com.tr\/tr\/bayram-gununun-sabit-olmasi\/#article","isPartOf":{"@id":"https:\/\/omerfarukkorkmaz.com.tr\/tr\/bayram-gununun-sabit-olmasi\/"},"author":{"name":"admin","@id":"https:\/\/omerfarukkorkmaz.com.tr\/tr\/#\/schema\/person\/d5df7e26ea099f92daeaa9f8d4ed3df7"},"headline":"Bayram G\u00fcn\u00fcn\u00fcn Sabit Olmas\u0131","datePublished":"2019-12-26T08:12:35+00:00","dateModified":"2019-12-26T08:12:35+00:00","mainEntityOfPage":{"@id":"https:\/\/omerfarukkorkmaz.com.tr\/tr\/bayram-gununun-sabit-olmasi\/"},"wordCount":763,"commentCount":0,"publisher":{"@id":"https:\/\/omerfarukkorkmaz.com.tr\/tr\/#\/schema\/person\/7efd65277de8b9dc0520ec210e387854"},"articleSection":["Di\u011fer Meseleler","Sual Cevap"],"inLanguage":"tr","potentialAction":[{"@type":"CommentAction","name":"Comment","target":["https:\/\/omerfarukkorkmaz.com.tr\/tr\/bayram-gununun-sabit-olmasi\/#respond"]}]},{"@type":"WebPage","@id":"https:\/\/omerfarukkorkmaz.com.tr\/tr\/bayram-gununun-sabit-olmasi\/","url":"https:\/\/omerfarukkorkmaz.com.tr\/tr\/bayram-gununun-sabit-olmasi\/","name":"Bayram G\u00fcn\u00fcn\u00fcn Sabit Olmas\u0131 - \u00d6mer Faruk Korkmaz Hocaefendi","isPartOf":{"@id":"https:\/\/omerfarukkorkmaz.com.tr\/tr\/#website"},"datePublished":"2019-12-26T08:12:35+00:00","dateModified":"2019-12-26T08:12:35+00:00","breadcrumb":{"@id":"https:\/\/omerfarukkorkmaz.com.tr\/tr\/bayram-gununun-sabit-olmasi\/#breadcrumb"},"inLanguage":"tr","potentialAction":[{"@type":"ReadAction","target":["https:\/\/omerfarukkorkmaz.com.tr\/tr\/bayram-gununun-sabit-olmasi\/"]}]},{"@type":"BreadcrumbList","@id":"https:\/\/omerfarukkorkmaz.com.tr\/tr\/bayram-gununun-sabit-olmasi\/#breadcrumb","itemListElement":[{"@type":"ListItem","position":1,"name":"Anasayfa","item":"https:\/\/omerfarukkorkmaz.com.tr\/tr\/"},{"@type":"ListItem","position":2,"name":"Bayram G\u00fcn\u00fcn\u00fcn Sabit Olmas\u0131"}]},{"@type":"WebSite","@id":"https:\/\/omerfarukkorkmaz.com.tr\/tr\/#website","url":"https:\/\/omerfarukkorkmaz.com.tr\/tr\/","name":"\u00d6mer Faruk Korkmaz Hocaefendi","description":"Resmi Web Sayfas\u0131","publisher":{"@id":"https:\/\/omerfarukkorkmaz.com.tr\/tr\/#\/schema\/person\/7efd65277de8b9dc0520ec210e387854"},"potentialAction":[{"@type":"SearchAction","target":{"@type":"EntryPoint","urlTemplate":"https:\/\/omerfarukkorkmaz.com.tr\/tr\/?s={search_term_string}"},"query-input":"required name=search_term_string"}],"inLanguage":"tr"},{"@type":["Person","Organization"],"@id":"https:\/\/omerfarukkorkmaz.com.tr\/tr\/#\/schema\/person\/7efd65277de8b9dc0520ec210e387854","name":"\u00d6mer Faruk Korkmaz","image":{"@type":"ImageObject","inLanguage":"tr","@id":"https:\/\/omerfarukkorkmaz.com.tr\/tr\/#\/schema\/person\/image\/","url":"https:\/\/omerfarukkorkmaz.com.tr\/tr\/wp-content\/uploads\/2020\/12\/cropped-nkl-2.png","contentUrl":"https:\/\/omerfarukkorkmaz.com.tr\/tr\/wp-content\/uploads\/2020\/12\/cropped-nkl-2.png","width":512,"height":512,"caption":"\u00d6mer Faruk Korkmaz"},"logo":{"@id":"https:\/\/omerfarukkorkmaz.com.tr\/tr\/#\/schema\/person\/image\/"}},{"@type":"Person","@id":"https:\/\/omerfarukkorkmaz.com.tr\/tr\/#\/schema\/person\/d5df7e26ea099f92daeaa9f8d4ed3df7","name":"admin","image":{"@type":"ImageObject","inLanguage":"tr","@id":"https:\/\/omerfarukkorkmaz.com.tr\/tr\/#\/schema\/person\/image\/","url":"https:\/\/secure.gravatar.com\/avatar\/b102a1ef8a87800a029359cf4061bb0e2be026a3d10c077456a6b9b6aa4c4239?s=96&d=mm&r=g","contentUrl":"https:\/\/secure.gravatar.com\/avatar\/b102a1ef8a87800a029359cf4061bb0e2be026a3d10c077456a6b9b6aa4c4239?s=96&d=mm&r=g","caption":"admin"},"sameAs":["https:\/\/omerfarukkorkmaz.com.tr\/tr"],"url":"https:\/\/omerfarukkorkmaz.com.tr\/tr\/author\/tanyurd\/"}]}},"_links":{"self":[{"href":"https:\/\/omerfarukkorkmaz.com.tr\/tr\/wp-json\/wp\/v2\/posts\/49","targetHints":{"allow":["GET"]}}],"collection":[{"href":"https:\/\/omerfarukkorkmaz.com.tr\/tr\/wp-json\/wp\/v2\/posts"}],"about":[{"href":"https:\/\/omerfarukkorkmaz.com.tr\/tr\/wp-json\/wp\/v2\/types\/post"}],"author":[{"embeddable":true,"href":"https:\/\/omerfarukkorkmaz.com.tr\/tr\/wp-json\/wp\/v2\/users\/1"}],"replies":[{"embeddable":true,"href":"https:\/\/omerfarukkorkmaz.com.tr\/tr\/wp-json\/wp\/v2\/comments?post=49"}],"version-history":[{"count":0,"href":"https:\/\/omerfarukkorkmaz.com.tr\/tr\/wp-json\/wp\/v2\/posts\/49\/revisions"}],"wp:attachment":[{"href":"https:\/\/omerfarukkorkmaz.com.tr\/tr\/wp-json\/wp\/v2\/media?parent=49"}],"wp:term":[{"taxonomy":"category","embeddable":true,"href":"https:\/\/omerfarukkorkmaz.com.tr\/tr\/wp-json\/wp\/v2\/categories?post=49"},{"taxonomy":"post_tag","embeddable":true,"href":"https:\/\/omerfarukkorkmaz.com.tr\/tr\/wp-json\/wp\/v2\/tags?post=49"}],"curies":[{"name":"wp","href":"https:\/\/api.w.org\/{rel}","templated":true}]}}