{"id":425,"date":"2020-04-22T21:01:54","date_gmt":"2020-04-22T21:01:54","guid":{"rendered":"http:\/\/www.omerfarukkorkmaz.com.tr\/?p=425"},"modified":"2020-04-22T21:01:54","modified_gmt":"2020-04-22T21:01:54","slug":"akaidde-taklid-caiz-degil-midir","status":"publish","type":"post","link":"https:\/\/omerfarukkorkmaz.com.tr\/tr\/akaidde-taklid-caiz-degil-midir\/","title":{"rendered":"Akaidde Taklid Caiz De\u011fil midir?"},"content":{"rendered":"<blockquote><p><strong>Soru: <\/strong>Taklidin caiz oldu\u011funu s\u00f6yleyen alimler bunu mutlak olarak m\u0131 s\u00f6yl\u00fcyorlar. Mesela bir akaid ilminde taklidin caiz oldu\u011funu s\u00f6yleyebilir miyiz? Caizse bu neye inand\u0131\u011f\u0131n\u0131 bilmeden iman etmek anlam\u0131na gelmiyor mu? <strong>\u00a0<\/strong><\/p><\/blockquote>\n<p><strong>Cevap: <\/strong>Taklide cevaz veren alimlerin bunu mutlak anlamda tecviz ettiklerini s\u00f6ylemek elbette do\u011fru olmaz. Zira neredeyse hemen her kaidenin belli ba\u015fl\u0131 istisnalar\u0131 ve her mutlak\u0131n takyitleri oldu\u011fu gibi taklit meselesinin de kendine \u00f6zg\u00fc bir \u00e7er\u00e7evesi vard\u0131r. Taklidin nevileri ve dav\u00e2b\u0131t\u0131, us\u00fbl-i ift\u00e2 ve m\u00fcnhas\u0131ran bu konuyla ilgili yaz\u0131lm\u0131\u015f eserlerde tafsil edildi\u011fi i\u00e7in o noktaya de\u011finmeyece\u011fim.<\/p>\n<p>Akaidde taklit meselesine gelince, ulema ve fukahan\u0131n \u00e7o\u011fu mukallidin iman\u0131n\u0131n muteber oldu\u011funu savunmaktad\u0131rlar. Zira iman etmek tasdik ile olaca\u011f\u0131ndan dolay\u0131 taklit \u00fczere yap\u0131lan tasdik de ki\u015finin m\u00fcmin say\u0131lmas\u0131 i\u00e7in yeterlidir. \u0130nanc\u0131 noktas\u0131nda taklit \u00fczere olan ki\u015fi itikad\u0131 ve sair amelleriyle itaatk\u00e2r say\u0131l\u0131r. Her ne kadar nazar ve istidl\u00e2li terk etti\u011fi i\u00e7in asi say\u0131lsa da. B\u00f6yle bir kimse, g\u00fcnah\u0131 miktar\u0131 azap g\u00f6rmesi ve ma\u011ffiret olunabilmesi ve sonunda hi\u00e7 \u015f\u00fcphesiz cennete girecek olmas\u0131 noktalar\u0131nda fas\u0131k m\u00fcmin h\u00fckm\u00fcndedir. Bu, Ebu Hanife, Sevr\u00ee, Malik, e\u015f-\u015e\u00e2fi\u2019\u00ee, el-Evza\u2019\u00ee, Ahmed b. Hanbel, Abdullah b. Sa\u2019\u00eed el-Katt\u00e2n gibi imamlar\u0131n g\u00f6r\u00fc\u015f\u00fcd\u00fcr.<a href=\"#_ftn1\" name=\"_ftnref1\">[1]<\/a><\/p>\n<p>Sadece Mu\u2019tezile ve kelamc\u0131lar\u0131n \u00e7o\u011fu mukallidin iman\u0131n\u0131n muteber olaca\u011f\u0131n\u0131 kabul etmemektedirler.<a href=\"#_ftn2\" name=\"_ftnref2\">[2]<\/a> Bu g\u00f6r\u00fc\u015f Ebu\u2019l-Hasen el-E\u015f\u2019ar\u00ee\u2019ye nispet edilmekteyse de Ku\u015feyr\u00ee bunun ona iftira oldu\u011funu s\u00f6ylemektedir.<a href=\"#_ftn3\" name=\"_ftnref3\">[3]<\/a> Zira onlara g\u00f6re akaidin asl\u00ee meseleleri hep akl\u00ee oldu\u011fundan ve insanlar da ak\u0131lda ortak olduklar\u0131ndan dolay\u0131 bu noktada avam-havas ayr\u0131m\u0131 yap\u0131lamaz. Akl\u0131 olan herkesin bu meseleleri bilmekle y\u00fck\u00fcml\u00fc olmas\u0131 gerekir. Bir de bu mevzular\u0131 bilmenin vacip oldu\u011fu noktas\u0131ndan hareket edilecek olursa \u201cilim\u201d diye tabir edilen bilmenin taklitle meydana gelmeyece\u011fi a\u00e7\u0131kt\u0131r. Ayr\u0131ca avam\u0131n bilmesinin vacip oldu\u011fu savunulan asl\u00ee meselelerin delilleri gayet a\u00e7\u0131k olup hi\u00e7bir kapal\u0131l\u0131\u011f\u0131 haiz de\u011fildir. \u015eu halde avam\u0131 bunlar\u0131 bilmekle m\u00fckellef tutmak meseleyi hara\u00e7\/me\u015fakkat\u201d dairesine sokmaz.<a href=\"#_ftn4\" name=\"_ftnref4\">[4]<\/a><\/p>\n<p>Ez c\u00fcmle, mukallidin iman\u0131 sahihtir ve akaidde tasdik ederek taklit \u00fczere olmas\u0131 m\u00fcmin olmas\u0131 i\u00e7in yeterlidir. Zira bedeviler Hz. Peygamber \ufdfa\u2019e gelip kelime-i \u015fehadet getirdiklerinde Allah Resul\u00fc \ufdfa onlar\u0131n M\u00fcsl\u00fcman olduklar\u0131na h\u00fckmediyor ve onlardan ilk etapta bunun d\u0131\u015f\u0131nda bir \u015fey talep etmiyordu. \u015eu halde \u0130slam\u2019dan ilk etapta bihaber olan bir kimseden sad\u0131r olan b\u00f6yle bir taklit de bir nevi ilmi gerektirmektedir.<a href=\"#_ftn5\" name=\"_ftnref5\">[5]<\/a> Bunun aksini d\u00fc\u015f\u00fcnmek \u0130slamiyeti can\u0131 g\u00f6n\u00fclden kabullenmi\u015f ve iman\u0131 b\u00fct\u00fcn\u00fcyle kalbine yerle\u015ftirmi\u015f fakat imani meselelere dair bir bilgisi olmayan avam\u0131n da tekfirini gerektiren bir tutum olacakt\u0131r.<a href=\"#_ftn6\" name=\"_ftnref6\">[6]<\/a> Bu noktada Maturidiler ve E\u015f\u2019ariler aras\u0131ndaki ihtilaf da lafzi olarak de\u011ferlendirilmi\u015ftir.<a href=\"#_ftn7\" name=\"_ftnref7\">[7]<\/a><\/p>\n<p>Do\u011fru olan da budur.<\/p>\n<hr \/>\n<p><span style=\"font-size: 10pt;\"><a href=\"#_ftnref1\" name=\"_ftn1\">[1]<\/a> Ebu\u2019l-berek\u00e2t en-Nesef\u00ee, <em>\u015eerhu\u2019l-Umde fi Akideti ehli\u2019s-S\u00fcnne ve\u2019l-Cem\u00e2\u2019a<\/em>, el-Mektebetu\u2019l-Ezheriyye li\u2019t-T\u00fcr\u00e2s, Kahire, 2012, Bask\u0131: I, s. 385<\/span><\/p>\n<p><span style=\"font-size: 10pt;\"><a href=\"#_ftnref2\" name=\"_ftn2\">[2]<\/a> et-Teft\u00e2z\u00e2n\u00ee, <em>\u015eerhu\u2019l-Mak\u00e2s\u0131d<\/em>, Daru\u2019l-Ma\u2019rifeti\u2019n-Nu\u2019maniyye,Pakistan,1981, II\/264<\/span><\/p>\n<p><span style=\"font-size: 10pt;\"><a href=\"#_ftnref3\" name=\"_ftn3\">[3]<\/a> Ali el-K\u00e2r\u00ee, <em>Dav\u2019u\u2019l-Me\u2019\u00e2l\u00ee al\u00e2 Manz\u00fbmeti Bed\u2019i\u2019l-Em\u00e2l\u00ee<\/em>, Daru\u2019l-Beyr\u00fbt\u00ee, 2006, Bask\u0131: I, s. 137<\/span><\/p>\n<p><span style=\"font-size: 10pt;\"><a href=\"#_ftnref4\" name=\"_ftn4\">[4]<\/a> es-Sem\u2019\u00e2n\u00ee, Ebu\u2019l-Muzaffer Mansur b. Muhammed, <em>Kav\u00e2t\u0131\u2019u\u2019l-Edille fi\u2019l-Us\u00fbl<\/em>, Daru\u2019l-K\u00fct\u00fcbi\u2019l-\u0130lmiyye, Beyrut-L\u00fcbnan, 1999, Bask\u0131: I, II\/346<\/span><\/p>\n<p><span style=\"font-size: 10pt;\"><a href=\"#_ftnref5\" name=\"_ftn5\">[5]<\/a> es-Sef\u00e2r\u00een\u00ee, \u015eemsuddin Ebu\u2019l-Avn Muhammed b. Ahmed, <em>Levami\u2019u\u2019l-Env\u00e2ri\u2019l-Behiyye<\/em>, M\u00fcessesetu\u2019l-H\u00e2f\u0131k\u00een, D\u0131me\u015fk, I\/269<\/span><\/p>\n<p><span style=\"font-size: 10pt;\"><a href=\"#_ftnref6\" name=\"_ftn6\">[6]<\/a> Gazz\u00e2l\u00ee, Ebu H\u00e2mid, <em>Faysalu\u2019t-Tefrika<\/em>, (Mecmuatu\u2019r-Res\u00e2il z\u0131mn\u0131nda) III\/140<\/span><\/p>\n<p><span style=\"font-size: 10pt;\"><a href=\"#_ftnref7\" name=\"_ftn7\">[7]<\/a> Ebu Abede, Hasan b. Abd\u00fclmuhsin, <em>er-Ravzatu\u2019l-Behiyye f\u00eem\u00e2 Beyne\u2019l-E\u015f\u00e2\u2019ireti ve\u2019l-M\u00e2t\u00fbr\u00eediyye<\/em>, 1322, Bask\u0131: I, s. 21 vd.<\/span><\/p>\n","protected":false},"excerpt":{"rendered":"<p>Soru: Taklidin caiz oldu\u011funu s\u00f6yleyen alimler bunu mutlak olarak m\u0131 s\u00f6yl\u00fcyorlar. Mesela bir akaid ilminde taklidin caiz oldu\u011funu s\u00f6yleyebilir miyiz? Caizse bu neye inand\u0131\u011f\u0131n\u0131 bilmeden iman etmek anlam\u0131na gelmiyor mu? \u00a0 Cevap: Taklide cevaz veren alimlerin bunu mutlak anlamda tecviz ettiklerini s\u00f6ylemek elbette do\u011fru olmaz. Zira neredeyse hemen her kaidenin belli ba\u015fl\u0131 istisnalar\u0131 ve her [&hellip;]<\/p>\n","protected":false},"author":3,"featured_media":426,"comment_status":"open","ping_status":"open","sticky":false,"template":"","format":"standard","meta":{"content-type":"","_monsterinsights_skip_tracking":false,"_monsterinsights_sitenote_active":false,"_monsterinsights_sitenote_note":"","_monsterinsights_sitenote_category":0,"footnotes":""},"categories":[18],"tags":[],"class_list":{"0":"post-425","1":"post","2":"type-post","3":"status-publish","4":"format-standard","5":"has-post-thumbnail","7":"category-itikadi-meseleler"},"yoast_head":"<!-- This site is optimized with the Yoast SEO plugin v23.2 - https:\/\/yoast.com\/wordpress\/plugins\/seo\/ -->\n<title>Akaidde Taklid Caiz De\u011fil midir? - \u00d6mer Faruk Korkmaz Hocaefendi<\/title>\n<meta name=\"robots\" content=\"index, follow, max-snippet:-1, max-image-preview:large, max-video-preview:-1\" \/>\n<link rel=\"canonical\" href=\"https:\/\/omerfarukkorkmaz.com.tr\/tr\/akaidde-taklid-caiz-degil-midir\/\" \/>\n<meta property=\"og:locale\" content=\"tr_TR\" \/>\n<meta property=\"og:type\" content=\"article\" \/>\n<meta property=\"og:title\" content=\"Akaidde Taklid Caiz De\u011fil midir? - \u00d6mer Faruk Korkmaz Hocaefendi\" \/>\n<meta property=\"og:description\" content=\"Soru: Taklidin caiz oldu\u011funu s\u00f6yleyen alimler bunu mutlak olarak m\u0131 s\u00f6yl\u00fcyorlar. Mesela bir akaid ilminde taklidin caiz oldu\u011funu s\u00f6yleyebilir miyiz? Caizse bu neye inand\u0131\u011f\u0131n\u0131 bilmeden iman etmek anlam\u0131na gelmiyor mu? \u00a0 Cevap: Taklide cevaz veren alimlerin bunu mutlak anlamda tecviz ettiklerini s\u00f6ylemek elbette do\u011fru olmaz. Zira neredeyse hemen her kaidenin belli ba\u015fl\u0131 istisnalar\u0131 ve her [&hellip;]\" \/>\n<meta property=\"og:url\" content=\"https:\/\/omerfarukkorkmaz.com.tr\/tr\/akaidde-taklid-caiz-degil-midir\/\" \/>\n<meta property=\"og:site_name\" content=\"\u00d6mer Faruk Korkmaz Hocaefendi\" \/>\n<meta property=\"article:published_time\" content=\"2020-04-22T21:01:54+00:00\" \/>\n<meta property=\"og:image\" content=\"https:\/\/omerfarukkorkmaz.com.tr\/tr\/wp-content\/uploads\/2020\/04\/buyuk-e1587589280514.jpg\" \/>\n\t<meta property=\"og:image:width\" content=\"620\" \/>\n\t<meta property=\"og:image:height\" content=\"329\" \/>\n\t<meta property=\"og:image:type\" content=\"image\/jpeg\" \/>\n<meta name=\"author\" content=\"\u00d6mer Faruk Korkmaz\" \/>\n<meta name=\"twitter:card\" content=\"summary_large_image\" \/>\n<meta name=\"twitter:label1\" content=\"Yazan:\" \/>\n\t<meta name=\"twitter:data1\" content=\"\u00d6mer Faruk Korkmaz\" \/>\n\t<meta name=\"twitter:label2\" content=\"Tahmini okuma s\u00fcresi\" \/>\n\t<meta name=\"twitter:data2\" content=\"3 dakika\" \/>\n<script type=\"application\/ld+json\" class=\"yoast-schema-graph\">{\"@context\":\"https:\/\/schema.org\",\"@graph\":[{\"@type\":\"Article\",\"@id\":\"https:\/\/omerfarukkorkmaz.com.tr\/tr\/akaidde-taklid-caiz-degil-midir\/#article\",\"isPartOf\":{\"@id\":\"https:\/\/omerfarukkorkmaz.com.tr\/tr\/akaidde-taklid-caiz-degil-midir\/\"},\"author\":{\"name\":\"\u00d6mer Faruk Korkmaz\",\"@id\":\"https:\/\/omerfarukkorkmaz.com.tr\/tr\/#\/schema\/person\/7efd65277de8b9dc0520ec210e387854\"},\"headline\":\"Akaidde Taklid Caiz De\u011fil midir?\",\"datePublished\":\"2020-04-22T21:01:54+00:00\",\"dateModified\":\"2020-04-22T21:01:54+00:00\",\"mainEntityOfPage\":{\"@id\":\"https:\/\/omerfarukkorkmaz.com.tr\/tr\/akaidde-taklid-caiz-degil-midir\/\"},\"wordCount\":654,\"commentCount\":0,\"publisher\":{\"@id\":\"https:\/\/omerfarukkorkmaz.com.tr\/tr\/#\/schema\/person\/7efd65277de8b9dc0520ec210e387854\"},\"image\":{\"@id\":\"https:\/\/omerfarukkorkmaz.com.tr\/tr\/akaidde-taklid-caiz-degil-midir\/#primaryimage\"},\"thumbnailUrl\":\"https:\/\/omerfarukkorkmaz.com.tr\/tr\/wp-content\/uploads\/2020\/04\/buyuk-e1587589280514.jpg\",\"articleSection\":[\"\u0130tik\u00e2d\u00ee Meseleler\"],\"inLanguage\":\"tr\",\"potentialAction\":[{\"@type\":\"CommentAction\",\"name\":\"Comment\",\"target\":[\"https:\/\/omerfarukkorkmaz.com.tr\/tr\/akaidde-taklid-caiz-degil-midir\/#respond\"]}]},{\"@type\":\"WebPage\",\"@id\":\"https:\/\/omerfarukkorkmaz.com.tr\/tr\/akaidde-taklid-caiz-degil-midir\/\",\"url\":\"https:\/\/omerfarukkorkmaz.com.tr\/tr\/akaidde-taklid-caiz-degil-midir\/\",\"name\":\"Akaidde Taklid Caiz De\u011fil midir? - \u00d6mer Faruk Korkmaz Hocaefendi\",\"isPartOf\":{\"@id\":\"https:\/\/omerfarukkorkmaz.com.tr\/tr\/#website\"},\"primaryImageOfPage\":{\"@id\":\"https:\/\/omerfarukkorkmaz.com.tr\/tr\/akaidde-taklid-caiz-degil-midir\/#primaryimage\"},\"image\":{\"@id\":\"https:\/\/omerfarukkorkmaz.com.tr\/tr\/akaidde-taklid-caiz-degil-midir\/#primaryimage\"},\"thumbnailUrl\":\"https:\/\/omerfarukkorkmaz.com.tr\/tr\/wp-content\/uploads\/2020\/04\/buyuk-e1587589280514.jpg\",\"datePublished\":\"2020-04-22T21:01:54+00:00\",\"dateModified\":\"2020-04-22T21:01:54+00:00\",\"breadcrumb\":{\"@id\":\"https:\/\/omerfarukkorkmaz.com.tr\/tr\/akaidde-taklid-caiz-degil-midir\/#breadcrumb\"},\"inLanguage\":\"tr\",\"potentialAction\":[{\"@type\":\"ReadAction\",\"target\":[\"https:\/\/omerfarukkorkmaz.com.tr\/tr\/akaidde-taklid-caiz-degil-midir\/\"]}]},{\"@type\":\"ImageObject\",\"inLanguage\":\"tr\",\"@id\":\"https:\/\/omerfarukkorkmaz.com.tr\/tr\/akaidde-taklid-caiz-degil-midir\/#primaryimage\",\"url\":\"https:\/\/omerfarukkorkmaz.com.tr\/tr\/wp-content\/uploads\/2020\/04\/buyuk-e1587589280514.jpg\",\"contentUrl\":\"https:\/\/omerfarukkorkmaz.com.tr\/tr\/wp-content\/uploads\/2020\/04\/buyuk-e1587589280514.jpg\",\"width\":620,\"height\":329},{\"@type\":\"BreadcrumbList\",\"@id\":\"https:\/\/omerfarukkorkmaz.com.tr\/tr\/akaidde-taklid-caiz-degil-midir\/#breadcrumb\",\"itemListElement\":[{\"@type\":\"ListItem\",\"position\":1,\"name\":\"Anasayfa\",\"item\":\"https:\/\/omerfarukkorkmaz.com.tr\/tr\/\"},{\"@type\":\"ListItem\",\"position\":2,\"name\":\"Akaidde Taklid Caiz De\u011fil midir?\"}]},{\"@type\":\"WebSite\",\"@id\":\"https:\/\/omerfarukkorkmaz.com.tr\/tr\/#website\",\"url\":\"https:\/\/omerfarukkorkmaz.com.tr\/tr\/\",\"name\":\"\u00d6mer Faruk Korkmaz Hocaefendi\",\"description\":\"Resmi Web Sayfas\u0131\",\"publisher\":{\"@id\":\"https:\/\/omerfarukkorkmaz.com.tr\/tr\/#\/schema\/person\/7efd65277de8b9dc0520ec210e387854\"},\"potentialAction\":[{\"@type\":\"SearchAction\",\"target\":{\"@type\":\"EntryPoint\",\"urlTemplate\":\"https:\/\/omerfarukkorkmaz.com.tr\/tr\/?s={search_term_string}\"},\"query-input\":\"required name=search_term_string\"}],\"inLanguage\":\"tr\"},{\"@type\":[\"Person\",\"Organization\"],\"@id\":\"https:\/\/omerfarukkorkmaz.com.tr\/tr\/#\/schema\/person\/7efd65277de8b9dc0520ec210e387854\",\"name\":\"\u00d6mer Faruk Korkmaz\",\"image\":{\"@type\":\"ImageObject\",\"inLanguage\":\"tr\",\"@id\":\"https:\/\/omerfarukkorkmaz.com.tr\/tr\/#\/schema\/person\/image\/\",\"url\":\"https:\/\/omerfarukkorkmaz.com.tr\/tr\/wp-content\/uploads\/2020\/12\/cropped-nkl-2.png\",\"contentUrl\":\"https:\/\/omerfarukkorkmaz.com.tr\/tr\/wp-content\/uploads\/2020\/12\/cropped-nkl-2.png\",\"width\":512,\"height\":512,\"caption\":\"\u00d6mer Faruk Korkmaz\"},\"logo\":{\"@id\":\"https:\/\/omerfarukkorkmaz.com.tr\/tr\/#\/schema\/person\/image\/\"},\"url\":\"https:\/\/omerfarukkorkmaz.com.tr\/tr\/author\/ofkorkmaz\/\"}]}<\/script>\n<!-- \/ Yoast SEO plugin. -->","yoast_head_json":{"title":"Akaidde Taklid Caiz De\u011fil midir? - \u00d6mer Faruk Korkmaz Hocaefendi","robots":{"index":"index","follow":"follow","max-snippet":"max-snippet:-1","max-image-preview":"max-image-preview:large","max-video-preview":"max-video-preview:-1"},"canonical":"https:\/\/omerfarukkorkmaz.com.tr\/tr\/akaidde-taklid-caiz-degil-midir\/","og_locale":"tr_TR","og_type":"article","og_title":"Akaidde Taklid Caiz De\u011fil midir? - \u00d6mer Faruk Korkmaz Hocaefendi","og_description":"Soru: Taklidin caiz oldu\u011funu s\u00f6yleyen alimler bunu mutlak olarak m\u0131 s\u00f6yl\u00fcyorlar. Mesela bir akaid ilminde taklidin caiz oldu\u011funu s\u00f6yleyebilir miyiz? Caizse bu neye inand\u0131\u011f\u0131n\u0131 bilmeden iman etmek anlam\u0131na gelmiyor mu? \u00a0 Cevap: Taklide cevaz veren alimlerin bunu mutlak anlamda tecviz ettiklerini s\u00f6ylemek elbette do\u011fru olmaz. Zira neredeyse hemen her kaidenin belli ba\u015fl\u0131 istisnalar\u0131 ve her [&hellip;]","og_url":"https:\/\/omerfarukkorkmaz.com.tr\/tr\/akaidde-taklid-caiz-degil-midir\/","og_site_name":"\u00d6mer Faruk Korkmaz Hocaefendi","article_published_time":"2020-04-22T21:01:54+00:00","og_image":[{"width":620,"height":329,"url":"https:\/\/omerfarukkorkmaz.com.tr\/tr\/wp-content\/uploads\/2020\/04\/buyuk-e1587589280514.jpg","type":"image\/jpeg"}],"author":"\u00d6mer Faruk Korkmaz","twitter_card":"summary_large_image","twitter_misc":{"Yazan:":"\u00d6mer Faruk Korkmaz","Tahmini okuma s\u00fcresi":"3 dakika"},"schema":{"@context":"https:\/\/schema.org","@graph":[{"@type":"Article","@id":"https:\/\/omerfarukkorkmaz.com.tr\/tr\/akaidde-taklid-caiz-degil-midir\/#article","isPartOf":{"@id":"https:\/\/omerfarukkorkmaz.com.tr\/tr\/akaidde-taklid-caiz-degil-midir\/"},"author":{"name":"\u00d6mer Faruk Korkmaz","@id":"https:\/\/omerfarukkorkmaz.com.tr\/tr\/#\/schema\/person\/7efd65277de8b9dc0520ec210e387854"},"headline":"Akaidde Taklid Caiz De\u011fil midir?","datePublished":"2020-04-22T21:01:54+00:00","dateModified":"2020-04-22T21:01:54+00:00","mainEntityOfPage":{"@id":"https:\/\/omerfarukkorkmaz.com.tr\/tr\/akaidde-taklid-caiz-degil-midir\/"},"wordCount":654,"commentCount":0,"publisher":{"@id":"https:\/\/omerfarukkorkmaz.com.tr\/tr\/#\/schema\/person\/7efd65277de8b9dc0520ec210e387854"},"image":{"@id":"https:\/\/omerfarukkorkmaz.com.tr\/tr\/akaidde-taklid-caiz-degil-midir\/#primaryimage"},"thumbnailUrl":"https:\/\/omerfarukkorkmaz.com.tr\/tr\/wp-content\/uploads\/2020\/04\/buyuk-e1587589280514.jpg","articleSection":["\u0130tik\u00e2d\u00ee Meseleler"],"inLanguage":"tr","potentialAction":[{"@type":"CommentAction","name":"Comment","target":["https:\/\/omerfarukkorkmaz.com.tr\/tr\/akaidde-taklid-caiz-degil-midir\/#respond"]}]},{"@type":"WebPage","@id":"https:\/\/omerfarukkorkmaz.com.tr\/tr\/akaidde-taklid-caiz-degil-midir\/","url":"https:\/\/omerfarukkorkmaz.com.tr\/tr\/akaidde-taklid-caiz-degil-midir\/","name":"Akaidde Taklid Caiz De\u011fil midir? - \u00d6mer Faruk Korkmaz Hocaefendi","isPartOf":{"@id":"https:\/\/omerfarukkorkmaz.com.tr\/tr\/#website"},"primaryImageOfPage":{"@id":"https:\/\/omerfarukkorkmaz.com.tr\/tr\/akaidde-taklid-caiz-degil-midir\/#primaryimage"},"image":{"@id":"https:\/\/omerfarukkorkmaz.com.tr\/tr\/akaidde-taklid-caiz-degil-midir\/#primaryimage"},"thumbnailUrl":"https:\/\/omerfarukkorkmaz.com.tr\/tr\/wp-content\/uploads\/2020\/04\/buyuk-e1587589280514.jpg","datePublished":"2020-04-22T21:01:54+00:00","dateModified":"2020-04-22T21:01:54+00:00","breadcrumb":{"@id":"https:\/\/omerfarukkorkmaz.com.tr\/tr\/akaidde-taklid-caiz-degil-midir\/#breadcrumb"},"inLanguage":"tr","potentialAction":[{"@type":"ReadAction","target":["https:\/\/omerfarukkorkmaz.com.tr\/tr\/akaidde-taklid-caiz-degil-midir\/"]}]},{"@type":"ImageObject","inLanguage":"tr","@id":"https:\/\/omerfarukkorkmaz.com.tr\/tr\/akaidde-taklid-caiz-degil-midir\/#primaryimage","url":"https:\/\/omerfarukkorkmaz.com.tr\/tr\/wp-content\/uploads\/2020\/04\/buyuk-e1587589280514.jpg","contentUrl":"https:\/\/omerfarukkorkmaz.com.tr\/tr\/wp-content\/uploads\/2020\/04\/buyuk-e1587589280514.jpg","width":620,"height":329},{"@type":"BreadcrumbList","@id":"https:\/\/omerfarukkorkmaz.com.tr\/tr\/akaidde-taklid-caiz-degil-midir\/#breadcrumb","itemListElement":[{"@type":"ListItem","position":1,"name":"Anasayfa","item":"https:\/\/omerfarukkorkmaz.com.tr\/tr\/"},{"@type":"ListItem","position":2,"name":"Akaidde Taklid Caiz De\u011fil midir?"}]},{"@type":"WebSite","@id":"https:\/\/omerfarukkorkmaz.com.tr\/tr\/#website","url":"https:\/\/omerfarukkorkmaz.com.tr\/tr\/","name":"\u00d6mer Faruk Korkmaz Hocaefendi","description":"Resmi Web Sayfas\u0131","publisher":{"@id":"https:\/\/omerfarukkorkmaz.com.tr\/tr\/#\/schema\/person\/7efd65277de8b9dc0520ec210e387854"},"potentialAction":[{"@type":"SearchAction","target":{"@type":"EntryPoint","urlTemplate":"https:\/\/omerfarukkorkmaz.com.tr\/tr\/?s={search_term_string}"},"query-input":"required name=search_term_string"}],"inLanguage":"tr"},{"@type":["Person","Organization"],"@id":"https:\/\/omerfarukkorkmaz.com.tr\/tr\/#\/schema\/person\/7efd65277de8b9dc0520ec210e387854","name":"\u00d6mer Faruk Korkmaz","image":{"@type":"ImageObject","inLanguage":"tr","@id":"https:\/\/omerfarukkorkmaz.com.tr\/tr\/#\/schema\/person\/image\/","url":"https:\/\/omerfarukkorkmaz.com.tr\/tr\/wp-content\/uploads\/2020\/12\/cropped-nkl-2.png","contentUrl":"https:\/\/omerfarukkorkmaz.com.tr\/tr\/wp-content\/uploads\/2020\/12\/cropped-nkl-2.png","width":512,"height":512,"caption":"\u00d6mer Faruk Korkmaz"},"logo":{"@id":"https:\/\/omerfarukkorkmaz.com.tr\/tr\/#\/schema\/person\/image\/"},"url":"https:\/\/omerfarukkorkmaz.com.tr\/tr\/author\/ofkorkmaz\/"}]}},"_links":{"self":[{"href":"https:\/\/omerfarukkorkmaz.com.tr\/tr\/wp-json\/wp\/v2\/posts\/425","targetHints":{"allow":["GET"]}}],"collection":[{"href":"https:\/\/omerfarukkorkmaz.com.tr\/tr\/wp-json\/wp\/v2\/posts"}],"about":[{"href":"https:\/\/omerfarukkorkmaz.com.tr\/tr\/wp-json\/wp\/v2\/types\/post"}],"author":[{"embeddable":true,"href":"https:\/\/omerfarukkorkmaz.com.tr\/tr\/wp-json\/wp\/v2\/users\/3"}],"replies":[{"embeddable":true,"href":"https:\/\/omerfarukkorkmaz.com.tr\/tr\/wp-json\/wp\/v2\/comments?post=425"}],"version-history":[{"count":0,"href":"https:\/\/omerfarukkorkmaz.com.tr\/tr\/wp-json\/wp\/v2\/posts\/425\/revisions"}],"wp:featuredmedia":[{"embeddable":true,"href":"https:\/\/omerfarukkorkmaz.com.tr\/tr\/wp-json\/wp\/v2\/media\/426"}],"wp:attachment":[{"href":"https:\/\/omerfarukkorkmaz.com.tr\/tr\/wp-json\/wp\/v2\/media?parent=425"}],"wp:term":[{"taxonomy":"category","embeddable":true,"href":"https:\/\/omerfarukkorkmaz.com.tr\/tr\/wp-json\/wp\/v2\/categories?post=425"},{"taxonomy":"post_tag","embeddable":true,"href":"https:\/\/omerfarukkorkmaz.com.tr\/tr\/wp-json\/wp\/v2\/tags?post=425"}],"curies":[{"name":"wp","href":"https:\/\/api.w.org\/{rel}","templated":true}]}}