{"id":409,"date":"2020-04-13T13:38:48","date_gmt":"2020-04-13T13:38:48","guid":{"rendered":"http:\/\/www.omerfarukkorkmaz.com.tr\/?p=409"},"modified":"2020-04-13T13:38:48","modified_gmt":"2020-04-13T13:38:48","slug":"kutsal-emanetlere-hurmet-sirk-midir","status":"publish","type":"post","link":"https:\/\/omerfarukkorkmaz.com.tr\/tr\/kutsal-emanetlere-hurmet-sirk-midir\/","title":{"rendered":"Kutsal Em\u00e2netlere H\u00fcrmet \u015eirk Midir?"},"content":{"rendered":"<p>Mukaddes emanetler konusu a\u00e7\u0131ld\u0131\u011f\u0131nda evvelden beri bir tak\u0131m insanlar\u0131n birbirleriyle vasiyetle\u015fmi\u015f\u00e7esine \u201cb\u00f6yle bir \u015fey \u0130slam\u2019da yok. Bu \u015firktir. Sakal-\u0131 \u015ferif mi olur. \u0130nsanlar\u0131 putla\u015ft\u0131rmay\u0131n\u201d gibi kli\u015fe c\u00fcmleler kurdu\u011funa \u015fahit oluruz. Hadisenin benim a\u00e7\u0131mdan en dikkat \u00e7ekici yan\u0131, bu tarz c\u00fcmleleri kurarak meseleye yakla\u015fanlar\u0131n \u0130slam ad\u0131na hi\u00e7bir dert ve tasa ta\u015f\u0131mayan ki\u015filerden olu\u015fmas\u0131. M\u00fc\u015fterek \u00f6zellikleri bu. Bir ortak \u00f6zellikleri ise herhangi bir ilm\u00ee altyap\u0131ya sahip olmaks\u0131z\u0131n \u0130slam ad\u0131na bildikleri tek \u015feyin \u201cB\u00f6yle bir \u015fey Kur\u2019an\u2019da yok\u201d ifadesinden ibaret olmas\u0131.<\/p>\n<p>Ben burada mukaddes emanetlerin ba\u015fta ashab-\u0131 kiram ve selef-i salih\u00een nazar\u0131nda ne denli ehemmiyeti haiz oldu\u011funu g\u00f6steren onlarca sahih rivayetleri s\u0131ralamayaca\u011f\u0131m. Ve ben burada ashab\u0131n Resul\u00fcllah\u2019a -sallallahu aleyhi ve sellem- ait her \u015feye \u2013ona duyduklar\u0131 a\u015fk ve muhabbetten \u00f6t\u00fcr\u00fc- son derece h\u00fcrmet ve tazim ettiklerine delalet eden onca rivayeti s\u0131ralamayaca\u011f\u0131m. Zira bunlar\u0131 serdetmem, a\u015fk ve muhabbetini d\u00fcnyevi metalara hasretmi\u015f, Allah ve Resul\u00fc ad\u0131na her \u015feyden ge\u00e7ebilmenin nas\u0131l bir duygu oldu\u011funu hayal bile edemeyecek biz 21. Y\u00fczy\u0131l M\u00fcsl\u00fcmanlar\u0131na pek fayda sa\u011flamaz.<\/p>\n<p>Ben burada meseleyle ilgili hakikati arama pe\u015finde olan d\u00fcr\u00fcst M\u00fcsl\u00fcmanlara fayda sa\u011flar d\u00fc\u015f\u00fcncesiyle bir ayet \u00fczerinde durmak istiyorum. Ayet \u015fu: <em>\u201cPeygamberleri onlara: Onun h\u00fck\u00fcmdarl\u0131\u011f\u0131n\u0131n al\u00e2meti, Tabut&#8217;un size gelmesidir. Meleklerin ta\u015f\u0131d\u0131\u011f\u0131 o Tabut&#8217;un i\u00e7inde Rabbinizden size bir ferahl\u0131k ve s\u00fck\u00fbnet, Musa ve Harun hanedanlar\u0131n\u0131n b\u0131rakt\u0131klar\u0131ndan bir kal\u0131nt\u0131 vard\u0131r. E\u011fer inanm\u0131\u015f kimseler iseniz sizin i\u00e7in bunda \u015f\u00fcphesiz bir al\u00e2met vard\u0131r, dedi. Peygamberleri onlara: Onun h\u00fck\u00fcmdarl\u0131\u011f\u0131n\u0131n al\u00e2meti, Tabut&#8217;un size gelmesidir. Meleklerin ta\u015f\u0131d\u0131\u011f\u0131 o Tabut&#8217;un i\u00e7inde Rabbinizden size bir ferahl\u0131k ve s\u00fck\u00fbnet, Musa ve Harun hanedanlar\u0131n\u0131n b\u0131rakt\u0131klar\u0131ndan bir kal\u0131nt\u0131 vard\u0131r. E\u011fer inanm\u0131\u015f kimseler iseniz sizin i\u00e7in bunda \u015f\u00fcphesiz bir al\u00e2met vard\u0131r, dedi.\u201d<\/em> <a href=\"#_ftn1\" name=\"_ftnref1\">[1]<\/a><\/p>\n<p>Hadisenin detay\u0131n\u0131 \u00f6\u011frenmek isteyenler tefsirlere bakabilirler. Benim bu ayet \u00fczerinden dikkat \u00e7ekmek istedi\u011fim nokta, Talut\u2019un h\u00fck\u00fcmdarl\u0131\u011f\u0131na alamet olarak bir tabutun\/sand\u0131\u011f\u0131n g\u00f6sterilmi\u015f olmas\u0131. Peki ne var bu tabutta? Rabbimizden gelen bir sekinet ve Musa ile Harun (aleyhimesselam)\u2019\u0131n hanedan\u0131n\u0131n geriye b\u0131rakt\u0131klar\u0131 asa ve nalin gibi bir tak\u0131m e\u015fya. Cenab-\u0131 Hak bu e\u015fyan\u0131n bulundu\u011fu sand\u0131kta kendi kat\u0131ndan bir sekinet ve huzurun bulundu\u011funu ifade buyuruyor. Mukaddes emanetler dendi\u011finde y\u00fczlerini buru\u015fturup haz\u0131ms\u0131zl\u0131k duygular\u0131n\u0131 bir k\u0131s\u0131m rivayetlere sald\u0131rarak tatmin edenler bu ayete tek kelam edebilecekler mi?<\/p>\n<p>Mukaddes emanetler \u00fczerinden sergilenen bir tak\u0131m istismar ve cehalet \u00fcr\u00fcn\u00fc hadiselere odaklan\u0131p bu konu a\u00e7\u0131ld\u0131\u011f\u0131nda hep bu olaylar\u0131 pi\u015firip pi\u015firip \u00f6n\u00fcm\u00fcze sunanlar Kur\u2019an\u2019\u0131n ayn\u0131 noktaya temas eden bu tarz ayetlerine de bir \u015fey s\u00f6yleyebilecekler mi? Yoksa \u2013h\u00e2\u015f\u00e2- Kur\u2019an\u2019da m\u0131 \u015firki telkin ediyor.<\/p>\n<p>Tek kelimeyle, d\u00fcr\u00fcst de\u011filsiniz.<\/p>\n<hr \/>\n<p><span style=\"font-size: 10pt\"><a href=\"#_ftnref1\" name=\"_ftn1\">[1]<\/a> Bakara, 248<\/span><\/p>\n","protected":false},"excerpt":{"rendered":"<p>Mukaddes emanetler konusu a\u00e7\u0131ld\u0131\u011f\u0131nda evvelden beri bir tak\u0131m insanlar\u0131n birbirleriyle vasiyetle\u015fmi\u015f\u00e7esine \u201cb\u00f6yle bir \u015fey \u0130slam\u2019da yok. Bu \u015firktir. Sakal-\u0131 \u015ferif mi olur. \u0130nsanlar\u0131 putla\u015ft\u0131rmay\u0131n\u201d gibi kli\u015fe c\u00fcmleler kurdu\u011funa \u015fahit oluruz. Hadisenin benim a\u00e7\u0131mdan en dikkat \u00e7ekici yan\u0131, bu tarz c\u00fcmleleri kurarak meseleye yakla\u015fanlar\u0131n \u0130slam ad\u0131na hi\u00e7bir dert ve tasa ta\u015f\u0131mayan ki\u015filerden olu\u015fmas\u0131. M\u00fc\u015fterek \u00f6zellikleri bu. [&hellip;]<\/p>\n","protected":false},"author":2,"featured_media":410,"comment_status":"open","ping_status":"open","sticky":false,"template":"","format":"standard","meta":{"content-type":"","_monsterinsights_skip_tracking":false,"_monsterinsights_sitenote_active":false,"_monsterinsights_sitenote_note":"","_monsterinsights_sitenote_category":0,"footnotes":""},"categories":[14],"tags":[155,274,419,420,611],"class_list":{"0":"post-409","1":"post","2":"type-post","3":"status-publish","4":"format-standard","5":"has-post-thumbnail","7":"category-akaid-kelam","8":"tag-dirayet","9":"tag-hurmet","10":"tag-kutsal-emanetler","11":"tag-kutsal-emanetlere-hurmet-sirk-midir","12":"tag-sirk-midir"},"yoast_head":"<!-- This site is optimized with the Yoast SEO plugin v23.2 - https:\/\/yoast.com\/wordpress\/plugins\/seo\/ -->\n<title>Kutsal Em\u00e2netlere H\u00fcrmet \u015eirk Midir? - \u00d6mer Faruk Korkmaz Hocaefendi<\/title>\n<meta name=\"robots\" content=\"index, follow, max-snippet:-1, max-image-preview:large, max-video-preview:-1\" \/>\n<link rel=\"canonical\" href=\"https:\/\/omerfarukkorkmaz.com.tr\/tr\/kutsal-emanetlere-hurmet-sirk-midir\/\" \/>\n<meta property=\"og:locale\" content=\"tr_TR\" \/>\n<meta property=\"og:type\" content=\"article\" \/>\n<meta property=\"og:title\" content=\"Kutsal Em\u00e2netlere H\u00fcrmet \u015eirk Midir? - \u00d6mer Faruk Korkmaz Hocaefendi\" \/>\n<meta property=\"og:description\" content=\"Mukaddes emanetler konusu a\u00e7\u0131ld\u0131\u011f\u0131nda evvelden beri bir tak\u0131m insanlar\u0131n birbirleriyle vasiyetle\u015fmi\u015f\u00e7esine \u201cb\u00f6yle bir \u015fey \u0130slam\u2019da yok. Bu \u015firktir. Sakal-\u0131 \u015ferif mi olur. \u0130nsanlar\u0131 putla\u015ft\u0131rmay\u0131n\u201d gibi kli\u015fe c\u00fcmleler kurdu\u011funa \u015fahit oluruz. Hadisenin benim a\u00e7\u0131mdan en dikkat \u00e7ekici yan\u0131, bu tarz c\u00fcmleleri kurarak meseleye yakla\u015fanlar\u0131n \u0130slam ad\u0131na hi\u00e7bir dert ve tasa ta\u015f\u0131mayan ki\u015filerden olu\u015fmas\u0131. M\u00fc\u015fterek \u00f6zellikleri bu. [&hellip;]\" \/>\n<meta property=\"og:url\" content=\"https:\/\/omerfarukkorkmaz.com.tr\/tr\/kutsal-emanetlere-hurmet-sirk-midir\/\" \/>\n<meta property=\"og:site_name\" content=\"\u00d6mer Faruk Korkmaz Hocaefendi\" \/>\n<meta property=\"article:published_time\" content=\"2020-04-13T13:38:48+00:00\" \/>\n<meta property=\"og:image\" content=\"https:\/\/omerfarukkorkmaz.com.tr\/tr\/wp-content\/uploads\/2020\/04\/kutsal-emanetler.jpg\" \/>\n\t<meta property=\"og:image:width\" content=\"900\" \/>\n\t<meta property=\"og:image:height\" content=\"450\" \/>\n\t<meta property=\"og:image:type\" content=\"image\/jpeg\" \/>\n<meta name=\"author\" content=\"recep \u00e7elik\" \/>\n<meta name=\"twitter:card\" content=\"summary_large_image\" \/>\n<meta name=\"twitter:label1\" content=\"Yazan:\" \/>\n\t<meta name=\"twitter:data1\" content=\"recep \u00e7elik\" \/>\n\t<meta name=\"twitter:label2\" content=\"Tahmini okuma s\u00fcresi\" \/>\n\t<meta name=\"twitter:data2\" content=\"3 dakika\" \/>\n<script type=\"application\/ld+json\" class=\"yoast-schema-graph\">{\"@context\":\"https:\/\/schema.org\",\"@graph\":[{\"@type\":\"Article\",\"@id\":\"https:\/\/omerfarukkorkmaz.com.tr\/tr\/kutsal-emanetlere-hurmet-sirk-midir\/#article\",\"isPartOf\":{\"@id\":\"https:\/\/omerfarukkorkmaz.com.tr\/tr\/kutsal-emanetlere-hurmet-sirk-midir\/\"},\"author\":{\"name\":\"recep \u00e7elik\",\"@id\":\"https:\/\/omerfarukkorkmaz.com.tr\/tr\/#\/schema\/person\/9cc90a95b781e62d0cd7ff991bd90b71\"},\"headline\":\"Kutsal Em\u00e2netlere H\u00fcrmet \u015eirk Midir?\",\"datePublished\":\"2020-04-13T13:38:48+00:00\",\"dateModified\":\"2020-04-13T13:38:48+00:00\",\"mainEntityOfPage\":{\"@id\":\"https:\/\/omerfarukkorkmaz.com.tr\/tr\/kutsal-emanetlere-hurmet-sirk-midir\/\"},\"wordCount\":551,\"commentCount\":0,\"publisher\":{\"@id\":\"https:\/\/omerfarukkorkmaz.com.tr\/tr\/#\/schema\/person\/7efd65277de8b9dc0520ec210e387854\"},\"image\":{\"@id\":\"https:\/\/omerfarukkorkmaz.com.tr\/tr\/kutsal-emanetlere-hurmet-sirk-midir\/#primaryimage\"},\"thumbnailUrl\":\"https:\/\/omerfarukkorkmaz.com.tr\/tr\/wp-content\/uploads\/2020\/04\/kutsal-emanetler.jpg\",\"keywords\":[\"dirayet\",\"h\u00fcrmet\",\"kutsal emanetler\",\"Kutsal Em\u00e2netlere H\u00fcrmet \u015eirk Midir?\",\"\u015firk midir\"],\"articleSection\":[\"Akaid-Kelam\"],\"inLanguage\":\"tr\",\"potentialAction\":[{\"@type\":\"CommentAction\",\"name\":\"Comment\",\"target\":[\"https:\/\/omerfarukkorkmaz.com.tr\/tr\/kutsal-emanetlere-hurmet-sirk-midir\/#respond\"]}]},{\"@type\":\"WebPage\",\"@id\":\"https:\/\/omerfarukkorkmaz.com.tr\/tr\/kutsal-emanetlere-hurmet-sirk-midir\/\",\"url\":\"https:\/\/omerfarukkorkmaz.com.tr\/tr\/kutsal-emanetlere-hurmet-sirk-midir\/\",\"name\":\"Kutsal Em\u00e2netlere H\u00fcrmet \u015eirk Midir? - \u00d6mer Faruk Korkmaz Hocaefendi\",\"isPartOf\":{\"@id\":\"https:\/\/omerfarukkorkmaz.com.tr\/tr\/#website\"},\"primaryImageOfPage\":{\"@id\":\"https:\/\/omerfarukkorkmaz.com.tr\/tr\/kutsal-emanetlere-hurmet-sirk-midir\/#primaryimage\"},\"image\":{\"@id\":\"https:\/\/omerfarukkorkmaz.com.tr\/tr\/kutsal-emanetlere-hurmet-sirk-midir\/#primaryimage\"},\"thumbnailUrl\":\"https:\/\/omerfarukkorkmaz.com.tr\/tr\/wp-content\/uploads\/2020\/04\/kutsal-emanetler.jpg\",\"datePublished\":\"2020-04-13T13:38:48+00:00\",\"dateModified\":\"2020-04-13T13:38:48+00:00\",\"breadcrumb\":{\"@id\":\"https:\/\/omerfarukkorkmaz.com.tr\/tr\/kutsal-emanetlere-hurmet-sirk-midir\/#breadcrumb\"},\"inLanguage\":\"tr\",\"potentialAction\":[{\"@type\":\"ReadAction\",\"target\":[\"https:\/\/omerfarukkorkmaz.com.tr\/tr\/kutsal-emanetlere-hurmet-sirk-midir\/\"]}]},{\"@type\":\"ImageObject\",\"inLanguage\":\"tr\",\"@id\":\"https:\/\/omerfarukkorkmaz.com.tr\/tr\/kutsal-emanetlere-hurmet-sirk-midir\/#primaryimage\",\"url\":\"https:\/\/omerfarukkorkmaz.com.tr\/tr\/wp-content\/uploads\/2020\/04\/kutsal-emanetler.jpg\",\"contentUrl\":\"https:\/\/omerfarukkorkmaz.com.tr\/tr\/wp-content\/uploads\/2020\/04\/kutsal-emanetler.jpg\",\"width\":900,\"height\":450},{\"@type\":\"BreadcrumbList\",\"@id\":\"https:\/\/omerfarukkorkmaz.com.tr\/tr\/kutsal-emanetlere-hurmet-sirk-midir\/#breadcrumb\",\"itemListElement\":[{\"@type\":\"ListItem\",\"position\":1,\"name\":\"Anasayfa\",\"item\":\"https:\/\/omerfarukkorkmaz.com.tr\/tr\/\"},{\"@type\":\"ListItem\",\"position\":2,\"name\":\"Kutsal Em\u00e2netlere H\u00fcrmet \u015eirk Midir?\"}]},{\"@type\":\"WebSite\",\"@id\":\"https:\/\/omerfarukkorkmaz.com.tr\/tr\/#website\",\"url\":\"https:\/\/omerfarukkorkmaz.com.tr\/tr\/\",\"name\":\"\u00d6mer Faruk Korkmaz Hocaefendi\",\"description\":\"Resmi Web Sayfas\u0131\",\"publisher\":{\"@id\":\"https:\/\/omerfarukkorkmaz.com.tr\/tr\/#\/schema\/person\/7efd65277de8b9dc0520ec210e387854\"},\"potentialAction\":[{\"@type\":\"SearchAction\",\"target\":{\"@type\":\"EntryPoint\",\"urlTemplate\":\"https:\/\/omerfarukkorkmaz.com.tr\/tr\/?s={search_term_string}\"},\"query-input\":\"required name=search_term_string\"}],\"inLanguage\":\"tr\"},{\"@type\":[\"Person\",\"Organization\"],\"@id\":\"https:\/\/omerfarukkorkmaz.com.tr\/tr\/#\/schema\/person\/7efd65277de8b9dc0520ec210e387854\",\"name\":\"\u00d6mer Faruk Korkmaz\",\"image\":{\"@type\":\"ImageObject\",\"inLanguage\":\"tr\",\"@id\":\"https:\/\/omerfarukkorkmaz.com.tr\/tr\/#\/schema\/person\/image\/\",\"url\":\"https:\/\/omerfarukkorkmaz.com.tr\/tr\/wp-content\/uploads\/2020\/12\/cropped-nkl-2.png\",\"contentUrl\":\"https:\/\/omerfarukkorkmaz.com.tr\/tr\/wp-content\/uploads\/2020\/12\/cropped-nkl-2.png\",\"width\":512,\"height\":512,\"caption\":\"\u00d6mer Faruk Korkmaz\"},\"logo\":{\"@id\":\"https:\/\/omerfarukkorkmaz.com.tr\/tr\/#\/schema\/person\/image\/\"}},{\"@type\":\"Person\",\"@id\":\"https:\/\/omerfarukkorkmaz.com.tr\/tr\/#\/schema\/person\/9cc90a95b781e62d0cd7ff991bd90b71\",\"name\":\"recep \u00e7elik\",\"image\":{\"@type\":\"ImageObject\",\"inLanguage\":\"tr\",\"@id\":\"https:\/\/omerfarukkorkmaz.com.tr\/tr\/#\/schema\/person\/image\/\",\"url\":\"https:\/\/secure.gravatar.com\/avatar\/1400cab604a45758ec7b9c43c4b045a406eb803df385e995b6fbe28f4aa9007d?s=96&d=mm&r=g\",\"contentUrl\":\"https:\/\/secure.gravatar.com\/avatar\/1400cab604a45758ec7b9c43c4b045a406eb803df385e995b6fbe28f4aa9007d?s=96&d=mm&r=g\",\"caption\":\"recep \u00e7elik\"},\"url\":\"https:\/\/omerfarukkorkmaz.com.tr\/tr\/author\/recep\/\"}]}<\/script>\n<!-- \/ Yoast SEO plugin. -->","yoast_head_json":{"title":"Kutsal Em\u00e2netlere H\u00fcrmet \u015eirk Midir? - \u00d6mer Faruk Korkmaz Hocaefendi","robots":{"index":"index","follow":"follow","max-snippet":"max-snippet:-1","max-image-preview":"max-image-preview:large","max-video-preview":"max-video-preview:-1"},"canonical":"https:\/\/omerfarukkorkmaz.com.tr\/tr\/kutsal-emanetlere-hurmet-sirk-midir\/","og_locale":"tr_TR","og_type":"article","og_title":"Kutsal Em\u00e2netlere H\u00fcrmet \u015eirk Midir? - \u00d6mer Faruk Korkmaz Hocaefendi","og_description":"Mukaddes emanetler konusu a\u00e7\u0131ld\u0131\u011f\u0131nda evvelden beri bir tak\u0131m insanlar\u0131n birbirleriyle vasiyetle\u015fmi\u015f\u00e7esine \u201cb\u00f6yle bir \u015fey \u0130slam\u2019da yok. Bu \u015firktir. Sakal-\u0131 \u015ferif mi olur. \u0130nsanlar\u0131 putla\u015ft\u0131rmay\u0131n\u201d gibi kli\u015fe c\u00fcmleler kurdu\u011funa \u015fahit oluruz. Hadisenin benim a\u00e7\u0131mdan en dikkat \u00e7ekici yan\u0131, bu tarz c\u00fcmleleri kurarak meseleye yakla\u015fanlar\u0131n \u0130slam ad\u0131na hi\u00e7bir dert ve tasa ta\u015f\u0131mayan ki\u015filerden olu\u015fmas\u0131. M\u00fc\u015fterek \u00f6zellikleri bu. [&hellip;]","og_url":"https:\/\/omerfarukkorkmaz.com.tr\/tr\/kutsal-emanetlere-hurmet-sirk-midir\/","og_site_name":"\u00d6mer Faruk Korkmaz Hocaefendi","article_published_time":"2020-04-13T13:38:48+00:00","og_image":[{"width":900,"height":450,"url":"https:\/\/omerfarukkorkmaz.com.tr\/tr\/wp-content\/uploads\/2020\/04\/kutsal-emanetler.jpg","type":"image\/jpeg"}],"author":"recep \u00e7elik","twitter_card":"summary_large_image","twitter_misc":{"Yazan:":"recep \u00e7elik","Tahmini okuma s\u00fcresi":"3 dakika"},"schema":{"@context":"https:\/\/schema.org","@graph":[{"@type":"Article","@id":"https:\/\/omerfarukkorkmaz.com.tr\/tr\/kutsal-emanetlere-hurmet-sirk-midir\/#article","isPartOf":{"@id":"https:\/\/omerfarukkorkmaz.com.tr\/tr\/kutsal-emanetlere-hurmet-sirk-midir\/"},"author":{"name":"recep \u00e7elik","@id":"https:\/\/omerfarukkorkmaz.com.tr\/tr\/#\/schema\/person\/9cc90a95b781e62d0cd7ff991bd90b71"},"headline":"Kutsal Em\u00e2netlere H\u00fcrmet \u015eirk Midir?","datePublished":"2020-04-13T13:38:48+00:00","dateModified":"2020-04-13T13:38:48+00:00","mainEntityOfPage":{"@id":"https:\/\/omerfarukkorkmaz.com.tr\/tr\/kutsal-emanetlere-hurmet-sirk-midir\/"},"wordCount":551,"commentCount":0,"publisher":{"@id":"https:\/\/omerfarukkorkmaz.com.tr\/tr\/#\/schema\/person\/7efd65277de8b9dc0520ec210e387854"},"image":{"@id":"https:\/\/omerfarukkorkmaz.com.tr\/tr\/kutsal-emanetlere-hurmet-sirk-midir\/#primaryimage"},"thumbnailUrl":"https:\/\/omerfarukkorkmaz.com.tr\/tr\/wp-content\/uploads\/2020\/04\/kutsal-emanetler.jpg","keywords":["dirayet","h\u00fcrmet","kutsal emanetler","Kutsal Em\u00e2netlere H\u00fcrmet \u015eirk Midir?","\u015firk midir"],"articleSection":["Akaid-Kelam"],"inLanguage":"tr","potentialAction":[{"@type":"CommentAction","name":"Comment","target":["https:\/\/omerfarukkorkmaz.com.tr\/tr\/kutsal-emanetlere-hurmet-sirk-midir\/#respond"]}]},{"@type":"WebPage","@id":"https:\/\/omerfarukkorkmaz.com.tr\/tr\/kutsal-emanetlere-hurmet-sirk-midir\/","url":"https:\/\/omerfarukkorkmaz.com.tr\/tr\/kutsal-emanetlere-hurmet-sirk-midir\/","name":"Kutsal Em\u00e2netlere H\u00fcrmet \u015eirk Midir? - \u00d6mer Faruk Korkmaz Hocaefendi","isPartOf":{"@id":"https:\/\/omerfarukkorkmaz.com.tr\/tr\/#website"},"primaryImageOfPage":{"@id":"https:\/\/omerfarukkorkmaz.com.tr\/tr\/kutsal-emanetlere-hurmet-sirk-midir\/#primaryimage"},"image":{"@id":"https:\/\/omerfarukkorkmaz.com.tr\/tr\/kutsal-emanetlere-hurmet-sirk-midir\/#primaryimage"},"thumbnailUrl":"https:\/\/omerfarukkorkmaz.com.tr\/tr\/wp-content\/uploads\/2020\/04\/kutsal-emanetler.jpg","datePublished":"2020-04-13T13:38:48+00:00","dateModified":"2020-04-13T13:38:48+00:00","breadcrumb":{"@id":"https:\/\/omerfarukkorkmaz.com.tr\/tr\/kutsal-emanetlere-hurmet-sirk-midir\/#breadcrumb"},"inLanguage":"tr","potentialAction":[{"@type":"ReadAction","target":["https:\/\/omerfarukkorkmaz.com.tr\/tr\/kutsal-emanetlere-hurmet-sirk-midir\/"]}]},{"@type":"ImageObject","inLanguage":"tr","@id":"https:\/\/omerfarukkorkmaz.com.tr\/tr\/kutsal-emanetlere-hurmet-sirk-midir\/#primaryimage","url":"https:\/\/omerfarukkorkmaz.com.tr\/tr\/wp-content\/uploads\/2020\/04\/kutsal-emanetler.jpg","contentUrl":"https:\/\/omerfarukkorkmaz.com.tr\/tr\/wp-content\/uploads\/2020\/04\/kutsal-emanetler.jpg","width":900,"height":450},{"@type":"BreadcrumbList","@id":"https:\/\/omerfarukkorkmaz.com.tr\/tr\/kutsal-emanetlere-hurmet-sirk-midir\/#breadcrumb","itemListElement":[{"@type":"ListItem","position":1,"name":"Anasayfa","item":"https:\/\/omerfarukkorkmaz.com.tr\/tr\/"},{"@type":"ListItem","position":2,"name":"Kutsal Em\u00e2netlere H\u00fcrmet \u015eirk Midir?"}]},{"@type":"WebSite","@id":"https:\/\/omerfarukkorkmaz.com.tr\/tr\/#website","url":"https:\/\/omerfarukkorkmaz.com.tr\/tr\/","name":"\u00d6mer Faruk Korkmaz Hocaefendi","description":"Resmi Web Sayfas\u0131","publisher":{"@id":"https:\/\/omerfarukkorkmaz.com.tr\/tr\/#\/schema\/person\/7efd65277de8b9dc0520ec210e387854"},"potentialAction":[{"@type":"SearchAction","target":{"@type":"EntryPoint","urlTemplate":"https:\/\/omerfarukkorkmaz.com.tr\/tr\/?s={search_term_string}"},"query-input":"required name=search_term_string"}],"inLanguage":"tr"},{"@type":["Person","Organization"],"@id":"https:\/\/omerfarukkorkmaz.com.tr\/tr\/#\/schema\/person\/7efd65277de8b9dc0520ec210e387854","name":"\u00d6mer Faruk Korkmaz","image":{"@type":"ImageObject","inLanguage":"tr","@id":"https:\/\/omerfarukkorkmaz.com.tr\/tr\/#\/schema\/person\/image\/","url":"https:\/\/omerfarukkorkmaz.com.tr\/tr\/wp-content\/uploads\/2020\/12\/cropped-nkl-2.png","contentUrl":"https:\/\/omerfarukkorkmaz.com.tr\/tr\/wp-content\/uploads\/2020\/12\/cropped-nkl-2.png","width":512,"height":512,"caption":"\u00d6mer Faruk Korkmaz"},"logo":{"@id":"https:\/\/omerfarukkorkmaz.com.tr\/tr\/#\/schema\/person\/image\/"}},{"@type":"Person","@id":"https:\/\/omerfarukkorkmaz.com.tr\/tr\/#\/schema\/person\/9cc90a95b781e62d0cd7ff991bd90b71","name":"recep \u00e7elik","image":{"@type":"ImageObject","inLanguage":"tr","@id":"https:\/\/omerfarukkorkmaz.com.tr\/tr\/#\/schema\/person\/image\/","url":"https:\/\/secure.gravatar.com\/avatar\/1400cab604a45758ec7b9c43c4b045a406eb803df385e995b6fbe28f4aa9007d?s=96&d=mm&r=g","contentUrl":"https:\/\/secure.gravatar.com\/avatar\/1400cab604a45758ec7b9c43c4b045a406eb803df385e995b6fbe28f4aa9007d?s=96&d=mm&r=g","caption":"recep \u00e7elik"},"url":"https:\/\/omerfarukkorkmaz.com.tr\/tr\/author\/recep\/"}]}},"_links":{"self":[{"href":"https:\/\/omerfarukkorkmaz.com.tr\/tr\/wp-json\/wp\/v2\/posts\/409","targetHints":{"allow":["GET"]}}],"collection":[{"href":"https:\/\/omerfarukkorkmaz.com.tr\/tr\/wp-json\/wp\/v2\/posts"}],"about":[{"href":"https:\/\/omerfarukkorkmaz.com.tr\/tr\/wp-json\/wp\/v2\/types\/post"}],"author":[{"embeddable":true,"href":"https:\/\/omerfarukkorkmaz.com.tr\/tr\/wp-json\/wp\/v2\/users\/2"}],"replies":[{"embeddable":true,"href":"https:\/\/omerfarukkorkmaz.com.tr\/tr\/wp-json\/wp\/v2\/comments?post=409"}],"version-history":[{"count":0,"href":"https:\/\/omerfarukkorkmaz.com.tr\/tr\/wp-json\/wp\/v2\/posts\/409\/revisions"}],"wp:featuredmedia":[{"embeddable":true,"href":"https:\/\/omerfarukkorkmaz.com.tr\/tr\/wp-json\/wp\/v2\/media\/410"}],"wp:attachment":[{"href":"https:\/\/omerfarukkorkmaz.com.tr\/tr\/wp-json\/wp\/v2\/media?parent=409"}],"wp:term":[{"taxonomy":"category","embeddable":true,"href":"https:\/\/omerfarukkorkmaz.com.tr\/tr\/wp-json\/wp\/v2\/categories?post=409"},{"taxonomy":"post_tag","embeddable":true,"href":"https:\/\/omerfarukkorkmaz.com.tr\/tr\/wp-json\/wp\/v2\/tags?post=409"}],"curies":[{"name":"wp","href":"https:\/\/api.w.org\/{rel}","templated":true}]}}