{"id":1440,"date":"2025-06-03T23:09:00","date_gmt":"2025-06-03T23:09:00","guid":{"rendered":"https:\/\/omerfarukkorkmaz.com.tr\/tr\/?p=1440"},"modified":"2025-06-03T23:09:00","modified_gmt":"2025-06-03T23:09:00","slug":"bayram-gunu-cuma-gunune-denk-geldiginde-cuma-namazi-duser-mi","status":"publish","type":"post","link":"https:\/\/omerfarukkorkmaz.com.tr\/tr\/bayram-gunu-cuma-gunune-denk-geldiginde-cuma-namazi-duser-mi\/","title":{"rendered":"Bayram G\u00fcn\u00fc Cuma G\u00fcn\u00fcne Denk Geldi\u011finde Cuma Namaz\u0131 D\u00fc\u015fer Mi?"},"content":{"rendered":"<p>Bayram g\u00fcn\u00fcn\u00fcn cumaya denk gelmesi durumunda Cuma namaz\u0131n\u0131n sorumlulu\u011funun ki\u015fiden d\u00fc\u015fece\u011fi; bayram namaz\u0131n\u0131 eda ederse o g\u00fcn Cuma namaz\u0131 k\u0131lmayabilece\u011fi \u015feklindeki g\u00f6r\u00fc\u015f tarihte baz\u0131 fakihlerin savunmu\u015f oldu\u011fu bir g\u00f6r\u00fc\u015ft\u00fcr. Ne var ki cumhur uleman\u0131n savundu\u011fu g\u00f6r\u00fc\u015f bu de\u011fildir. Dilerseniz \u00f6ncelikle meselenin \u00e7\u0131k\u0131\u015f noktas\u0131 say\u0131labilecek hadiseyi anlatan rivayete yer verelim sonra da alimlerin bu rivayeti nas\u0131l de\u011ferlendirdikleri noktas\u0131n\u0131 ayd\u0131nlatarak meselemizi tahlil etmi\u015f olal\u0131m.<\/p>\n<p>Bayram g\u00fcn\u00fc Cuma g\u00fcn\u00fcne denk geldi\u011finde -ki bizim bu y\u0131l b\u00f6yle olacakt\u0131r- Cuma namaz\u0131n\u0131n d\u00fc\u015fece\u011fi g\u00f6r\u00fc\u015f\u00fcne delil olarak getirilen rivayet \u015fu \u015fekildedir:<\/p>\n<p>Ez-Zuhr\u00ee, Abdurrahm\u00e2n\u2019\u0131n azadl\u0131 k\u00f6lesi Eb\u00fb Ubeyd\u2019den \u015f\u00f6yle rivayet etmi\u015ftir:<\/p>\n<p>\u201cBayram namaz\u0131n\u0131 Hz. \u00d6mer bin Hatt\u00e2b ile birlikte k\u0131ld\u0131m. Namaz\u0131 k\u0131ld\u0131, ard\u0131ndan d\u00f6n\u00fcp hutbe okudu ve \u015f\u00f6yle dedi: \u201cBu iki g\u00fcn\u00fc (yani Ramazan Bayram\u0131 ve Kurban Bayram\u0131 g\u00fcnlerini), Res\u00fblullah \ufdfa oru\u00e7 tutmay\u0131 yasaklam\u0131\u015ft\u0131r. Bunlardan biri, oru\u00e7lar\u0131n\u0131z\u0131 bozdu\u011funuz Ramazan Bayram\u0131 g\u00fcn\u00fcd\u00fcr; di\u011feri ise kurbanlar\u0131n\u0131z\u0131n etlerinden yedi\u011finiz g\u00fcnd\u00fcr (yani Kurban Bayram\u0131).\u201d Sonra bayram namaz\u0131n\u0131 Hz. Osman bin Aff\u00e2n ile birlikte k\u0131ld\u0131m. Namaz\u0131 k\u0131ld\u0131, ard\u0131ndan d\u00f6n\u00fcp hutbe okudu ve \u015f\u00f6yle dedi:<\/p>\n<p>\u201cBug\u00fcn, sizler i\u00e7in iki bayram bir araya gelmi\u015ftir (yani bayram ve cuma). \u00c2liye (Medine\u2019nin \u00fcst kesimleri) halk\u0131ndan cuma namaz\u0131n\u0131 beklemek isteyen beklesin; d\u00f6nmek isteyen de d\u00f6nebilir. Ben ona izin verdim.\u201d Sonra bayram namaz\u0131n\u0131 Hz. Ali ile birlikte k\u0131ld\u0131m. O esnada Hz. Osman evinde ku\u015fatma alt\u0131ndayd\u0131. Hz. Ali namaz\u0131 k\u0131ld\u0131, ard\u0131ndan d\u00f6n\u00fcp hutbe okudu.\u201d<\/p>\n<p>Bu rivayeti aktaran \u0130mam Muhammed \u015f\u00f6yle demektedir: \u201cB\u00fct\u00fcn bu rivayetlere g\u00f6re biz de h\u00fck\u00fcm veririz. Nitekim Hz. Osman cuma namaz\u0131 konusunda sadece \u00c2liye halk\u0131na (Medine d\u0131\u015f\u0131nda oturanlara) ruhsat vermi\u015ftir; \u00e7\u00fcnk\u00fc onlar \u015fehrin (Medine\u2019nin) as\u0131l sakinlerinden say\u0131lmazlard\u0131. Bu da \u0130mam Eb\u00fb Han\u00eefe\u2019nin -Allah ona rahmet etsin- g\u00f6r\u00fc\u015f\u00fcd\u00fcr.\u201d<a href=\"#_ftn1\" name=\"_ftnref1\">[1]<\/a><\/p>\n<blockquote><p>Dikkat edilirse \u0130mam Muhammed bu rivayeti de\u011ferlendirirken, mutlak anlamda bayram\u0131n Cuma g\u00fcn\u00fcne denk gelmesinin Cuma namaz\u0131n\u0131 ki\u015fiden d\u00fc\u015f\u00fcrmeyece\u011fini; rivayette bahsedilen durumun zaten Cuma\u2019n\u0131n kendilerine farz olmayan ki\u015filerle ilgili oldu\u011funu s\u00f6ylemektedir. Dolay\u0131s\u0131yla Hanef\u00eelerin bu konudaki g\u00f6r\u00fc\u015f\u00fc bayram\u0131n Cuma g\u00fcn\u00fcne denk gelmesi halinde Cuma namaz\u0131n\u0131n farziyetinin d\u00fc\u015fmeyece\u011fi y\u00f6n\u00fcndedir.<\/p><\/blockquote>\n<p>\u015eimdi de tarih boyu di\u011fer uleman\u0131n bu konuya nas\u0131l yakla\u015ft\u0131\u011f\u0131na \u015f\u00f6yle cevap arayal\u0131m:<\/p>\n<p>\u0130bn Kud\u00e2me \u015f\u00f6yle der: \u201cE\u011fer bayram g\u00fcn\u00fc cuma g\u00fcn\u00fcne denk gelirse, bayram namaz\u0131n\u0131 k\u0131lan kimselerden cuma namaz\u0131na kat\u0131lma y\u00fck\u00fcml\u00fcl\u00fc\u011f\u00fc d\u00fc\u015fer. (\u2026) Cuma namaz\u0131n\u0131n bayram g\u00fcn\u00fcne denk geldi\u011finde d\u00fc\u015fece\u011fini s\u00f6yleyenler aras\u0131nda \u015ea\u2018b\u00ee, Neha\u2018\u00ee ve Evz\u00e2\u2018\u00ee de vard\u0131r.&#8221;<\/p>\n<p>&#8220;Bu g\u00f6r\u00fc\u015f\u00fcn Hz. \u00d6mer, Hz. Osman, Hz. Ali, Sa\u00eed (b. el-M\u00fcseyyib), Abdullah b. \u00d6mer, Abdullah b. Abbas ve Abdullah b. Z\u00fcbeyr\u2019in mezhebi oldu\u011fu da s\u00f6ylenmi\u015ftir. Fakat fakihlerin \u00e7o\u011fu, cuma namaz\u0131n\u0131n (bayram namaz\u0131 k\u0131l\u0131nsa dahi) farz oldu\u011fu g\u00f6r\u00fc\u015f\u00fcndedir.<a href=\"#_ftn2\" name=\"_ftnref2\">[2]<\/a> \u00c7\u00fcnk\u00fc (cuma namaz\u0131n\u0131n farz oldu\u011funu bildiren) ayetin genel ifadesi ve bu h\u00fckm\u00fc destekleyen hadisler mevcuttur. Ayr\u0131ca, bu iki namaz (bayram ve cuma) farz olan iki ayr\u0131 namazd\u0131r. Bu durumda birinin di\u011ferini d\u00fc\u015f\u00fcrmemesi gerekir; t\u0131pk\u0131 \u00f6\u011fle namaz\u0131yla bayram namaz\u0131n\u0131n birinin di\u011ferini d\u00fc\u015f\u00fcrmemesi gibi.\u201d <a href=\"#_ftn3\" name=\"_ftnref3\">[3]<\/a><\/p>\n<p>\u0130bn Kud\u00e2me\u2019den al\u0131nt\u0131lad\u0131\u011f\u0131m\u0131z bu derli toplu tafsilden sonra mezheplerin bu husustaki g\u00f6r\u00fc\u015f\u00fcn\u00fc de k\u0131saca \u015f\u00f6yle ifade etmi\u015f olal\u0131m:<\/p>\n<p>Hanef\u00eelerin g\u00f6r\u00fc\u015f\u00fc yukar\u0131da \u0130mam Muhammed\u2019den al\u0131nt\u0131lad\u0131\u011f\u0131m\u0131z minvaldedir. \u0130mam Tah\u00e2v\u00ee\u2019nin ifade etti\u011fi \u00fczere \u0130mam Malik de bu konuda Hanef\u00eelerle ayn\u0131 g\u00f6r\u00fc\u015ftedir.<a href=\"#_ftn4\" name=\"_ftnref4\">[4]<\/a> \u00a0Malik\u00ee kaynaklarda yer alan malumat da bunu desteklemektedir.<a href=\"#_ftn5\" name=\"_ftnref5\">[5]<\/a> Yani biri nafile di\u011feri farz olan bu namazlar\u0131n birinin k\u0131l\u0131nmas\u0131 di\u011ferini d\u00fc\u015f\u00fcrmeyecektir. Yukar\u0131da Hz.Osman ile ilgili nakledilen rivayette bahis mevzuu olan ki\u015filer zaten Cuma\u2019n\u0131n kendilerine farz olmad\u0131\u011f\u0131 \u015fehir d\u0131\u015f\u0131nda oturan insanlard\u0131r.<\/p>\n<p>\u015eafiilerin g\u00f6r\u00fc\u015f\u00fc, b\u00f6yle bir durumda \u015fehir halk\u0131na cuman\u0131n farz olmas\u0131, k\u00f6yl\u00fclerden s\u00e2k\u0131t olabilece\u011fi y\u00f6n\u00fcndedir. Nitekim Osman b. Aff\u00e2n, \u00d6mer b. Abd\u00fclaziz ve cumhur uleman\u0131n g\u00f6r\u00fc\u015f\u00fc de budur.<a href=\"#_ftn6\" name=\"_ftnref6\">[6]<\/a><\/p>\n<blockquote><p>Ez c\u00fcmle, Hanef\u00eelerin ve di\u011fer cumhur uleman\u0131n g\u00f6r\u00fc\u015f\u00fcne g\u00f6re Bayram\u0131n Cuma g\u00fcn\u00fcne denk gelmesi durumunda Cuma namaz\u0131 ki\u015fiden s\u00e2k\u0131t olmayacakt\u0131r. Bu hususta delil al\u0131nan rivayetin nas\u0131l anla\u015f\u0131lmas\u0131 gerekti\u011fi de yukar\u0131da beyan edilmi\u015ftir.<\/p><\/blockquote>\n<p>&#8212;&#8212;&#8212;&#8212;&#8212;&#8212;&#8212;&#8212;&#8212;&#8212;&#8212;&#8212;&#8212;&#8212;&#8212;&#8212;&#8212;&#8212;&#8212;&#8212;&#8212;&#8212;&#8212;&#8212;&#8212;-<\/p>\n<p><a href=\"#_ftnref1\" name=\"_ftn1\">[1]<\/a> Muhammed b. Hasen e\u015f-\u015eeyb\u00e2n\u00ee, <em>Muvatta,<\/em> No: 232, 233.<\/p>\n<p><a href=\"#_ftnref2\" name=\"_ftn2\">[2]<\/a> \u0130bnu\u2019l-M\u00fcnzir de <em>el-Evsat<\/em>\u2019\u0131n da bu hususta ittifak oldu\u011funu aktararak \u015f\u00f6yle demektedir: &#8220;\u00c2limler, cuma namaz\u0131n\u0131n farz oldu\u011fu konusunda ittifak etmi\u015flerdir. Res\u00fblullah\u2019tan sabit olan sahih haberler de, farz namazlar\u0131n be\u015f vakit oldu\u011funu g\u00f6stermektedir. Bayram namazlar\u0131 bu be\u015f vakitten de\u011fildir. Kur\u2019\u00e2n, S\u00fcnnet ve icm\u00e2 cuma namaz\u0131n\u0131n farz oldu\u011funa delalet ederken; Res\u00fblullah\u2019tan gelen sahih haberler de bayram namaz\u0131n\u0131n nafile (s\u00fcnnet) oldu\u011funu g\u00f6sterdi\u011fine g\u00f6re, bir farz namaz, bir nafile sebebiyle terk edilemez.&#8221; (\u0130bnu\u2019l-M\u00fcnzir, <em>el-Evsat<\/em> <em>fi\u2019s-S\u00fcneni ve\u2019l-\u0130cm\u00e2\u2018i ve\u2019l-\u0130htil\u00e2f<\/em>, D\u00e2ru Tayba, 1991, Bask\u0131: I, IV\/291.)<\/p>\n<p><a href=\"#_ftnref3\" name=\"_ftn3\">[3]<\/a> \u0130bn Kud\u00e2me<em>, el-Mu\u011fn\u00ee<\/em>, Mektebetu\u2019l-K\u00e2hire, M\u0131s\u0131r, 1388, II\/265.<\/p>\n<p><a href=\"#_ftnref4\" name=\"_ftn4\">[4]<\/a> Bkz. Eb\u00fb Ca\u2018fer et-Tah\u00e2v\u00ee, <em>Muhtasaru \u0130htil\u00e2fi\u2019l-Ulem\u00e2<\/em>, Daru\u2019l-Be\u015f\u00e2iri\u2019l-\u0130sl\u00e2miyye, Beyrut, I\/346.<\/p>\n<p><a href=\"#_ftnref5\" name=\"_ftn5\">[5]<\/a> Nitekim \u0130mam Malik, yukar\u0131da yer alan Hz. Osman ile ilgili rivayeti delil almam\u0131\u015f ve \u2018Bu rivayet bana bu tarikten ba\u015fka bir yolla ula\u015fmad\u0131\u2019 demi\u015ftir. \u0130mam Malik\u2019ten bu rivayeti onun g\u00f6r\u00fc\u015flerini en iyi bilen talebelerinden \u0130bnu\u2019l-Kas\u0131m el-M\u00fcdevvene\u2019de nakletmektedir. (Ebu\u2019l-Hasen Ali b. Sa\u2018\u00eed er-Recr\u00e2c\u00ee, <em>Men\u00e2hicu\u2019t-Tahs\u00eel<\/em>, Daru \u0130bn Hazm, 2007, Bask\u0131: I, I\/548.)<\/p>\n<p><a href=\"#_ftnref6\" name=\"_ftn6\">[6]<\/a> Zekeriyya en-Nevev\u00ee, <em>el-Mecm\u00fb\u2018 \u015eerhu\u2019l-M\u00fchezzeb<\/em>, IV\/491.<\/p>\n","protected":false},"excerpt":{"rendered":"<p>Bayram g\u00fcn\u00fcn\u00fcn cumaya denk gelmesi durumunda Cuma namaz\u0131n\u0131n sorumlulu\u011funun ki\u015fiden d\u00fc\u015fece\u011fi; bayram namaz\u0131n\u0131 eda ederse o g\u00fcn Cuma namaz\u0131 k\u0131lmayabilece\u011fi \u015feklindeki g\u00f6r\u00fc\u015f tarihte baz\u0131 fakihlerin savunmu\u015f oldu\u011fu bir g\u00f6r\u00fc\u015ft\u00fcr. Ne var ki cumhur uleman\u0131n savundu\u011fu g\u00f6r\u00fc\u015f bu de\u011fildir. Dilerseniz \u00f6ncelikle meselenin \u00e7\u0131k\u0131\u015f noktas\u0131 say\u0131labilecek hadiseyi anlatan rivayete yer verelim sonra da alimlerin bu rivayeti nas\u0131l [&hellip;]<\/p>\n","protected":false},"author":3,"featured_media":1441,"comment_status":"open","ping_status":"open","sticky":false,"template":"","format":"standard","meta":{"content-type":"","_monsterinsights_skip_tracking":false,"_monsterinsights_sitenote_active":false,"_monsterinsights_sitenote_note":"","_monsterinsights_sitenote_category":0,"footnotes":""},"categories":[2,21,8],"tags":[87,751,752,750,754,504,753],"class_list":{"0":"post-1440","1":"post","2":"type-post","3":"status-publish","4":"format-standard","5":"has-post-thumbnail","7":"category-gundeme-dair","8":"category-kurban","9":"category-sual-cevap","10":"tag-bayram","11":"tag-cuma","12":"tag-farziyet","13":"tag-kurban","14":"tag-kurban-bayrami","15":"tag-namaz","16":"tag-sorumluluk"},"yoast_head":"<!-- This site is optimized with the Yoast SEO plugin v23.2 - https:\/\/yoast.com\/wordpress\/plugins\/seo\/ -->\n<title>Bayram G\u00fcn\u00fc Cuma G\u00fcn\u00fcne Denk Geldi\u011finde Cuma Namaz\u0131 D\u00fc\u015fer Mi? - \u00d6mer Faruk Korkmaz Hocaefendi<\/title>\n<meta name=\"robots\" content=\"index, follow, max-snippet:-1, max-image-preview:large, max-video-preview:-1\" \/>\n<link rel=\"canonical\" href=\"https:\/\/omerfarukkorkmaz.com.tr\/tr\/bayram-gunu-cuma-gunune-denk-geldiginde-cuma-namazi-duser-mi\/\" \/>\n<meta property=\"og:locale\" content=\"tr_TR\" \/>\n<meta property=\"og:type\" content=\"article\" \/>\n<meta property=\"og:title\" content=\"Bayram G\u00fcn\u00fc Cuma G\u00fcn\u00fcne Denk Geldi\u011finde Cuma Namaz\u0131 D\u00fc\u015fer Mi? - \u00d6mer Faruk Korkmaz Hocaefendi\" \/>\n<meta property=\"og:description\" content=\"Bayram g\u00fcn\u00fcn\u00fcn cumaya denk gelmesi durumunda Cuma namaz\u0131n\u0131n sorumlulu\u011funun ki\u015fiden d\u00fc\u015fece\u011fi; bayram namaz\u0131n\u0131 eda ederse o g\u00fcn Cuma namaz\u0131 k\u0131lmayabilece\u011fi \u015feklindeki g\u00f6r\u00fc\u015f tarihte baz\u0131 fakihlerin savunmu\u015f oldu\u011fu bir g\u00f6r\u00fc\u015ft\u00fcr. Ne var ki cumhur uleman\u0131n savundu\u011fu g\u00f6r\u00fc\u015f bu de\u011fildir. Dilerseniz \u00f6ncelikle meselenin \u00e7\u0131k\u0131\u015f noktas\u0131 say\u0131labilecek hadiseyi anlatan rivayete yer verelim sonra da alimlerin bu rivayeti nas\u0131l [&hellip;]\" \/>\n<meta property=\"og:url\" content=\"https:\/\/omerfarukkorkmaz.com.tr\/tr\/bayram-gunu-cuma-gunune-denk-geldiginde-cuma-namazi-duser-mi\/\" \/>\n<meta property=\"og:site_name\" content=\"\u00d6mer Faruk Korkmaz Hocaefendi\" \/>\n<meta property=\"article:published_time\" content=\"2025-06-03T23:09:00+00:00\" \/>\n<meta property=\"og:image\" content=\"https:\/\/omerfarukkorkmaz.com.tr\/tr\/wp-content\/uploads\/2025\/06\/1_1524294513_kundekari-e1748992113472.jpg\" \/>\n\t<meta property=\"og:image:width\" content=\"541\" \/>\n\t<meta property=\"og:image:height\" content=\"291\" \/>\n\t<meta property=\"og:image:type\" content=\"image\/jpeg\" \/>\n<meta name=\"author\" content=\"\u00d6mer Faruk Korkmaz\" \/>\n<meta name=\"twitter:card\" content=\"summary_large_image\" \/>\n<meta name=\"twitter:label1\" content=\"Yazan:\" \/>\n\t<meta name=\"twitter:data1\" content=\"\u00d6mer Faruk Korkmaz\" \/>\n\t<meta name=\"twitter:label2\" content=\"Tahmini okuma s\u00fcresi\" \/>\n\t<meta name=\"twitter:data2\" content=\"5 dakika\" \/>\n<script type=\"application\/ld+json\" class=\"yoast-schema-graph\">{\"@context\":\"https:\/\/schema.org\",\"@graph\":[{\"@type\":\"Article\",\"@id\":\"https:\/\/omerfarukkorkmaz.com.tr\/tr\/bayram-gunu-cuma-gunune-denk-geldiginde-cuma-namazi-duser-mi\/#article\",\"isPartOf\":{\"@id\":\"https:\/\/omerfarukkorkmaz.com.tr\/tr\/bayram-gunu-cuma-gunune-denk-geldiginde-cuma-namazi-duser-mi\/\"},\"author\":{\"name\":\"\u00d6mer Faruk Korkmaz\",\"@id\":\"https:\/\/omerfarukkorkmaz.com.tr\/tr\/#\/schema\/person\/7efd65277de8b9dc0520ec210e387854\"},\"headline\":\"Bayram G\u00fcn\u00fc Cuma G\u00fcn\u00fcne Denk Geldi\u011finde Cuma Namaz\u0131 D\u00fc\u015fer Mi?\",\"datePublished\":\"2025-06-03T23:09:00+00:00\",\"dateModified\":\"2025-06-03T23:09:00+00:00\",\"mainEntityOfPage\":{\"@id\":\"https:\/\/omerfarukkorkmaz.com.tr\/tr\/bayram-gunu-cuma-gunune-denk-geldiginde-cuma-namazi-duser-mi\/\"},\"wordCount\":1085,\"commentCount\":0,\"publisher\":{\"@id\":\"https:\/\/omerfarukkorkmaz.com.tr\/tr\/#\/schema\/person\/7efd65277de8b9dc0520ec210e387854\"},\"image\":{\"@id\":\"https:\/\/omerfarukkorkmaz.com.tr\/tr\/bayram-gunu-cuma-gunune-denk-geldiginde-cuma-namazi-duser-mi\/#primaryimage\"},\"thumbnailUrl\":\"https:\/\/omerfarukkorkmaz.com.tr\/tr\/wp-content\/uploads\/2025\/06\/1_1524294513_kundekari-e1748992113472.jpg\",\"keywords\":[\"bayram\",\"Cuma\",\"Farziyet\",\"Kurban\",\"Kurban Bayram\u0131\",\"Namaz\",\"Sorumluluk\"],\"articleSection\":[\"G\u00fcndeme Dair\",\"Kurban\",\"Sual Cevap\"],\"inLanguage\":\"tr\",\"potentialAction\":[{\"@type\":\"CommentAction\",\"name\":\"Comment\",\"target\":[\"https:\/\/omerfarukkorkmaz.com.tr\/tr\/bayram-gunu-cuma-gunune-denk-geldiginde-cuma-namazi-duser-mi\/#respond\"]}]},{\"@type\":\"WebPage\",\"@id\":\"https:\/\/omerfarukkorkmaz.com.tr\/tr\/bayram-gunu-cuma-gunune-denk-geldiginde-cuma-namazi-duser-mi\/\",\"url\":\"https:\/\/omerfarukkorkmaz.com.tr\/tr\/bayram-gunu-cuma-gunune-denk-geldiginde-cuma-namazi-duser-mi\/\",\"name\":\"Bayram G\u00fcn\u00fc Cuma G\u00fcn\u00fcne Denk Geldi\u011finde Cuma Namaz\u0131 D\u00fc\u015fer Mi? - \u00d6mer Faruk Korkmaz Hocaefendi\",\"isPartOf\":{\"@id\":\"https:\/\/omerfarukkorkmaz.com.tr\/tr\/#website\"},\"primaryImageOfPage\":{\"@id\":\"https:\/\/omerfarukkorkmaz.com.tr\/tr\/bayram-gunu-cuma-gunune-denk-geldiginde-cuma-namazi-duser-mi\/#primaryimage\"},\"image\":{\"@id\":\"https:\/\/omerfarukkorkmaz.com.tr\/tr\/bayram-gunu-cuma-gunune-denk-geldiginde-cuma-namazi-duser-mi\/#primaryimage\"},\"thumbnailUrl\":\"https:\/\/omerfarukkorkmaz.com.tr\/tr\/wp-content\/uploads\/2025\/06\/1_1524294513_kundekari-e1748992113472.jpg\",\"datePublished\":\"2025-06-03T23:09:00+00:00\",\"dateModified\":\"2025-06-03T23:09:00+00:00\",\"breadcrumb\":{\"@id\":\"https:\/\/omerfarukkorkmaz.com.tr\/tr\/bayram-gunu-cuma-gunune-denk-geldiginde-cuma-namazi-duser-mi\/#breadcrumb\"},\"inLanguage\":\"tr\",\"potentialAction\":[{\"@type\":\"ReadAction\",\"target\":[\"https:\/\/omerfarukkorkmaz.com.tr\/tr\/bayram-gunu-cuma-gunune-denk-geldiginde-cuma-namazi-duser-mi\/\"]}]},{\"@type\":\"ImageObject\",\"inLanguage\":\"tr\",\"@id\":\"https:\/\/omerfarukkorkmaz.com.tr\/tr\/bayram-gunu-cuma-gunune-denk-geldiginde-cuma-namazi-duser-mi\/#primaryimage\",\"url\":\"https:\/\/omerfarukkorkmaz.com.tr\/tr\/wp-content\/uploads\/2025\/06\/1_1524294513_kundekari-e1748992113472.jpg\",\"contentUrl\":\"https:\/\/omerfarukkorkmaz.com.tr\/tr\/wp-content\/uploads\/2025\/06\/1_1524294513_kundekari-e1748992113472.jpg\",\"width\":541,\"height\":291},{\"@type\":\"BreadcrumbList\",\"@id\":\"https:\/\/omerfarukkorkmaz.com.tr\/tr\/bayram-gunu-cuma-gunune-denk-geldiginde-cuma-namazi-duser-mi\/#breadcrumb\",\"itemListElement\":[{\"@type\":\"ListItem\",\"position\":1,\"name\":\"Anasayfa\",\"item\":\"https:\/\/omerfarukkorkmaz.com.tr\/tr\/\"},{\"@type\":\"ListItem\",\"position\":2,\"name\":\"Bayram G\u00fcn\u00fc Cuma G\u00fcn\u00fcne Denk Geldi\u011finde Cuma Namaz\u0131 D\u00fc\u015fer Mi?\"}]},{\"@type\":\"WebSite\",\"@id\":\"https:\/\/omerfarukkorkmaz.com.tr\/tr\/#website\",\"url\":\"https:\/\/omerfarukkorkmaz.com.tr\/tr\/\",\"name\":\"\u00d6mer Faruk Korkmaz Hocaefendi\",\"description\":\"Resmi Web Sayfas\u0131\",\"publisher\":{\"@id\":\"https:\/\/omerfarukkorkmaz.com.tr\/tr\/#\/schema\/person\/7efd65277de8b9dc0520ec210e387854\"},\"potentialAction\":[{\"@type\":\"SearchAction\",\"target\":{\"@type\":\"EntryPoint\",\"urlTemplate\":\"https:\/\/omerfarukkorkmaz.com.tr\/tr\/?s={search_term_string}\"},\"query-input\":\"required name=search_term_string\"}],\"inLanguage\":\"tr\"},{\"@type\":[\"Person\",\"Organization\"],\"@id\":\"https:\/\/omerfarukkorkmaz.com.tr\/tr\/#\/schema\/person\/7efd65277de8b9dc0520ec210e387854\",\"name\":\"\u00d6mer Faruk Korkmaz\",\"image\":{\"@type\":\"ImageObject\",\"inLanguage\":\"tr\",\"@id\":\"https:\/\/omerfarukkorkmaz.com.tr\/tr\/#\/schema\/person\/image\/\",\"url\":\"https:\/\/omerfarukkorkmaz.com.tr\/tr\/wp-content\/uploads\/2020\/12\/cropped-nkl-2.png\",\"contentUrl\":\"https:\/\/omerfarukkorkmaz.com.tr\/tr\/wp-content\/uploads\/2020\/12\/cropped-nkl-2.png\",\"width\":512,\"height\":512,\"caption\":\"\u00d6mer Faruk Korkmaz\"},\"logo\":{\"@id\":\"https:\/\/omerfarukkorkmaz.com.tr\/tr\/#\/schema\/person\/image\/\"},\"url\":\"https:\/\/omerfarukkorkmaz.com.tr\/tr\/author\/ofkorkmaz\/\"}]}<\/script>\n<!-- \/ Yoast SEO plugin. -->","yoast_head_json":{"title":"Bayram G\u00fcn\u00fc Cuma G\u00fcn\u00fcne Denk Geldi\u011finde Cuma Namaz\u0131 D\u00fc\u015fer Mi? - \u00d6mer Faruk Korkmaz Hocaefendi","robots":{"index":"index","follow":"follow","max-snippet":"max-snippet:-1","max-image-preview":"max-image-preview:large","max-video-preview":"max-video-preview:-1"},"canonical":"https:\/\/omerfarukkorkmaz.com.tr\/tr\/bayram-gunu-cuma-gunune-denk-geldiginde-cuma-namazi-duser-mi\/","og_locale":"tr_TR","og_type":"article","og_title":"Bayram G\u00fcn\u00fc Cuma G\u00fcn\u00fcne Denk Geldi\u011finde Cuma Namaz\u0131 D\u00fc\u015fer Mi? - \u00d6mer Faruk Korkmaz Hocaefendi","og_description":"Bayram g\u00fcn\u00fcn\u00fcn cumaya denk gelmesi durumunda Cuma namaz\u0131n\u0131n sorumlulu\u011funun ki\u015fiden d\u00fc\u015fece\u011fi; bayram namaz\u0131n\u0131 eda ederse o g\u00fcn Cuma namaz\u0131 k\u0131lmayabilece\u011fi \u015feklindeki g\u00f6r\u00fc\u015f tarihte baz\u0131 fakihlerin savunmu\u015f oldu\u011fu bir g\u00f6r\u00fc\u015ft\u00fcr. Ne var ki cumhur uleman\u0131n savundu\u011fu g\u00f6r\u00fc\u015f bu de\u011fildir. Dilerseniz \u00f6ncelikle meselenin \u00e7\u0131k\u0131\u015f noktas\u0131 say\u0131labilecek hadiseyi anlatan rivayete yer verelim sonra da alimlerin bu rivayeti nas\u0131l [&hellip;]","og_url":"https:\/\/omerfarukkorkmaz.com.tr\/tr\/bayram-gunu-cuma-gunune-denk-geldiginde-cuma-namazi-duser-mi\/","og_site_name":"\u00d6mer Faruk Korkmaz Hocaefendi","article_published_time":"2025-06-03T23:09:00+00:00","og_image":[{"width":541,"height":291,"url":"https:\/\/omerfarukkorkmaz.com.tr\/tr\/wp-content\/uploads\/2025\/06\/1_1524294513_kundekari-e1748992113472.jpg","type":"image\/jpeg"}],"author":"\u00d6mer Faruk Korkmaz","twitter_card":"summary_large_image","twitter_misc":{"Yazan:":"\u00d6mer Faruk Korkmaz","Tahmini okuma s\u00fcresi":"5 dakika"},"schema":{"@context":"https:\/\/schema.org","@graph":[{"@type":"Article","@id":"https:\/\/omerfarukkorkmaz.com.tr\/tr\/bayram-gunu-cuma-gunune-denk-geldiginde-cuma-namazi-duser-mi\/#article","isPartOf":{"@id":"https:\/\/omerfarukkorkmaz.com.tr\/tr\/bayram-gunu-cuma-gunune-denk-geldiginde-cuma-namazi-duser-mi\/"},"author":{"name":"\u00d6mer Faruk Korkmaz","@id":"https:\/\/omerfarukkorkmaz.com.tr\/tr\/#\/schema\/person\/7efd65277de8b9dc0520ec210e387854"},"headline":"Bayram G\u00fcn\u00fc Cuma G\u00fcn\u00fcne Denk Geldi\u011finde Cuma Namaz\u0131 D\u00fc\u015fer Mi?","datePublished":"2025-06-03T23:09:00+00:00","dateModified":"2025-06-03T23:09:00+00:00","mainEntityOfPage":{"@id":"https:\/\/omerfarukkorkmaz.com.tr\/tr\/bayram-gunu-cuma-gunune-denk-geldiginde-cuma-namazi-duser-mi\/"},"wordCount":1085,"commentCount":0,"publisher":{"@id":"https:\/\/omerfarukkorkmaz.com.tr\/tr\/#\/schema\/person\/7efd65277de8b9dc0520ec210e387854"},"image":{"@id":"https:\/\/omerfarukkorkmaz.com.tr\/tr\/bayram-gunu-cuma-gunune-denk-geldiginde-cuma-namazi-duser-mi\/#primaryimage"},"thumbnailUrl":"https:\/\/omerfarukkorkmaz.com.tr\/tr\/wp-content\/uploads\/2025\/06\/1_1524294513_kundekari-e1748992113472.jpg","keywords":["bayram","Cuma","Farziyet","Kurban","Kurban Bayram\u0131","Namaz","Sorumluluk"],"articleSection":["G\u00fcndeme Dair","Kurban","Sual Cevap"],"inLanguage":"tr","potentialAction":[{"@type":"CommentAction","name":"Comment","target":["https:\/\/omerfarukkorkmaz.com.tr\/tr\/bayram-gunu-cuma-gunune-denk-geldiginde-cuma-namazi-duser-mi\/#respond"]}]},{"@type":"WebPage","@id":"https:\/\/omerfarukkorkmaz.com.tr\/tr\/bayram-gunu-cuma-gunune-denk-geldiginde-cuma-namazi-duser-mi\/","url":"https:\/\/omerfarukkorkmaz.com.tr\/tr\/bayram-gunu-cuma-gunune-denk-geldiginde-cuma-namazi-duser-mi\/","name":"Bayram G\u00fcn\u00fc Cuma G\u00fcn\u00fcne Denk Geldi\u011finde Cuma Namaz\u0131 D\u00fc\u015fer Mi? - \u00d6mer Faruk Korkmaz Hocaefendi","isPartOf":{"@id":"https:\/\/omerfarukkorkmaz.com.tr\/tr\/#website"},"primaryImageOfPage":{"@id":"https:\/\/omerfarukkorkmaz.com.tr\/tr\/bayram-gunu-cuma-gunune-denk-geldiginde-cuma-namazi-duser-mi\/#primaryimage"},"image":{"@id":"https:\/\/omerfarukkorkmaz.com.tr\/tr\/bayram-gunu-cuma-gunune-denk-geldiginde-cuma-namazi-duser-mi\/#primaryimage"},"thumbnailUrl":"https:\/\/omerfarukkorkmaz.com.tr\/tr\/wp-content\/uploads\/2025\/06\/1_1524294513_kundekari-e1748992113472.jpg","datePublished":"2025-06-03T23:09:00+00:00","dateModified":"2025-06-03T23:09:00+00:00","breadcrumb":{"@id":"https:\/\/omerfarukkorkmaz.com.tr\/tr\/bayram-gunu-cuma-gunune-denk-geldiginde-cuma-namazi-duser-mi\/#breadcrumb"},"inLanguage":"tr","potentialAction":[{"@type":"ReadAction","target":["https:\/\/omerfarukkorkmaz.com.tr\/tr\/bayram-gunu-cuma-gunune-denk-geldiginde-cuma-namazi-duser-mi\/"]}]},{"@type":"ImageObject","inLanguage":"tr","@id":"https:\/\/omerfarukkorkmaz.com.tr\/tr\/bayram-gunu-cuma-gunune-denk-geldiginde-cuma-namazi-duser-mi\/#primaryimage","url":"https:\/\/omerfarukkorkmaz.com.tr\/tr\/wp-content\/uploads\/2025\/06\/1_1524294513_kundekari-e1748992113472.jpg","contentUrl":"https:\/\/omerfarukkorkmaz.com.tr\/tr\/wp-content\/uploads\/2025\/06\/1_1524294513_kundekari-e1748992113472.jpg","width":541,"height":291},{"@type":"BreadcrumbList","@id":"https:\/\/omerfarukkorkmaz.com.tr\/tr\/bayram-gunu-cuma-gunune-denk-geldiginde-cuma-namazi-duser-mi\/#breadcrumb","itemListElement":[{"@type":"ListItem","position":1,"name":"Anasayfa","item":"https:\/\/omerfarukkorkmaz.com.tr\/tr\/"},{"@type":"ListItem","position":2,"name":"Bayram G\u00fcn\u00fc Cuma G\u00fcn\u00fcne Denk Geldi\u011finde Cuma Namaz\u0131 D\u00fc\u015fer Mi?"}]},{"@type":"WebSite","@id":"https:\/\/omerfarukkorkmaz.com.tr\/tr\/#website","url":"https:\/\/omerfarukkorkmaz.com.tr\/tr\/","name":"\u00d6mer Faruk Korkmaz Hocaefendi","description":"Resmi Web Sayfas\u0131","publisher":{"@id":"https:\/\/omerfarukkorkmaz.com.tr\/tr\/#\/schema\/person\/7efd65277de8b9dc0520ec210e387854"},"potentialAction":[{"@type":"SearchAction","target":{"@type":"EntryPoint","urlTemplate":"https:\/\/omerfarukkorkmaz.com.tr\/tr\/?s={search_term_string}"},"query-input":"required name=search_term_string"}],"inLanguage":"tr"},{"@type":["Person","Organization"],"@id":"https:\/\/omerfarukkorkmaz.com.tr\/tr\/#\/schema\/person\/7efd65277de8b9dc0520ec210e387854","name":"\u00d6mer Faruk Korkmaz","image":{"@type":"ImageObject","inLanguage":"tr","@id":"https:\/\/omerfarukkorkmaz.com.tr\/tr\/#\/schema\/person\/image\/","url":"https:\/\/omerfarukkorkmaz.com.tr\/tr\/wp-content\/uploads\/2020\/12\/cropped-nkl-2.png","contentUrl":"https:\/\/omerfarukkorkmaz.com.tr\/tr\/wp-content\/uploads\/2020\/12\/cropped-nkl-2.png","width":512,"height":512,"caption":"\u00d6mer Faruk Korkmaz"},"logo":{"@id":"https:\/\/omerfarukkorkmaz.com.tr\/tr\/#\/schema\/person\/image\/"},"url":"https:\/\/omerfarukkorkmaz.com.tr\/tr\/author\/ofkorkmaz\/"}]}},"_links":{"self":[{"href":"https:\/\/omerfarukkorkmaz.com.tr\/tr\/wp-json\/wp\/v2\/posts\/1440","targetHints":{"allow":["GET"]}}],"collection":[{"href":"https:\/\/omerfarukkorkmaz.com.tr\/tr\/wp-json\/wp\/v2\/posts"}],"about":[{"href":"https:\/\/omerfarukkorkmaz.com.tr\/tr\/wp-json\/wp\/v2\/types\/post"}],"author":[{"embeddable":true,"href":"https:\/\/omerfarukkorkmaz.com.tr\/tr\/wp-json\/wp\/v2\/users\/3"}],"replies":[{"embeddable":true,"href":"https:\/\/omerfarukkorkmaz.com.tr\/tr\/wp-json\/wp\/v2\/comments?post=1440"}],"version-history":[{"count":1,"href":"https:\/\/omerfarukkorkmaz.com.tr\/tr\/wp-json\/wp\/v2\/posts\/1440\/revisions"}],"predecessor-version":[{"id":1442,"href":"https:\/\/omerfarukkorkmaz.com.tr\/tr\/wp-json\/wp\/v2\/posts\/1440\/revisions\/1442"}],"wp:featuredmedia":[{"embeddable":true,"href":"https:\/\/omerfarukkorkmaz.com.tr\/tr\/wp-json\/wp\/v2\/media\/1441"}],"wp:attachment":[{"href":"https:\/\/omerfarukkorkmaz.com.tr\/tr\/wp-json\/wp\/v2\/media?parent=1440"}],"wp:term":[{"taxonomy":"category","embeddable":true,"href":"https:\/\/omerfarukkorkmaz.com.tr\/tr\/wp-json\/wp\/v2\/categories?post=1440"},{"taxonomy":"post_tag","embeddable":true,"href":"https:\/\/omerfarukkorkmaz.com.tr\/tr\/wp-json\/wp\/v2\/tags?post=1440"}],"curies":[{"name":"wp","href":"https:\/\/api.w.org\/{rel}","templated":true}]}}