{"id":1183,"date":"2022-09-23T09:10:53","date_gmt":"2022-09-23T09:10:53","guid":{"rendered":"http:\/\/www.omerfarukkorkmaz.com.tr\/?p=1183"},"modified":"2022-09-23T09:10:53","modified_gmt":"2022-09-23T09:10:53","slug":"1183","status":"publish","type":"post","link":"https:\/\/omerfarukkorkmaz.com.tr\/tr\/1183\/","title":{"rendered":"Seferi \u0130ken Farzlar\u0131 Tam K\u0131lman\u0131n H\u00fckm\u00fc"},"content":{"rendered":"<p><strong>Soru: <\/strong>Seferi oldu\u011fumuzda namazlar\u0131 tam k\u0131lsak bunda bir problem olur mu? Veya tam k\u0131lmak m\u0131 daha faziletlidir k\u0131saltmak m\u0131?<\/p>\n<p><strong>Cevap: <\/strong>Seferde namazlar\u0131n k\u0131salt\u0131lmas\u0131 gerekti\u011fi <em>\u201cYery\u00fcz\u00fcnde sefere \u00e7\u0131kt\u0131\u011f\u0131n\u0131z vakit k\u00e2firlerin size sald\u0131rmas\u0131ndan korkarsan\u0131z namaz\u0131 k\u0131saltman\u0131zdan dolay\u0131 \u00fczerinize hi\u00e7bir g\u00fcnah yoktur\u201d<a href=\"#_ftn1\" name=\"_ftnref1\"><strong>[1]<\/strong><\/a> <\/em>ayet-i kerimesiyle sabittir. Ne var ki bu ayetin nas\u0131l anla\u015f\u0131lmas\u0131 gerekti\u011fi \u00f6nemli bir husustur. Mesela seferde namaz\u0131 k\u0131saltarak k\u0131lman\u0131n azimet de\u011fil de Efendimiz\u2019in bu ameli devaml\u0131 i\u015flemesi gerek\u00e7esiyle yap\u0131lmas\u0131 faziletli bir ruhsattan ibaret oldu\u011funu s\u00f6yleyen \u015eafii ve Hanbeli mezhebi delil olarak bu ayette ge\u00e7en \u201c\u00fczerinize hi\u00e7bir g\u00fcnah yoktur\u201d \u015feklindeki c\u00fcmle-i celileyi g\u00f6stermi\u015flerdir. Malikiler ise Efendimizin bunu devaml\u0131 yapmas\u0131 karinesinden yola \u00e7\u0131karak s\u00fcnnet-i m\u00fcekkede oldu\u011funu savunmu\u015flard\u0131r.<a href=\"#_ftn2\" name=\"_ftnref2\">[2]<\/a> Bu konuda onlar\u0131n ortaya s\u00fcrd\u00fckleri gerek\u00e7elerin baz\u0131lar\u0131 \u015funlard\u0131r.<\/p>\n<ol>\n<li>Ali b. Rebia Hz. \u00d6mer(Rad\u0131yallahu Anh)\u2019 e \u201cAllah Te\u00e2l\u00e2 <em>\u201c\u015fayet korkarsan\u0131z\u201d<\/em> buyurdu\u011fu halde ve bizim hi\u00e7bir \u015feyden endi\u015femiz yokken neden namaz\u0131 k\u0131salt\u0131yoruz\u201d diye sormu\u015f Hz. \u00d6mer\u2019 de ona \u201c Sana m\u00fc\u015fkil kalan mesele bana da kapal\u0131 kalm\u0131\u015ft\u0131 ve Ben bunu Resulullah (Aleyhissalat\u00fc vesselam)\u2019a sorunca O \u201c Bu Allah\u2019\u0131n size sadaka olarak verdi\u011fi bir hediyedir, sadakas\u0131n\u0131 kabul edin\u201d buyurmu\u015ftu\u201d \u015feklinde cevap vermi\u015ftir.<a href=\"#_ftn3\" name=\"_ftnref3\">[3]<\/a><\/li>\n<li>Sahabe-i kiram Resulullah Aleyhisselam ile sefere \u00e7\u0131karlar ve onlardan kimileri namaz\u0131 k\u0131salt\u0131r kimileri de tam k\u0131larlard\u0131. Buna ra\u011fmen tam k\u0131lan k\u0131saltma yapan\u0131, k\u0131saltma yapan da tam k\u0131lan\u0131 ay\u0131plamazd\u0131.<a href=\"#_ftn4\" name=\"_ftnref4\">[4]<\/a><\/li>\n<\/ol>\n<ul>\n<li>Hz. Ai\u015fe Ramazan\u2019 da yapt\u0131klar\u0131 bir umrede Resulullah Aleyhissalat\u00fc vesselam\u2019a \u201cYa Resulellah! Bazen oru\u00e7 tutup bazen tutmad\u0131m. Kimi zaman namaz\u0131m\u0131 k\u0131salt\u0131p kimi zaman k\u0131saltmad\u0131m\u201d dedi\u011finde Peygamber Aleyhissalat\u00fc vesselam \u201cG\u00fczel yapt\u0131n ey Ai\u015fe!\u201d buyurmu\u015flard\u0131r.<a href=\"#_ftn5\" name=\"_ftnref5\">[5]<\/a><\/li>\n<\/ul>\n<p>&nbsp;<\/p>\n<p>Hanefilere gelince, onlar seferde iken namaz\u0131 k\u0131saltman\u0131n azimet olaca\u011f\u0131n\u0131 savunmaktad\u0131rlar. Zira Hz. Ai\u015fe (Rad\u0131yallahu Anh)\u2019den nakledilen:<strong>\u00a0 \u00a0\u00a0<\/strong><\/p>\n<p style=\"text-align: center;\"><strong>\u0627\u0644\u0635\u0644\u0627\u0629 \u0623\u0648\u0644 \u0645\u0627 \u0641\u0631\u0636\u062a \u0631\u0643\u0639\u062a\u064a\u0646 \u0641\u0623\u0642\u0631\u062a \u0635\u0644\u0627\u0629 \u0627\u0644\u0633\u0641\u0631 \u0648\u0623\u062a\u0645\u062a \u0635\u0644\u0627\u0629 \u0627\u0644\u062d\u0636\u0631\u00a0\u00a0\u00a0\u00a0\u00a0\u00a0\u00a0\u00a0\u00a0\u00a0\u00a0\u00a0\u00a0\u00a0\u00a0\u00a0\u00a0\u00a0\u00a0\u00a0\u00a0\u00a0 <\/strong><strong>\u00a0\u00a0\u00a0\u00a0\u00a0\u00a0\u00a0\u00a0\u00a0<\/strong><\/p>\n<p><strong>\u00a0<\/strong><em>\u201c Namaz ilk \u00f6nce iki rek\u00e2t iki rek\u00e2t farz olundu. Seferde k\u0131l\u0131nan namaz hali \u00fczere b\u0131rak\u0131l\u0131p mukim halde k\u0131l\u0131nan namaza ziyadede bulunuldu\u201d<a href=\"#_ftn6\" name=\"_ftnref6\"><strong>[6]<\/strong><\/a> <\/em>rivayeti bize bunu a\u00e7\u0131k\u00e7a g\u00f6stermektedir. \u00c7\u00fcnk\u00fc namaz\u0131n iki rek\u00e2t olarak farz olunmas\u0131 ve seferde hali \u00fczere b\u0131rak\u0131lmas\u0131 farz olan \u015feklin seferde iki rek\u00e2t oldu\u011funu g\u00f6stermektedir. Nasla sabit olmu\u015f bir \u00e2dete delil olmaks\u0131z\u0131n ziyadede bulunmak caiz de\u011fildir. Buna g\u00f6re seferde d\u00f6rt rekatl\u0131k bir namaz\u0131 d\u00f6rt rekat k\u0131lan bir insan sabah namaz\u0131n\u0131 d\u00f6rt rekat k\u0131lm\u0131\u015f gibi olacakt\u0131r.<a href=\"#_ftn7\" name=\"_ftnref7\">[7]<\/a> Bu da bize seferde namaz\u0131 k\u0131saltman\u0131n azimet olaca\u011f\u0131n\u0131 g\u00f6stermektedir. K\u0131l\u0131nan bu ziyade nafile yerine ge\u00e7ecek<a href=\"#_ftn8\" name=\"_ftnref8\">[8]<\/a> ve bu fiili i\u015fleyen kimse k\u00f6t\u00fc bir fiil i\u015flemi\u015f olacakt\u0131r.<a href=\"#_ftn9\" name=\"_ftnref9\">[9]<\/a> Ayr\u0131ca Resul-i Ekrem Aleyhissalat\u00fc vesselam\u2019\u0131n b\u00fct\u00fcn seferlerinde namaz\u0131 taksir etti\u011fi\/ k\u0131saltt\u0131\u011f\u0131na dair varid olan rivayetlerin yekunu m\u00fctevatir derecesindedir.<a href=\"#_ftn10\" name=\"_ftnref10\">[10]<\/a><\/p>\n<p>Baz\u0131lar\u0131 bu hadise bir tak\u0131m itirazlar yapmaktad\u0131rlar. Onlara g\u00f6re bu hadis merfu olmad\u0131\u011f\u0131ndan dolay\u0131 istidlal edilemez mahiyettedir. Veya Hz. Ai\u015fe (Rad\u0131yallahu Anha) namaz\u0131n farz k\u0131l\u0131nma vaktine \u015fahit olmam\u0131\u015ft\u0131r. Buna cevaben \u201cbu hadisin i\u00e7tihada mahal olmayan bir noktada s\u00f6ylenen bir s\u00f6z olmas\u0131 h\u00fckmen merfu oldu\u011funu g\u00f6steriyor\u201d veya Hz. Ai\u015fe\u2019nin bunu m\u00fc\u015fahade etmedi\u011fini kabul etsek bile bu rivayet en az\u0131ndan sahab\u00ee m\u00fcrseli olmu\u015f olur ki bu da bi\u2019l-\u0130ttifak makbuld\u00fcr\u201d \u00a0denilebilir.<a href=\"#_ftn11\" name=\"_ftnref11\">[11]<\/a> Ayn\u0131 \u015fekilde \u0130bn Abbas (Rad\u0131yallahu Anh)\u2019tan yap\u0131lan rivayette Efendimiz (Sallalahu Aleyhi ve Sellem) <em>\u201cMuhakkak Allah Te\u00e2l\u00e2 Nebinizin lisan\u0131 \u00fczere mukimken d\u00f6rt, seferi iken iki rek\u00e2t k\u0131lmay\u0131 sizin \u00fczerinize gerekli k\u0131lm\u0131\u015ft\u0131r\u201d<a href=\"#_ftn12\" name=\"_ftnref12\"><strong>[12]<\/strong><\/a><\/em> buyurmaktad\u0131r.<\/p>\n<p>B\u00fct\u00fcn bunlardan hareketle -Hanefi mezhebince- her kim d\u00f6rt rekatl\u0131k farz bir namaz\u0131 sefer halinde d\u00f6rt rek\u00e2t olarak k\u0131larsa s\u00fcnnete muhalefet etmi\u015f olur.<a href=\"#_ftn13\" name=\"_ftnref13\">[13]<\/a> Zira Efendimiz (Sallallahu Aleyhi ve Sellem) hicretten sonra Mekke ehline k\u0131ld\u0131rd\u0131\u011f\u0131 namaz\u0131 iki rek\u00e2t olarak k\u0131ld\u0131r\u0131p onlara <em>\u201cNamazlar\u0131n\u0131z\u0131 tamamlay\u0131n\u0131z. Zira biz seferi olan bir toplulu\u011fuz\u201d<a href=\"#_ftn14\" name=\"_ftnref14\"><strong>[14]<\/strong><\/a><\/em> buyurmu\u015ftur.<\/p>\n<hr \/>\n<p><a href=\"#_ftnref1\" name=\"_ftn1\"><strong>[1]<\/strong><\/a>\u00a0 Kur\u2019an, Nisa 101<\/p>\n<p><a href=\"#_ftnref2\" name=\"_ftn2\"><strong>[2]<\/strong><\/a> Vehbe ez-Z\u00fchayli, <em>el-F\u0131khu\u2019l-\u0130sl\u00e2m\u00ee ve Edilletuhu<\/em>, II\/ 1340 Daru\u2019l-Fikr, Dime\u015fk, 2007<\/p>\n<p><a href=\"#_ftnref3\" name=\"_ftn3\"><strong>[3]<\/strong><\/a> Serahsi, <em>el-Mebsut<\/em>, I\/239 Daru\u2019l-Marife, Beyrut<\/p>\n<p><a href=\"#_ftnref4\" name=\"_ftn4\"><strong>[4]<\/strong><\/a> M\u00fcslim, <em>Sahih,<\/em> No: 1118<\/p>\n<p><a href=\"#_ftnref5\" name=\"_ftn5\"><strong>[5]<\/strong><\/a> Eb\u00fb Abdillah Muhammed b. Ali e\u015f-\u015eevk\u00e2n\u00ee, <em>Neylu\u2019l-Evtar,<\/em> III\/ 202, Z\u00fchayli, a.y.<\/p>\n<p><a href=\"#_ftnref6\" name=\"_ftn6\"><strong>[6]<\/strong><\/a> Buhari, <em>Sahih<\/em>, No: 1040, Malik,<em>Muvatta<\/em>, I\/ 557 No: 190<\/p>\n<p><a href=\"#_ftnref7\" name=\"_ftn7\"><strong>[7]<\/strong><\/a> Nureddin Itr, <em>\u0130\u2019lamu\u2019l-Enam<\/em>, I\/ 86 Mektebetu Dari\u2019l-Farfur, 2000, B.7<\/p>\n<p><a href=\"#_ftnref8\" name=\"_ftn8\"><strong>[8]<\/strong><\/a> Muhammed b. Hasen e\u015f-\u015eeybani, <em>Kitabu\u2019l-Asl<\/em>, I\/ 251 Alemu\u2019l-K\u00fct\u00fcb, 1990 B.1<\/p>\n<p><a href=\"#_ftnref9\" name=\"_ftn9\"><strong>[9]<\/strong><\/a> Ali el-Kari, <em>Fethu Babi\u2019l-\u0130naye<\/em>, I\/ 383 Daru\u2019l-K\u00fct\u00fcbi\u2019l-\u0130lmiyye, 2009 B.1<\/p>\n<p><a href=\"#_ftnref10\" name=\"_ftn10\"><strong>[10]<\/strong><\/a> Ebu Ca\u2019fer et-Tahavi,\u00a0 <em>\u015eerhu Meani\u2019l-As\u00e2r<\/em>, I\/ 536-551 Daru\u2019l-K\u00fct\u00fcbi\u2019l-\u0130lmiyye, 2006 B.II<\/p>\n<p><a href=\"#_ftnref11\" name=\"_ftn11\"><strong>[11]<\/strong><\/a> Abd\u00fc\u2019l-Hayy el-Leknevi, <em>et-Ta\u2019liku\u2019l-M\u00fcmecced,<\/em> I\/ 558 Daru\u2019l-Kalem, D\u0131me\u015fk<\/p>\n<p><a href=\"#_ftnref12\" name=\"_ftn12\"><strong>[12]<\/strong><\/a> M\u00fcslim, <em>Sahih,<\/em> No: 687<\/p>\n<p><a href=\"#_ftnref13\" name=\"_ftn13\"><strong>[13]<\/strong><\/a> Abdullah b. Mahmud el-Mevs\u0131l\u00ee, <em>el-\u0130htiyar<\/em>, I\/ 264, Daru\u2019r-Risaleti\u2019l-Alemiyye, Beyrut, L\u00fcbnan 2009 B.I<\/p>\n<p><a href=\"#_ftnref14\" name=\"_ftn14\"><strong>[14]<\/strong><\/a> Ebu Davud, <em>S\u00fcnen<\/em>, No: 1229<\/p>\n","protected":false},"excerpt":{"rendered":"<p>Soru: Seferi oldu\u011fumuzda namazlar\u0131 tam k\u0131lsak bunda bir problem olur mu? Veya tam k\u0131lmak m\u0131 daha faziletlidir k\u0131saltmak m\u0131? Cevap: Seferde namazlar\u0131n k\u0131salt\u0131lmas\u0131 gerekti\u011fi \u201cYery\u00fcz\u00fcnde sefere \u00e7\u0131kt\u0131\u011f\u0131n\u0131z vakit k\u00e2firlerin size sald\u0131rmas\u0131ndan korkarsan\u0131z namaz\u0131 k\u0131saltman\u0131zdan dolay\u0131 \u00fczerinize hi\u00e7bir g\u00fcnah yoktur\u201d[1] ayet-i kerimesiyle sabittir. Ne var ki bu ayetin nas\u0131l anla\u015f\u0131lmas\u0131 gerekti\u011fi \u00f6nemli bir husustur. Mesela seferde [&hellip;]<\/p>\n","protected":false},"author":3,"featured_media":1184,"comment_status":"open","ping_status":"open","sticky":false,"template":"","format":"standard","meta":{"content-type":"","_monsterinsights_skip_tracking":false,"_monsterinsights_sitenote_active":false,"_monsterinsights_sitenote_note":"","_monsterinsights_sitenote_category":0,"footnotes":""},"categories":[2,22,8],"tags":[509,588,589],"class_list":{"0":"post-1183","1":"post","2":"type-post","3":"status-publish","4":"format-standard","5":"has-post-thumbnail","7":"category-gundeme-dair","8":"category-namaz","9":"category-sual-cevap","10":"tag-namazi-tam-kilmak","11":"tag-seferde-namaz","12":"tag-seferiyken-farzi-tam-kilmak"},"yoast_head":"<!-- This site is optimized with the Yoast SEO plugin v23.2 - https:\/\/yoast.com\/wordpress\/plugins\/seo\/ -->\n<title>Seferi \u0130ken Farzlar\u0131 Tam K\u0131lman\u0131n H\u00fckm\u00fc - \u00d6mer Faruk Korkmaz Hocaefendi<\/title>\n<meta name=\"robots\" content=\"index, follow, max-snippet:-1, max-image-preview:large, max-video-preview:-1\" \/>\n<link rel=\"canonical\" href=\"https:\/\/omerfarukkorkmaz.com.tr\/tr\/1183\/\" \/>\n<meta property=\"og:locale\" content=\"tr_TR\" \/>\n<meta property=\"og:type\" content=\"article\" \/>\n<meta property=\"og:title\" content=\"Seferi \u0130ken Farzlar\u0131 Tam K\u0131lman\u0131n H\u00fckm\u00fc - \u00d6mer Faruk Korkmaz Hocaefendi\" \/>\n<meta property=\"og:description\" content=\"Soru: Seferi oldu\u011fumuzda namazlar\u0131 tam k\u0131lsak bunda bir problem olur mu? Veya tam k\u0131lmak m\u0131 daha faziletlidir k\u0131saltmak m\u0131? Cevap: Seferde namazlar\u0131n k\u0131salt\u0131lmas\u0131 gerekti\u011fi \u201cYery\u00fcz\u00fcnde sefere \u00e7\u0131kt\u0131\u011f\u0131n\u0131z vakit k\u00e2firlerin size sald\u0131rmas\u0131ndan korkarsan\u0131z namaz\u0131 k\u0131saltman\u0131zdan dolay\u0131 \u00fczerinize hi\u00e7bir g\u00fcnah yoktur\u201d[1] ayet-i kerimesiyle sabittir. Ne var ki bu ayetin nas\u0131l anla\u015f\u0131lmas\u0131 gerekti\u011fi \u00f6nemli bir husustur. Mesela seferde [&hellip;]\" \/>\n<meta property=\"og:url\" content=\"https:\/\/omerfarukkorkmaz.com.tr\/tr\/1183\/\" \/>\n<meta property=\"og:site_name\" content=\"\u00d6mer Faruk Korkmaz Hocaefendi\" \/>\n<meta property=\"article:published_time\" content=\"2022-09-23T09:10:53+00:00\" \/>\n<meta property=\"og:image\" content=\"https:\/\/omerfarukkorkmaz.com.tr\/tr\/wp-content\/uploads\/2022\/09\/depositphotos_167402810-stock-photo-seamless-pattern-tile-with-mandalas-e1663924242119.jpg\" \/>\n\t<meta property=\"og:image:width\" content=\"1381\" \/>\n\t<meta property=\"og:image:height\" content=\"786\" \/>\n\t<meta property=\"og:image:type\" content=\"image\/jpeg\" \/>\n<meta name=\"author\" content=\"\u00d6mer Faruk Korkmaz\" \/>\n<meta name=\"twitter:card\" content=\"summary_large_image\" \/>\n<meta name=\"twitter:label1\" content=\"Yazan:\" \/>\n\t<meta name=\"twitter:data1\" content=\"\u00d6mer Faruk Korkmaz\" \/>\n\t<meta name=\"twitter:label2\" content=\"Tahmini okuma s\u00fcresi\" \/>\n\t<meta name=\"twitter:data2\" content=\"4 dakika\" \/>\n<script type=\"application\/ld+json\" class=\"yoast-schema-graph\">{\"@context\":\"https:\/\/schema.org\",\"@graph\":[{\"@type\":\"Article\",\"@id\":\"https:\/\/omerfarukkorkmaz.com.tr\/tr\/1183\/#article\",\"isPartOf\":{\"@id\":\"https:\/\/omerfarukkorkmaz.com.tr\/tr\/1183\/\"},\"author\":{\"name\":\"\u00d6mer Faruk Korkmaz\",\"@id\":\"https:\/\/omerfarukkorkmaz.com.tr\/tr\/#\/schema\/person\/7efd65277de8b9dc0520ec210e387854\"},\"headline\":\"Seferi \u0130ken Farzlar\u0131 Tam K\u0131lman\u0131n H\u00fckm\u00fc\",\"datePublished\":\"2022-09-23T09:10:53+00:00\",\"dateModified\":\"2022-09-23T09:10:53+00:00\",\"mainEntityOfPage\":{\"@id\":\"https:\/\/omerfarukkorkmaz.com.tr\/tr\/1183\/\"},\"wordCount\":874,\"commentCount\":0,\"publisher\":{\"@id\":\"https:\/\/omerfarukkorkmaz.com.tr\/tr\/#\/schema\/person\/7efd65277de8b9dc0520ec210e387854\"},\"image\":{\"@id\":\"https:\/\/omerfarukkorkmaz.com.tr\/tr\/1183\/#primaryimage\"},\"thumbnailUrl\":\"https:\/\/omerfarukkorkmaz.com.tr\/tr\/wp-content\/uploads\/2022\/09\/depositphotos_167402810-stock-photo-seamless-pattern-tile-with-mandalas-e1663924242119.jpg\",\"keywords\":[\"namaz\u0131 tam k\u0131lmak\",\"seferde namaz\",\"seferiyken farz\u0131 tam k\u0131lmak\"],\"articleSection\":[\"G\u00fcndeme Dair\",\"Namaz\",\"Sual Cevap\"],\"inLanguage\":\"tr\",\"potentialAction\":[{\"@type\":\"CommentAction\",\"name\":\"Comment\",\"target\":[\"https:\/\/omerfarukkorkmaz.com.tr\/tr\/1183\/#respond\"]}]},{\"@type\":\"WebPage\",\"@id\":\"https:\/\/omerfarukkorkmaz.com.tr\/tr\/1183\/\",\"url\":\"https:\/\/omerfarukkorkmaz.com.tr\/tr\/1183\/\",\"name\":\"Seferi \u0130ken Farzlar\u0131 Tam K\u0131lman\u0131n H\u00fckm\u00fc - \u00d6mer Faruk Korkmaz Hocaefendi\",\"isPartOf\":{\"@id\":\"https:\/\/omerfarukkorkmaz.com.tr\/tr\/#website\"},\"primaryImageOfPage\":{\"@id\":\"https:\/\/omerfarukkorkmaz.com.tr\/tr\/1183\/#primaryimage\"},\"image\":{\"@id\":\"https:\/\/omerfarukkorkmaz.com.tr\/tr\/1183\/#primaryimage\"},\"thumbnailUrl\":\"https:\/\/omerfarukkorkmaz.com.tr\/tr\/wp-content\/uploads\/2022\/09\/depositphotos_167402810-stock-photo-seamless-pattern-tile-with-mandalas-e1663924242119.jpg\",\"datePublished\":\"2022-09-23T09:10:53+00:00\",\"dateModified\":\"2022-09-23T09:10:53+00:00\",\"breadcrumb\":{\"@id\":\"https:\/\/omerfarukkorkmaz.com.tr\/tr\/1183\/#breadcrumb\"},\"inLanguage\":\"tr\",\"potentialAction\":[{\"@type\":\"ReadAction\",\"target\":[\"https:\/\/omerfarukkorkmaz.com.tr\/tr\/1183\/\"]}]},{\"@type\":\"ImageObject\",\"inLanguage\":\"tr\",\"@id\":\"https:\/\/omerfarukkorkmaz.com.tr\/tr\/1183\/#primaryimage\",\"url\":\"https:\/\/omerfarukkorkmaz.com.tr\/tr\/wp-content\/uploads\/2022\/09\/depositphotos_167402810-stock-photo-seamless-pattern-tile-with-mandalas-e1663924242119.jpg\",\"contentUrl\":\"https:\/\/omerfarukkorkmaz.com.tr\/tr\/wp-content\/uploads\/2022\/09\/depositphotos_167402810-stock-photo-seamless-pattern-tile-with-mandalas-e1663924242119.jpg\",\"width\":1381,\"height\":786,\"caption\":\"Seamless pattern tile with mandalas. Vintage decorative elements. Hand drawn background. Islam, Arabic, Indian, ottoman motifs. Perfect for printing on fabric or paper.\"},{\"@type\":\"BreadcrumbList\",\"@id\":\"https:\/\/omerfarukkorkmaz.com.tr\/tr\/1183\/#breadcrumb\",\"itemListElement\":[{\"@type\":\"ListItem\",\"position\":1,\"name\":\"Anasayfa\",\"item\":\"https:\/\/omerfarukkorkmaz.com.tr\/tr\/\"},{\"@type\":\"ListItem\",\"position\":2,\"name\":\"Seferi \u0130ken Farzlar\u0131 Tam K\u0131lman\u0131n H\u00fckm\u00fc\"}]},{\"@type\":\"WebSite\",\"@id\":\"https:\/\/omerfarukkorkmaz.com.tr\/tr\/#website\",\"url\":\"https:\/\/omerfarukkorkmaz.com.tr\/tr\/\",\"name\":\"\u00d6mer Faruk Korkmaz Hocaefendi\",\"description\":\"Resmi Web Sayfas\u0131\",\"publisher\":{\"@id\":\"https:\/\/omerfarukkorkmaz.com.tr\/tr\/#\/schema\/person\/7efd65277de8b9dc0520ec210e387854\"},\"potentialAction\":[{\"@type\":\"SearchAction\",\"target\":{\"@type\":\"EntryPoint\",\"urlTemplate\":\"https:\/\/omerfarukkorkmaz.com.tr\/tr\/?s={search_term_string}\"},\"query-input\":\"required name=search_term_string\"}],\"inLanguage\":\"tr\"},{\"@type\":[\"Person\",\"Organization\"],\"@id\":\"https:\/\/omerfarukkorkmaz.com.tr\/tr\/#\/schema\/person\/7efd65277de8b9dc0520ec210e387854\",\"name\":\"\u00d6mer Faruk Korkmaz\",\"image\":{\"@type\":\"ImageObject\",\"inLanguage\":\"tr\",\"@id\":\"https:\/\/omerfarukkorkmaz.com.tr\/tr\/#\/schema\/person\/image\/\",\"url\":\"https:\/\/omerfarukkorkmaz.com.tr\/tr\/wp-content\/uploads\/2020\/12\/cropped-nkl-2.png\",\"contentUrl\":\"https:\/\/omerfarukkorkmaz.com.tr\/tr\/wp-content\/uploads\/2020\/12\/cropped-nkl-2.png\",\"width\":512,\"height\":512,\"caption\":\"\u00d6mer Faruk Korkmaz\"},\"logo\":{\"@id\":\"https:\/\/omerfarukkorkmaz.com.tr\/tr\/#\/schema\/person\/image\/\"},\"url\":\"https:\/\/omerfarukkorkmaz.com.tr\/tr\/author\/ofkorkmaz\/\"}]}<\/script>\n<!-- \/ Yoast SEO plugin. -->","yoast_head_json":{"title":"Seferi \u0130ken Farzlar\u0131 Tam K\u0131lman\u0131n H\u00fckm\u00fc - \u00d6mer Faruk Korkmaz Hocaefendi","robots":{"index":"index","follow":"follow","max-snippet":"max-snippet:-1","max-image-preview":"max-image-preview:large","max-video-preview":"max-video-preview:-1"},"canonical":"https:\/\/omerfarukkorkmaz.com.tr\/tr\/1183\/","og_locale":"tr_TR","og_type":"article","og_title":"Seferi \u0130ken Farzlar\u0131 Tam K\u0131lman\u0131n H\u00fckm\u00fc - \u00d6mer Faruk Korkmaz Hocaefendi","og_description":"Soru: Seferi oldu\u011fumuzda namazlar\u0131 tam k\u0131lsak bunda bir problem olur mu? Veya tam k\u0131lmak m\u0131 daha faziletlidir k\u0131saltmak m\u0131? Cevap: Seferde namazlar\u0131n k\u0131salt\u0131lmas\u0131 gerekti\u011fi \u201cYery\u00fcz\u00fcnde sefere \u00e7\u0131kt\u0131\u011f\u0131n\u0131z vakit k\u00e2firlerin size sald\u0131rmas\u0131ndan korkarsan\u0131z namaz\u0131 k\u0131saltman\u0131zdan dolay\u0131 \u00fczerinize hi\u00e7bir g\u00fcnah yoktur\u201d[1] ayet-i kerimesiyle sabittir. Ne var ki bu ayetin nas\u0131l anla\u015f\u0131lmas\u0131 gerekti\u011fi \u00f6nemli bir husustur. Mesela seferde [&hellip;]","og_url":"https:\/\/omerfarukkorkmaz.com.tr\/tr\/1183\/","og_site_name":"\u00d6mer Faruk Korkmaz Hocaefendi","article_published_time":"2022-09-23T09:10:53+00:00","og_image":[{"width":1381,"height":786,"url":"https:\/\/omerfarukkorkmaz.com.tr\/tr\/wp-content\/uploads\/2022\/09\/depositphotos_167402810-stock-photo-seamless-pattern-tile-with-mandalas-e1663924242119.jpg","type":"image\/jpeg"}],"author":"\u00d6mer Faruk Korkmaz","twitter_card":"summary_large_image","twitter_misc":{"Yazan:":"\u00d6mer Faruk Korkmaz","Tahmini okuma s\u00fcresi":"4 dakika"},"schema":{"@context":"https:\/\/schema.org","@graph":[{"@type":"Article","@id":"https:\/\/omerfarukkorkmaz.com.tr\/tr\/1183\/#article","isPartOf":{"@id":"https:\/\/omerfarukkorkmaz.com.tr\/tr\/1183\/"},"author":{"name":"\u00d6mer Faruk Korkmaz","@id":"https:\/\/omerfarukkorkmaz.com.tr\/tr\/#\/schema\/person\/7efd65277de8b9dc0520ec210e387854"},"headline":"Seferi \u0130ken Farzlar\u0131 Tam K\u0131lman\u0131n H\u00fckm\u00fc","datePublished":"2022-09-23T09:10:53+00:00","dateModified":"2022-09-23T09:10:53+00:00","mainEntityOfPage":{"@id":"https:\/\/omerfarukkorkmaz.com.tr\/tr\/1183\/"},"wordCount":874,"commentCount":0,"publisher":{"@id":"https:\/\/omerfarukkorkmaz.com.tr\/tr\/#\/schema\/person\/7efd65277de8b9dc0520ec210e387854"},"image":{"@id":"https:\/\/omerfarukkorkmaz.com.tr\/tr\/1183\/#primaryimage"},"thumbnailUrl":"https:\/\/omerfarukkorkmaz.com.tr\/tr\/wp-content\/uploads\/2022\/09\/depositphotos_167402810-stock-photo-seamless-pattern-tile-with-mandalas-e1663924242119.jpg","keywords":["namaz\u0131 tam k\u0131lmak","seferde namaz","seferiyken farz\u0131 tam k\u0131lmak"],"articleSection":["G\u00fcndeme Dair","Namaz","Sual Cevap"],"inLanguage":"tr","potentialAction":[{"@type":"CommentAction","name":"Comment","target":["https:\/\/omerfarukkorkmaz.com.tr\/tr\/1183\/#respond"]}]},{"@type":"WebPage","@id":"https:\/\/omerfarukkorkmaz.com.tr\/tr\/1183\/","url":"https:\/\/omerfarukkorkmaz.com.tr\/tr\/1183\/","name":"Seferi \u0130ken Farzlar\u0131 Tam K\u0131lman\u0131n H\u00fckm\u00fc - \u00d6mer Faruk Korkmaz Hocaefendi","isPartOf":{"@id":"https:\/\/omerfarukkorkmaz.com.tr\/tr\/#website"},"primaryImageOfPage":{"@id":"https:\/\/omerfarukkorkmaz.com.tr\/tr\/1183\/#primaryimage"},"image":{"@id":"https:\/\/omerfarukkorkmaz.com.tr\/tr\/1183\/#primaryimage"},"thumbnailUrl":"https:\/\/omerfarukkorkmaz.com.tr\/tr\/wp-content\/uploads\/2022\/09\/depositphotos_167402810-stock-photo-seamless-pattern-tile-with-mandalas-e1663924242119.jpg","datePublished":"2022-09-23T09:10:53+00:00","dateModified":"2022-09-23T09:10:53+00:00","breadcrumb":{"@id":"https:\/\/omerfarukkorkmaz.com.tr\/tr\/1183\/#breadcrumb"},"inLanguage":"tr","potentialAction":[{"@type":"ReadAction","target":["https:\/\/omerfarukkorkmaz.com.tr\/tr\/1183\/"]}]},{"@type":"ImageObject","inLanguage":"tr","@id":"https:\/\/omerfarukkorkmaz.com.tr\/tr\/1183\/#primaryimage","url":"https:\/\/omerfarukkorkmaz.com.tr\/tr\/wp-content\/uploads\/2022\/09\/depositphotos_167402810-stock-photo-seamless-pattern-tile-with-mandalas-e1663924242119.jpg","contentUrl":"https:\/\/omerfarukkorkmaz.com.tr\/tr\/wp-content\/uploads\/2022\/09\/depositphotos_167402810-stock-photo-seamless-pattern-tile-with-mandalas-e1663924242119.jpg","width":1381,"height":786,"caption":"Seamless pattern tile with mandalas. Vintage decorative elements. Hand drawn background. Islam, Arabic, Indian, ottoman motifs. Perfect for printing on fabric or paper."},{"@type":"BreadcrumbList","@id":"https:\/\/omerfarukkorkmaz.com.tr\/tr\/1183\/#breadcrumb","itemListElement":[{"@type":"ListItem","position":1,"name":"Anasayfa","item":"https:\/\/omerfarukkorkmaz.com.tr\/tr\/"},{"@type":"ListItem","position":2,"name":"Seferi \u0130ken Farzlar\u0131 Tam K\u0131lman\u0131n H\u00fckm\u00fc"}]},{"@type":"WebSite","@id":"https:\/\/omerfarukkorkmaz.com.tr\/tr\/#website","url":"https:\/\/omerfarukkorkmaz.com.tr\/tr\/","name":"\u00d6mer Faruk Korkmaz Hocaefendi","description":"Resmi Web Sayfas\u0131","publisher":{"@id":"https:\/\/omerfarukkorkmaz.com.tr\/tr\/#\/schema\/person\/7efd65277de8b9dc0520ec210e387854"},"potentialAction":[{"@type":"SearchAction","target":{"@type":"EntryPoint","urlTemplate":"https:\/\/omerfarukkorkmaz.com.tr\/tr\/?s={search_term_string}"},"query-input":"required name=search_term_string"}],"inLanguage":"tr"},{"@type":["Person","Organization"],"@id":"https:\/\/omerfarukkorkmaz.com.tr\/tr\/#\/schema\/person\/7efd65277de8b9dc0520ec210e387854","name":"\u00d6mer Faruk Korkmaz","image":{"@type":"ImageObject","inLanguage":"tr","@id":"https:\/\/omerfarukkorkmaz.com.tr\/tr\/#\/schema\/person\/image\/","url":"https:\/\/omerfarukkorkmaz.com.tr\/tr\/wp-content\/uploads\/2020\/12\/cropped-nkl-2.png","contentUrl":"https:\/\/omerfarukkorkmaz.com.tr\/tr\/wp-content\/uploads\/2020\/12\/cropped-nkl-2.png","width":512,"height":512,"caption":"\u00d6mer Faruk Korkmaz"},"logo":{"@id":"https:\/\/omerfarukkorkmaz.com.tr\/tr\/#\/schema\/person\/image\/"},"url":"https:\/\/omerfarukkorkmaz.com.tr\/tr\/author\/ofkorkmaz\/"}]}},"_links":{"self":[{"href":"https:\/\/omerfarukkorkmaz.com.tr\/tr\/wp-json\/wp\/v2\/posts\/1183","targetHints":{"allow":["GET"]}}],"collection":[{"href":"https:\/\/omerfarukkorkmaz.com.tr\/tr\/wp-json\/wp\/v2\/posts"}],"about":[{"href":"https:\/\/omerfarukkorkmaz.com.tr\/tr\/wp-json\/wp\/v2\/types\/post"}],"author":[{"embeddable":true,"href":"https:\/\/omerfarukkorkmaz.com.tr\/tr\/wp-json\/wp\/v2\/users\/3"}],"replies":[{"embeddable":true,"href":"https:\/\/omerfarukkorkmaz.com.tr\/tr\/wp-json\/wp\/v2\/comments?post=1183"}],"version-history":[{"count":0,"href":"https:\/\/omerfarukkorkmaz.com.tr\/tr\/wp-json\/wp\/v2\/posts\/1183\/revisions"}],"wp:featuredmedia":[{"embeddable":true,"href":"https:\/\/omerfarukkorkmaz.com.tr\/tr\/wp-json\/wp\/v2\/media\/1184"}],"wp:attachment":[{"href":"https:\/\/omerfarukkorkmaz.com.tr\/tr\/wp-json\/wp\/v2\/media?parent=1183"}],"wp:term":[{"taxonomy":"category","embeddable":true,"href":"https:\/\/omerfarukkorkmaz.com.tr\/tr\/wp-json\/wp\/v2\/categories?post=1183"},{"taxonomy":"post_tag","embeddable":true,"href":"https:\/\/omerfarukkorkmaz.com.tr\/tr\/wp-json\/wp\/v2\/tags?post=1183"}],"curies":[{"name":"wp","href":"https:\/\/api.w.org\/{rel}","templated":true}]}}