{"id":1172,"date":"2022-08-02T21:55:08","date_gmt":"2022-08-02T21:55:08","guid":{"rendered":"http:\/\/www.omerfarukkorkmaz.com.tr\/?p=1172"},"modified":"2022-08-02T21:55:08","modified_gmt":"2022-08-02T21:55:08","slug":"ibn-abidin-nazarinda-mevlana-halid","status":"publish","type":"post","link":"https:\/\/omerfarukkorkmaz.com.tr\/tr\/ibn-abidin-nazarinda-mevlana-halid\/","title":{"rendered":"\u0130bn \u00c2bidin Nazar\u0131nda Mevl\u00e2n\u00e2 H\u00e2lid"},"content":{"rendered":"<p><strong>(Sellu\u2019l-H\u00fcs\u00e2mi\u2019l-Hind\u00ee li Nusrati\u2019\u015f-\u015eeyh Halid en-Nak\u015fibend\u00ee)<\/strong><\/p>\n<p>Kur\u2019an-\u0131 Hakim, Allah \ufdfb \u2019tan hakk\u0131yla korkan ki\u015filerin \u00e2limler oldu\u011funu s\u00f6yler.<a href=\"#_ftn1\" name=\"_ftnref1\">[1]<\/a> Bu sebeple alimler gerek s\u00f6zlerinde ve gerekse \u015fehadetlerinde di\u011fer insanlardan farkl\u0131 addedilirler. Zira Cenab-\u0131 Hak kendinden ba\u015fka ilah olmad\u0131\u011f\u0131na \u00f6ncelikle zat-\u0131 s\u00fcbhaniyesini, sonra meleklerini ve sonra da alimleri \u015fahid olarak zikreder.<a href=\"#_ftn2\" name=\"_ftnref2\">[2]<\/a> Bu durum alimlerin \u015fehadetinin ne denli \u00f6nemli oldu\u011funu g\u00f6stermekte k\u00e2fidir tek ba\u015f\u0131na. Mevl\u00e2n\u00e2 Halid b\u00fcy\u00fck bir m\u00fcrebbi ve m\u00fcr\u015fid oldu\u011fu kadar alimdir de ayn\u0131 zamanda. Onun \u00f6zellikle usul, hadis ve kel\u00e2m alanlar\u0131ndaki derinli\u011fi ehlinin malumudur. Bizler bu makalede onunla ayn\u0131 devirde ya\u015fam\u0131\u015f olup ilim d\u00fcnyas\u0131na ad\u0131n\u0131 alt\u0131n harflerle kaz\u0131m\u0131\u015f olan ve ayn\u0131 zamanda da Mevl\u00e2n\u00e2 Halid\u2019e intisap etmi\u015f bulunan \u0130bn Abidin merhumun nazar\u0131nda Mevl\u00e2n\u00e2 Halid konusuna de\u011finece\u011fiz. Bu konu etraf\u0131nda konu\u015furken elbette ki meselemizi ilk tahkik \u00e7al\u0131\u015fmam\u0131z olan ve bu konuyla birebir taalluku olan bir kitap \u00fczerinden yani <em>Sell\u00fc\u2019l-H\u00fcs\u00e2mi\u2019l-Hind\u00ee <\/em>\u00fczerinden y\u00fcr\u00fctece\u011fiz.<\/p>\n<p>Mevl\u00e2n\u00e2 Halid, \u0130stanbul\u2019a halife olarak g\u00f6nderdi\u011fi Abd\u00fclvehhab es-S\u00fbs\u00ee\u2019nin tarikata ve \u015eeriata uymayan i\u015fleri sebebiyle onu g\u00f6revden azletmi\u015f ve tarikattan kovmu\u015ftu. Kendisinden \u201cm\u00fctemerrid halife\u201d olarak bahsedilen bu \u015fahs\u0131n daha sonra Medine-i M\u00fcnevvere\u2019ye giderek H\u00e2c Hamd\u00ee D\u00e2\u011f\u0131st\u00e2n\u00ee gibileriyle birliktelik kurarak Mevl\u00e2n\u00e2 Halid\u2019in aleyhinde bir tak\u0131m iddialar\u0131 ihtiva eden bir risale kaleme almas\u0131 \u00fczerine Hazret susmay\u0131 tercih etse de \u0130bn \u00c2bid\u00een bir risale kaleme almay\u0131 vazife addetti. Daha do\u011frusu Mevl\u00e2 Halid, ilgili risaledeki iddialar\u0131 iptal eden bu risaleyi kaleme almas\u0131n\u0131 kendisinden istedi. Bunun \u00fczerine \u0130bn \u00c2bid\u00een, S<em>ellu\u2019l-H\u00fcs\u00e2mi\u2019l-Hind\u00ee li Nusrati\u2019\u015f-\u015eeyh Halid en-Nak\u015fibend\u00ee<\/em> \u00a0isimli risalesini telif etti. \u015eimdi, bu risalenin muhteviyat\u0131n\u0131 \u00f6zetlemeye gayret edelim:<\/p>\n<p>Risale, besmele ve hamdele safhas\u0131ndan sonra telif sebebini zikrederek ba\u015flamaktad\u0131r. \u0130bn \u00c2bid\u00een, asr\u0131n\u0131n me\u015fhur imam\u0131, b\u00fcy\u00fck arif, biricik imam ve yol g\u00f6steren, \u015ferefli \u00f6nder olmak gibi bir\u00e7ok vas\u0131fla tavsif etti\u011fi Mevl\u00e2n\u00e2 Halid\u2019e kar\u015f\u0131 baz\u0131lar\u0131n\u0131n bat\u0131llarla dolu bir risale telif etti\u011fini ve kendisinin yazd\u0131\u011f\u0131 risalenin de buna bir reddiye niteli\u011finde oldu\u011funu belirterek s\u00f6ze ba\u015flamaktad\u0131r. \u0130bn \u00c2bidin\u2019e g\u00f6re Mevl\u00e2n\u00e2 Halid\u2019in \u00fcst\u00fcnl\u00fc\u011f\u00fc ve faziletlerini inat\u00e7\u0131 m\u00fcnkirden ba\u015fkas\u0131 reddetmez. Onun feyiz ve bereketi b\u00fcsb\u00fct\u00fcn alemi ku\u015fatm\u0131\u015f ve Nak\u015fibendiye tarikat\u0131 onunla \u015f\u00f6hret kazanm\u0131\u015ft\u0131r. Bunun yan\u0131nda onun kaleme ald\u0131\u011f\u0131 telifler ve ilm\u00ee y\u00f6n\u00fc de meziyetine meziyet katan apayr\u0131 bir y\u00f6n\u00fcd\u00fcr. Bu y\u00fczden avam havas herkesin nazar\u0131nda fazileti kabul edilmi\u015f hatta Devlet-i \u00e2liye taraf\u0131ndan bile teslim edilmi\u015ftir.<\/p>\n<p>Mertebesi bu denli b\u00fcy\u00fck olan Mevl\u00e2n\u00e2 Halid kendisine bu risaleyi yazmas\u0131n\u0131 emretmi\u015f ve o da hi\u00e7bir ihmal ve imhal olmaks\u0131z\u0131n bu emre imtisal etmi\u015ftir. Evliyaullaha uzanan dilin etkisini yok etme niyetiyle kaleme al\u0131nm\u0131\u015f bu enfes risale bir mukaddime, d\u00f6rt fas\u0131l ve bir de hatimeden m\u00fcte\u015fekkildir. Mukaddime k\u0131sm\u0131 bu risalenin yaz\u0131l\u0131\u015f sebebi, Mevl\u00e2n\u00e2 Halid\u2019e sald\u0131ran risalenin ne s\u00f6yledi\u011fi ve \u015eeyh \u0130smail isimli \u015fahsa nispet edilen s\u00f6zlerin bizatihi kendisi taraf\u0131ndan yalanland\u0131\u011f\u0131 mektubun metni ve ba\u015fka nakillerin serdedilmesinden olu\u015fmakta.\u00a0 \u0130bn Abidin daha risalenin mukaddime k\u0131sm\u0131nda Mevl\u00e2n\u00e2 Halid\u2019e iftira eden ki\u015finin bir k\u0131s\u0131m f\u0131kh\u00ee fetvalar\u0131 alakas\u0131z ve yanl\u0131\u015f bir \u015fekilde delil almas\u0131n\u0131 ortaya \u00e7\u0131karak hasm\u0131n\u0131 re\u2019sen ilzam etmektedir. Ve bu k\u0131s\u0131mda Evliyaullaha kar\u015f\u0131 tak\u0131n\u0131lmas\u0131 gereken tavra y\u00f6nelik de \u00f6nemli \u015feyler s\u00f6ylemektedir. Bu b\u00f6l\u00fcmde, evliyaullah\u0131n \u00a0i\u015flerini sahih bir mahmile hamleden ve Allah \ufdfb\u2019a \u0131smarlayan ki\u015filerin Cenab-\u0131 Hakk \ufdfb\u2019a ula\u015fmalar\u0131n\u0131n \u00fcmit edilebilece\u011fi vurgulan\u0131rken aksi tav\u0131r tak\u0131n\u0131p itiraz eden, kusurlar\u0131n\u0131 ara\u015ft\u0131ran kimselerin de mahrum olacaklar\u0131, iflah olmayacaklar\u0131 ve son nefeslerinde k\u00f6t\u00fc bir netice ile kar\u015f\u0131la\u015facaklar\u0131 tembihlenmektedir. Muhalif taraf\u0131ndan yaz\u0131lan risalede Mevl\u00e2n\u00e2 Halid\u2019e y\u00f6nelik tekfir ifadeleri kullan\u0131ld\u0131\u011f\u0131 i\u00e7in, Mukaddime k\u0131sm\u0131nda Evliyaullaha sald\u0131rana Allah \ufdfb\u2019\u0131n sava\u015f a\u00e7t\u0131\u011f\u0131na dair kutsi hadis ve bir M\u00fcsl\u00fcman\u0131 yersiz olarak tekfir eden ki\u015finin kendisinin k\u00e2fir olaca\u011f\u0131na dair hadisler serdedilmektedir. Meselenin doyurucu bir \u015fekilde f\u0131kh\u00ee cihetinin de ortaya kondu\u011fu bu b\u00f6l\u00fcmde Mevl\u00e2n\u00e2 Halid\u2019e bu yak\u0131\u015f\u0131ks\u0131z ifadeleri kullananlara g\u00fc\u00e7l\u00fc bir darbe vuruluyor. Hadisenin Us\u00fbl-i Hadis, Us\u00fbl-i F\u0131k\u0131h ve sair ilimler a\u00e7\u0131s\u0131ndan da tahlil edildi\u011fi bu b\u00f6l\u00fcm bu sald\u0131r\u0131lar\u0131n tamamen hasetten ne\u015fet etti\u011fini vurgulamak amac\u0131yla zikredilen hadis-i \u015ferifi de ihtiva ediyor.<\/p>\n<p>Birinci fas\u0131lda velinin tarifi ve Eyliy\u00e2n\u0131n kerameti konusu ele al\u0131n\u0131yor. \u0130mam et-Teft\u00e2z\u00e2n\u00ee\u2019nin <em>\u015eerhu\u2019l-Makas\u0131d<\/em>\u2019\u0131ndan velinin tarifi ve kerametin ne oldu\u011fu ile ilgili nakil yap\u0131l\u0131yor. Sonras\u0131nda cumhur uleman\u0131n kerametin hak oldu\u011funa dair ittifak halinde oldu\u011fu, buna Mu\u2019tezile\u2019nin muhalefet etti\u011fi zikredilerek devam ediliyor. Velinin kerametinin Nebi\u2019nin mu\u2019cizesi oldu\u011fu ve f\u0131k\u0131h kitaplar\u0131m\u0131zda kerametle ilgili nakillerin bulundu\u011fu ortaya konuyor. Keramet konusun gere\u011fi kadar ve gayet mukni bir \u015fekilde ele al\u0131nd\u0131\u011f\u0131 birinci fas\u0131ldan sonra ikinci fasla ge\u00e7iliyor.<\/p>\n<p>Bu fas\u0131lda Cinlerin kontrol alt\u0131na al\u0131n\u0131p al\u0131namayaca\u011f\u0131 ve onlarla bir araya gelmenin m\u00fcmk\u00fcn olup olmad\u0131\u011f\u0131 i\u015fleniyor. Cinlerin, farkl\u0131 \u015fekillere girebilen hav\u00e2\u00ee, latif cisimler olduklar\u0131 belirtilerek ba\u015flanan bu b\u00f6l\u00fcmde onlar\u0131n melek ve \u015feytanlarla farklar\u0131 da ortaya konmaktad\u0131r. Hadislerden ve f\u0131kh\u00ee h\u00fck\u00fcmlerden hareketle cinlerle bir araya gelmenin m\u00fcmk\u00fcn oldu\u011fu, hatta onlar\u0131 belli ba\u015fl\u0131 baz\u0131 i\u015fler i\u00e7in istihdam etmenin muhal olmad\u0131\u011f\u0131 ve b\u00fct\u00fcn bunlar\u0131n Cenab-\u0131 Hakk\u2019\u0131n izniyle oldu\u011funa inand\u0131ktan sonra akidevi olarak hi\u00e7bir s\u0131k\u0131nt\u0131 arz etmeyece\u011fi ifade ediliyor. Yap\u0131lan bolca naklin g\u00fczel bir \u015fekilde ispat etti\u011fi bu istidlalle birlikte muar\u0131zlar\u0131n Mevl\u00e2n\u00e2 Halid\u2019e y\u00f6nelik bu meyandaki itirazlar\u0131 da \u00e7\u00fcr\u00fct\u00fclm\u00fc\u015f oluyor. \u0130bn \u00c2bid\u00een nazar\u0131nda bir keramet mahsul\u00fc olarak Mevl\u00e2n\u00e2 Halid\u2019in cinlere inabe vermesi veya belli ba\u015fl\u0131 baz\u0131 meselelerde onlardan yard\u0131m almas\u0131 \u015feriat harici bir \u015fey de\u011fildir. Zira bir k\u0131s\u0131m ayetler, hadisler ve sahabe uygulamalar\u0131na bakt\u0131\u011f\u0131m\u0131zda bunu rahatl\u0131kla m\u00fc\u015fahede edebilmekteyiz.<\/p>\n<p>\u00dc\u00e7\u00fcnc\u00fc fas\u0131lda Mevl\u00e2n\u00e2 Halid\u2019in itham edildi\u011fi sihir mevzuu masaya yat\u0131r\u0131l\u0131yor. Hakeza yine <em>\u015eerhu\u2019l-Mak\u00e2s\u0131d<\/em>\u2019dan sihrin ne oldu\u011funun nakledilmesiyle ba\u015flayan bu b\u00f6l\u00fcm Mu\u2019tezile\u2019nin konu hakk\u0131ndaki g\u00f6r\u00fc\u015f\u00fcne de de\u011finilerek devam ediyor. Bu b\u00f6l\u00fcmde hususen \u00fczerinde durulan konu sihrin h\u00fckm\u00fcd\u00fcr. Zira muhalifler sihir yapt\u0131\u011f\u0131 gerek\u00e7esiyle Mevl\u00e2n\u00e2 Halid\u2019i tekfir ettiler. Onun aleyhine yazd\u0131klar\u0131 risalede f\u0131kha g\u00f6re sihir yapan ki\u015finin kafir olaca\u011f\u0131na dair \u015feyler zikrettiler. \u0130bn Abidin de bu b\u00f6l\u00fcmde mevzuyu d\u00f6rt mezhebin alimlerinden yapt\u0131\u011f\u0131 nakillerle tahrir ediyor. Netice olarak d\u00f6rt mezhebe g\u00f6re de sihrin helal oldu\u011funa inanarak yapan ki\u015finin kafir olaca\u011f\u0131 sonucuna var\u0131l\u0131yor. Bu tafsil, Mevl\u00e2n\u00e2 Halid\u2019in bir sihirbaz oldu\u011funun teslim edilmesi anlam\u0131nda de\u011fil, muar\u0131zlar\u0131n yapt\u0131klar\u0131 yalan itham\u0131n alt\u0131nda yatan yar\u0131m yamalak bilginin ispat edilmesi amac\u0131na matuftur. Bunun d\u0131\u015f\u0131nda bu fas\u0131lda sihir yapan ki\u015finin \u00f6ld\u00fcr\u00fclmesi, sihrin \u00e7e\u015fitleri, bizatihi y\u0131ld\u0131zlar\u0131n tesirinin oldu\u011funa inanan ki\u015filerin tekfir edilmesinin baz\u0131 \u015eafiiler taraf\u0131ndan m\u00fc\u015fkil bulunmas\u0131n\u0131n tahlili gibi bir\u00e7ok konu da yer al\u0131yor.<\/p>\n<p>D\u00f6rd\u00fcnc\u00fc fas\u0131lda ise gayb\u0131n bilinmesi meselesi etrafl\u0131 ve esasl\u0131 bir \u015fekilde tahlil ediliyor. Muar\u0131zlar\u0131n Mevl\u00e2n\u00e2 Halid\u2019in gayb\u0131 bildi\u011fini iddia etti\u011fi ve bu y\u00fczden tekfir edilmesi gerekti\u011fi \u015feklindeki iddialar\u0131n\u0131n as\u0131ls\u0131z hurafelerden ibaret oldu\u011fu ortaya konuyor. Zira onlar\u0131n gayb\u0131 bilmek \u015feklinde niteledi\u011fi \u015fey, Allah \ufdfb\u2019nin kimi zaman bir mucize ve kimi zaman da bir keramet mahsul\u00fc olarak baz\u0131 kullar\u0131na bildirebilece\u011fini haber verdi\u011fi bilgilerdir. \u0130bn \u00c2bidin bu b\u00f6l\u00fcmde gayb\u0131n ka\u00e7 \u00e7e\u015fit oldu\u011fu,\u00a0 hangi gayb\u0131n asla Cenab-\u0131 Hak d\u0131\u015f\u0131nda kimse taraf\u0131ndan bilinemeyece\u011fi, ilgili ayet-i kerimeleri nas\u0131l anlamam\u0131z gerekti\u011fi gibi bir \u00e7ok knuyu \u00e7ok enfes bir \u015fekilde tahkik ediyor. Bunun d\u0131\u015f\u0131nda gayb\u0131 bilmekle ilgili f\u0131k\u0131h kitaplar\u0131m\u0131zdan yapt\u0131\u011f\u0131 k\u00e2f\u00ee ve v\u00e2f\u00ee nakiller de okuyucuyu ikna, muar\u0131z\u0131 da ilzam i\u00e7in m\u00fccevher niteli\u011fi ta\u015f\u0131yor. \u0130bn Abidin nazar\u0131nda Mevl\u00e2n\u00e2 Halid\u2019in bu t\u00fcr kerametler g\u00f6stermesi karalanmas\u0131n\u0131 mucip bir \u015fey olmad\u0131\u011f\u0131 gibi onun \u015fan\u0131na yak\u0131\u015f\u0131r bir \u00fcst\u00fcn meziyettir. Zira Cenab-\u0131 Hak onu veli bir kul olarak se\u00e7mi\u015f ve di\u011fer kullar\u0131na bah\u015fetmedi\u011fi bu t\u00fcr \u00fcst\u00fcn vas\u0131flar\u0131 ona ihsan buyurmu\u015ftur. \u0130bn \u00c2bidin bu b\u00f6l\u00fcmde yine konuyu evliyaullaha kar\u015f\u0131 gelmek noktas\u0131na ta\u015f\u0131yarak bunun ne denli k\u00f6t\u00fc ak\u0131betlere maruz kalmaya sebep olaca\u011f\u0131, Allah \ufdfb\u2019tan y\u00fcz \u00e7evirmenin alameti oldu\u011fu y\u00f6n\u00fcnde tembihlerde bulunuyor.<\/p>\n<p>Eserin h\u00e2time k\u0131sm\u0131 Mevl\u00e2n\u00e2 Halid\u2019in tarih\u00e7e-i hayat\u0131na ayr\u0131lm\u0131\u015f. \u0130bn Abidin bu b\u00f6l\u00fcmde \u015feyhinin hayat\u0131n\u0131 anlat\u0131p meziyetlerine dikkat \u00e7ekiyor. Yapt\u0131\u011f\u0131 r\u0131hleler, seyahatler, ders ald\u0131\u011f\u0131 hocalar, Nak\u015fibendiye tarikatine intisab\u0131, telif etti\u011fi eserler gibi mevzular\u0131n <em>el-Hadikatu\u2019n-Nediyye<\/em>\u2019den naklen zikredildi\u011fi bu b\u00f6l\u00fcmde ahir \u00f6mr\u00fcnde \u015feyhiyle ya\u015fad\u0131\u011f\u0131 bir hat\u0131ray\u0131 da zikrediyor \u0130bn Abidin: \u201cSon \u00e7ocu\u011funun vefat\u0131 sebebiyle taziye i\u00e7in yan\u0131na girdi\u011fimde nur sa\u00e7an y\u00fcz\u00fcyle tebess\u00fcm eder halde buldum kendilerini. Bana \u2018Kalbimde, bu ac\u0131 h\u00fckme kar\u015f\u0131 istirca\u2019dan \u00e7ok\u00a0 hamd ve r\u0131za duygusunu hissetti\u011fim i\u00e7in Allah \ufdfb&#8217;a hamd ediyorum\u2019 dedi.<\/p>\n<p>\u2018Zilkade ay\u0131n\u0131n on biri Sal\u0131 g\u00fcn\u00fc g\u00fcne\u015f bat\u0131m\u0131ndan evvel kendisini ziyaret ettim. Ve kendisine iki g\u00fcnd\u00fcr r\u00fcyamda Hz. Osman efendimizin vefat etti\u011fini ve benim de onun cenaze namaz\u0131n\u0131 k\u0131ld\u0131\u011f\u0131m\u0131 g\u00f6rd\u00fc\u011f\u00fcm\u00fc s\u00f6yledi\u011fimde \u2018Ben de Hz. Osman (rad\u0131yallahu anh)\u2019\u0131n neslindenim\u2019 buyurarak bu r\u00fcyan\u0131n kendisine i\u015farette bulundu\u011funu ima etmi\u015fti. Sonra haber ald\u0131m ki yats\u0131 namaz\u0131n\u0131 k\u0131l\u0131p, m\u00fcridlerine vasiyette bulunmu\u015f ve arzu etti\u011fi \u015feyleri onlara aktarm\u0131\u015f ard\u0131ndan evine girmi\u015f ve o gece vefat etmi\u015fti.\u2019 Cenazesini de t\u0131pk\u0131 g\u00f6rm\u00fc\u015f oldu\u011fu r\u00fcyan\u0131n i\u015faret etti\u011fi gibi o b\u00fcy\u00fck fakih \u0130bn Abdin k\u0131ld\u0131rm\u0131\u015f\u0131.<\/p>\n<p>&nbsp;<\/p>\n<p>Allah hepsine rahmet eylesin ve \u015fafaatlerine nail eylesin\u2026<\/p>\n<p>&nbsp;<\/p>\n<hr \/>\n<p><a href=\"#_ftnref1\" name=\"_ftn1\">[1]<\/a> F\u00e2t\u0131r, 28<\/p>\n<p><a href=\"#_ftnref2\" name=\"_ftn2\">[2]<\/a> \u00c2l-i \u0130mr\u00e2n, 18<\/p>\n","protected":false},"excerpt":{"rendered":"<p>(Sellu\u2019l-H\u00fcs\u00e2mi\u2019l-Hind\u00ee li Nusrati\u2019\u015f-\u015eeyh Halid en-Nak\u015fibend\u00ee) Kur\u2019an-\u0131 Hakim, Allah \ufdfb \u2019tan hakk\u0131yla korkan ki\u015filerin \u00e2limler oldu\u011funu s\u00f6yler.[1] Bu sebeple alimler gerek s\u00f6zlerinde ve gerekse \u015fehadetlerinde di\u011fer insanlardan farkl\u0131 addedilirler. Zira Cenab-\u0131 Hak kendinden ba\u015fka ilah olmad\u0131\u011f\u0131na \u00f6ncelikle zat-\u0131 s\u00fcbhaniyesini, sonra meleklerini ve sonra da alimleri \u015fahid olarak zikreder.[2] Bu durum alimlerin \u015fehadetinin ne denli \u00f6nemli oldu\u011funu [&hellip;]<\/p>\n","protected":false},"author":3,"featured_media":1174,"comment_status":"open","ping_status":"open","sticky":false,"template":"","format":"standard","meta":{"content-type":"","_monsterinsights_skip_tracking":false,"_monsterinsights_sitenote_active":false,"_monsterinsights_sitenote_note":"","_monsterinsights_sitenote_category":0,"footnotes":""},"categories":[14,2,3],"tags":[243,286,452,596],"class_list":{"0":"post-1172","1":"post","2":"type-post","3":"status-publish","4":"format-standard","5":"has-post-thumbnail","7":"category-akaid-kelam","8":"category-gundeme-dair","9":"category-makaleler","10":"tag-halid-i-bagdadi","11":"tag-ibn-abidin","12":"tag-mevlana-halid","13":"tag-sellul-husamil-hindi"},"yoast_head":"<!-- This site is optimized with the Yoast SEO plugin v23.2 - https:\/\/yoast.com\/wordpress\/plugins\/seo\/ -->\n<title>\u0130bn \u00c2bidin Nazar\u0131nda Mevl\u00e2n\u00e2 H\u00e2lid - \u00d6mer Faruk Korkmaz Hocaefendi<\/title>\n<meta name=\"robots\" content=\"index, follow, max-snippet:-1, max-image-preview:large, max-video-preview:-1\" \/>\n<link rel=\"canonical\" href=\"https:\/\/omerfarukkorkmaz.com.tr\/tr\/ibn-abidin-nazarinda-mevlana-halid\/\" \/>\n<meta property=\"og:locale\" content=\"tr_TR\" \/>\n<meta property=\"og:type\" content=\"article\" \/>\n<meta property=\"og:title\" content=\"\u0130bn \u00c2bidin Nazar\u0131nda Mevl\u00e2n\u00e2 H\u00e2lid - \u00d6mer Faruk Korkmaz Hocaefendi\" \/>\n<meta property=\"og:description\" content=\"(Sellu\u2019l-H\u00fcs\u00e2mi\u2019l-Hind\u00ee li Nusrati\u2019\u015f-\u015eeyh Halid en-Nak\u015fibend\u00ee) Kur\u2019an-\u0131 Hakim, Allah \ufdfb \u2019tan hakk\u0131yla korkan ki\u015filerin \u00e2limler oldu\u011funu s\u00f6yler.[1] Bu sebeple alimler gerek s\u00f6zlerinde ve gerekse \u015fehadetlerinde di\u011fer insanlardan farkl\u0131 addedilirler. Zira Cenab-\u0131 Hak kendinden ba\u015fka ilah olmad\u0131\u011f\u0131na \u00f6ncelikle zat-\u0131 s\u00fcbhaniyesini, sonra meleklerini ve sonra da alimleri \u015fahid olarak zikreder.[2] Bu durum alimlerin \u015fehadetinin ne denli \u00f6nemli oldu\u011funu [&hellip;]\" \/>\n<meta property=\"og:url\" content=\"https:\/\/omerfarukkorkmaz.com.tr\/tr\/ibn-abidin-nazarinda-mevlana-halid\/\" \/>\n<meta property=\"og:site_name\" content=\"\u00d6mer Faruk Korkmaz Hocaefendi\" \/>\n<meta property=\"article:published_time\" content=\"2022-08-02T21:55:08+00:00\" \/>\n<meta property=\"og:image\" content=\"https:\/\/omerfarukkorkmaz.com.tr\/tr\/wp-content\/uploads\/2022\/08\/\u0633\u0644-\u0627\u0644\u062d\u0633\u0627\u0645-\u0627\u0644\u0647\u0646\u062f\u064a-\u0644\u0646\u0635\u0631\u0629-\u0627\u0644\u0634\u064a\u062e-\u062e\u0627\u0644\u062f-\u0627\u0644\u0646\u0642\u0634\u0628\u0646\u062f\u064a-\u0627\u0628\u0646-\u0639\u0627\u0628\u062f\u064a\u0646-\u0627\u0644\u062d\u0646\u0641\u064a-\u0645\u0643\u062a\u0628\u0629-\u0627\u0644\u0627\u0631\u0634\u0627\u062f-\u0645\u0643\u062a\u0628\u0629-\u0627\u0644\u062f\u0631\u0627\u064a\u0629-1-e1659477283308.jpg\" \/>\n\t<meta property=\"og:image:width\" content=\"974\" \/>\n\t<meta property=\"og:image:height\" content=\"730\" \/>\n\t<meta property=\"og:image:type\" content=\"image\/jpeg\" \/>\n<meta name=\"author\" content=\"\u00d6mer Faruk Korkmaz\" \/>\n<meta name=\"twitter:card\" content=\"summary_large_image\" \/>\n<meta name=\"twitter:label1\" content=\"Yazan:\" \/>\n\t<meta name=\"twitter:data1\" content=\"\u00d6mer Faruk Korkmaz\" \/>\n\t<meta name=\"twitter:label2\" content=\"Tahmini okuma s\u00fcresi\" \/>\n\t<meta name=\"twitter:data2\" content=\"9 dakika\" \/>\n<script type=\"application\/ld+json\" class=\"yoast-schema-graph\">{\"@context\":\"https:\/\/schema.org\",\"@graph\":[{\"@type\":\"Article\",\"@id\":\"https:\/\/omerfarukkorkmaz.com.tr\/tr\/ibn-abidin-nazarinda-mevlana-halid\/#article\",\"isPartOf\":{\"@id\":\"https:\/\/omerfarukkorkmaz.com.tr\/tr\/ibn-abidin-nazarinda-mevlana-halid\/\"},\"author\":{\"name\":\"\u00d6mer Faruk Korkmaz\",\"@id\":\"https:\/\/omerfarukkorkmaz.com.tr\/tr\/#\/schema\/person\/7efd65277de8b9dc0520ec210e387854\"},\"headline\":\"\u0130bn \u00c2bidin Nazar\u0131nda Mevl\u00e2n\u00e2 H\u00e2lid\",\"datePublished\":\"2022-08-02T21:55:08+00:00\",\"dateModified\":\"2022-08-02T21:55:08+00:00\",\"mainEntityOfPage\":{\"@id\":\"https:\/\/omerfarukkorkmaz.com.tr\/tr\/ibn-abidin-nazarinda-mevlana-halid\/\"},\"wordCount\":1864,\"commentCount\":0,\"publisher\":{\"@id\":\"https:\/\/omerfarukkorkmaz.com.tr\/tr\/#\/schema\/person\/7efd65277de8b9dc0520ec210e387854\"},\"image\":{\"@id\":\"https:\/\/omerfarukkorkmaz.com.tr\/tr\/ibn-abidin-nazarinda-mevlana-halid\/#primaryimage\"},\"thumbnailUrl\":\"https:\/\/omerfarukkorkmaz.com.tr\/tr\/wp-content\/uploads\/2022\/08\/\u0633\u0644-\u0627\u0644\u062d\u0633\u0627\u0645-\u0627\u0644\u0647\u0646\u062f\u064a-\u0644\u0646\u0635\u0631\u0629-\u0627\u0644\u0634\u064a\u062e-\u062e\u0627\u0644\u062f-\u0627\u0644\u0646\u0642\u0634\u0628\u0646\u062f\u064a-\u0627\u0628\u0646-\u0639\u0627\u0628\u062f\u064a\u0646-\u0627\u0644\u062d\u0646\u0641\u064a-\u0645\u0643\u062a\u0628\u0629-\u0627\u0644\u0627\u0631\u0634\u0627\u062f-\u0645\u0643\u062a\u0628\u0629-\u0627\u0644\u062f\u0631\u0627\u064a\u0629-1-e1659477283308.jpg\",\"keywords\":[\"Halid-i ba\u011fdadi\",\"\u0130bn Abidin\",\"Mevlana Halid\",\"Sell\u00fcl h\u00fcsamil hindi\"],\"articleSection\":[\"Akaid-Kelam\",\"G\u00fcndeme Dair\",\"Makaleler\"],\"inLanguage\":\"tr\",\"potentialAction\":[{\"@type\":\"CommentAction\",\"name\":\"Comment\",\"target\":[\"https:\/\/omerfarukkorkmaz.com.tr\/tr\/ibn-abidin-nazarinda-mevlana-halid\/#respond\"]}]},{\"@type\":\"WebPage\",\"@id\":\"https:\/\/omerfarukkorkmaz.com.tr\/tr\/ibn-abidin-nazarinda-mevlana-halid\/\",\"url\":\"https:\/\/omerfarukkorkmaz.com.tr\/tr\/ibn-abidin-nazarinda-mevlana-halid\/\",\"name\":\"\u0130bn \u00c2bidin Nazar\u0131nda Mevl\u00e2n\u00e2 H\u00e2lid - \u00d6mer Faruk Korkmaz Hocaefendi\",\"isPartOf\":{\"@id\":\"https:\/\/omerfarukkorkmaz.com.tr\/tr\/#website\"},\"primaryImageOfPage\":{\"@id\":\"https:\/\/omerfarukkorkmaz.com.tr\/tr\/ibn-abidin-nazarinda-mevlana-halid\/#primaryimage\"},\"image\":{\"@id\":\"https:\/\/omerfarukkorkmaz.com.tr\/tr\/ibn-abidin-nazarinda-mevlana-halid\/#primaryimage\"},\"thumbnailUrl\":\"https:\/\/omerfarukkorkmaz.com.tr\/tr\/wp-content\/uploads\/2022\/08\/\u0633\u0644-\u0627\u0644\u062d\u0633\u0627\u0645-\u0627\u0644\u0647\u0646\u062f\u064a-\u0644\u0646\u0635\u0631\u0629-\u0627\u0644\u0634\u064a\u062e-\u062e\u0627\u0644\u062f-\u0627\u0644\u0646\u0642\u0634\u0628\u0646\u062f\u064a-\u0627\u0628\u0646-\u0639\u0627\u0628\u062f\u064a\u0646-\u0627\u0644\u062d\u0646\u0641\u064a-\u0645\u0643\u062a\u0628\u0629-\u0627\u0644\u0627\u0631\u0634\u0627\u062f-\u0645\u0643\u062a\u0628\u0629-\u0627\u0644\u062f\u0631\u0627\u064a\u0629-1-e1659477283308.jpg\",\"datePublished\":\"2022-08-02T21:55:08+00:00\",\"dateModified\":\"2022-08-02T21:55:08+00:00\",\"breadcrumb\":{\"@id\":\"https:\/\/omerfarukkorkmaz.com.tr\/tr\/ibn-abidin-nazarinda-mevlana-halid\/#breadcrumb\"},\"inLanguage\":\"tr\",\"potentialAction\":[{\"@type\":\"ReadAction\",\"target\":[\"https:\/\/omerfarukkorkmaz.com.tr\/tr\/ibn-abidin-nazarinda-mevlana-halid\/\"]}]},{\"@type\":\"ImageObject\",\"inLanguage\":\"tr\",\"@id\":\"https:\/\/omerfarukkorkmaz.com.tr\/tr\/ibn-abidin-nazarinda-mevlana-halid\/#primaryimage\",\"url\":\"https:\/\/omerfarukkorkmaz.com.tr\/tr\/wp-content\/uploads\/2022\/08\/\u0633\u0644-\u0627\u0644\u062d\u0633\u0627\u0645-\u0627\u0644\u0647\u0646\u062f\u064a-\u0644\u0646\u0635\u0631\u0629-\u0627\u0644\u0634\u064a\u062e-\u062e\u0627\u0644\u062f-\u0627\u0644\u0646\u0642\u0634\u0628\u0646\u062f\u064a-\u0627\u0628\u0646-\u0639\u0627\u0628\u062f\u064a\u0646-\u0627\u0644\u062d\u0646\u0641\u064a-\u0645\u0643\u062a\u0628\u0629-\u0627\u0644\u0627\u0631\u0634\u0627\u062f-\u0645\u0643\u062a\u0628\u0629-\u0627\u0644\u062f\u0631\u0627\u064a\u0629-1-e1659477283308.jpg\",\"contentUrl\":\"https:\/\/omerfarukkorkmaz.com.tr\/tr\/wp-content\/uploads\/2022\/08\/\u0633\u0644-\u0627\u0644\u062d\u0633\u0627\u0645-\u0627\u0644\u0647\u0646\u062f\u064a-\u0644\u0646\u0635\u0631\u0629-\u0627\u0644\u0634\u064a\u062e-\u062e\u0627\u0644\u062f-\u0627\u0644\u0646\u0642\u0634\u0628\u0646\u062f\u064a-\u0627\u0628\u0646-\u0639\u0627\u0628\u062f\u064a\u0646-\u0627\u0644\u062d\u0646\u0641\u064a-\u0645\u0643\u062a\u0628\u0629-\u0627\u0644\u0627\u0631\u0634\u0627\u062f-\u0645\u0643\u062a\u0628\u0629-\u0627\u0644\u062f\u0631\u0627\u064a\u0629-1-e1659477283308.jpg\",\"width\":974,\"height\":730},{\"@type\":\"BreadcrumbList\",\"@id\":\"https:\/\/omerfarukkorkmaz.com.tr\/tr\/ibn-abidin-nazarinda-mevlana-halid\/#breadcrumb\",\"itemListElement\":[{\"@type\":\"ListItem\",\"position\":1,\"name\":\"Anasayfa\",\"item\":\"https:\/\/omerfarukkorkmaz.com.tr\/tr\/\"},{\"@type\":\"ListItem\",\"position\":2,\"name\":\"\u0130bn \u00c2bidin Nazar\u0131nda Mevl\u00e2n\u00e2 H\u00e2lid\"}]},{\"@type\":\"WebSite\",\"@id\":\"https:\/\/omerfarukkorkmaz.com.tr\/tr\/#website\",\"url\":\"https:\/\/omerfarukkorkmaz.com.tr\/tr\/\",\"name\":\"\u00d6mer Faruk Korkmaz Hocaefendi\",\"description\":\"Resmi Web Sayfas\u0131\",\"publisher\":{\"@id\":\"https:\/\/omerfarukkorkmaz.com.tr\/tr\/#\/schema\/person\/7efd65277de8b9dc0520ec210e387854\"},\"potentialAction\":[{\"@type\":\"SearchAction\",\"target\":{\"@type\":\"EntryPoint\",\"urlTemplate\":\"https:\/\/omerfarukkorkmaz.com.tr\/tr\/?s={search_term_string}\"},\"query-input\":\"required name=search_term_string\"}],\"inLanguage\":\"tr\"},{\"@type\":[\"Person\",\"Organization\"],\"@id\":\"https:\/\/omerfarukkorkmaz.com.tr\/tr\/#\/schema\/person\/7efd65277de8b9dc0520ec210e387854\",\"name\":\"\u00d6mer Faruk Korkmaz\",\"image\":{\"@type\":\"ImageObject\",\"inLanguage\":\"tr\",\"@id\":\"https:\/\/omerfarukkorkmaz.com.tr\/tr\/#\/schema\/person\/image\/\",\"url\":\"https:\/\/omerfarukkorkmaz.com.tr\/tr\/wp-content\/uploads\/2020\/12\/cropped-nkl-2.png\",\"contentUrl\":\"https:\/\/omerfarukkorkmaz.com.tr\/tr\/wp-content\/uploads\/2020\/12\/cropped-nkl-2.png\",\"width\":512,\"height\":512,\"caption\":\"\u00d6mer Faruk Korkmaz\"},\"logo\":{\"@id\":\"https:\/\/omerfarukkorkmaz.com.tr\/tr\/#\/schema\/person\/image\/\"},\"url\":\"https:\/\/omerfarukkorkmaz.com.tr\/tr\/author\/ofkorkmaz\/\"}]}<\/script>\n<!-- \/ Yoast SEO plugin. -->","yoast_head_json":{"title":"\u0130bn \u00c2bidin Nazar\u0131nda Mevl\u00e2n\u00e2 H\u00e2lid - \u00d6mer Faruk Korkmaz Hocaefendi","robots":{"index":"index","follow":"follow","max-snippet":"max-snippet:-1","max-image-preview":"max-image-preview:large","max-video-preview":"max-video-preview:-1"},"canonical":"https:\/\/omerfarukkorkmaz.com.tr\/tr\/ibn-abidin-nazarinda-mevlana-halid\/","og_locale":"tr_TR","og_type":"article","og_title":"\u0130bn \u00c2bidin Nazar\u0131nda Mevl\u00e2n\u00e2 H\u00e2lid - \u00d6mer Faruk Korkmaz Hocaefendi","og_description":"(Sellu\u2019l-H\u00fcs\u00e2mi\u2019l-Hind\u00ee li Nusrati\u2019\u015f-\u015eeyh Halid en-Nak\u015fibend\u00ee) Kur\u2019an-\u0131 Hakim, Allah \ufdfb \u2019tan hakk\u0131yla korkan ki\u015filerin \u00e2limler oldu\u011funu s\u00f6yler.[1] Bu sebeple alimler gerek s\u00f6zlerinde ve gerekse \u015fehadetlerinde di\u011fer insanlardan farkl\u0131 addedilirler. Zira Cenab-\u0131 Hak kendinden ba\u015fka ilah olmad\u0131\u011f\u0131na \u00f6ncelikle zat-\u0131 s\u00fcbhaniyesini, sonra meleklerini ve sonra da alimleri \u015fahid olarak zikreder.[2] Bu durum alimlerin \u015fehadetinin ne denli \u00f6nemli oldu\u011funu [&hellip;]","og_url":"https:\/\/omerfarukkorkmaz.com.tr\/tr\/ibn-abidin-nazarinda-mevlana-halid\/","og_site_name":"\u00d6mer Faruk Korkmaz Hocaefendi","article_published_time":"2022-08-02T21:55:08+00:00","og_image":[{"width":974,"height":730,"url":"https:\/\/omerfarukkorkmaz.com.tr\/tr\/wp-content\/uploads\/2022\/08\/\u0633\u0644-\u0627\u0644\u062d\u0633\u0627\u0645-\u0627\u0644\u0647\u0646\u062f\u064a-\u0644\u0646\u0635\u0631\u0629-\u0627\u0644\u0634\u064a\u062e-\u062e\u0627\u0644\u062f-\u0627\u0644\u0646\u0642\u0634\u0628\u0646\u062f\u064a-\u0627\u0628\u0646-\u0639\u0627\u0628\u062f\u064a\u0646-\u0627\u0644\u062d\u0646\u0641\u064a-\u0645\u0643\u062a\u0628\u0629-\u0627\u0644\u0627\u0631\u0634\u0627\u062f-\u0645\u0643\u062a\u0628\u0629-\u0627\u0644\u062f\u0631\u0627\u064a\u0629-1-e1659477283308.jpg","type":"image\/jpeg"}],"author":"\u00d6mer Faruk Korkmaz","twitter_card":"summary_large_image","twitter_misc":{"Yazan:":"\u00d6mer Faruk Korkmaz","Tahmini okuma s\u00fcresi":"9 dakika"},"schema":{"@context":"https:\/\/schema.org","@graph":[{"@type":"Article","@id":"https:\/\/omerfarukkorkmaz.com.tr\/tr\/ibn-abidin-nazarinda-mevlana-halid\/#article","isPartOf":{"@id":"https:\/\/omerfarukkorkmaz.com.tr\/tr\/ibn-abidin-nazarinda-mevlana-halid\/"},"author":{"name":"\u00d6mer Faruk Korkmaz","@id":"https:\/\/omerfarukkorkmaz.com.tr\/tr\/#\/schema\/person\/7efd65277de8b9dc0520ec210e387854"},"headline":"\u0130bn \u00c2bidin Nazar\u0131nda Mevl\u00e2n\u00e2 H\u00e2lid","datePublished":"2022-08-02T21:55:08+00:00","dateModified":"2022-08-02T21:55:08+00:00","mainEntityOfPage":{"@id":"https:\/\/omerfarukkorkmaz.com.tr\/tr\/ibn-abidin-nazarinda-mevlana-halid\/"},"wordCount":1864,"commentCount":0,"publisher":{"@id":"https:\/\/omerfarukkorkmaz.com.tr\/tr\/#\/schema\/person\/7efd65277de8b9dc0520ec210e387854"},"image":{"@id":"https:\/\/omerfarukkorkmaz.com.tr\/tr\/ibn-abidin-nazarinda-mevlana-halid\/#primaryimage"},"thumbnailUrl":"https:\/\/omerfarukkorkmaz.com.tr\/tr\/wp-content\/uploads\/2022\/08\/\u0633\u0644-\u0627\u0644\u062d\u0633\u0627\u0645-\u0627\u0644\u0647\u0646\u062f\u064a-\u0644\u0646\u0635\u0631\u0629-\u0627\u0644\u0634\u064a\u062e-\u062e\u0627\u0644\u062f-\u0627\u0644\u0646\u0642\u0634\u0628\u0646\u062f\u064a-\u0627\u0628\u0646-\u0639\u0627\u0628\u062f\u064a\u0646-\u0627\u0644\u062d\u0646\u0641\u064a-\u0645\u0643\u062a\u0628\u0629-\u0627\u0644\u0627\u0631\u0634\u0627\u062f-\u0645\u0643\u062a\u0628\u0629-\u0627\u0644\u062f\u0631\u0627\u064a\u0629-1-e1659477283308.jpg","keywords":["Halid-i ba\u011fdadi","\u0130bn Abidin","Mevlana Halid","Sell\u00fcl h\u00fcsamil hindi"],"articleSection":["Akaid-Kelam","G\u00fcndeme Dair","Makaleler"],"inLanguage":"tr","potentialAction":[{"@type":"CommentAction","name":"Comment","target":["https:\/\/omerfarukkorkmaz.com.tr\/tr\/ibn-abidin-nazarinda-mevlana-halid\/#respond"]}]},{"@type":"WebPage","@id":"https:\/\/omerfarukkorkmaz.com.tr\/tr\/ibn-abidin-nazarinda-mevlana-halid\/","url":"https:\/\/omerfarukkorkmaz.com.tr\/tr\/ibn-abidin-nazarinda-mevlana-halid\/","name":"\u0130bn \u00c2bidin Nazar\u0131nda Mevl\u00e2n\u00e2 H\u00e2lid - \u00d6mer Faruk Korkmaz Hocaefendi","isPartOf":{"@id":"https:\/\/omerfarukkorkmaz.com.tr\/tr\/#website"},"primaryImageOfPage":{"@id":"https:\/\/omerfarukkorkmaz.com.tr\/tr\/ibn-abidin-nazarinda-mevlana-halid\/#primaryimage"},"image":{"@id":"https:\/\/omerfarukkorkmaz.com.tr\/tr\/ibn-abidin-nazarinda-mevlana-halid\/#primaryimage"},"thumbnailUrl":"https:\/\/omerfarukkorkmaz.com.tr\/tr\/wp-content\/uploads\/2022\/08\/\u0633\u0644-\u0627\u0644\u062d\u0633\u0627\u0645-\u0627\u0644\u0647\u0646\u062f\u064a-\u0644\u0646\u0635\u0631\u0629-\u0627\u0644\u0634\u064a\u062e-\u062e\u0627\u0644\u062f-\u0627\u0644\u0646\u0642\u0634\u0628\u0646\u062f\u064a-\u0627\u0628\u0646-\u0639\u0627\u0628\u062f\u064a\u0646-\u0627\u0644\u062d\u0646\u0641\u064a-\u0645\u0643\u062a\u0628\u0629-\u0627\u0644\u0627\u0631\u0634\u0627\u062f-\u0645\u0643\u062a\u0628\u0629-\u0627\u0644\u062f\u0631\u0627\u064a\u0629-1-e1659477283308.jpg","datePublished":"2022-08-02T21:55:08+00:00","dateModified":"2022-08-02T21:55:08+00:00","breadcrumb":{"@id":"https:\/\/omerfarukkorkmaz.com.tr\/tr\/ibn-abidin-nazarinda-mevlana-halid\/#breadcrumb"},"inLanguage":"tr","potentialAction":[{"@type":"ReadAction","target":["https:\/\/omerfarukkorkmaz.com.tr\/tr\/ibn-abidin-nazarinda-mevlana-halid\/"]}]},{"@type":"ImageObject","inLanguage":"tr","@id":"https:\/\/omerfarukkorkmaz.com.tr\/tr\/ibn-abidin-nazarinda-mevlana-halid\/#primaryimage","url":"https:\/\/omerfarukkorkmaz.com.tr\/tr\/wp-content\/uploads\/2022\/08\/\u0633\u0644-\u0627\u0644\u062d\u0633\u0627\u0645-\u0627\u0644\u0647\u0646\u062f\u064a-\u0644\u0646\u0635\u0631\u0629-\u0627\u0644\u0634\u064a\u062e-\u062e\u0627\u0644\u062f-\u0627\u0644\u0646\u0642\u0634\u0628\u0646\u062f\u064a-\u0627\u0628\u0646-\u0639\u0627\u0628\u062f\u064a\u0646-\u0627\u0644\u062d\u0646\u0641\u064a-\u0645\u0643\u062a\u0628\u0629-\u0627\u0644\u0627\u0631\u0634\u0627\u062f-\u0645\u0643\u062a\u0628\u0629-\u0627\u0644\u062f\u0631\u0627\u064a\u0629-1-e1659477283308.jpg","contentUrl":"https:\/\/omerfarukkorkmaz.com.tr\/tr\/wp-content\/uploads\/2022\/08\/\u0633\u0644-\u0627\u0644\u062d\u0633\u0627\u0645-\u0627\u0644\u0647\u0646\u062f\u064a-\u0644\u0646\u0635\u0631\u0629-\u0627\u0644\u0634\u064a\u062e-\u062e\u0627\u0644\u062f-\u0627\u0644\u0646\u0642\u0634\u0628\u0646\u062f\u064a-\u0627\u0628\u0646-\u0639\u0627\u0628\u062f\u064a\u0646-\u0627\u0644\u062d\u0646\u0641\u064a-\u0645\u0643\u062a\u0628\u0629-\u0627\u0644\u0627\u0631\u0634\u0627\u062f-\u0645\u0643\u062a\u0628\u0629-\u0627\u0644\u062f\u0631\u0627\u064a\u0629-1-e1659477283308.jpg","width":974,"height":730},{"@type":"BreadcrumbList","@id":"https:\/\/omerfarukkorkmaz.com.tr\/tr\/ibn-abidin-nazarinda-mevlana-halid\/#breadcrumb","itemListElement":[{"@type":"ListItem","position":1,"name":"Anasayfa","item":"https:\/\/omerfarukkorkmaz.com.tr\/tr\/"},{"@type":"ListItem","position":2,"name":"\u0130bn \u00c2bidin Nazar\u0131nda Mevl\u00e2n\u00e2 H\u00e2lid"}]},{"@type":"WebSite","@id":"https:\/\/omerfarukkorkmaz.com.tr\/tr\/#website","url":"https:\/\/omerfarukkorkmaz.com.tr\/tr\/","name":"\u00d6mer Faruk Korkmaz Hocaefendi","description":"Resmi Web Sayfas\u0131","publisher":{"@id":"https:\/\/omerfarukkorkmaz.com.tr\/tr\/#\/schema\/person\/7efd65277de8b9dc0520ec210e387854"},"potentialAction":[{"@type":"SearchAction","target":{"@type":"EntryPoint","urlTemplate":"https:\/\/omerfarukkorkmaz.com.tr\/tr\/?s={search_term_string}"},"query-input":"required name=search_term_string"}],"inLanguage":"tr"},{"@type":["Person","Organization"],"@id":"https:\/\/omerfarukkorkmaz.com.tr\/tr\/#\/schema\/person\/7efd65277de8b9dc0520ec210e387854","name":"\u00d6mer Faruk Korkmaz","image":{"@type":"ImageObject","inLanguage":"tr","@id":"https:\/\/omerfarukkorkmaz.com.tr\/tr\/#\/schema\/person\/image\/","url":"https:\/\/omerfarukkorkmaz.com.tr\/tr\/wp-content\/uploads\/2020\/12\/cropped-nkl-2.png","contentUrl":"https:\/\/omerfarukkorkmaz.com.tr\/tr\/wp-content\/uploads\/2020\/12\/cropped-nkl-2.png","width":512,"height":512,"caption":"\u00d6mer Faruk Korkmaz"},"logo":{"@id":"https:\/\/omerfarukkorkmaz.com.tr\/tr\/#\/schema\/person\/image\/"},"url":"https:\/\/omerfarukkorkmaz.com.tr\/tr\/author\/ofkorkmaz\/"}]}},"_links":{"self":[{"href":"https:\/\/omerfarukkorkmaz.com.tr\/tr\/wp-json\/wp\/v2\/posts\/1172","targetHints":{"allow":["GET"]}}],"collection":[{"href":"https:\/\/omerfarukkorkmaz.com.tr\/tr\/wp-json\/wp\/v2\/posts"}],"about":[{"href":"https:\/\/omerfarukkorkmaz.com.tr\/tr\/wp-json\/wp\/v2\/types\/post"}],"author":[{"embeddable":true,"href":"https:\/\/omerfarukkorkmaz.com.tr\/tr\/wp-json\/wp\/v2\/users\/3"}],"replies":[{"embeddable":true,"href":"https:\/\/omerfarukkorkmaz.com.tr\/tr\/wp-json\/wp\/v2\/comments?post=1172"}],"version-history":[{"count":0,"href":"https:\/\/omerfarukkorkmaz.com.tr\/tr\/wp-json\/wp\/v2\/posts\/1172\/revisions"}],"wp:featuredmedia":[{"embeddable":true,"href":"https:\/\/omerfarukkorkmaz.com.tr\/tr\/wp-json\/wp\/v2\/media\/1174"}],"wp:attachment":[{"href":"https:\/\/omerfarukkorkmaz.com.tr\/tr\/wp-json\/wp\/v2\/media?parent=1172"}],"wp:term":[{"taxonomy":"category","embeddable":true,"href":"https:\/\/omerfarukkorkmaz.com.tr\/tr\/wp-json\/wp\/v2\/categories?post=1172"},{"taxonomy":"post_tag","embeddable":true,"href":"https:\/\/omerfarukkorkmaz.com.tr\/tr\/wp-json\/wp\/v2\/tags?post=1172"}],"curies":[{"name":"wp","href":"https:\/\/api.w.org\/{rel}","templated":true}]}}