{"id":1095,"date":"2022-01-28T17:57:43","date_gmt":"2022-01-28T17:57:43","guid":{"rendered":"http:\/\/www.omerfarukkorkmaz.com.tr\/?p=1095"},"modified":"2022-01-28T17:57:43","modified_gmt":"2022-01-28T17:57:43","slug":"anne-babanin-nafakasinda-kiz-erkek-esitligi","status":"publish","type":"post","link":"https:\/\/omerfarukkorkmaz.com.tr\/tr\/anne-babanin-nafakasinda-kiz-erkek-esitligi\/","title":{"rendered":"Anne-Baban\u0131n Nafakas\u0131nda K\u0131z- Erkek E\u015fitli\u011fi"},"content":{"rendered":"<blockquote><p><strong>Soru:<\/strong> Anne veya babaya bakmak, onlar\u0131n mai\u015fetini ve bir tak\u0131m ihtiya\u00e7lar\u0131n\u0131 kar\u015f\u0131lamak \u015feklindeki vazife M\u00fcsl\u00fcman ad\u0131na bir sorumluluk mudur? \u015eayet sorumluluksa bu y\u00fck\u00fcml\u00fcl\u00fckle mesul olan ki\u015filer kimlerdir? Ve bu hususta kad\u0131n erkek ayr\u0131m\u0131 var m\u0131d\u0131r?<\/p><\/blockquote>\n<p><strong>Cevap: <\/strong>\u0130slamiyet ya\u015fam\u0131\u015f oldu\u011fumuz d\u00fcnya\u2019da hayat\u0131n belli bir d\u00fczen i\u00e7erisinde devam edebilmesi ve bir k\u0131s\u0131m insanlar\u0131n hayatlar\u0131n\u0131 idame edip s\u00fcrd\u00fcrebilmeleri i\u00e7in baz\u0131 ki\u015filerin bak\u0131mlar\u0131n\u0131 ve masraflar\u0131n\u0131 bir k\u0131s\u0131m insanlara y\u00fcklemi\u015ftir. Mesela ki\u015finin han\u0131m\u0131na, o\u011fullar\u0131na, anne-babas\u0131na ve anne taraf\u0131ndan yak\u0131nlar\u0131 olan teyze ve day\u0131lar\u0131na bakmas\u0131 yahut efendi olan bir kimsenin k\u00f6lesi bulunmu\u015f oldu\u011fu zata bakmakla y\u00fck\u00fcml\u00fc tutulmas\u0131 bu s\u00f6yledi\u011fimizin somut misalleridir. B\u00fct\u00fcn bunlardan sonra soruda ifade edilen birka\u00e7 mevzuyu s\u0131ras\u0131yla inceleyelim.<\/p>\n<ol>\n<li>\u00d6ncelikle belirtelim ki ki\u015finin anne ve babas\u0131na bakmas\u0131 M\u00fcsl\u00fcman ad\u0131na zorunluluktur. Zira Allah teala Kur\u2019an-\u0131 Kerim\u2019de \u201cBiz insana anne- babas\u0131yla ilgili bir g\u00fczellik emretmi\u015fizdir\u201d<a href=\"#_ftn1\" name=\"_ftnref1\">[1]<\/a> buyurmu\u015ftur. Bunun manas\u0131 \u015fudur: Allah teala insandan anne ve babas\u0131na iyilikte bulunmas\u0131n\u0131 istemi\u015ftir. Buna g\u00f6re, bir m\u00fc\u2019minin muhta\u00e7 olan anne ve babas\u0131n\u0131 bu \u015fekildeki bir ihtiya\u00e7 halinde mehcur b\u0131rakmas\u0131 ihsan mefhumunun i\u00e7erisinde de\u011ferlendirilemez. Hatta kafir anne ve baba hakk\u0131nda dahi Allah Azze ve Celle insana hitaben \u201cO ikisiyle d\u00fcnya\u2019da iyi bilinen bir \u015fekilde beraber ol!\u201d buyurmaktad\u0131r. Ki\u015fi onlar\u0131 doyurmaya muktedir iken kendilerini a\u00e7 vaziyette b\u0131rakmas\u0131 hakeza iyi bilinen bir \u015fekil de\u011fildir.<a href=\"#_ftn2\" name=\"_ftnref2\">[2]<\/a> Efendimiz Aleyhissalat\u00fc vesselam da bir sahabiye hitaben <em>\u201cSen ve mal\u0131n babana aitsin\u201d<\/em> buyurmu\u015ftur.<a href=\"#_ftn3\" name=\"_ftnref3\">[3]<\/a> Hz. Ai\u015fe\u2019den gelen ba\u015fka bir rivayette \u201c Ki\u015finin yedi\u011fi \u015feylerin en ho\u015f ve temiz olan\u0131 kendi kazanc\u0131ndan yedi\u011fidir. Ve evlad\u0131 da kendi kesbinden\/kazanc\u0131ndand\u0131r\u201d buyurmu\u015ftur.<a href=\"#_ftn4\" name=\"_ftnref4\">[4]<\/a> \u201c Fakat \u015fu da bilinmelidir ki bir kimsenin han\u0131m\u0131n\u0131n d\u0131\u015f\u0131nda usul\u00fc ve f\u00fcruu dedi\u011fimiz anne-babas\u0131 dedeleri vs. ile evlatlar\u0131 ve torunlar\u0131na bakma y\u00fck\u00fcml\u00fcl\u00fc\u011f\u00fc fakir olmalar\u0131 durumuyla mukayyettir. Yani \u015fayet bu kimseler fakir iseler, aralar\u0131nda din farkl\u0131l\u0131\u011f\u0131 bulunsa dahi ki\u015fi bunlar\u0131n nafakas\u0131n\u0131 temin etmekle y\u00fck\u00fcml\u00fc olur.<a href=\"#_ftn5\" name=\"_ftnref5\">[5]<\/a> Hatta bu kimsenin babas\u0131 fakir olup ge\u00e7imini temin edebilecek s\u0131hhate sahip olsa dahi durum de\u011fi\u015fmeyecektir. Yani bu ki\u015fi b\u00f6yle bir baban\u0131n dahi nafakas\u0131n\u0131 temin etmekle y\u00fck\u00fcml\u00fc tutulmaktad\u0131r.<a href=\"#_ftn6\" name=\"_ftnref6\">[6]<\/a> T\u00fcm bunlardan anla\u015f\u0131lan husus \u0130slam dininin M\u00fcsl\u00fcman olan kimseyi fakir olan anne ve babas\u0131n\u0131 bakmakla y\u00fck\u00fcml\u00fc tuttu\u011fudur.<\/li>\n<li>Gelelim anne ve babay\u0131 bakmakla y\u00fck\u00fcml\u00fc tutulan kimselerin kim olaca\u011f\u0131 mevzuuna: Burada yani anne ve baban\u0131n bak\u0131m\u0131 hususunda itibara al\u0131nmas\u0131 gereken karabet\/yak\u0131nl\u0131k ve c\u00fcziyettir. Yoksa veraset de\u011fildir.<a href=\"#_ftn7\" name=\"_ftnref7\">[7]<\/a> Yani ana- babaya bakmakla y\u00fck\u00fcml\u00fc olan kimselerin sorumluluklar\u0131 birinci olarak onlar\u0131n c\u00fcz\u00fc\/ evlad\u0131 olmalar\u0131 \u015fart\u0131ylad\u0131r. \u0130kinci olarak da bu c\u00fcziyyetin yak\u0131nl\u0131\u011f\u0131 ve uzakl\u0131\u011f\u0131na g\u00f6redir. Buna g\u00f6re \u015fayet bir kimsenin bir k\u0131z\u0131 ve bir de o\u011flunun o\u011flu bulunacak olsa b\u00f6yle bir kimsenin nafakas\u0131yla o\u011flunun o\u011flu olan torunu de\u011fil de k\u0131z\u0131 sorumlu olacakt\u0131r.<a href=\"#_ftn8\" name=\"_ftnref8\">[8]<\/a> Her ne kadar her ikisinde bu kimsenin c\u00fcz\u00fc olma vasf\u0131 varsa da k\u0131zdaki c\u00fcziyet torundan daha yak\u0131n oldu\u011fundan dolay\u0131 nafaka sorumlusu k\u0131z olacakt\u0131r. Hakeza \u015fayet birinin o\u011flu taraf\u0131ndan veya k\u0131z\u0131 taraf\u0131ndan hali vakti yerinde torunlar\u0131 bulunsa ve yine bu ki\u015finin ana baba bir karde\u015fi bulunacak olsa nafakayla sorumlu olan torunlar olacakt\u0131r. \u00c7\u00fcnk\u00fc torunlarda c\u00fcziyet var iken karde\u015fte bu kimsenin c\u00fcz\u00fc olmas\u0131 \u015feklindeki bir \u00f6zellik yoktur.<a href=\"#_ftn9\" name=\"_ftnref9\">[9]<\/a><\/li>\n<\/ol>\n<ul>\n<li>Ebeveynin nafakas\u0131ndaki k\u0131z erkek e\u015fitli\u011fi de genel anlamda metinlerin tercih etti\u011fi bir g\u00f6r\u00fc\u015ft\u00fcr. Yani ana baban\u0131n ge\u00e7imlerini sa\u011flamak ve onlara bakmak hususunda erkek evlat ile k\u0131z evlat aras\u0131nda sorumluluk a\u00e7\u0131s\u0131ndan hi\u00e7bir fark yoktur. \u00c7\u00fcnk\u00fc geride de de\u011finmeye \u00e7al\u0131\u015ft\u0131\u011f\u0131m\u0131z \u00fczere bu konudaki v\u00fccubiyet o ki\u015finin c\u00fcz\u00fc ve evlad\u0131 olmakla ilgili bir \u015feydir. Ve bu hususta k\u0131z olsun erkek olsun her iki t\u00fcrden evlat da e\u015fittirler.<a href=\"#_ftn10\" name=\"_ftnref10\">[10]<\/a>Ancak \u015f\u00f6yle de bir husus vard\u0131r ki; \u015fayet erkek evlat ile k\u0131z evlat aras\u0131nda zengin ve fakir olmalar\u0131 hususunda a\u015f\u0131r\u0131 derecede bir farkl\u0131l\u0131k s\u00f6z konusu ise bu durumda nafaka sorumluluklar\u0131n\u0131n de\u011fi\u015fece\u011fi de fukaha taraf\u0131ndan belirtilmektedir.<a href=\"#_ftn11\" name=\"_ftnref11\">[11]<\/a>Bunun d\u0131\u015f\u0131nda zahiru\u2019r rivaye olan, Hulasa sahibinin \u201cbununla fetva verilir\u201d dedi\u011fi ve Feth sahibinin \u201chak olan g\u00f6r\u00fc\u015f budur\u201d dedi\u011fi g\u00f6r\u00fc\u015f ana babaya bakma hususunda k\u0131z \u00e7ocu\u011fu ile erkek \u00e7ocu\u011funun aras\u0131nda her hangi bir fark bulunmad\u0131\u011f\u0131n\u0131 ifade eden g\u00f6r\u00fc\u015ft\u00fcr.<a href=\"#_ftn12\" name=\"_ftnref12\">[12]<\/a>Son devir fakihlerimizden \u00d6mer Nasuhi Efendi de bu hususta \u015funu s\u00f6yler \u201cFuruun dereceleri(yani evlatlar\u0131n c\u00fcz olmalar\u0131 hasebiyle dereceleri) m\u00fcsavi(e\u015fit) oldu\u011fu takdirde ise nafakay\u0131 alesseviye(e\u015fit bir \u015fekilde) tahamm\u00fcl ederler (\u00fcstlenirler). Mesela bir kimsenin bir o\u011flu ile bir k\u0131z\u0131 veya bir o\u011flunun o\u011flu ile bir k\u0131z\u0131n\u0131n k\u0131z\u0131 i\u00e7tima etse (birlikte bulunsalar) nafakas\u0131n\u0131 m\u00fcsavat \u00fczere verirler (e\u015fit bir \u015fekilde temin ederler). H\u00e2lbuki bu halde k\u0131z\u0131n\u0131n k\u0131z\u0131 varis de\u011fildir. Fakat bunlar c\u00fcziyet itibariyle m\u00fcsavidirler. <a href=\"#_ftn13\" name=\"_ftnref13\">[13]<\/a><\/li>\n<\/ul>\n<hr \/>\n<p><a href=\"#_ftnref1\" name=\"_ftn1\"><strong>[1]<\/strong><\/a> Ankebut,8<\/p>\n<p><a href=\"#_ftnref2\" name=\"_ftn2\"><strong>[2]<\/strong><\/a> Abdullah b. Mahmud el-Mavs\u0131li, <em>el-\u0130htiyar<\/em>, III\/290, er-Risaletu\u2019l-Alemiyye, Beyrut-L\u00fcbnan, 2009, B.I<\/p>\n<p><a href=\"#_ftnref3\" name=\"_ftn3\"><strong>[3]<\/strong><\/a> Ez-Zeylai, <em>Nasbu\u2019r-Raye<\/em>, III\/ 406, Daru\u2019l-K\u00fct\u00fcbi\u2019l-\u0130lmiyye, 2010, B.III<\/p>\n<p><a href=\"#_ftnref4\" name=\"_ftn4\"><strong>[4]<\/strong><\/a> Ebu Davud, &#8220;B\u00fcyu\u2019&#8221; 77, No: 3528 vd.<\/p>\n<p><a href=\"#_ftnref5\" name=\"_ftn5\"><strong>[5]<\/strong><\/a> Burhaneddin el-Mer\u011finani, <em>el-Hidaye<\/em>, II\/334, Daru\u2019l-Erkam, Beyrut-L\u00fcbnan<\/p>\n<p><a href=\"#_ftnref6\" name=\"_ftn6\"><strong>[6]<\/strong><\/a> Ali el-Kari, <em>Fethu Babi\u2019l-\u0130naye<\/em>, II\/ 345, Daru\u2019l-K\u00fct\u00fcbi\u2019l-\u0130lmiyye, Beyrut-L\u00fcbnan 2009, B.I<\/p>\n<p><a href=\"#_ftnref7\" name=\"_ftn7\"><strong>[7]<\/strong><\/a> \u015eeyhzade, <em>Mecmau\u2019l-Enhur<\/em>,II\/ 196, Daru\u2019l-K\u00fct\u00fcbi\u2019l-\u0130lmiyye, Beyrut-L\u00fcbnan, 1998, B.I<\/p>\n<p><a href=\"#_ftnref8\" name=\"_ftn8\"><strong>[8]<\/strong><\/a> Ubeydullah b. Mesud Sadru\u2019\u015f-\u015eeria, <em>\u015eerhu\u2019l-Vikaye<\/em>, III\/136, Daru\u2019l-Varak, \u00dcrd\u00fcn, 2006<\/p>\n<p><a href=\"#_ftnref9\" name=\"_ftn9\"><strong>[9]<\/strong><\/a> El-Hassaf, e\u015f-\u015eeybani, &#8220;Kitabu\u2019n-Nafakat&#8221;, s.86 Yer, Tarih: Yok<\/p>\n<p><a href=\"#_ftnref10\" name=\"_ftn10\">[10]<\/a> \u015eeyhzade, <em>Mecmau\u2019l-Enhur<\/em> II\/196<\/p>\n<p><a href=\"#_ftnref11\" name=\"_ftn11\"><strong>[11]<\/strong><\/a> \u0130bn N\u00fcceym, <em>el-Bahru\u2019r-Raik<\/em>, IV\/350 Daru\u2019l-K\u00fct\u00fcbi\u2019l-\u0130lmiyye, Beyrut-L\u00fcbnan 1997, B.I<\/p>\n<p><a href=\"#_ftnref12\" name=\"_ftn12\"><strong>[12]<\/strong><\/a> \u0130bn Abidin, <em>Reddu\u2019l-Muhtar,<\/em> V\/355 Daru\u2019l-K\u00fct\u00fcbi\u2019l-\u0130lmiyye, Beyrut-L\u00fcbnan, 1994, B.I<\/p>\n<p><a href=\"#_ftnref13\" name=\"_ftn13\"><strong>[13]<\/strong><\/a> \u00d6mer Nasuhi Bilmen, <em>Hukuki \u0130slamiyye ve Ist\u0131lahat\u0131 F\u0131khiyye Kamusu<\/em>, II\/500 Bilmen Yay\u0131nlar\u0131, \u0130stanbul<\/p>\n","protected":false},"excerpt":{"rendered":"<p>Soru: Anne veya babaya bakmak, onlar\u0131n mai\u015fetini ve bir tak\u0131m ihtiya\u00e7lar\u0131n\u0131 kar\u015f\u0131lamak \u015feklindeki vazife M\u00fcsl\u00fcman ad\u0131na bir sorumluluk mudur? \u015eayet sorumluluksa bu y\u00fck\u00fcml\u00fcl\u00fckle mesul olan ki\u015filer kimlerdir? Ve bu hususta kad\u0131n erkek ayr\u0131m\u0131 var m\u0131d\u0131r? Cevap: \u0130slamiyet ya\u015fam\u0131\u015f oldu\u011fumuz d\u00fcnya\u2019da hayat\u0131n belli bir d\u00fczen i\u00e7erisinde devam edebilmesi ve bir k\u0131s\u0131m insanlar\u0131n hayatlar\u0131n\u0131 idame edip s\u00fcrd\u00fcrebilmeleri [&hellip;]<\/p>\n","protected":false},"author":3,"featured_media":1096,"comment_status":"open","ping_status":"open","sticky":false,"template":"","format":"standard","meta":{"content-type":"","_monsterinsights_skip_tracking":false,"_monsterinsights_sitenote_active":false,"_monsterinsights_sitenote_note":"","_monsterinsights_sitenote_category":0,"footnotes":""},"categories":[16,2,8],"tags":[66,67,68,79,161,391,501],"class_list":{"0":"post-1095","1":"post","2":"type-post","3":"status-publish","4":"format-standard","5":"has-post-thumbnail","7":"category-diger-meseleler","8":"category-gundeme-dair","9":"category-sual-cevap","10":"tag-anne-babaya-bakmak","11":"tag-anne-hakki","12":"tag-anne-baba","13":"tag-baba-hakki","14":"tag-ebeveyn","15":"tag-kiz-erkek-esitlik","16":"tag-nafaka"},"yoast_head":"<!-- This site is optimized with the Yoast SEO plugin v23.2 - https:\/\/yoast.com\/wordpress\/plugins\/seo\/ -->\n<title>Anne-Baban\u0131n Nafakas\u0131nda K\u0131z- Erkek E\u015fitli\u011fi - \u00d6mer Faruk Korkmaz Hocaefendi<\/title>\n<meta name=\"robots\" content=\"index, follow, max-snippet:-1, max-image-preview:large, max-video-preview:-1\" \/>\n<link rel=\"canonical\" href=\"https:\/\/omerfarukkorkmaz.com.tr\/tr\/anne-babanin-nafakasinda-kiz-erkek-esitligi\/\" \/>\n<meta property=\"og:locale\" content=\"tr_TR\" \/>\n<meta property=\"og:type\" content=\"article\" \/>\n<meta property=\"og:title\" content=\"Anne-Baban\u0131n Nafakas\u0131nda K\u0131z- Erkek E\u015fitli\u011fi - \u00d6mer Faruk Korkmaz Hocaefendi\" \/>\n<meta property=\"og:description\" content=\"Soru: Anne veya babaya bakmak, onlar\u0131n mai\u015fetini ve bir tak\u0131m ihtiya\u00e7lar\u0131n\u0131 kar\u015f\u0131lamak \u015feklindeki vazife M\u00fcsl\u00fcman ad\u0131na bir sorumluluk mudur? \u015eayet sorumluluksa bu y\u00fck\u00fcml\u00fcl\u00fckle mesul olan ki\u015filer kimlerdir? Ve bu hususta kad\u0131n erkek ayr\u0131m\u0131 var m\u0131d\u0131r? Cevap: \u0130slamiyet ya\u015fam\u0131\u015f oldu\u011fumuz d\u00fcnya\u2019da hayat\u0131n belli bir d\u00fczen i\u00e7erisinde devam edebilmesi ve bir k\u0131s\u0131m insanlar\u0131n hayatlar\u0131n\u0131 idame edip s\u00fcrd\u00fcrebilmeleri [&hellip;]\" \/>\n<meta property=\"og:url\" content=\"https:\/\/omerfarukkorkmaz.com.tr\/tr\/anne-babanin-nafakasinda-kiz-erkek-esitligi\/\" \/>\n<meta property=\"og:site_name\" content=\"\u00d6mer Faruk Korkmaz Hocaefendi\" \/>\n<meta property=\"article:published_time\" content=\"2022-01-28T17:57:43+00:00\" \/>\n<meta property=\"og:image\" content=\"https:\/\/omerfarukkorkmaz.com.tr\/tr\/wp-content\/uploads\/2022\/01\/35fd4ab7f259f21319f8298b3452c0a4-e1643392651778.jpg\" \/>\n\t<meta property=\"og:image:width\" content=\"390\" \/>\n\t<meta property=\"og:image:height\" content=\"201\" \/>\n\t<meta property=\"og:image:type\" content=\"image\/jpeg\" \/>\n<meta name=\"author\" content=\"\u00d6mer Faruk Korkmaz\" \/>\n<meta name=\"twitter:card\" content=\"summary_large_image\" \/>\n<meta name=\"twitter:label1\" content=\"Yazan:\" \/>\n\t<meta name=\"twitter:data1\" content=\"\u00d6mer Faruk Korkmaz\" \/>\n\t<meta name=\"twitter:label2\" content=\"Tahmini okuma s\u00fcresi\" \/>\n\t<meta name=\"twitter:data2\" content=\"5 dakika\" \/>\n<script type=\"application\/ld+json\" class=\"yoast-schema-graph\">{\"@context\":\"https:\/\/schema.org\",\"@graph\":[{\"@type\":\"Article\",\"@id\":\"https:\/\/omerfarukkorkmaz.com.tr\/tr\/anne-babanin-nafakasinda-kiz-erkek-esitligi\/#article\",\"isPartOf\":{\"@id\":\"https:\/\/omerfarukkorkmaz.com.tr\/tr\/anne-babanin-nafakasinda-kiz-erkek-esitligi\/\"},\"author\":{\"name\":\"\u00d6mer Faruk Korkmaz\",\"@id\":\"https:\/\/omerfarukkorkmaz.com.tr\/tr\/#\/schema\/person\/7efd65277de8b9dc0520ec210e387854\"},\"headline\":\"Anne-Baban\u0131n Nafakas\u0131nda K\u0131z- Erkek E\u015fitli\u011fi\",\"datePublished\":\"2022-01-28T17:57:43+00:00\",\"dateModified\":\"2022-01-28T17:57:43+00:00\",\"mainEntityOfPage\":{\"@id\":\"https:\/\/omerfarukkorkmaz.com.tr\/tr\/anne-babanin-nafakasinda-kiz-erkek-esitligi\/\"},\"wordCount\":1099,\"commentCount\":0,\"publisher\":{\"@id\":\"https:\/\/omerfarukkorkmaz.com.tr\/tr\/#\/schema\/person\/7efd65277de8b9dc0520ec210e387854\"},\"image\":{\"@id\":\"https:\/\/omerfarukkorkmaz.com.tr\/tr\/anne-babanin-nafakasinda-kiz-erkek-esitligi\/#primaryimage\"},\"thumbnailUrl\":\"https:\/\/omerfarukkorkmaz.com.tr\/tr\/wp-content\/uploads\/2022\/01\/35fd4ab7f259f21319f8298b3452c0a4-e1643392651778.jpg\",\"keywords\":[\"anne babaya bakmak\",\"anne hakk\u0131\",\"Anne-baba\",\"baba hakk\u0131\",\"ebeveyn\",\"k\u0131z erkek e\u015fitlik\",\"Nafaka\"],\"articleSection\":[\"Di\u011fer Meseleler\",\"G\u00fcndeme Dair\",\"Sual Cevap\"],\"inLanguage\":\"tr\",\"potentialAction\":[{\"@type\":\"CommentAction\",\"name\":\"Comment\",\"target\":[\"https:\/\/omerfarukkorkmaz.com.tr\/tr\/anne-babanin-nafakasinda-kiz-erkek-esitligi\/#respond\"]}]},{\"@type\":\"WebPage\",\"@id\":\"https:\/\/omerfarukkorkmaz.com.tr\/tr\/anne-babanin-nafakasinda-kiz-erkek-esitligi\/\",\"url\":\"https:\/\/omerfarukkorkmaz.com.tr\/tr\/anne-babanin-nafakasinda-kiz-erkek-esitligi\/\",\"name\":\"Anne-Baban\u0131n Nafakas\u0131nda K\u0131z- Erkek E\u015fitli\u011fi - \u00d6mer Faruk Korkmaz Hocaefendi\",\"isPartOf\":{\"@id\":\"https:\/\/omerfarukkorkmaz.com.tr\/tr\/#website\"},\"primaryImageOfPage\":{\"@id\":\"https:\/\/omerfarukkorkmaz.com.tr\/tr\/anne-babanin-nafakasinda-kiz-erkek-esitligi\/#primaryimage\"},\"image\":{\"@id\":\"https:\/\/omerfarukkorkmaz.com.tr\/tr\/anne-babanin-nafakasinda-kiz-erkek-esitligi\/#primaryimage\"},\"thumbnailUrl\":\"https:\/\/omerfarukkorkmaz.com.tr\/tr\/wp-content\/uploads\/2022\/01\/35fd4ab7f259f21319f8298b3452c0a4-e1643392651778.jpg\",\"datePublished\":\"2022-01-28T17:57:43+00:00\",\"dateModified\":\"2022-01-28T17:57:43+00:00\",\"breadcrumb\":{\"@id\":\"https:\/\/omerfarukkorkmaz.com.tr\/tr\/anne-babanin-nafakasinda-kiz-erkek-esitligi\/#breadcrumb\"},\"inLanguage\":\"tr\",\"potentialAction\":[{\"@type\":\"ReadAction\",\"target\":[\"https:\/\/omerfarukkorkmaz.com.tr\/tr\/anne-babanin-nafakasinda-kiz-erkek-esitligi\/\"]}]},{\"@type\":\"ImageObject\",\"inLanguage\":\"tr\",\"@id\":\"https:\/\/omerfarukkorkmaz.com.tr\/tr\/anne-babanin-nafakasinda-kiz-erkek-esitligi\/#primaryimage\",\"url\":\"https:\/\/omerfarukkorkmaz.com.tr\/tr\/wp-content\/uploads\/2022\/01\/35fd4ab7f259f21319f8298b3452c0a4-e1643392651778.jpg\",\"contentUrl\":\"https:\/\/omerfarukkorkmaz.com.tr\/tr\/wp-content\/uploads\/2022\/01\/35fd4ab7f259f21319f8298b3452c0a4-e1643392651778.jpg\",\"width\":390,\"height\":201},{\"@type\":\"BreadcrumbList\",\"@id\":\"https:\/\/omerfarukkorkmaz.com.tr\/tr\/anne-babanin-nafakasinda-kiz-erkek-esitligi\/#breadcrumb\",\"itemListElement\":[{\"@type\":\"ListItem\",\"position\":1,\"name\":\"Anasayfa\",\"item\":\"https:\/\/omerfarukkorkmaz.com.tr\/tr\/\"},{\"@type\":\"ListItem\",\"position\":2,\"name\":\"Anne-Baban\u0131n Nafakas\u0131nda K\u0131z- Erkek E\u015fitli\u011fi\"}]},{\"@type\":\"WebSite\",\"@id\":\"https:\/\/omerfarukkorkmaz.com.tr\/tr\/#website\",\"url\":\"https:\/\/omerfarukkorkmaz.com.tr\/tr\/\",\"name\":\"\u00d6mer Faruk Korkmaz Hocaefendi\",\"description\":\"Resmi Web Sayfas\u0131\",\"publisher\":{\"@id\":\"https:\/\/omerfarukkorkmaz.com.tr\/tr\/#\/schema\/person\/7efd65277de8b9dc0520ec210e387854\"},\"potentialAction\":[{\"@type\":\"SearchAction\",\"target\":{\"@type\":\"EntryPoint\",\"urlTemplate\":\"https:\/\/omerfarukkorkmaz.com.tr\/tr\/?s={search_term_string}\"},\"query-input\":\"required name=search_term_string\"}],\"inLanguage\":\"tr\"},{\"@type\":[\"Person\",\"Organization\"],\"@id\":\"https:\/\/omerfarukkorkmaz.com.tr\/tr\/#\/schema\/person\/7efd65277de8b9dc0520ec210e387854\",\"name\":\"\u00d6mer Faruk Korkmaz\",\"image\":{\"@type\":\"ImageObject\",\"inLanguage\":\"tr\",\"@id\":\"https:\/\/omerfarukkorkmaz.com.tr\/tr\/#\/schema\/person\/image\/\",\"url\":\"https:\/\/omerfarukkorkmaz.com.tr\/tr\/wp-content\/uploads\/2020\/12\/cropped-nkl-2.png\",\"contentUrl\":\"https:\/\/omerfarukkorkmaz.com.tr\/tr\/wp-content\/uploads\/2020\/12\/cropped-nkl-2.png\",\"width\":512,\"height\":512,\"caption\":\"\u00d6mer Faruk Korkmaz\"},\"logo\":{\"@id\":\"https:\/\/omerfarukkorkmaz.com.tr\/tr\/#\/schema\/person\/image\/\"},\"url\":\"https:\/\/omerfarukkorkmaz.com.tr\/tr\/author\/ofkorkmaz\/\"}]}<\/script>\n<!-- \/ Yoast SEO plugin. -->","yoast_head_json":{"title":"Anne-Baban\u0131n Nafakas\u0131nda K\u0131z- Erkek E\u015fitli\u011fi - \u00d6mer Faruk Korkmaz Hocaefendi","robots":{"index":"index","follow":"follow","max-snippet":"max-snippet:-1","max-image-preview":"max-image-preview:large","max-video-preview":"max-video-preview:-1"},"canonical":"https:\/\/omerfarukkorkmaz.com.tr\/tr\/anne-babanin-nafakasinda-kiz-erkek-esitligi\/","og_locale":"tr_TR","og_type":"article","og_title":"Anne-Baban\u0131n Nafakas\u0131nda K\u0131z- Erkek E\u015fitli\u011fi - \u00d6mer Faruk Korkmaz Hocaefendi","og_description":"Soru: Anne veya babaya bakmak, onlar\u0131n mai\u015fetini ve bir tak\u0131m ihtiya\u00e7lar\u0131n\u0131 kar\u015f\u0131lamak \u015feklindeki vazife M\u00fcsl\u00fcman ad\u0131na bir sorumluluk mudur? \u015eayet sorumluluksa bu y\u00fck\u00fcml\u00fcl\u00fckle mesul olan ki\u015filer kimlerdir? Ve bu hususta kad\u0131n erkek ayr\u0131m\u0131 var m\u0131d\u0131r? Cevap: \u0130slamiyet ya\u015fam\u0131\u015f oldu\u011fumuz d\u00fcnya\u2019da hayat\u0131n belli bir d\u00fczen i\u00e7erisinde devam edebilmesi ve bir k\u0131s\u0131m insanlar\u0131n hayatlar\u0131n\u0131 idame edip s\u00fcrd\u00fcrebilmeleri [&hellip;]","og_url":"https:\/\/omerfarukkorkmaz.com.tr\/tr\/anne-babanin-nafakasinda-kiz-erkek-esitligi\/","og_site_name":"\u00d6mer Faruk Korkmaz Hocaefendi","article_published_time":"2022-01-28T17:57:43+00:00","og_image":[{"width":390,"height":201,"url":"https:\/\/omerfarukkorkmaz.com.tr\/tr\/wp-content\/uploads\/2022\/01\/35fd4ab7f259f21319f8298b3452c0a4-e1643392651778.jpg","type":"image\/jpeg"}],"author":"\u00d6mer Faruk Korkmaz","twitter_card":"summary_large_image","twitter_misc":{"Yazan:":"\u00d6mer Faruk Korkmaz","Tahmini okuma s\u00fcresi":"5 dakika"},"schema":{"@context":"https:\/\/schema.org","@graph":[{"@type":"Article","@id":"https:\/\/omerfarukkorkmaz.com.tr\/tr\/anne-babanin-nafakasinda-kiz-erkek-esitligi\/#article","isPartOf":{"@id":"https:\/\/omerfarukkorkmaz.com.tr\/tr\/anne-babanin-nafakasinda-kiz-erkek-esitligi\/"},"author":{"name":"\u00d6mer Faruk Korkmaz","@id":"https:\/\/omerfarukkorkmaz.com.tr\/tr\/#\/schema\/person\/7efd65277de8b9dc0520ec210e387854"},"headline":"Anne-Baban\u0131n Nafakas\u0131nda K\u0131z- Erkek E\u015fitli\u011fi","datePublished":"2022-01-28T17:57:43+00:00","dateModified":"2022-01-28T17:57:43+00:00","mainEntityOfPage":{"@id":"https:\/\/omerfarukkorkmaz.com.tr\/tr\/anne-babanin-nafakasinda-kiz-erkek-esitligi\/"},"wordCount":1099,"commentCount":0,"publisher":{"@id":"https:\/\/omerfarukkorkmaz.com.tr\/tr\/#\/schema\/person\/7efd65277de8b9dc0520ec210e387854"},"image":{"@id":"https:\/\/omerfarukkorkmaz.com.tr\/tr\/anne-babanin-nafakasinda-kiz-erkek-esitligi\/#primaryimage"},"thumbnailUrl":"https:\/\/omerfarukkorkmaz.com.tr\/tr\/wp-content\/uploads\/2022\/01\/35fd4ab7f259f21319f8298b3452c0a4-e1643392651778.jpg","keywords":["anne babaya bakmak","anne hakk\u0131","Anne-baba","baba hakk\u0131","ebeveyn","k\u0131z erkek e\u015fitlik","Nafaka"],"articleSection":["Di\u011fer Meseleler","G\u00fcndeme Dair","Sual Cevap"],"inLanguage":"tr","potentialAction":[{"@type":"CommentAction","name":"Comment","target":["https:\/\/omerfarukkorkmaz.com.tr\/tr\/anne-babanin-nafakasinda-kiz-erkek-esitligi\/#respond"]}]},{"@type":"WebPage","@id":"https:\/\/omerfarukkorkmaz.com.tr\/tr\/anne-babanin-nafakasinda-kiz-erkek-esitligi\/","url":"https:\/\/omerfarukkorkmaz.com.tr\/tr\/anne-babanin-nafakasinda-kiz-erkek-esitligi\/","name":"Anne-Baban\u0131n Nafakas\u0131nda K\u0131z- Erkek E\u015fitli\u011fi - \u00d6mer Faruk Korkmaz Hocaefendi","isPartOf":{"@id":"https:\/\/omerfarukkorkmaz.com.tr\/tr\/#website"},"primaryImageOfPage":{"@id":"https:\/\/omerfarukkorkmaz.com.tr\/tr\/anne-babanin-nafakasinda-kiz-erkek-esitligi\/#primaryimage"},"image":{"@id":"https:\/\/omerfarukkorkmaz.com.tr\/tr\/anne-babanin-nafakasinda-kiz-erkek-esitligi\/#primaryimage"},"thumbnailUrl":"https:\/\/omerfarukkorkmaz.com.tr\/tr\/wp-content\/uploads\/2022\/01\/35fd4ab7f259f21319f8298b3452c0a4-e1643392651778.jpg","datePublished":"2022-01-28T17:57:43+00:00","dateModified":"2022-01-28T17:57:43+00:00","breadcrumb":{"@id":"https:\/\/omerfarukkorkmaz.com.tr\/tr\/anne-babanin-nafakasinda-kiz-erkek-esitligi\/#breadcrumb"},"inLanguage":"tr","potentialAction":[{"@type":"ReadAction","target":["https:\/\/omerfarukkorkmaz.com.tr\/tr\/anne-babanin-nafakasinda-kiz-erkek-esitligi\/"]}]},{"@type":"ImageObject","inLanguage":"tr","@id":"https:\/\/omerfarukkorkmaz.com.tr\/tr\/anne-babanin-nafakasinda-kiz-erkek-esitligi\/#primaryimage","url":"https:\/\/omerfarukkorkmaz.com.tr\/tr\/wp-content\/uploads\/2022\/01\/35fd4ab7f259f21319f8298b3452c0a4-e1643392651778.jpg","contentUrl":"https:\/\/omerfarukkorkmaz.com.tr\/tr\/wp-content\/uploads\/2022\/01\/35fd4ab7f259f21319f8298b3452c0a4-e1643392651778.jpg","width":390,"height":201},{"@type":"BreadcrumbList","@id":"https:\/\/omerfarukkorkmaz.com.tr\/tr\/anne-babanin-nafakasinda-kiz-erkek-esitligi\/#breadcrumb","itemListElement":[{"@type":"ListItem","position":1,"name":"Anasayfa","item":"https:\/\/omerfarukkorkmaz.com.tr\/tr\/"},{"@type":"ListItem","position":2,"name":"Anne-Baban\u0131n Nafakas\u0131nda K\u0131z- Erkek E\u015fitli\u011fi"}]},{"@type":"WebSite","@id":"https:\/\/omerfarukkorkmaz.com.tr\/tr\/#website","url":"https:\/\/omerfarukkorkmaz.com.tr\/tr\/","name":"\u00d6mer Faruk Korkmaz Hocaefendi","description":"Resmi Web Sayfas\u0131","publisher":{"@id":"https:\/\/omerfarukkorkmaz.com.tr\/tr\/#\/schema\/person\/7efd65277de8b9dc0520ec210e387854"},"potentialAction":[{"@type":"SearchAction","target":{"@type":"EntryPoint","urlTemplate":"https:\/\/omerfarukkorkmaz.com.tr\/tr\/?s={search_term_string}"},"query-input":"required name=search_term_string"}],"inLanguage":"tr"},{"@type":["Person","Organization"],"@id":"https:\/\/omerfarukkorkmaz.com.tr\/tr\/#\/schema\/person\/7efd65277de8b9dc0520ec210e387854","name":"\u00d6mer Faruk Korkmaz","image":{"@type":"ImageObject","inLanguage":"tr","@id":"https:\/\/omerfarukkorkmaz.com.tr\/tr\/#\/schema\/person\/image\/","url":"https:\/\/omerfarukkorkmaz.com.tr\/tr\/wp-content\/uploads\/2020\/12\/cropped-nkl-2.png","contentUrl":"https:\/\/omerfarukkorkmaz.com.tr\/tr\/wp-content\/uploads\/2020\/12\/cropped-nkl-2.png","width":512,"height":512,"caption":"\u00d6mer Faruk Korkmaz"},"logo":{"@id":"https:\/\/omerfarukkorkmaz.com.tr\/tr\/#\/schema\/person\/image\/"},"url":"https:\/\/omerfarukkorkmaz.com.tr\/tr\/author\/ofkorkmaz\/"}]}},"_links":{"self":[{"href":"https:\/\/omerfarukkorkmaz.com.tr\/tr\/wp-json\/wp\/v2\/posts\/1095","targetHints":{"allow":["GET"]}}],"collection":[{"href":"https:\/\/omerfarukkorkmaz.com.tr\/tr\/wp-json\/wp\/v2\/posts"}],"about":[{"href":"https:\/\/omerfarukkorkmaz.com.tr\/tr\/wp-json\/wp\/v2\/types\/post"}],"author":[{"embeddable":true,"href":"https:\/\/omerfarukkorkmaz.com.tr\/tr\/wp-json\/wp\/v2\/users\/3"}],"replies":[{"embeddable":true,"href":"https:\/\/omerfarukkorkmaz.com.tr\/tr\/wp-json\/wp\/v2\/comments?post=1095"}],"version-history":[{"count":0,"href":"https:\/\/omerfarukkorkmaz.com.tr\/tr\/wp-json\/wp\/v2\/posts\/1095\/revisions"}],"wp:featuredmedia":[{"embeddable":true,"href":"https:\/\/omerfarukkorkmaz.com.tr\/tr\/wp-json\/wp\/v2\/media\/1096"}],"wp:attachment":[{"href":"https:\/\/omerfarukkorkmaz.com.tr\/tr\/wp-json\/wp\/v2\/media?parent=1095"}],"wp:term":[{"taxonomy":"category","embeddable":true,"href":"https:\/\/omerfarukkorkmaz.com.tr\/tr\/wp-json\/wp\/v2\/categories?post=1095"},{"taxonomy":"post_tag","embeddable":true,"href":"https:\/\/omerfarukkorkmaz.com.tr\/tr\/wp-json\/wp\/v2\/tags?post=1095"}],"curies":[{"name":"wp","href":"https:\/\/api.w.org\/{rel}","templated":true}]}}