{"id":1090,"date":"2022-01-22T18:56:30","date_gmt":"2022-01-22T18:56:30","guid":{"rendered":"http:\/\/www.omerfarukkorkmaz.com.tr\/?p=1090"},"modified":"2022-01-22T18:56:30","modified_gmt":"2022-01-22T18:56:30","slug":"sari-veya-kirmizi-elbise-giymenin-hukmu","status":"publish","type":"post","link":"https:\/\/omerfarukkorkmaz.com.tr\/tr\/sari-veya-kirmizi-elbise-giymenin-hukmu\/","title":{"rendered":"Sar\u0131 Veya K\u0131rm\u0131z\u0131 Elbise Giymenin H\u00fckm\u00fc"},"content":{"rendered":"<blockquote><p><strong>Soru: <\/strong>Hocam k\u0131rm\u0131z\u0131 veya sar\u0131 renkli bir elbiseyi giymekte her hangi bir kerahet var m\u0131d\u0131r? Bu renklerdeki elbiselerin giyilmesinin caiz olmad\u0131\u011f\u0131n\u0131 s\u00f6yl\u00fcyorlar. Bu do\u011fru mudur?<\/p><\/blockquote>\n<p><strong>Cevap: <\/strong>\u0130sterseniz soruyu cevapland\u0131rmaya ilk \u00f6nce sar\u0131 elbiseden ba\u015flayal\u0131m. Konuyla ilgili aktar\u0131lan en me\u015fhur rivayet \u015fudur: Abdullah b. Amr b. As \u015f\u00f6yle demi\u015ftir: Resulullah (Sallallahu Aleyhi ve Sellem) \u00fczerimde aspurla boyanm\u0131\u015f iki elbise g\u00f6rd\u00fc ve \u201cMuhakkak ki bunlar k\u00e2firlerin elbiselerindendir. Onlar\u0131 giyme!\u201d<a href=\"#_ftn1\" name=\"_ftnref1\">[1]<\/a> buyurdu. Baz\u0131 rivayetlerde \u201cCehennem ehlinin elbiselerindendir\u201d<a href=\"#_ftn2\" name=\"_ftnref2\">[2]<\/a>buyurdu\u011fu nakledilirken rivayete yer veren bir k\u0131s\u0131m kaynaklar da Efendimiz\u2019in Amr\u2019a \u201cBunu (giymeyi) sana annen mi emretti? Y\u0131ka bu elbiseleri\u201d<a href=\"#_ftn3\" name=\"_ftnref3\">[3]<\/a> buyurdu\u011funu zikretmektedirler. Arap lisan\u0131nda Usfur (Aspur) \u201cBoya\u201d \u201cElbisenin kendisiyle birlikte boyand\u0131\u011f\u0131 bitki\u201d vb. gibi anlamlara gelmektedir.<a href=\"#_ftn4\" name=\"_ftnref4\">[4]<\/a> Bu bapta Hz. Ali (Rad\u0131yallahuAnh)\u2019den gelen Allah Resulu (Aleyhissalat\u00fc vesselam)\u2019 n\u00fcn kendisini Usfurla elbise giymboyanm\u0131\u015f\u00a0ekten nehyetti\u011fine dair rivayetler de mevcuttur.<a href=\"#_ftn5\" name=\"_ftnref5\">[5]<\/a> Bu rivayetler Aspur dedi\u011fimiz bitkiyle sar\u0131 rengine boyanm\u0131\u015f elbiseden bahsetmektedir. Bu gibi rivayetlerden yola \u00e7\u0131kan bir k\u0131s\u0131m \u00e2limler sar\u0131 renkte elbise giymenin caiz olmad\u0131\u011f\u0131n\u0131 s\u00f6ylemi\u015flerdir. Lakin Sahabe Tabiin ve sonrakilerin cumhuru, e\u015f-\u015eafii, Malik (Rahimehumullah) bunun m\u00fcbah oldu\u011fu g\u00f6r\u00fc\u015f\u00fcne gitmi\u015flerdir.<a href=\"#_ftn6\" name=\"_ftnref6\">[6]<\/a> Hanefilerde tercih edilen g\u00f6r\u00fc\u015f ise Aspur ile boyanm\u0131\u015f elbisenin giyilmesinin tahrimen mekruh oldu\u011fudur.<a href=\"#_ftn7\" name=\"_ftnref7\">[7]<\/a><\/p>\n<p>K\u0131rm\u0131z\u0131 elbise giymeye gelince bu konuda yasaklay\u0131c\u0131 rivayetler gelmi\u015ftir. Baz\u0131 Sahabe\u2019 nin \u201c Allah Resul\u00fc beni k\u0131rm\u0131z\u0131 elbise giymekten nehyetti\u201d<a href=\"#_ftn8\" name=\"_ftnref8\">[8]<\/a>, \u201c Allah Resul\u00fc\u2019 n\u00fcn yan\u0131na \u00fczerinde k\u0131rm\u0131z\u0131 renkli iki elbise bulunan bir adam girdi ve selam verdi. Nebi onun selam\u0131n\u0131 almad\u0131\u201d<a href=\"#_ftn9\" name=\"_ftnref9\">[9]<\/a>, <em>\u201c\u015eeytan k\u0131rm\u0131z\u0131y\u0131 sever. K\u0131rm\u0131z\u0131dan ve \u015f\u00f6hret kokan her elbiseden sak\u0131n\u0131n\u201d<\/em><a href=\"#_ftn10\" name=\"_ftnref10\">[10]<\/a> \u015feklindeki rivayetler bu kabildendir. Nehiy rivayetleri sebebiyle \u015f\u00f6hret ve s\u00fcslenme maksad\u0131yla k\u0131rm\u0131z\u0131 elbise giymek \u0130mam Malik\u2019 e g\u00f6re mekruh say\u0131lm\u0131\u015ft\u0131r. \u0130mam e\u015f-\u015eafii\u2019ye g\u00f6re ise k\u0131rm\u0131z\u0131 giymekte bir beis yoktur.<a href=\"#_ftn11\" name=\"_ftnref11\">[11]<\/a> Zira \u015eem\u00e2il ve S\u00eere kitaplar\u0131n\u0131 inceleyenler Peygamber Aleyhissalat\u00fc vesselam\u2019\u0131n k\u0131rm\u0131z\u0131 elbise giydi\u011fine dair muhtelif sahab\u00eelerden nakledilen rivayetleri<a href=\"#_ftn12\" name=\"_ftnref12\">[12]<\/a> \u00a0g\u00f6receklerdir. Her ne kadar haram oldu\u011funa delalet eden bir tak\u0131m rivayetler mevcutsa ve bu rivayetler Hanefi mezhebimize ait farkl\u0131 kitaplarda<a href=\"#_ftn13\" name=\"_ftnref13\">[13]<\/a> ba\u015fta caiz olup sonradan yasakland\u0131\u011f\u0131<a href=\"#_ftn14\" name=\"_ftnref14\">[14]<\/a> konuyu detayl\u0131 bir bi\u00e7imde ele alan et-Teh\u00e2nev\u00ee\u2019 nin de ifade etti\u011fi gibi -evl\u00e2 olan\u0131n giymemek olmas\u0131yla birlikte- k\u0131rm\u0131z\u0131 giymenin caiz olmas\u0131d\u0131r.<a href=\"#_ftn15\" name=\"_ftnref15\">[15]<\/a><\/p>\n<hr \/>\n<p><a href=\"#_ftnref1\" name=\"_ftn1\"><strong>[1]<\/strong><\/a> Ahmed b. Hanbel, <em>el-M\u00fcsned<\/em>,XI\/ 62 No: 6513, M\u00fcslim, <em>Sahih,<\/em> No: 5485\u00a0 Hakim, <em>el-M\u00fcstedrek<\/em>, Libas, No: 7398, Ebu Avane, <em>M\u00fcsned<\/em>, No: 8532, Tay\u00e2lisi, <em>M\u00fcsned,<\/em> No: 2392, el-Beyhaki, <em>es-S\u00fcnenu\u2019l-K\u00fcbr\u00e2<\/em>, No: 5971,<\/p>\n<p><a href=\"#_ftnref2\" name=\"_ftn2\"><strong>[2]<\/strong><\/a> et-Taber\u00e2n\u00ee, <em>el-Mu\u2019cemu\u2019l-Kebir,<\/em> No: 14357,<\/p>\n<p><a href=\"#_ftnref3\" name=\"_ftn3\"><strong>[3]<\/strong><\/a> M\u00fcslim, <em>Sahih<\/em>, Libas, No: 2077 et-Taber\u00e2n\u00ee, <em>el-Mu\u2019cemu\u2019l-Evsat<\/em>, No: 1788, <em>el-Keb\u00eer<\/em>, No: 14352,<\/p>\n<p><a href=\"#_ftnref4\" name=\"_ftn4\"><strong>[4]<\/strong><\/a> <em>Muhtaru\u2019s-S\u0131hah<\/em>, I\/467, <em>el-Kamusu\u2019l-Muh\u00eet<\/em>, I\/567 , \u0130bn Manzur, <em><strong>Lisanu\u2019l-Arab<\/strong>,<\/em> IV\/ 581, <em>el-Mu\u2019cemu\u2019l-Vas\u00eet<\/em> vd.<\/p>\n<p><a href=\"#_ftnref5\" name=\"_ftn5\"><strong>[5]<\/strong><\/a> M\u00fcslim, <em>Sahih<\/em>, Libas, No: 2071, Tirmizi, <em>S\u00fcnen<\/em>, Libas, No: 1737, Nesa\u00ee, <em>es-S\u00fcnenu\u2019l-K\u00fcbr\u00e2,<\/em> No: 9574<\/p>\n<p><a href=\"#_ftnref6\" name=\"_ftn6\"><strong>[6]<\/strong><\/a> e\u015f-\u015eevk\u00e2n\u00ee, <em>Neylu\u2019l-Evtar<\/em>, II\/ 451 Daru\u2019l-Hadis, Kahire, 2005<\/p>\n<p><a href=\"#_ftnref7\" name=\"_ftn7\"><strong>[7]<\/strong><\/a> Taki el-Usm\u00e2n\u00ee, <em><strong>Tekmiletu Fethi\u2019l-M\u00fclhim<\/strong><\/em>, IV\/ 68 Daru\u2019l-Kalem, D\u0131me\u015fk<\/p>\n<p><a href=\"#_ftnref8\" name=\"_ftn8\"><strong>[8]<\/strong><\/a> Ahmed b. Hanbel, <em>M\u00fcsned<\/em>, I\/ 81, 611, M\u00fcslim, II\/ 49, Nes\u00e2\u00ee, II\/ 188 VD. [\u0130bnu\u2019l-Es\u00eer, <em>Camiu\u2019l-Us\u00fbl<\/em>, IV\/190] Mektebetu\u2019l-Halv\u00e2n\u00ee,<\/p>\n<p><a href=\"#_ftnref9\" name=\"_ftn9\"><strong>[9]<\/strong><\/a> Ebu Davud, <em>S\u00fcnen<\/em>, Libas, No: 4071, Tirmizi, <em>S\u00fcnen,<\/em> Edeb, No: 2807<\/p>\n<p><a href=\"#_ftnref10\" name=\"_ftn10\"><strong>[10]<\/strong><\/a> Hakim, <strong><em>el-K\u00fcn\u00e2<\/em><\/strong>, Ebu Nuaym, <strong><em>el-Ma\u2019rife<\/em><\/strong>, \u00a0\u0130bn K\u00e2ni\u2019, \u00a0\u0130bnu\u2019s Seken, \u00a0\u0130bn Mende, \u0130bn Adiy, [e\u015f-\u015eevk\u00e2n\u00ee, a.g.e., II\/ 454]<\/p>\n<p><a href=\"#_ftnref11\" name=\"_ftn11\"><strong>[11]<\/strong><\/a> Vehbe Z\u00fchayl\u00ee, <em>el-F\u0131khu\u2019l-\u0130sl\u00e2m\u00ee ve Edilletuh\u00fb<\/em>, II\/ 976 Daru\u2019l-Fikr, Dime\u015fk, 2007, B.X<\/p>\n<p><a href=\"#_ftnref12\" name=\"_ftn12\"><strong>[12]<\/strong><\/a> et-Tirmizi, <em>e\u015f-\u015eemailu\u2019l-Muhammediyye<\/em>, s. 37-38 Daru\u2019l-Minh\u00e2c, Cidde, 2007, B.II, el-Be\u011favi, <strong><em>el-Env\u00e2r<\/em><\/strong>, I\/ 145 Daru\u2019l-Mekteb\u00ee, D\u0131me\u015fk, 1995, B.I, Irak\u00ee, <strong><em>Elfiye<\/em><\/strong>, <strong>(<\/strong><strong>\u0644\u064e\u0628\u0650\u0633\u064e \u0623\u064a\u0652\u0636\u064b\u0627<\/strong><strong> \u062d\u064f\u0644\u0651\u064e\u0629\u064b \u062d\u064e\u0645\u0631\u064e\u0627\u0621 * \u0641\u064e\u0632\u064e\u0627\u062f\u064e\u0647\u064e\u0627 \u0628\u0650\u062d\u064f\u0633\u0652\u0646\u0650\u0647\u0650 \u0628\u064e\u0647\u064e\u0627\u0621<\/strong><strong>)<\/strong>, Kad\u0131 \u0130yaz, <em>\u015eifa,<\/em> I\/ 61 Daru\u2019l-K\u00fct\u00fcbi\u2019l-\u0130lmiyye, Beyrut-L\u00fcbnan, Muhammed b. Yusuf es-S\u00e2lih\u00ee, <strong><em>S\u00fcbulu\u2019l-H\u00fcd\u00e2 ve\u2019r-Re\u015f\u00e2d,<\/em><\/strong> II\/10 Vizaretu\u2019l-Evk\u00e2f, Kahire, 1997, Abdullah Siracuddin, <em>Seyyidun\u00e2 Muhammedun Res\u00fblullah<\/em>, s. 21, Mektebetu D\u00e2ri\u2019l-Fel\u00e2h, B.VII<\/p>\n<p><a href=\"#_ftnref13\" name=\"_ftn13\"><strong>[13]<\/strong><\/a> es-Serahs\u00ee, <strong><em>\u015eerhu\u2019s- Siyeri\u2019l-Keb\u00eer<\/em><\/strong>, I\/15 Daru\u2019l-K\u00fct\u00fcbi\u2019l-\u0130lmiyye, Beyrut-L\u00fcbnan, 1997, B.I<\/p>\n<p><a href=\"#_ftnref14\" name=\"_ftn14\"><strong>[14]<\/strong><\/a> Ali el-K\u00e2r\u00ee, <em>Mirk\u00e2tu\u2019l-Mef\u00e2tih<\/em>, VIII\/ 205 Daru\u2019l-K\u00fct\u00fcbi\u2019l-\u0130lmiyye, Beyrut-L\u00fcbnan 2012, B.III<\/p>\n<p><a href=\"#_ftnref15\" name=\"_ftn15\"><strong>[15]<\/strong><\/a> et-Teh\u00e2nev\u00ee\u00a0 bu g\u00f6r\u00fc\u015f\u00fcn\u00fc \u015e\u00fcrunb\u00fcl\u00e2l\u00ee\u2019 ye dayand\u0131r\u0131r. Bkz. <strong><em>\u0130\u2019l\u00e2u\u2019s-S\u00fcnen<\/em><\/strong>, XVI\/8126 Daru\u2019l-Fikr, 2001, B.I<\/p>\n","protected":false},"excerpt":{"rendered":"<p>Soru: Hocam k\u0131rm\u0131z\u0131 veya sar\u0131 renkli bir elbiseyi giymekte her hangi bir kerahet var m\u0131d\u0131r? Bu renklerdeki elbiselerin giyilmesinin caiz olmad\u0131\u011f\u0131n\u0131 s\u00f6yl\u00fcyorlar. Bu do\u011fru mudur? Cevap: \u0130sterseniz soruyu cevapland\u0131rmaya ilk \u00f6nce sar\u0131 elbiseden ba\u015flayal\u0131m. Konuyla ilgili aktar\u0131lan en me\u015fhur rivayet \u015fudur: Abdullah b. Amr b. As \u015f\u00f6yle demi\u015ftir: Resulullah (Sallallahu Aleyhi ve Sellem) \u00fczerimde aspurla [&hellip;]<\/p>\n","protected":false},"author":3,"featured_media":1091,"comment_status":"open","ping_status":"open","sticky":false,"template":"","format":"standard","meta":{"content-type":"","_monsterinsights_skip_tracking":false,"_monsterinsights_sitenote_active":false,"_monsterinsights_sitenote_note":"","_monsterinsights_sitenote_category":0,"footnotes":""},"categories":[16,2,8],"tags":[121,178,208,324,382,383,384,385,579,580],"class_list":{"0":"post-1090","1":"post","2":"type-post","3":"status-publish","4":"format-standard","5":"has-post-thumbnail","7":"category-diger-meseleler","8":"category-gundeme-dair","9":"category-sual-cevap","10":"tag-caiz-mi","11":"tag-elbise","12":"tag-fikih","13":"tag-islam","14":"tag-kirmizi","15":"tag-kirmizi-elbise-giyinmek-caiz-mi","16":"tag-kirmizi-giyinmek","17":"tag-kirmizi-giymek","18":"tag-sari","19":"tag-sari-giyinmek"},"yoast_head":"<!-- This site is optimized with the Yoast SEO plugin v23.2 - https:\/\/yoast.com\/wordpress\/plugins\/seo\/ -->\n<title>Sar\u0131 Veya K\u0131rm\u0131z\u0131 Elbise Giymenin H\u00fckm\u00fc - \u00d6mer Faruk Korkmaz Hocaefendi<\/title>\n<meta name=\"robots\" content=\"index, follow, max-snippet:-1, max-image-preview:large, max-video-preview:-1\" \/>\n<link rel=\"canonical\" href=\"https:\/\/omerfarukkorkmaz.com.tr\/tr\/sari-veya-kirmizi-elbise-giymenin-hukmu\/\" \/>\n<meta property=\"og:locale\" content=\"tr_TR\" \/>\n<meta property=\"og:type\" content=\"article\" \/>\n<meta property=\"og:title\" content=\"Sar\u0131 Veya K\u0131rm\u0131z\u0131 Elbise Giymenin H\u00fckm\u00fc - \u00d6mer Faruk Korkmaz Hocaefendi\" \/>\n<meta property=\"og:description\" content=\"Soru: Hocam k\u0131rm\u0131z\u0131 veya sar\u0131 renkli bir elbiseyi giymekte her hangi bir kerahet var m\u0131d\u0131r? Bu renklerdeki elbiselerin giyilmesinin caiz olmad\u0131\u011f\u0131n\u0131 s\u00f6yl\u00fcyorlar. Bu do\u011fru mudur? Cevap: \u0130sterseniz soruyu cevapland\u0131rmaya ilk \u00f6nce sar\u0131 elbiseden ba\u015flayal\u0131m. Konuyla ilgili aktar\u0131lan en me\u015fhur rivayet \u015fudur: Abdullah b. Amr b. As \u015f\u00f6yle demi\u015ftir: Resulullah (Sallallahu Aleyhi ve Sellem) \u00fczerimde aspurla [&hellip;]\" \/>\n<meta property=\"og:url\" content=\"https:\/\/omerfarukkorkmaz.com.tr\/tr\/sari-veya-kirmizi-elbise-giymenin-hukmu\/\" \/>\n<meta property=\"og:site_name\" content=\"\u00d6mer Faruk Korkmaz Hocaefendi\" \/>\n<meta property=\"article:published_time\" content=\"2022-01-22T18:56:30+00:00\" \/>\n<meta property=\"og:image\" content=\"https:\/\/omerfarukkorkmaz.com.tr\/tr\/wp-content\/uploads\/2022\/01\/optimized-islamic-art-featured-e1642877752110.jpg\" \/>\n\t<meta property=\"og:image:width\" content=\"706\" \/>\n\t<meta property=\"og:image:height\" content=\"344\" \/>\n\t<meta property=\"og:image:type\" content=\"image\/jpeg\" \/>\n<meta name=\"author\" content=\"\u00d6mer Faruk Korkmaz\" \/>\n<meta name=\"twitter:card\" content=\"summary_large_image\" \/>\n<meta name=\"twitter:label1\" content=\"Yazan:\" \/>\n\t<meta name=\"twitter:data1\" content=\"\u00d6mer Faruk Korkmaz\" \/>\n\t<meta name=\"twitter:label2\" content=\"Tahmini okuma s\u00fcresi\" \/>\n\t<meta name=\"twitter:data2\" content=\"4 dakika\" \/>\n<script type=\"application\/ld+json\" class=\"yoast-schema-graph\">{\"@context\":\"https:\/\/schema.org\",\"@graph\":[{\"@type\":\"Article\",\"@id\":\"https:\/\/omerfarukkorkmaz.com.tr\/tr\/sari-veya-kirmizi-elbise-giymenin-hukmu\/#article\",\"isPartOf\":{\"@id\":\"https:\/\/omerfarukkorkmaz.com.tr\/tr\/sari-veya-kirmizi-elbise-giymenin-hukmu\/\"},\"author\":{\"name\":\"\u00d6mer Faruk Korkmaz\",\"@id\":\"https:\/\/omerfarukkorkmaz.com.tr\/tr\/#\/schema\/person\/7efd65277de8b9dc0520ec210e387854\"},\"headline\":\"Sar\u0131 Veya K\u0131rm\u0131z\u0131 Elbise Giymenin H\u00fckm\u00fc\",\"datePublished\":\"2022-01-22T18:56:30+00:00\",\"dateModified\":\"2022-01-22T18:56:30+00:00\",\"mainEntityOfPage\":{\"@id\":\"https:\/\/omerfarukkorkmaz.com.tr\/tr\/sari-veya-kirmizi-elbise-giymenin-hukmu\/\"},\"wordCount\":741,\"commentCount\":0,\"publisher\":{\"@id\":\"https:\/\/omerfarukkorkmaz.com.tr\/tr\/#\/schema\/person\/7efd65277de8b9dc0520ec210e387854\"},\"image\":{\"@id\":\"https:\/\/omerfarukkorkmaz.com.tr\/tr\/sari-veya-kirmizi-elbise-giymenin-hukmu\/#primaryimage\"},\"thumbnailUrl\":\"https:\/\/omerfarukkorkmaz.com.tr\/tr\/wp-content\/uploads\/2022\/01\/optimized-islamic-art-featured-e1642877752110.jpg\",\"keywords\":[\"caiz mi\",\"Elbise\",\"f\u0131k\u0131h\",\"islam\",\"K\u0131rm\u0131z\u0131\",\"k\u0131rm\u0131z\u0131 elbise giyinmek caiz mi\",\"k\u0131rm\u0131z\u0131 giyinmek\",\"K\u0131rm\u0131z\u0131 giymek\",\"Sar\u0131\",\"Sar\u0131 giyinmek\"],\"articleSection\":[\"Di\u011fer Meseleler\",\"G\u00fcndeme Dair\",\"Sual Cevap\"],\"inLanguage\":\"tr\",\"potentialAction\":[{\"@type\":\"CommentAction\",\"name\":\"Comment\",\"target\":[\"https:\/\/omerfarukkorkmaz.com.tr\/tr\/sari-veya-kirmizi-elbise-giymenin-hukmu\/#respond\"]}]},{\"@type\":\"WebPage\",\"@id\":\"https:\/\/omerfarukkorkmaz.com.tr\/tr\/sari-veya-kirmizi-elbise-giymenin-hukmu\/\",\"url\":\"https:\/\/omerfarukkorkmaz.com.tr\/tr\/sari-veya-kirmizi-elbise-giymenin-hukmu\/\",\"name\":\"Sar\u0131 Veya K\u0131rm\u0131z\u0131 Elbise Giymenin H\u00fckm\u00fc - \u00d6mer Faruk Korkmaz Hocaefendi\",\"isPartOf\":{\"@id\":\"https:\/\/omerfarukkorkmaz.com.tr\/tr\/#website\"},\"primaryImageOfPage\":{\"@id\":\"https:\/\/omerfarukkorkmaz.com.tr\/tr\/sari-veya-kirmizi-elbise-giymenin-hukmu\/#primaryimage\"},\"image\":{\"@id\":\"https:\/\/omerfarukkorkmaz.com.tr\/tr\/sari-veya-kirmizi-elbise-giymenin-hukmu\/#primaryimage\"},\"thumbnailUrl\":\"https:\/\/omerfarukkorkmaz.com.tr\/tr\/wp-content\/uploads\/2022\/01\/optimized-islamic-art-featured-e1642877752110.jpg\",\"datePublished\":\"2022-01-22T18:56:30+00:00\",\"dateModified\":\"2022-01-22T18:56:30+00:00\",\"breadcrumb\":{\"@id\":\"https:\/\/omerfarukkorkmaz.com.tr\/tr\/sari-veya-kirmizi-elbise-giymenin-hukmu\/#breadcrumb\"},\"inLanguage\":\"tr\",\"potentialAction\":[{\"@type\":\"ReadAction\",\"target\":[\"https:\/\/omerfarukkorkmaz.com.tr\/tr\/sari-veya-kirmizi-elbise-giymenin-hukmu\/\"]}]},{\"@type\":\"ImageObject\",\"inLanguage\":\"tr\",\"@id\":\"https:\/\/omerfarukkorkmaz.com.tr\/tr\/sari-veya-kirmizi-elbise-giymenin-hukmu\/#primaryimage\",\"url\":\"https:\/\/omerfarukkorkmaz.com.tr\/tr\/wp-content\/uploads\/2022\/01\/optimized-islamic-art-featured-e1642877752110.jpg\",\"contentUrl\":\"https:\/\/omerfarukkorkmaz.com.tr\/tr\/wp-content\/uploads\/2022\/01\/optimized-islamic-art-featured-e1642877752110.jpg\",\"width\":706,\"height\":344},{\"@type\":\"BreadcrumbList\",\"@id\":\"https:\/\/omerfarukkorkmaz.com.tr\/tr\/sari-veya-kirmizi-elbise-giymenin-hukmu\/#breadcrumb\",\"itemListElement\":[{\"@type\":\"ListItem\",\"position\":1,\"name\":\"Anasayfa\",\"item\":\"https:\/\/omerfarukkorkmaz.com.tr\/tr\/\"},{\"@type\":\"ListItem\",\"position\":2,\"name\":\"Sar\u0131 Veya K\u0131rm\u0131z\u0131 Elbise Giymenin H\u00fckm\u00fc\"}]},{\"@type\":\"WebSite\",\"@id\":\"https:\/\/omerfarukkorkmaz.com.tr\/tr\/#website\",\"url\":\"https:\/\/omerfarukkorkmaz.com.tr\/tr\/\",\"name\":\"\u00d6mer Faruk Korkmaz Hocaefendi\",\"description\":\"Resmi Web Sayfas\u0131\",\"publisher\":{\"@id\":\"https:\/\/omerfarukkorkmaz.com.tr\/tr\/#\/schema\/person\/7efd65277de8b9dc0520ec210e387854\"},\"potentialAction\":[{\"@type\":\"SearchAction\",\"target\":{\"@type\":\"EntryPoint\",\"urlTemplate\":\"https:\/\/omerfarukkorkmaz.com.tr\/tr\/?s={search_term_string}\"},\"query-input\":\"required name=search_term_string\"}],\"inLanguage\":\"tr\"},{\"@type\":[\"Person\",\"Organization\"],\"@id\":\"https:\/\/omerfarukkorkmaz.com.tr\/tr\/#\/schema\/person\/7efd65277de8b9dc0520ec210e387854\",\"name\":\"\u00d6mer Faruk Korkmaz\",\"image\":{\"@type\":\"ImageObject\",\"inLanguage\":\"tr\",\"@id\":\"https:\/\/omerfarukkorkmaz.com.tr\/tr\/#\/schema\/person\/image\/\",\"url\":\"https:\/\/omerfarukkorkmaz.com.tr\/tr\/wp-content\/uploads\/2020\/12\/cropped-nkl-2.png\",\"contentUrl\":\"https:\/\/omerfarukkorkmaz.com.tr\/tr\/wp-content\/uploads\/2020\/12\/cropped-nkl-2.png\",\"width\":512,\"height\":512,\"caption\":\"\u00d6mer Faruk Korkmaz\"},\"logo\":{\"@id\":\"https:\/\/omerfarukkorkmaz.com.tr\/tr\/#\/schema\/person\/image\/\"},\"url\":\"https:\/\/omerfarukkorkmaz.com.tr\/tr\/author\/ofkorkmaz\/\"}]}<\/script>\n<!-- \/ Yoast SEO plugin. -->","yoast_head_json":{"title":"Sar\u0131 Veya K\u0131rm\u0131z\u0131 Elbise Giymenin H\u00fckm\u00fc - \u00d6mer Faruk Korkmaz Hocaefendi","robots":{"index":"index","follow":"follow","max-snippet":"max-snippet:-1","max-image-preview":"max-image-preview:large","max-video-preview":"max-video-preview:-1"},"canonical":"https:\/\/omerfarukkorkmaz.com.tr\/tr\/sari-veya-kirmizi-elbise-giymenin-hukmu\/","og_locale":"tr_TR","og_type":"article","og_title":"Sar\u0131 Veya K\u0131rm\u0131z\u0131 Elbise Giymenin H\u00fckm\u00fc - \u00d6mer Faruk Korkmaz Hocaefendi","og_description":"Soru: Hocam k\u0131rm\u0131z\u0131 veya sar\u0131 renkli bir elbiseyi giymekte her hangi bir kerahet var m\u0131d\u0131r? Bu renklerdeki elbiselerin giyilmesinin caiz olmad\u0131\u011f\u0131n\u0131 s\u00f6yl\u00fcyorlar. Bu do\u011fru mudur? Cevap: \u0130sterseniz soruyu cevapland\u0131rmaya ilk \u00f6nce sar\u0131 elbiseden ba\u015flayal\u0131m. Konuyla ilgili aktar\u0131lan en me\u015fhur rivayet \u015fudur: Abdullah b. Amr b. As \u015f\u00f6yle demi\u015ftir: Resulullah (Sallallahu Aleyhi ve Sellem) \u00fczerimde aspurla [&hellip;]","og_url":"https:\/\/omerfarukkorkmaz.com.tr\/tr\/sari-veya-kirmizi-elbise-giymenin-hukmu\/","og_site_name":"\u00d6mer Faruk Korkmaz Hocaefendi","article_published_time":"2022-01-22T18:56:30+00:00","og_image":[{"width":706,"height":344,"url":"https:\/\/omerfarukkorkmaz.com.tr\/tr\/wp-content\/uploads\/2022\/01\/optimized-islamic-art-featured-e1642877752110.jpg","type":"image\/jpeg"}],"author":"\u00d6mer Faruk Korkmaz","twitter_card":"summary_large_image","twitter_misc":{"Yazan:":"\u00d6mer Faruk Korkmaz","Tahmini okuma s\u00fcresi":"4 dakika"},"schema":{"@context":"https:\/\/schema.org","@graph":[{"@type":"Article","@id":"https:\/\/omerfarukkorkmaz.com.tr\/tr\/sari-veya-kirmizi-elbise-giymenin-hukmu\/#article","isPartOf":{"@id":"https:\/\/omerfarukkorkmaz.com.tr\/tr\/sari-veya-kirmizi-elbise-giymenin-hukmu\/"},"author":{"name":"\u00d6mer Faruk Korkmaz","@id":"https:\/\/omerfarukkorkmaz.com.tr\/tr\/#\/schema\/person\/7efd65277de8b9dc0520ec210e387854"},"headline":"Sar\u0131 Veya K\u0131rm\u0131z\u0131 Elbise Giymenin H\u00fckm\u00fc","datePublished":"2022-01-22T18:56:30+00:00","dateModified":"2022-01-22T18:56:30+00:00","mainEntityOfPage":{"@id":"https:\/\/omerfarukkorkmaz.com.tr\/tr\/sari-veya-kirmizi-elbise-giymenin-hukmu\/"},"wordCount":741,"commentCount":0,"publisher":{"@id":"https:\/\/omerfarukkorkmaz.com.tr\/tr\/#\/schema\/person\/7efd65277de8b9dc0520ec210e387854"},"image":{"@id":"https:\/\/omerfarukkorkmaz.com.tr\/tr\/sari-veya-kirmizi-elbise-giymenin-hukmu\/#primaryimage"},"thumbnailUrl":"https:\/\/omerfarukkorkmaz.com.tr\/tr\/wp-content\/uploads\/2022\/01\/optimized-islamic-art-featured-e1642877752110.jpg","keywords":["caiz mi","Elbise","f\u0131k\u0131h","islam","K\u0131rm\u0131z\u0131","k\u0131rm\u0131z\u0131 elbise giyinmek caiz mi","k\u0131rm\u0131z\u0131 giyinmek","K\u0131rm\u0131z\u0131 giymek","Sar\u0131","Sar\u0131 giyinmek"],"articleSection":["Di\u011fer Meseleler","G\u00fcndeme Dair","Sual Cevap"],"inLanguage":"tr","potentialAction":[{"@type":"CommentAction","name":"Comment","target":["https:\/\/omerfarukkorkmaz.com.tr\/tr\/sari-veya-kirmizi-elbise-giymenin-hukmu\/#respond"]}]},{"@type":"WebPage","@id":"https:\/\/omerfarukkorkmaz.com.tr\/tr\/sari-veya-kirmizi-elbise-giymenin-hukmu\/","url":"https:\/\/omerfarukkorkmaz.com.tr\/tr\/sari-veya-kirmizi-elbise-giymenin-hukmu\/","name":"Sar\u0131 Veya K\u0131rm\u0131z\u0131 Elbise Giymenin H\u00fckm\u00fc - \u00d6mer Faruk Korkmaz Hocaefendi","isPartOf":{"@id":"https:\/\/omerfarukkorkmaz.com.tr\/tr\/#website"},"primaryImageOfPage":{"@id":"https:\/\/omerfarukkorkmaz.com.tr\/tr\/sari-veya-kirmizi-elbise-giymenin-hukmu\/#primaryimage"},"image":{"@id":"https:\/\/omerfarukkorkmaz.com.tr\/tr\/sari-veya-kirmizi-elbise-giymenin-hukmu\/#primaryimage"},"thumbnailUrl":"https:\/\/omerfarukkorkmaz.com.tr\/tr\/wp-content\/uploads\/2022\/01\/optimized-islamic-art-featured-e1642877752110.jpg","datePublished":"2022-01-22T18:56:30+00:00","dateModified":"2022-01-22T18:56:30+00:00","breadcrumb":{"@id":"https:\/\/omerfarukkorkmaz.com.tr\/tr\/sari-veya-kirmizi-elbise-giymenin-hukmu\/#breadcrumb"},"inLanguage":"tr","potentialAction":[{"@type":"ReadAction","target":["https:\/\/omerfarukkorkmaz.com.tr\/tr\/sari-veya-kirmizi-elbise-giymenin-hukmu\/"]}]},{"@type":"ImageObject","inLanguage":"tr","@id":"https:\/\/omerfarukkorkmaz.com.tr\/tr\/sari-veya-kirmizi-elbise-giymenin-hukmu\/#primaryimage","url":"https:\/\/omerfarukkorkmaz.com.tr\/tr\/wp-content\/uploads\/2022\/01\/optimized-islamic-art-featured-e1642877752110.jpg","contentUrl":"https:\/\/omerfarukkorkmaz.com.tr\/tr\/wp-content\/uploads\/2022\/01\/optimized-islamic-art-featured-e1642877752110.jpg","width":706,"height":344},{"@type":"BreadcrumbList","@id":"https:\/\/omerfarukkorkmaz.com.tr\/tr\/sari-veya-kirmizi-elbise-giymenin-hukmu\/#breadcrumb","itemListElement":[{"@type":"ListItem","position":1,"name":"Anasayfa","item":"https:\/\/omerfarukkorkmaz.com.tr\/tr\/"},{"@type":"ListItem","position":2,"name":"Sar\u0131 Veya K\u0131rm\u0131z\u0131 Elbise Giymenin H\u00fckm\u00fc"}]},{"@type":"WebSite","@id":"https:\/\/omerfarukkorkmaz.com.tr\/tr\/#website","url":"https:\/\/omerfarukkorkmaz.com.tr\/tr\/","name":"\u00d6mer Faruk Korkmaz Hocaefendi","description":"Resmi Web Sayfas\u0131","publisher":{"@id":"https:\/\/omerfarukkorkmaz.com.tr\/tr\/#\/schema\/person\/7efd65277de8b9dc0520ec210e387854"},"potentialAction":[{"@type":"SearchAction","target":{"@type":"EntryPoint","urlTemplate":"https:\/\/omerfarukkorkmaz.com.tr\/tr\/?s={search_term_string}"},"query-input":"required name=search_term_string"}],"inLanguage":"tr"},{"@type":["Person","Organization"],"@id":"https:\/\/omerfarukkorkmaz.com.tr\/tr\/#\/schema\/person\/7efd65277de8b9dc0520ec210e387854","name":"\u00d6mer Faruk Korkmaz","image":{"@type":"ImageObject","inLanguage":"tr","@id":"https:\/\/omerfarukkorkmaz.com.tr\/tr\/#\/schema\/person\/image\/","url":"https:\/\/omerfarukkorkmaz.com.tr\/tr\/wp-content\/uploads\/2020\/12\/cropped-nkl-2.png","contentUrl":"https:\/\/omerfarukkorkmaz.com.tr\/tr\/wp-content\/uploads\/2020\/12\/cropped-nkl-2.png","width":512,"height":512,"caption":"\u00d6mer Faruk Korkmaz"},"logo":{"@id":"https:\/\/omerfarukkorkmaz.com.tr\/tr\/#\/schema\/person\/image\/"},"url":"https:\/\/omerfarukkorkmaz.com.tr\/tr\/author\/ofkorkmaz\/"}]}},"_links":{"self":[{"href":"https:\/\/omerfarukkorkmaz.com.tr\/tr\/wp-json\/wp\/v2\/posts\/1090","targetHints":{"allow":["GET"]}}],"collection":[{"href":"https:\/\/omerfarukkorkmaz.com.tr\/tr\/wp-json\/wp\/v2\/posts"}],"about":[{"href":"https:\/\/omerfarukkorkmaz.com.tr\/tr\/wp-json\/wp\/v2\/types\/post"}],"author":[{"embeddable":true,"href":"https:\/\/omerfarukkorkmaz.com.tr\/tr\/wp-json\/wp\/v2\/users\/3"}],"replies":[{"embeddable":true,"href":"https:\/\/omerfarukkorkmaz.com.tr\/tr\/wp-json\/wp\/v2\/comments?post=1090"}],"version-history":[{"count":0,"href":"https:\/\/omerfarukkorkmaz.com.tr\/tr\/wp-json\/wp\/v2\/posts\/1090\/revisions"}],"wp:featuredmedia":[{"embeddable":true,"href":"https:\/\/omerfarukkorkmaz.com.tr\/tr\/wp-json\/wp\/v2\/media\/1091"}],"wp:attachment":[{"href":"https:\/\/omerfarukkorkmaz.com.tr\/tr\/wp-json\/wp\/v2\/media?parent=1090"}],"wp:term":[{"taxonomy":"category","embeddable":true,"href":"https:\/\/omerfarukkorkmaz.com.tr\/tr\/wp-json\/wp\/v2\/categories?post=1090"},{"taxonomy":"post_tag","embeddable":true,"href":"https:\/\/omerfarukkorkmaz.com.tr\/tr\/wp-json\/wp\/v2\/tags?post=1090"}],"curies":[{"name":"wp","href":"https:\/\/api.w.org\/{rel}","templated":true}]}}