{"id":1048,"date":"2021-11-14T11:07:51","date_gmt":"2021-11-14T11:07:51","guid":{"rendered":"http:\/\/www.omerfarukkorkmaz.com.tr\/?p=1048"},"modified":"2021-11-14T11:07:51","modified_gmt":"2021-11-14T11:07:51","slug":"el-kuraniyyun-ve-subuhatuhum-havles-sunne","status":"publish","type":"post","link":"https:\/\/omerfarukkorkmaz.com.tr\/tr\/el-kuraniyyun-ve-subuhatuhum-havles-sunne\/","title":{"rendered":"el-Kur&#8217;\u00e2niyy\u00fbn Ve \u015e\u00fcbuh\u00e2tuhum Havle&#8217;s-S\u00fcnne"},"content":{"rendered":"<p>G\u00fcn\u00fcm\u00fczdeki Kur\u2019anc\u0131 Mealci s\u00f6ylemi \u00e7\u00f6zebilmek ve bu s\u00f6ylemin \u015f\u00fcphelerini, men\u015feini \u00f6\u011frenerek de\u015fifre edebilmek a\u00e7\u0131s\u0131ndan hayli bir \u00f6nemi haizdir \u201cKur\u2019aniyy\u00fbn\u201d ekol\u00fc. Hind alt k\u0131tas\u0131nda tez\u00e2h\u00fcr eden bu ekol, Hindistan\u2019\u0131n \u0130ngilizler\u2019in eline ge\u00e7ti\u011fi 1857\u2019 lerin \u00f6ncesi ve sonras\u0131nda Oryantalistler\u2019in bu co\u011frafyadaki s\u00fcnneti ink\u00e2r merkezli art niyetli \u00e7al\u0131\u015fmalar\u0131n\u0131n bir \u00fcr\u00fcn\u00fcd\u00fcr. M\u00fcste\u015frik Dr. Alois Sprenger\u2019in\u00a0 \u0130slam\u00ee ilimler fak\u00fcltesinin ba\u015f\u0131na ge\u00e7irilmesiyle ba\u015flayan s\u00fcreci, Seyit Ahmet Han\u2019lar\u0131n \u201cKur\u2019aniyy\u00fbn\/Sadece Kur\u2019an\u201d s\u00f6ylemleriyle ba\u015f g\u00f6stermesi takip etmi\u015fti.<\/p>\n<p>Bat\u0131l g\u00f6r\u00fc\u015flerinin k\u0131skac\u0131 alt\u0131nda b\u0131rak\u0131lan \u00e2lem-i \u0130slam\u2019\u0131 yak\u0131ndan ilgilendiren Kur\u2019aniyy\u00fbn f\u0131rkas\u0131yla ilgili irili ufakl\u0131 makele ve risale \u00e7ap\u0131nda \u00e7al\u0131\u015fmalar mevcuttur elbette. Ancak \u0130hs\u00e2n \u0130l\u00e2h\u00ee Bah\u015f\u2019\u0131n bu eseri alan\u0131nda yap\u0131lm\u0131\u015f \u00e7al\u0131\u015fmalara tefevvuk edecek seviyede. Zira m\u00fcellif, ekol\u00fcn g\u00f6r\u00fc\u015flerini \u00f6\u011frenme ve onu daha yak\u0131ndan tan\u0131ma ad\u0131na \u00f6zel bir gayret sarf ederek hayat s\u00fcrd\u00fc\u011f\u00fc co\u011frafyaya gitmi\u015f ve oradaki ekole mensup insanlar\u0131 bi zatihi m\u00fc\u015fahede ederek g\u00f6rd\u00fcklerini kaleme d\u00f6km\u00fc\u015ft\u00fcr. Bu a\u00e7\u0131dan bak\u0131ld\u0131\u011f\u0131nda bu eser, Kur\u2019aniyy\u00fbn f\u0131rkas\u0131yla ilgili m\u00fchim bir kaynakl\u0131k vazifesi de g\u00f6recek \u00e7apta.<\/p>\n<p>M\u00fcellif eserine, Kur\u2019aniyy\u00fbn f\u0131rkas\u0131n\u0131n do\u011fu\u015f a\u015famalar\u0131n\u0131 anlatmakla ba\u015flam\u0131\u015f. Eserin ba\u015f taraflar\u0131nda Ahmeduddin Amritsarri, Haf\u0131z Eslem \u00c7era\u00e7p\u00fbr\u00ee, Gulam Ahmed Perviz gibi bu ekol\u00fcn \u00f6nde gelen isimlerinin k\u0131sa bir teracimine yer vermi\u015f. Ard\u0131ndan Muas\u0131r \u201cKur\u2019aniyy\u00fbn\u201df\u0131rkalar\u0131n\u0131n anlat\u0131ld\u0131\u011f\u0131 eserde, f\u0131rkan\u0131n s\u00fcnnete bak\u0131\u015f a\u00e7\u0131s\u0131na bir girizgah olmas\u0131 kabilinden \u015eia, Mu\u2019tezile ve Hariciyye gibi ehl-i dal\u00e2let f\u0131rkalar\u0131n s\u00fcnnete bak\u0131\u015f a\u00e7\u0131s\u0131na da k\u0131saca de\u011finilmi\u015f.<\/p>\n<p>Bunun d\u0131\u015f\u0131nda eser, genel olarak d\u00f6rt fas\u0131l ve bir h\u00e2timeden olu\u015fuyor. Birinci fas\u0131l \u00a0Kur\u2019aniyy\u00fbn\u2019un topyek\u00fbn s\u00fcnnet ink\u00e2rc\u0131l\u0131\u011f\u0131 ba\u011flam\u0131nda ortaya att\u0131\u011f\u0131 desiselerin serd edilmesi ve m\u00fccmelen cevaplanmas\u0131n\u0131 ihtiva ediyor. M\u00fcellif yer yer, m\u00fc\u015fahhas mevzulardaki \u015f\u00fcpheci ve ink\u00e2rc\u0131 tavr\u0131n arka planlar\u0131na da de\u011finmeyi ihmal etmiyor. \u0130kinci fas\u0131lda, Kur\u2019aniyy\u00fbn\u2019un tefsir deki menheci analiz ediliyor. Bu ba\u011flamda, ekol\u00fcn tahsis, nesh ve m\u00fccmelu\u2019l-Kur\u2019an gibi konulara yakla\u015f\u0131m\u0131 serd edilip k\u0131saca tenkit ediliyor.<\/p>\n<p>\u00dc\u00e7\u00fcnc\u00fc Fas\u0131l, Kur\u2019\u00e2niyy\u00fbn\u2019un i\u2019tik\u00e2di g\u00f6r\u00fc\u015flerinin zikredilmesi ve tenkit edilmesine tahsis edilmi\u015f. \u0130l\u00e2hiyy\u00e2t, N\u00fcb\u00fcvvet ve sem\u2019iyy\u00e2t\u2019a dair g\u00f6r\u00fc\u015flerinin ele al\u0131nd\u0131\u011f\u0131 fas\u0131lda ekol\u00fcn mezkur baplardaki g\u00f6r\u00fc\u015fleri hakk\u0131nda bir kanaat sahibi olunmas\u0131 m\u00fcmk\u00fcn. D\u00f6rd\u00fcnc\u00fc ve son fas\u0131l Kur\u2019aniyy\u00fbn ekol\u00fcn\u00fcn namaz, zekat, oru\u00e7, miras gibi te\u015fr\u00ee\u2019i noktalardaki Kur\u2019andan \u00e7\u0131kard\u0131klar\u0131 h\u00fck\u00fcmlerin m\u00fcnaka\u015fa ve tenkit edilmesini konu edinmi\u015f.<\/p>\n<p>Eser, genel olarak de\u011ferlendirildi\u011finde, Kur\u2019aniyy\u00fbn f\u0131rkas\u0131yla ilgili yap\u0131lm\u0131\u015f en \u00e7apl\u0131 ara\u015ft\u0131rma olmas\u0131 \u00f6zelli\u011finden hareketle m\u00fchim bir k\u0131ymeti haiz elbette. Ancak yazar\u0131n\u0131n vahh\u00e2b\u00ee olmas\u0131 ve b\u00f6yle bir eserde dahi vahh\u00e2bi savunuculu\u011fu yapmas\u0131 \u00e7al\u0131\u015fman\u0131n kadrini tenk\u0131s edecek m\u00fchim bir nokta. O a\u00e7\u0131dan, okuyup istifade etmek isteyenlerin yazar\u0131n bu y\u00f6n\u00fcnden haberdar bir bi\u00e7imde eserden faydalanmalar\u0131 gerekiyor.<\/p>\n","protected":false},"excerpt":{"rendered":"<p>G\u00fcn\u00fcm\u00fczdeki Kur\u2019anc\u0131 Mealci s\u00f6ylemi \u00e7\u00f6zebilmek ve bu s\u00f6ylemin \u015f\u00fcphelerini, men\u015feini \u00f6\u011frenerek de\u015fifre edebilmek a\u00e7\u0131s\u0131ndan hayli bir \u00f6nemi haizdir \u201cKur\u2019aniyy\u00fbn\u201d ekol\u00fc. Hind alt k\u0131tas\u0131nda tez\u00e2h\u00fcr eden bu ekol, Hindistan\u2019\u0131n \u0130ngilizler\u2019in eline ge\u00e7ti\u011fi 1857\u2019 lerin \u00f6ncesi ve sonras\u0131nda Oryantalistler\u2019in bu co\u011frafyadaki s\u00fcnneti ink\u00e2r merkezli art niyetli \u00e7al\u0131\u015fmalar\u0131n\u0131n bir \u00fcr\u00fcn\u00fcd\u00fcr. M\u00fcste\u015frik Dr. Alois Sprenger\u2019in\u00a0 \u0130slam\u00ee ilimler fak\u00fcltesinin ba\u015f\u0131na [&hellip;]<\/p>\n","protected":false},"author":3,"featured_media":1049,"comment_status":"open","ping_status":"open","sticky":false,"template":"","format":"standard","meta":{"content-type":"","_monsterinsights_skip_tracking":false,"_monsterinsights_sitenote_active":false,"_monsterinsights_sitenote_note":"","_monsterinsights_sitenote_category":0,"footnotes":""},"categories":[16,2],"tags":[80,234,302,387,404,407,437,442],"class_list":{"0":"post-1048","1":"post","2":"type-post","3":"status-publish","4":"format-standard","5":"has-post-thumbnail","7":"category-diger-meseleler","8":"category-gundeme-dair","9":"tag-bahs","10":"tag-hadim-huseyh","11":"tag-ilahi","12":"tag-kitap","13":"tag-kuraniyyun","14":"tag-kuranci-mealci","15":"tag-mealcilik","16":"tag-mehmet-okuyan"},"yoast_head":"<!-- This site is optimized with the Yoast SEO plugin v23.2 - https:\/\/yoast.com\/wordpress\/plugins\/seo\/ -->\n<title>el-Kur&#039;\u00e2niyy\u00fbn Ve \u015e\u00fcbuh\u00e2tuhum Havle&#039;s-S\u00fcnne - \u00d6mer Faruk Korkmaz Hocaefendi<\/title>\n<meta name=\"robots\" content=\"index, follow, max-snippet:-1, max-image-preview:large, max-video-preview:-1\" \/>\n<link rel=\"canonical\" href=\"https:\/\/omerfarukkorkmaz.com.tr\/tr\/el-kuraniyyun-ve-subuhatuhum-havles-sunne\/\" \/>\n<meta property=\"og:locale\" content=\"tr_TR\" \/>\n<meta property=\"og:type\" content=\"article\" \/>\n<meta property=\"og:title\" content=\"el-Kur&#039;\u00e2niyy\u00fbn Ve \u015e\u00fcbuh\u00e2tuhum Havle&#039;s-S\u00fcnne - \u00d6mer Faruk Korkmaz Hocaefendi\" \/>\n<meta property=\"og:description\" content=\"G\u00fcn\u00fcm\u00fczdeki Kur\u2019anc\u0131 Mealci s\u00f6ylemi \u00e7\u00f6zebilmek ve bu s\u00f6ylemin \u015f\u00fcphelerini, men\u015feini \u00f6\u011frenerek de\u015fifre edebilmek a\u00e7\u0131s\u0131ndan hayli bir \u00f6nemi haizdir \u201cKur\u2019aniyy\u00fbn\u201d ekol\u00fc. Hind alt k\u0131tas\u0131nda tez\u00e2h\u00fcr eden bu ekol, Hindistan\u2019\u0131n \u0130ngilizler\u2019in eline ge\u00e7ti\u011fi 1857\u2019 lerin \u00f6ncesi ve sonras\u0131nda Oryantalistler\u2019in bu co\u011frafyadaki s\u00fcnneti ink\u00e2r merkezli art niyetli \u00e7al\u0131\u015fmalar\u0131n\u0131n bir \u00fcr\u00fcn\u00fcd\u00fcr. M\u00fcste\u015frik Dr. Alois Sprenger\u2019in\u00a0 \u0130slam\u00ee ilimler fak\u00fcltesinin ba\u015f\u0131na [&hellip;]\" \/>\n<meta property=\"og:url\" content=\"https:\/\/omerfarukkorkmaz.com.tr\/tr\/el-kuraniyyun-ve-subuhatuhum-havles-sunne\/\" \/>\n<meta property=\"og:site_name\" content=\"\u00d6mer Faruk Korkmaz Hocaefendi\" \/>\n<meta property=\"article:published_time\" content=\"2021-11-14T11:07:51+00:00\" \/>\n<meta property=\"og:image\" content=\"https:\/\/omerfarukkorkmaz.com.tr\/tr\/wp-content\/uploads\/2021\/11\/9999608811013-e1636888062850.jpg\" \/>\n\t<meta property=\"og:image:width\" content=\"535\" \/>\n\t<meta property=\"og:image:height\" content=\"353\" \/>\n\t<meta property=\"og:image:type\" content=\"image\/jpeg\" \/>\n<meta name=\"author\" content=\"\u00d6mer Faruk Korkmaz\" \/>\n<meta name=\"twitter:card\" content=\"summary_large_image\" \/>\n<meta name=\"twitter:label1\" content=\"Yazan:\" \/>\n\t<meta name=\"twitter:data1\" content=\"\u00d6mer Faruk Korkmaz\" \/>\n\t<meta name=\"twitter:label2\" content=\"Tahmini okuma s\u00fcresi\" \/>\n\t<meta name=\"twitter:data2\" content=\"3 dakika\" \/>\n<script type=\"application\/ld+json\" class=\"yoast-schema-graph\">{\"@context\":\"https:\/\/schema.org\",\"@graph\":[{\"@type\":\"Article\",\"@id\":\"https:\/\/omerfarukkorkmaz.com.tr\/tr\/el-kuraniyyun-ve-subuhatuhum-havles-sunne\/#article\",\"isPartOf\":{\"@id\":\"https:\/\/omerfarukkorkmaz.com.tr\/tr\/el-kuraniyyun-ve-subuhatuhum-havles-sunne\/\"},\"author\":{\"name\":\"\u00d6mer Faruk Korkmaz\",\"@id\":\"https:\/\/omerfarukkorkmaz.com.tr\/tr\/#\/schema\/person\/7efd65277de8b9dc0520ec210e387854\"},\"headline\":\"el-Kur&#8217;\u00e2niyy\u00fbn Ve \u015e\u00fcbuh\u00e2tuhum Havle&#8217;s-S\u00fcnne\",\"datePublished\":\"2021-11-14T11:07:51+00:00\",\"dateModified\":\"2021-11-14T11:07:51+00:00\",\"mainEntityOfPage\":{\"@id\":\"https:\/\/omerfarukkorkmaz.com.tr\/tr\/el-kuraniyyun-ve-subuhatuhum-havles-sunne\/\"},\"wordCount\":617,\"commentCount\":0,\"publisher\":{\"@id\":\"https:\/\/omerfarukkorkmaz.com.tr\/tr\/#\/schema\/person\/7efd65277de8b9dc0520ec210e387854\"},\"image\":{\"@id\":\"https:\/\/omerfarukkorkmaz.com.tr\/tr\/el-kuraniyyun-ve-subuhatuhum-havles-sunne\/#primaryimage\"},\"thumbnailUrl\":\"https:\/\/omerfarukkorkmaz.com.tr\/tr\/wp-content\/uploads\/2021\/11\/9999608811013-e1636888062850.jpg\",\"keywords\":[\"Bah\u015f\",\"Hadim H\u00fcseyh\",\"\u0130lahi\",\"Kitap\",\"Kur'\u00e2niyy\u00fbn\",\"Kuranc\u0131 mealci\",\"Mealcilik\",\"Mehmet Okuyan\"],\"articleSection\":[\"Di\u011fer Meseleler\",\"G\u00fcndeme Dair\"],\"inLanguage\":\"tr\",\"potentialAction\":[{\"@type\":\"CommentAction\",\"name\":\"Comment\",\"target\":[\"https:\/\/omerfarukkorkmaz.com.tr\/tr\/el-kuraniyyun-ve-subuhatuhum-havles-sunne\/#respond\"]}]},{\"@type\":\"WebPage\",\"@id\":\"https:\/\/omerfarukkorkmaz.com.tr\/tr\/el-kuraniyyun-ve-subuhatuhum-havles-sunne\/\",\"url\":\"https:\/\/omerfarukkorkmaz.com.tr\/tr\/el-kuraniyyun-ve-subuhatuhum-havles-sunne\/\",\"name\":\"el-Kur'\u00e2niyy\u00fbn Ve \u015e\u00fcbuh\u00e2tuhum Havle's-S\u00fcnne - \u00d6mer Faruk Korkmaz Hocaefendi\",\"isPartOf\":{\"@id\":\"https:\/\/omerfarukkorkmaz.com.tr\/tr\/#website\"},\"primaryImageOfPage\":{\"@id\":\"https:\/\/omerfarukkorkmaz.com.tr\/tr\/el-kuraniyyun-ve-subuhatuhum-havles-sunne\/#primaryimage\"},\"image\":{\"@id\":\"https:\/\/omerfarukkorkmaz.com.tr\/tr\/el-kuraniyyun-ve-subuhatuhum-havles-sunne\/#primaryimage\"},\"thumbnailUrl\":\"https:\/\/omerfarukkorkmaz.com.tr\/tr\/wp-content\/uploads\/2021\/11\/9999608811013-e1636888062850.jpg\",\"datePublished\":\"2021-11-14T11:07:51+00:00\",\"dateModified\":\"2021-11-14T11:07:51+00:00\",\"breadcrumb\":{\"@id\":\"https:\/\/omerfarukkorkmaz.com.tr\/tr\/el-kuraniyyun-ve-subuhatuhum-havles-sunne\/#breadcrumb\"},\"inLanguage\":\"tr\",\"potentialAction\":[{\"@type\":\"ReadAction\",\"target\":[\"https:\/\/omerfarukkorkmaz.com.tr\/tr\/el-kuraniyyun-ve-subuhatuhum-havles-sunne\/\"]}]},{\"@type\":\"ImageObject\",\"inLanguage\":\"tr\",\"@id\":\"https:\/\/omerfarukkorkmaz.com.tr\/tr\/el-kuraniyyun-ve-subuhatuhum-havles-sunne\/#primaryimage\",\"url\":\"https:\/\/omerfarukkorkmaz.com.tr\/tr\/wp-content\/uploads\/2021\/11\/9999608811013-e1636888062850.jpg\",\"contentUrl\":\"https:\/\/omerfarukkorkmaz.com.tr\/tr\/wp-content\/uploads\/2021\/11\/9999608811013-e1636888062850.jpg\",\"width\":535,\"height\":353},{\"@type\":\"BreadcrumbList\",\"@id\":\"https:\/\/omerfarukkorkmaz.com.tr\/tr\/el-kuraniyyun-ve-subuhatuhum-havles-sunne\/#breadcrumb\",\"itemListElement\":[{\"@type\":\"ListItem\",\"position\":1,\"name\":\"Anasayfa\",\"item\":\"https:\/\/omerfarukkorkmaz.com.tr\/tr\/\"},{\"@type\":\"ListItem\",\"position\":2,\"name\":\"el-Kur&#8217;\u00e2niyy\u00fbn Ve \u015e\u00fcbuh\u00e2tuhum Havle&#8217;s-S\u00fcnne\"}]},{\"@type\":\"WebSite\",\"@id\":\"https:\/\/omerfarukkorkmaz.com.tr\/tr\/#website\",\"url\":\"https:\/\/omerfarukkorkmaz.com.tr\/tr\/\",\"name\":\"\u00d6mer Faruk Korkmaz Hocaefendi\",\"description\":\"Resmi Web Sayfas\u0131\",\"publisher\":{\"@id\":\"https:\/\/omerfarukkorkmaz.com.tr\/tr\/#\/schema\/person\/7efd65277de8b9dc0520ec210e387854\"},\"potentialAction\":[{\"@type\":\"SearchAction\",\"target\":{\"@type\":\"EntryPoint\",\"urlTemplate\":\"https:\/\/omerfarukkorkmaz.com.tr\/tr\/?s={search_term_string}\"},\"query-input\":\"required name=search_term_string\"}],\"inLanguage\":\"tr\"},{\"@type\":[\"Person\",\"Organization\"],\"@id\":\"https:\/\/omerfarukkorkmaz.com.tr\/tr\/#\/schema\/person\/7efd65277de8b9dc0520ec210e387854\",\"name\":\"\u00d6mer Faruk Korkmaz\",\"image\":{\"@type\":\"ImageObject\",\"inLanguage\":\"tr\",\"@id\":\"https:\/\/omerfarukkorkmaz.com.tr\/tr\/#\/schema\/person\/image\/\",\"url\":\"https:\/\/omerfarukkorkmaz.com.tr\/tr\/wp-content\/uploads\/2020\/12\/cropped-nkl-2.png\",\"contentUrl\":\"https:\/\/omerfarukkorkmaz.com.tr\/tr\/wp-content\/uploads\/2020\/12\/cropped-nkl-2.png\",\"width\":512,\"height\":512,\"caption\":\"\u00d6mer Faruk Korkmaz\"},\"logo\":{\"@id\":\"https:\/\/omerfarukkorkmaz.com.tr\/tr\/#\/schema\/person\/image\/\"},\"url\":\"https:\/\/omerfarukkorkmaz.com.tr\/tr\/author\/ofkorkmaz\/\"}]}<\/script>\n<!-- \/ Yoast SEO plugin. -->","yoast_head_json":{"title":"el-Kur'\u00e2niyy\u00fbn Ve \u015e\u00fcbuh\u00e2tuhum Havle's-S\u00fcnne - \u00d6mer Faruk Korkmaz Hocaefendi","robots":{"index":"index","follow":"follow","max-snippet":"max-snippet:-1","max-image-preview":"max-image-preview:large","max-video-preview":"max-video-preview:-1"},"canonical":"https:\/\/omerfarukkorkmaz.com.tr\/tr\/el-kuraniyyun-ve-subuhatuhum-havles-sunne\/","og_locale":"tr_TR","og_type":"article","og_title":"el-Kur'\u00e2niyy\u00fbn Ve \u015e\u00fcbuh\u00e2tuhum Havle's-S\u00fcnne - \u00d6mer Faruk Korkmaz Hocaefendi","og_description":"G\u00fcn\u00fcm\u00fczdeki Kur\u2019anc\u0131 Mealci s\u00f6ylemi \u00e7\u00f6zebilmek ve bu s\u00f6ylemin \u015f\u00fcphelerini, men\u015feini \u00f6\u011frenerek de\u015fifre edebilmek a\u00e7\u0131s\u0131ndan hayli bir \u00f6nemi haizdir \u201cKur\u2019aniyy\u00fbn\u201d ekol\u00fc. Hind alt k\u0131tas\u0131nda tez\u00e2h\u00fcr eden bu ekol, Hindistan\u2019\u0131n \u0130ngilizler\u2019in eline ge\u00e7ti\u011fi 1857\u2019 lerin \u00f6ncesi ve sonras\u0131nda Oryantalistler\u2019in bu co\u011frafyadaki s\u00fcnneti ink\u00e2r merkezli art niyetli \u00e7al\u0131\u015fmalar\u0131n\u0131n bir \u00fcr\u00fcn\u00fcd\u00fcr. M\u00fcste\u015frik Dr. Alois Sprenger\u2019in\u00a0 \u0130slam\u00ee ilimler fak\u00fcltesinin ba\u015f\u0131na [&hellip;]","og_url":"https:\/\/omerfarukkorkmaz.com.tr\/tr\/el-kuraniyyun-ve-subuhatuhum-havles-sunne\/","og_site_name":"\u00d6mer Faruk Korkmaz Hocaefendi","article_published_time":"2021-11-14T11:07:51+00:00","og_image":[{"width":535,"height":353,"url":"https:\/\/omerfarukkorkmaz.com.tr\/tr\/wp-content\/uploads\/2021\/11\/9999608811013-e1636888062850.jpg","type":"image\/jpeg"}],"author":"\u00d6mer Faruk Korkmaz","twitter_card":"summary_large_image","twitter_misc":{"Yazan:":"\u00d6mer Faruk Korkmaz","Tahmini okuma s\u00fcresi":"3 dakika"},"schema":{"@context":"https:\/\/schema.org","@graph":[{"@type":"Article","@id":"https:\/\/omerfarukkorkmaz.com.tr\/tr\/el-kuraniyyun-ve-subuhatuhum-havles-sunne\/#article","isPartOf":{"@id":"https:\/\/omerfarukkorkmaz.com.tr\/tr\/el-kuraniyyun-ve-subuhatuhum-havles-sunne\/"},"author":{"name":"\u00d6mer Faruk Korkmaz","@id":"https:\/\/omerfarukkorkmaz.com.tr\/tr\/#\/schema\/person\/7efd65277de8b9dc0520ec210e387854"},"headline":"el-Kur&#8217;\u00e2niyy\u00fbn Ve \u015e\u00fcbuh\u00e2tuhum Havle&#8217;s-S\u00fcnne","datePublished":"2021-11-14T11:07:51+00:00","dateModified":"2021-11-14T11:07:51+00:00","mainEntityOfPage":{"@id":"https:\/\/omerfarukkorkmaz.com.tr\/tr\/el-kuraniyyun-ve-subuhatuhum-havles-sunne\/"},"wordCount":617,"commentCount":0,"publisher":{"@id":"https:\/\/omerfarukkorkmaz.com.tr\/tr\/#\/schema\/person\/7efd65277de8b9dc0520ec210e387854"},"image":{"@id":"https:\/\/omerfarukkorkmaz.com.tr\/tr\/el-kuraniyyun-ve-subuhatuhum-havles-sunne\/#primaryimage"},"thumbnailUrl":"https:\/\/omerfarukkorkmaz.com.tr\/tr\/wp-content\/uploads\/2021\/11\/9999608811013-e1636888062850.jpg","keywords":["Bah\u015f","Hadim H\u00fcseyh","\u0130lahi","Kitap","Kur'\u00e2niyy\u00fbn","Kuranc\u0131 mealci","Mealcilik","Mehmet Okuyan"],"articleSection":["Di\u011fer Meseleler","G\u00fcndeme Dair"],"inLanguage":"tr","potentialAction":[{"@type":"CommentAction","name":"Comment","target":["https:\/\/omerfarukkorkmaz.com.tr\/tr\/el-kuraniyyun-ve-subuhatuhum-havles-sunne\/#respond"]}]},{"@type":"WebPage","@id":"https:\/\/omerfarukkorkmaz.com.tr\/tr\/el-kuraniyyun-ve-subuhatuhum-havles-sunne\/","url":"https:\/\/omerfarukkorkmaz.com.tr\/tr\/el-kuraniyyun-ve-subuhatuhum-havles-sunne\/","name":"el-Kur'\u00e2niyy\u00fbn Ve \u015e\u00fcbuh\u00e2tuhum Havle's-S\u00fcnne - \u00d6mer Faruk Korkmaz Hocaefendi","isPartOf":{"@id":"https:\/\/omerfarukkorkmaz.com.tr\/tr\/#website"},"primaryImageOfPage":{"@id":"https:\/\/omerfarukkorkmaz.com.tr\/tr\/el-kuraniyyun-ve-subuhatuhum-havles-sunne\/#primaryimage"},"image":{"@id":"https:\/\/omerfarukkorkmaz.com.tr\/tr\/el-kuraniyyun-ve-subuhatuhum-havles-sunne\/#primaryimage"},"thumbnailUrl":"https:\/\/omerfarukkorkmaz.com.tr\/tr\/wp-content\/uploads\/2021\/11\/9999608811013-e1636888062850.jpg","datePublished":"2021-11-14T11:07:51+00:00","dateModified":"2021-11-14T11:07:51+00:00","breadcrumb":{"@id":"https:\/\/omerfarukkorkmaz.com.tr\/tr\/el-kuraniyyun-ve-subuhatuhum-havles-sunne\/#breadcrumb"},"inLanguage":"tr","potentialAction":[{"@type":"ReadAction","target":["https:\/\/omerfarukkorkmaz.com.tr\/tr\/el-kuraniyyun-ve-subuhatuhum-havles-sunne\/"]}]},{"@type":"ImageObject","inLanguage":"tr","@id":"https:\/\/omerfarukkorkmaz.com.tr\/tr\/el-kuraniyyun-ve-subuhatuhum-havles-sunne\/#primaryimage","url":"https:\/\/omerfarukkorkmaz.com.tr\/tr\/wp-content\/uploads\/2021\/11\/9999608811013-e1636888062850.jpg","contentUrl":"https:\/\/omerfarukkorkmaz.com.tr\/tr\/wp-content\/uploads\/2021\/11\/9999608811013-e1636888062850.jpg","width":535,"height":353},{"@type":"BreadcrumbList","@id":"https:\/\/omerfarukkorkmaz.com.tr\/tr\/el-kuraniyyun-ve-subuhatuhum-havles-sunne\/#breadcrumb","itemListElement":[{"@type":"ListItem","position":1,"name":"Anasayfa","item":"https:\/\/omerfarukkorkmaz.com.tr\/tr\/"},{"@type":"ListItem","position":2,"name":"el-Kur&#8217;\u00e2niyy\u00fbn Ve \u015e\u00fcbuh\u00e2tuhum Havle&#8217;s-S\u00fcnne"}]},{"@type":"WebSite","@id":"https:\/\/omerfarukkorkmaz.com.tr\/tr\/#website","url":"https:\/\/omerfarukkorkmaz.com.tr\/tr\/","name":"\u00d6mer Faruk Korkmaz Hocaefendi","description":"Resmi Web Sayfas\u0131","publisher":{"@id":"https:\/\/omerfarukkorkmaz.com.tr\/tr\/#\/schema\/person\/7efd65277de8b9dc0520ec210e387854"},"potentialAction":[{"@type":"SearchAction","target":{"@type":"EntryPoint","urlTemplate":"https:\/\/omerfarukkorkmaz.com.tr\/tr\/?s={search_term_string}"},"query-input":"required name=search_term_string"}],"inLanguage":"tr"},{"@type":["Person","Organization"],"@id":"https:\/\/omerfarukkorkmaz.com.tr\/tr\/#\/schema\/person\/7efd65277de8b9dc0520ec210e387854","name":"\u00d6mer Faruk Korkmaz","image":{"@type":"ImageObject","inLanguage":"tr","@id":"https:\/\/omerfarukkorkmaz.com.tr\/tr\/#\/schema\/person\/image\/","url":"https:\/\/omerfarukkorkmaz.com.tr\/tr\/wp-content\/uploads\/2020\/12\/cropped-nkl-2.png","contentUrl":"https:\/\/omerfarukkorkmaz.com.tr\/tr\/wp-content\/uploads\/2020\/12\/cropped-nkl-2.png","width":512,"height":512,"caption":"\u00d6mer Faruk Korkmaz"},"logo":{"@id":"https:\/\/omerfarukkorkmaz.com.tr\/tr\/#\/schema\/person\/image\/"},"url":"https:\/\/omerfarukkorkmaz.com.tr\/tr\/author\/ofkorkmaz\/"}]}},"_links":{"self":[{"href":"https:\/\/omerfarukkorkmaz.com.tr\/tr\/wp-json\/wp\/v2\/posts\/1048","targetHints":{"allow":["GET"]}}],"collection":[{"href":"https:\/\/omerfarukkorkmaz.com.tr\/tr\/wp-json\/wp\/v2\/posts"}],"about":[{"href":"https:\/\/omerfarukkorkmaz.com.tr\/tr\/wp-json\/wp\/v2\/types\/post"}],"author":[{"embeddable":true,"href":"https:\/\/omerfarukkorkmaz.com.tr\/tr\/wp-json\/wp\/v2\/users\/3"}],"replies":[{"embeddable":true,"href":"https:\/\/omerfarukkorkmaz.com.tr\/tr\/wp-json\/wp\/v2\/comments?post=1048"}],"version-history":[{"count":0,"href":"https:\/\/omerfarukkorkmaz.com.tr\/tr\/wp-json\/wp\/v2\/posts\/1048\/revisions"}],"wp:featuredmedia":[{"embeddable":true,"href":"https:\/\/omerfarukkorkmaz.com.tr\/tr\/wp-json\/wp\/v2\/media\/1049"}],"wp:attachment":[{"href":"https:\/\/omerfarukkorkmaz.com.tr\/tr\/wp-json\/wp\/v2\/media?parent=1048"}],"wp:term":[{"taxonomy":"category","embeddable":true,"href":"https:\/\/omerfarukkorkmaz.com.tr\/tr\/wp-json\/wp\/v2\/categories?post=1048"},{"taxonomy":"post_tag","embeddable":true,"href":"https:\/\/omerfarukkorkmaz.com.tr\/tr\/wp-json\/wp\/v2\/tags?post=1048"}],"curies":[{"name":"wp","href":"https:\/\/api.w.org\/{rel}","templated":true}]}}