{"id":1016,"date":"2021-09-21T11:16:38","date_gmt":"2021-09-21T11:16:38","guid":{"rendered":"http:\/\/www.omerfarukkorkmaz.com.tr\/?p=1016"},"modified":"2021-09-21T11:16:38","modified_gmt":"2021-09-21T11:16:38","slug":"kiyamda-elleri-yana-salmanin-hukmu","status":"publish","type":"post","link":"https:\/\/omerfarukkorkmaz.com.tr\/tr\/kiyamda-elleri-yana-salmanin-hukmu\/","title":{"rendered":"K\u0131yamda Elleri Yana Salman\u0131n H\u00fckm\u00fc"},"content":{"rendered":"<blockquote><p><strong>Soru: <\/strong>Umreye gidiyoruz. Ve orada birtak\u0131m insanlar\u0131n namaz k\u0131larken k\u0131yamda ellerini ba\u011flamad\u0131klar\u0131n\u0131, sal\u0131k bir vaziyette b\u0131rakt\u0131klar\u0131n\u0131 g\u00f6r\u00fcyoruz. Ben \u015fahsen bu durumu merak ettim ve soru\u015fturdum. Fakat \u00e7ok farkl\u0131 \u015feyler s\u00f6yleyenler oldu. Kimileri bu hareketin bir \u015eii uydurmas\u0131 oldu\u011funu ve bunu yapanlar\u0131n \u015eia mezhebine mensup kimseler olduklar\u0131n\u0131 s\u00f6ylediler. Kimileri de bu fiilin Maliki mezhebinde oldu\u011funu ve onlara g\u00f6re namazda k\u0131yamda ellerin vaziyetinin b\u00f6yle olmas\u0131 gerekti\u011fini s\u00f6ylediler. Yani hocam net bir cevap alamad\u0131m. Bilgilendirirseniz sevinece\u011fim.<\/p><\/blockquote>\n<p><strong>Cevap:\u00a0 <\/strong>Namazda k\u0131yam halindeyken ellerin yana sal\u0131nmas\u0131 hususu M\u00e2lik\u00ee mezhebinde vard\u0131r. <em>\u201cM\u00fcdevvene\u201d<\/em>\u2019 de zikredildi\u011fine g\u00f6re ki\u015finin namazda sa\u011f elini sol elinin \u00fczerine koymas\u0131 sadece nafile namazda yap\u0131lmal\u0131d\u0131r. Farz namazda b\u00f6yle bir \u015fey bilinmemektedir.<a href=\"#_ftn1\" name=\"_ftnref1\">[1]<\/a> Bu hususta v\u00e2rid\u00a0 oldu\u011fu s\u00f6ylenen sadece Cabir b. Semure rivayeti vard\u0131r. Ve namazda ellerin yana sal\u0131nmas\u0131 gerekti\u011fini savunanlar da bu rivayetle istidlal etmektedirler.<a href=\"#_ftn2\" name=\"_ftnref2\">[2]<\/a> Ayn\u0131 zamanda \u0130bnu\u2019l- M\u00fcnzir bu g\u00f6r\u00fc\u015f\u00fcn yani k\u0131yamda ellerin yana sal\u0131verilmesi g\u00f6r\u00fc\u015f\u00fcn\u00fcn \u0130bn Z\u00fcbeyr, Hasen-i Basr\u00ee ve \u0130brahim en- Neha\u00ee gibi m\u00fc\u00e7tehitlerin g\u00f6r\u00fc\u015f\u00fc oldu\u011funu da zikretmektedir.<a href=\"#_ftn3\" name=\"_ftnref3\">[3]<\/a>\u00a0 Malik\u00eeler\u2019 e g\u00f6re namazda elleri ba\u011flamak ittik\u00e2\/ yaslanma anlam\u0131 ta\u015f\u0131maktad\u0131r. Nafile namazlarda da her hangi bir zaruret olmasa bile yaslanmakta bir beis olmad\u0131\u011f\u0131ndan nafilelerde elleri ba\u011flamakta bir beis yoktur. Farz namazlarda ise itimad\/ bir yere yaslanma mekruh oldu\u011fundan dolay\u0131 eller ba\u011flanmamal\u0131d\u0131r. T\u00fcm bunlarla beraber \u015fayet ki\u015fi destek alma gayesiyle de\u011fil de s\u0131rf s\u00fcnnete uyma maksad\u0131yla ellerini ba\u011flayacak olsa bu mekruh olmayacakt\u0131r.<a href=\"#_ftn4\" name=\"_ftnref4\">[4]<\/a> T\u00fcm bu nakledilenlerden anlamam\u0131z gereken \u015fey bu g\u00f6r\u00fc\u015fteki m\u00fc\u00e7tehitlere g\u00f6re el ba\u011flaman\u0131n ruhsat oldu\u011fudur. Zira \u0130mam el- Leys\u2019in g\u00f6r\u00fc\u015f\u00fcne g\u00f6re k\u0131yam\u0131n uzamas\u0131 durumunda eller ba\u011flanmal\u0131d\u0131r.<a href=\"#_ftn5\" name=\"_ftnref5\">[5]<\/a> \u0130mam el- Evza\u2019\u00ee gibilere g\u00f6re ise ellerin sal\u0131verilmesi veya ba\u011flanmas\u0131 tamamen hikmete mebnidir. Bu hikmet de Peygamber ve ashab\u0131n\u0131n k\u0131yam\u0131 uzun tutmalar\u0131 sebebiyle ellerini sal\u0131verdiklerinde kan\u0131n parmak u\u00e7lar\u0131nda toplanmas\u0131d\u0131r. Bundan dolay\u0131 onlara bir nevi destek almalar\u0131 amac\u0131yla ellerini ba\u011flamalar\u0131 hususunda ruhsat verilmi\u015ftir.<a href=\"#_ftn6\" name=\"_ftnref6\">[6]<\/a><\/p>\n<p>Hanefi mezhebinin de i\u00e7lerinde bulundu\u011fu di\u011fer \u00fc\u00e7 mezhebe g\u00f6re namazda ellerin ba\u011flanmas\u0131 s\u00fcnnettir. \u0130bn Kudame s\u00fcnnet oldu\u011funu s\u00f6yleyen m\u00fc\u00e7tehitleri Hz. Ali, Ebu Hureyre, Said b. C\u00fcbeyr, es- Sevri, \u0130mam e\u015f- \u015eafii, Ashab-\u0131 Re\u2019y (Hanefiler) \u015feklinde s\u0131ralamaktad\u0131r.<a href=\"#_ftn7\" name=\"_ftnref7\">[7]<\/a> Ellerin ba\u011flanmas\u0131 hususunda keyfiyet anlam\u0131nda bir ihtilaf mevcutsa da bu keyfiyetlerin kadr-i m\u00fc\u015ftereki\/ ortak noktas\u0131 olarak tespit edebilece\u011fimiz ellerin ba\u011flanmas\u0131yla ilgili varit olan \u201cNebi sa\u011f elini sol elinin \u00fczerine koydu\u201d<a href=\"#_ftn8\" name=\"_ftnref8\">[8]<\/a>, \u201cSa\u011f eliyle sol elini tuttu\u201d<a href=\"#_ftn9\" name=\"_ftnref9\">[9]<\/a> \u015feklindeki rivayetler say\u0131lar\u0131 itibar\u0131yla hayli fazlad\u0131rlar.<a href=\"#_ftn10\" name=\"_ftnref10\">[10]<\/a> Fakat zikretti\u011fimiz gibi ellerin ba\u011flan\u0131\u015f \u015feklinin keyfiyetinde rivayetler farkl\u0131 olarak v\u00e2rid oldu\u011fundan ihtilaf edilmi\u015ftir.<a href=\"#_ftn11\" name=\"_ftnref11\">[11]<\/a> Buna g\u00f6re Cumhurun g\u00f6r\u00fc\u015f\u00fcn\u00fcn ellerin ba\u011flanmas\u0131 gerekti\u011fi istikametind oldu\u011funu s\u00f6ylemeliyiz.<\/p>\n<p><strong>\u00a0\u00a0\u00a0\u00a0\u00a0\u00a0\u00a0\u00a0\u00a0\u00a0\u00a0 <\/strong>Netice olarak \u015funu s\u00f6yleyelim: Her ne kadar e\u015f- \u015eevkani, \u0130bn Abdilber\u2019den namazda ellerin yanlara sal\u0131nmas\u0131yla ilgili hi\u00e7bir rivayetin sabit olmad\u0131\u011f\u0131n\u0131 s\u00f6yledi\u011fine dair nakil yap\u0131yorsa da, Maliki mezhebinin mesele hakk\u0131nda bu fiilin azimet bile oldu\u011funu savunacak derecedeki h\u00fckm\u00fc bizlere namazda ellerin yana sal\u0131nmas\u0131n\u0131n sadece bir \u015fii uydurmas\u0131 olmad\u0131\u011f\u0131n\u0131 kan\u0131tlamaktad\u0131r. \u015eu halde bu konu hakk\u0131nda bir tak\u0131m detaylar incelenmeden pe\u015fin konu\u015fularak b\u00f6yle bir \u015feyin sadece bir mezhebin uydurmas\u0131 oldu\u011funu s\u00f6ylemek \u00e7ok da isabetli olmasa gerektir. Allahu A\u2019lem\u2026<\/p>\n<hr \/>\n<p><a href=\"#_ftnref1\" name=\"_ftn1\"><strong>[1]<\/strong><\/a>\u00a0 Zekeriyya el- Kandehlevi, <em><strong>Evcezu\u2019l- Mesalik<\/strong><\/em>, III\/ 298- 299 Daru\u2019l- Kalem, D\u0131me\u015fk, 2003<\/p>\n<p><a href=\"#_ftnref2\" name=\"_ftn2\"><strong>[2]<\/strong><\/a> e\u015f- \u015eevkani, <em><strong>Neylu\u2019l- Evtar<\/strong><\/em>, III\/ 51 Daru \u0130bni\u2019l- Kayyim, Riyad, 2005, B.I<\/p>\n<p><a href=\"#_ftnref3\" name=\"_ftn3\"><strong>[3]<\/strong><\/a> \u0130bn M\u00fcnzir, <em><strong>el- \u0130\u015fraf<\/strong><\/em>, II\/ 12 No: 390 Mektebetu Mekke es- Sekafiyye, 2004,B.I<\/p>\n<p><a href=\"#_ftnref4\" name=\"_ftn4\"><strong>[4]<\/strong><\/a> Vehbe ez- Z\u00fchayli,<em><strong> el- F\u0131khu\u2019l- \u0130slamiyyu ve Edilletuhu<\/strong><\/em>, II\/ 874 Daru\u2019l- Fikr, D\u0131me\u015fk, 2007, B.X<\/p>\n<p><a href=\"#_ftnref5\" name=\"_ftn5\"><strong>[5]<\/strong><\/a> \u0130bn Abdilber, <em><strong>el- \u0130stizk\u00e2r<\/strong><\/em>, VI\/ 196, No: 8586 Daru\u2019l- Ve\u2019a, Halep, Kahire, 1414, B.I<\/p>\n<p><a href=\"#_ftnref6\" name=\"_ftn6\"><strong>[6]<\/strong><\/a> \u0130bn H\u00fcmam, <em><strong>Fethu\u2019l- Kadir<\/strong>,<\/em> I\/ 250 Daru \u0130hyai\u2019t- T\u00fcrasi\u2019l- Arab\u00ee, Beyrut-L\u00fcbnan<\/p>\n<p><a href=\"#_ftnref7\" name=\"_ftn7\"><strong>[7]<\/strong><\/a> \u0130bn Kudame,<em> <strong>el- Mu\u011fni<\/strong><\/em>, II\/ 21 Daru\u2019l- Hadis, Kahire, M\u0131s\u0131r 2004<\/p>\n<p><a href=\"#_ftnref8\" name=\"_ftn8\"><strong>[8]<\/strong><\/a> \u0130bn Ebi \u015eeybe, <strong><em>el- Musannef<\/em><\/strong>, I\/ 343<\/p>\n<p><a href=\"#_ftnref9\" name=\"_ftn9\"><strong>[9]<\/strong><\/a> Nesai, <em><strong>S\u00fcnen<\/strong><\/em>, &#8220;S\u0131fatu\u2019s- Salat&#8221;, No: 1265, Ebu Davud, <strong><em>S\u00fcnen<\/em><\/strong>, &#8220;Salat&#8221;, No: 723<\/p>\n<p><a href=\"#_ftnref10\" name=\"_ftn10\"><strong>[10]<\/strong><\/a> Rivayetler i\u00e7ib bkz.ez- Zeylai, <em><strong>Nasbu\u2019r- Raye<\/strong><\/em>, I\/ 392- 394 Daru\u2019l- K\u00fct\u00fcbi\u2019l- \u0130lmiyye, Beyrut- L\u00fcbnan 2010, B.III<\/p>\n<p><a href=\"#_ftnref11\" name=\"_ftn11\"><strong>[11]<\/strong><\/a> Abd\u00fclhay el- Leknevi, <em><strong>Umdetu\u2019r- Ri&#8217;\u00e2ye<\/strong><\/em>, II\/ 81 Daru\u2019l-K\u00fct\u00fcbi\u2019l-\u0130lmiyye, Beyrut- L\u00fcbnan 2009, B.I<\/p>\n","protected":false},"excerpt":{"rendered":"<p>Soru: Umreye gidiyoruz. Ve orada birtak\u0131m insanlar\u0131n namaz k\u0131larken k\u0131yamda ellerini ba\u011flamad\u0131klar\u0131n\u0131, sal\u0131k bir vaziyette b\u0131rakt\u0131klar\u0131n\u0131 g\u00f6r\u00fcyoruz. Ben \u015fahsen bu durumu merak ettim ve soru\u015fturdum. Fakat \u00e7ok farkl\u0131 \u015feyler s\u00f6yleyenler oldu. Kimileri bu hareketin bir \u015eii uydurmas\u0131 oldu\u011funu ve bunu yapanlar\u0131n \u015eia mezhebine mensup kimseler olduklar\u0131n\u0131 s\u00f6ylediler. Kimileri de bu fiilin Maliki mezhebinde oldu\u011funu ve [&hellip;]<\/p>\n","protected":false},"author":3,"featured_media":1017,"comment_status":"open","ping_status":"open","sticky":false,"template":"","format":"standard","meta":{"content-type":"","_monsterinsights_skip_tracking":false,"_monsterinsights_sitenote_active":false,"_monsterinsights_sitenote_note":"","_monsterinsights_sitenote_category":0,"footnotes":""},"categories":[2,22,8],"tags":[179,180,314,390,504],"class_list":{"0":"post-1016","1":"post","2":"type-post","3":"status-publish","4":"format-standard","5":"has-post-thumbnail","7":"category-gundeme-dair","8":"category-namaz","9":"category-sual-cevap","10":"tag-elleri-baglamamak","11":"tag-elleri-yana-salmak","12":"tag-imam-malik","13":"tag-kiyam","14":"tag-namaz"},"yoast_head":"<!-- This site is optimized with the Yoast SEO plugin v23.2 - https:\/\/yoast.com\/wordpress\/plugins\/seo\/ -->\n<title>K\u0131yamda Elleri Yana Salman\u0131n H\u00fckm\u00fc - \u00d6mer Faruk Korkmaz Hocaefendi<\/title>\n<meta name=\"robots\" content=\"index, follow, max-snippet:-1, max-image-preview:large, max-video-preview:-1\" \/>\n<link rel=\"canonical\" href=\"https:\/\/omerfarukkorkmaz.com.tr\/tr\/kiyamda-elleri-yana-salmanin-hukmu\/\" \/>\n<meta property=\"og:locale\" content=\"tr_TR\" \/>\n<meta property=\"og:type\" content=\"article\" \/>\n<meta property=\"og:title\" content=\"K\u0131yamda Elleri Yana Salman\u0131n H\u00fckm\u00fc - \u00d6mer Faruk Korkmaz Hocaefendi\" \/>\n<meta property=\"og:description\" content=\"Soru: Umreye gidiyoruz. Ve orada birtak\u0131m insanlar\u0131n namaz k\u0131larken k\u0131yamda ellerini ba\u011flamad\u0131klar\u0131n\u0131, sal\u0131k bir vaziyette b\u0131rakt\u0131klar\u0131n\u0131 g\u00f6r\u00fcyoruz. Ben \u015fahsen bu durumu merak ettim ve soru\u015fturdum. Fakat \u00e7ok farkl\u0131 \u015feyler s\u00f6yleyenler oldu. Kimileri bu hareketin bir \u015eii uydurmas\u0131 oldu\u011funu ve bunu yapanlar\u0131n \u015eia mezhebine mensup kimseler olduklar\u0131n\u0131 s\u00f6ylediler. Kimileri de bu fiilin Maliki mezhebinde oldu\u011funu ve [&hellip;]\" \/>\n<meta property=\"og:url\" content=\"https:\/\/omerfarukkorkmaz.com.tr\/tr\/kiyamda-elleri-yana-salmanin-hukmu\/\" \/>\n<meta property=\"og:site_name\" content=\"\u00d6mer Faruk Korkmaz Hocaefendi\" \/>\n<meta property=\"article:published_time\" content=\"2021-09-21T11:16:38+00:00\" \/>\n<meta property=\"og:image\" content=\"https:\/\/omerfarukkorkmaz.com.tr\/tr\/wp-content\/uploads\/2021\/09\/png-clipart-ornament-islamic-pattern-symmetry-arabesque-e1632222987672.png\" \/>\n\t<meta property=\"og:image:width\" content=\"650\" \/>\n\t<meta property=\"og:image:height\" content=\"353\" \/>\n\t<meta property=\"og:image:type\" content=\"image\/png\" \/>\n<meta name=\"author\" content=\"\u00d6mer Faruk Korkmaz\" \/>\n<meta name=\"twitter:card\" content=\"summary_large_image\" \/>\n<meta name=\"twitter:label1\" content=\"Yazan:\" \/>\n\t<meta name=\"twitter:data1\" content=\"\u00d6mer Faruk Korkmaz\" \/>\n\t<meta name=\"twitter:label2\" content=\"Tahmini okuma s\u00fcresi\" \/>\n\t<meta name=\"twitter:data2\" content=\"4 dakika\" \/>\n<script type=\"application\/ld+json\" class=\"yoast-schema-graph\">{\"@context\":\"https:\/\/schema.org\",\"@graph\":[{\"@type\":\"Article\",\"@id\":\"https:\/\/omerfarukkorkmaz.com.tr\/tr\/kiyamda-elleri-yana-salmanin-hukmu\/#article\",\"isPartOf\":{\"@id\":\"https:\/\/omerfarukkorkmaz.com.tr\/tr\/kiyamda-elleri-yana-salmanin-hukmu\/\"},\"author\":{\"name\":\"\u00d6mer Faruk Korkmaz\",\"@id\":\"https:\/\/omerfarukkorkmaz.com.tr\/tr\/#\/schema\/person\/7efd65277de8b9dc0520ec210e387854\"},\"headline\":\"K\u0131yamda Elleri Yana Salman\u0131n H\u00fckm\u00fc\",\"datePublished\":\"2021-09-21T11:16:38+00:00\",\"dateModified\":\"2021-09-21T11:16:38+00:00\",\"mainEntityOfPage\":{\"@id\":\"https:\/\/omerfarukkorkmaz.com.tr\/tr\/kiyamda-elleri-yana-salmanin-hukmu\/\"},\"wordCount\":808,\"commentCount\":0,\"publisher\":{\"@id\":\"https:\/\/omerfarukkorkmaz.com.tr\/tr\/#\/schema\/person\/7efd65277de8b9dc0520ec210e387854\"},\"image\":{\"@id\":\"https:\/\/omerfarukkorkmaz.com.tr\/tr\/kiyamda-elleri-yana-salmanin-hukmu\/#primaryimage\"},\"thumbnailUrl\":\"https:\/\/omerfarukkorkmaz.com.tr\/tr\/wp-content\/uploads\/2021\/09\/png-clipart-ornament-islamic-pattern-symmetry-arabesque-e1632222987672.png\",\"keywords\":[\"elleri ba\u011flamamak\",\"elleri yana salmak\",\"imam malik\",\"K\u0131yam\",\"Namaz\"],\"articleSection\":[\"G\u00fcndeme Dair\",\"Namaz\",\"Sual Cevap\"],\"inLanguage\":\"tr\",\"potentialAction\":[{\"@type\":\"CommentAction\",\"name\":\"Comment\",\"target\":[\"https:\/\/omerfarukkorkmaz.com.tr\/tr\/kiyamda-elleri-yana-salmanin-hukmu\/#respond\"]}]},{\"@type\":\"WebPage\",\"@id\":\"https:\/\/omerfarukkorkmaz.com.tr\/tr\/kiyamda-elleri-yana-salmanin-hukmu\/\",\"url\":\"https:\/\/omerfarukkorkmaz.com.tr\/tr\/kiyamda-elleri-yana-salmanin-hukmu\/\",\"name\":\"K\u0131yamda Elleri Yana Salman\u0131n H\u00fckm\u00fc - \u00d6mer Faruk Korkmaz Hocaefendi\",\"isPartOf\":{\"@id\":\"https:\/\/omerfarukkorkmaz.com.tr\/tr\/#website\"},\"primaryImageOfPage\":{\"@id\":\"https:\/\/omerfarukkorkmaz.com.tr\/tr\/kiyamda-elleri-yana-salmanin-hukmu\/#primaryimage\"},\"image\":{\"@id\":\"https:\/\/omerfarukkorkmaz.com.tr\/tr\/kiyamda-elleri-yana-salmanin-hukmu\/#primaryimage\"},\"thumbnailUrl\":\"https:\/\/omerfarukkorkmaz.com.tr\/tr\/wp-content\/uploads\/2021\/09\/png-clipart-ornament-islamic-pattern-symmetry-arabesque-e1632222987672.png\",\"datePublished\":\"2021-09-21T11:16:38+00:00\",\"dateModified\":\"2021-09-21T11:16:38+00:00\",\"breadcrumb\":{\"@id\":\"https:\/\/omerfarukkorkmaz.com.tr\/tr\/kiyamda-elleri-yana-salmanin-hukmu\/#breadcrumb\"},\"inLanguage\":\"tr\",\"potentialAction\":[{\"@type\":\"ReadAction\",\"target\":[\"https:\/\/omerfarukkorkmaz.com.tr\/tr\/kiyamda-elleri-yana-salmanin-hukmu\/\"]}]},{\"@type\":\"ImageObject\",\"inLanguage\":\"tr\",\"@id\":\"https:\/\/omerfarukkorkmaz.com.tr\/tr\/kiyamda-elleri-yana-salmanin-hukmu\/#primaryimage\",\"url\":\"https:\/\/omerfarukkorkmaz.com.tr\/tr\/wp-content\/uploads\/2021\/09\/png-clipart-ornament-islamic-pattern-symmetry-arabesque-e1632222987672.png\",\"contentUrl\":\"https:\/\/omerfarukkorkmaz.com.tr\/tr\/wp-content\/uploads\/2021\/09\/png-clipart-ornament-islamic-pattern-symmetry-arabesque-e1632222987672.png\",\"width\":650,\"height\":353},{\"@type\":\"BreadcrumbList\",\"@id\":\"https:\/\/omerfarukkorkmaz.com.tr\/tr\/kiyamda-elleri-yana-salmanin-hukmu\/#breadcrumb\",\"itemListElement\":[{\"@type\":\"ListItem\",\"position\":1,\"name\":\"Anasayfa\",\"item\":\"https:\/\/omerfarukkorkmaz.com.tr\/tr\/\"},{\"@type\":\"ListItem\",\"position\":2,\"name\":\"K\u0131yamda Elleri Yana Salman\u0131n H\u00fckm\u00fc\"}]},{\"@type\":\"WebSite\",\"@id\":\"https:\/\/omerfarukkorkmaz.com.tr\/tr\/#website\",\"url\":\"https:\/\/omerfarukkorkmaz.com.tr\/tr\/\",\"name\":\"\u00d6mer Faruk Korkmaz Hocaefendi\",\"description\":\"Resmi Web Sayfas\u0131\",\"publisher\":{\"@id\":\"https:\/\/omerfarukkorkmaz.com.tr\/tr\/#\/schema\/person\/7efd65277de8b9dc0520ec210e387854\"},\"potentialAction\":[{\"@type\":\"SearchAction\",\"target\":{\"@type\":\"EntryPoint\",\"urlTemplate\":\"https:\/\/omerfarukkorkmaz.com.tr\/tr\/?s={search_term_string}\"},\"query-input\":\"required name=search_term_string\"}],\"inLanguage\":\"tr\"},{\"@type\":[\"Person\",\"Organization\"],\"@id\":\"https:\/\/omerfarukkorkmaz.com.tr\/tr\/#\/schema\/person\/7efd65277de8b9dc0520ec210e387854\",\"name\":\"\u00d6mer Faruk Korkmaz\",\"image\":{\"@type\":\"ImageObject\",\"inLanguage\":\"tr\",\"@id\":\"https:\/\/omerfarukkorkmaz.com.tr\/tr\/#\/schema\/person\/image\/\",\"url\":\"https:\/\/omerfarukkorkmaz.com.tr\/tr\/wp-content\/uploads\/2020\/12\/cropped-nkl-2.png\",\"contentUrl\":\"https:\/\/omerfarukkorkmaz.com.tr\/tr\/wp-content\/uploads\/2020\/12\/cropped-nkl-2.png\",\"width\":512,\"height\":512,\"caption\":\"\u00d6mer Faruk Korkmaz\"},\"logo\":{\"@id\":\"https:\/\/omerfarukkorkmaz.com.tr\/tr\/#\/schema\/person\/image\/\"},\"url\":\"https:\/\/omerfarukkorkmaz.com.tr\/tr\/author\/ofkorkmaz\/\"}]}<\/script>\n<!-- \/ Yoast SEO plugin. -->","yoast_head_json":{"title":"K\u0131yamda Elleri Yana Salman\u0131n H\u00fckm\u00fc - \u00d6mer Faruk Korkmaz Hocaefendi","robots":{"index":"index","follow":"follow","max-snippet":"max-snippet:-1","max-image-preview":"max-image-preview:large","max-video-preview":"max-video-preview:-1"},"canonical":"https:\/\/omerfarukkorkmaz.com.tr\/tr\/kiyamda-elleri-yana-salmanin-hukmu\/","og_locale":"tr_TR","og_type":"article","og_title":"K\u0131yamda Elleri Yana Salman\u0131n H\u00fckm\u00fc - \u00d6mer Faruk Korkmaz Hocaefendi","og_description":"Soru: Umreye gidiyoruz. Ve orada birtak\u0131m insanlar\u0131n namaz k\u0131larken k\u0131yamda ellerini ba\u011flamad\u0131klar\u0131n\u0131, sal\u0131k bir vaziyette b\u0131rakt\u0131klar\u0131n\u0131 g\u00f6r\u00fcyoruz. Ben \u015fahsen bu durumu merak ettim ve soru\u015fturdum. Fakat \u00e7ok farkl\u0131 \u015feyler s\u00f6yleyenler oldu. Kimileri bu hareketin bir \u015eii uydurmas\u0131 oldu\u011funu ve bunu yapanlar\u0131n \u015eia mezhebine mensup kimseler olduklar\u0131n\u0131 s\u00f6ylediler. Kimileri de bu fiilin Maliki mezhebinde oldu\u011funu ve [&hellip;]","og_url":"https:\/\/omerfarukkorkmaz.com.tr\/tr\/kiyamda-elleri-yana-salmanin-hukmu\/","og_site_name":"\u00d6mer Faruk Korkmaz Hocaefendi","article_published_time":"2021-09-21T11:16:38+00:00","og_image":[{"width":650,"height":353,"url":"https:\/\/omerfarukkorkmaz.com.tr\/tr\/wp-content\/uploads\/2021\/09\/png-clipart-ornament-islamic-pattern-symmetry-arabesque-e1632222987672.png","type":"image\/png"}],"author":"\u00d6mer Faruk Korkmaz","twitter_card":"summary_large_image","twitter_misc":{"Yazan:":"\u00d6mer Faruk Korkmaz","Tahmini okuma s\u00fcresi":"4 dakika"},"schema":{"@context":"https:\/\/schema.org","@graph":[{"@type":"Article","@id":"https:\/\/omerfarukkorkmaz.com.tr\/tr\/kiyamda-elleri-yana-salmanin-hukmu\/#article","isPartOf":{"@id":"https:\/\/omerfarukkorkmaz.com.tr\/tr\/kiyamda-elleri-yana-salmanin-hukmu\/"},"author":{"name":"\u00d6mer Faruk Korkmaz","@id":"https:\/\/omerfarukkorkmaz.com.tr\/tr\/#\/schema\/person\/7efd65277de8b9dc0520ec210e387854"},"headline":"K\u0131yamda Elleri Yana Salman\u0131n H\u00fckm\u00fc","datePublished":"2021-09-21T11:16:38+00:00","dateModified":"2021-09-21T11:16:38+00:00","mainEntityOfPage":{"@id":"https:\/\/omerfarukkorkmaz.com.tr\/tr\/kiyamda-elleri-yana-salmanin-hukmu\/"},"wordCount":808,"commentCount":0,"publisher":{"@id":"https:\/\/omerfarukkorkmaz.com.tr\/tr\/#\/schema\/person\/7efd65277de8b9dc0520ec210e387854"},"image":{"@id":"https:\/\/omerfarukkorkmaz.com.tr\/tr\/kiyamda-elleri-yana-salmanin-hukmu\/#primaryimage"},"thumbnailUrl":"https:\/\/omerfarukkorkmaz.com.tr\/tr\/wp-content\/uploads\/2021\/09\/png-clipart-ornament-islamic-pattern-symmetry-arabesque-e1632222987672.png","keywords":["elleri ba\u011flamamak","elleri yana salmak","imam malik","K\u0131yam","Namaz"],"articleSection":["G\u00fcndeme Dair","Namaz","Sual Cevap"],"inLanguage":"tr","potentialAction":[{"@type":"CommentAction","name":"Comment","target":["https:\/\/omerfarukkorkmaz.com.tr\/tr\/kiyamda-elleri-yana-salmanin-hukmu\/#respond"]}]},{"@type":"WebPage","@id":"https:\/\/omerfarukkorkmaz.com.tr\/tr\/kiyamda-elleri-yana-salmanin-hukmu\/","url":"https:\/\/omerfarukkorkmaz.com.tr\/tr\/kiyamda-elleri-yana-salmanin-hukmu\/","name":"K\u0131yamda Elleri Yana Salman\u0131n H\u00fckm\u00fc - \u00d6mer Faruk Korkmaz Hocaefendi","isPartOf":{"@id":"https:\/\/omerfarukkorkmaz.com.tr\/tr\/#website"},"primaryImageOfPage":{"@id":"https:\/\/omerfarukkorkmaz.com.tr\/tr\/kiyamda-elleri-yana-salmanin-hukmu\/#primaryimage"},"image":{"@id":"https:\/\/omerfarukkorkmaz.com.tr\/tr\/kiyamda-elleri-yana-salmanin-hukmu\/#primaryimage"},"thumbnailUrl":"https:\/\/omerfarukkorkmaz.com.tr\/tr\/wp-content\/uploads\/2021\/09\/png-clipart-ornament-islamic-pattern-symmetry-arabesque-e1632222987672.png","datePublished":"2021-09-21T11:16:38+00:00","dateModified":"2021-09-21T11:16:38+00:00","breadcrumb":{"@id":"https:\/\/omerfarukkorkmaz.com.tr\/tr\/kiyamda-elleri-yana-salmanin-hukmu\/#breadcrumb"},"inLanguage":"tr","potentialAction":[{"@type":"ReadAction","target":["https:\/\/omerfarukkorkmaz.com.tr\/tr\/kiyamda-elleri-yana-salmanin-hukmu\/"]}]},{"@type":"ImageObject","inLanguage":"tr","@id":"https:\/\/omerfarukkorkmaz.com.tr\/tr\/kiyamda-elleri-yana-salmanin-hukmu\/#primaryimage","url":"https:\/\/omerfarukkorkmaz.com.tr\/tr\/wp-content\/uploads\/2021\/09\/png-clipart-ornament-islamic-pattern-symmetry-arabesque-e1632222987672.png","contentUrl":"https:\/\/omerfarukkorkmaz.com.tr\/tr\/wp-content\/uploads\/2021\/09\/png-clipart-ornament-islamic-pattern-symmetry-arabesque-e1632222987672.png","width":650,"height":353},{"@type":"BreadcrumbList","@id":"https:\/\/omerfarukkorkmaz.com.tr\/tr\/kiyamda-elleri-yana-salmanin-hukmu\/#breadcrumb","itemListElement":[{"@type":"ListItem","position":1,"name":"Anasayfa","item":"https:\/\/omerfarukkorkmaz.com.tr\/tr\/"},{"@type":"ListItem","position":2,"name":"K\u0131yamda Elleri Yana Salman\u0131n H\u00fckm\u00fc"}]},{"@type":"WebSite","@id":"https:\/\/omerfarukkorkmaz.com.tr\/tr\/#website","url":"https:\/\/omerfarukkorkmaz.com.tr\/tr\/","name":"\u00d6mer Faruk Korkmaz Hocaefendi","description":"Resmi Web Sayfas\u0131","publisher":{"@id":"https:\/\/omerfarukkorkmaz.com.tr\/tr\/#\/schema\/person\/7efd65277de8b9dc0520ec210e387854"},"potentialAction":[{"@type":"SearchAction","target":{"@type":"EntryPoint","urlTemplate":"https:\/\/omerfarukkorkmaz.com.tr\/tr\/?s={search_term_string}"},"query-input":"required name=search_term_string"}],"inLanguage":"tr"},{"@type":["Person","Organization"],"@id":"https:\/\/omerfarukkorkmaz.com.tr\/tr\/#\/schema\/person\/7efd65277de8b9dc0520ec210e387854","name":"\u00d6mer Faruk Korkmaz","image":{"@type":"ImageObject","inLanguage":"tr","@id":"https:\/\/omerfarukkorkmaz.com.tr\/tr\/#\/schema\/person\/image\/","url":"https:\/\/omerfarukkorkmaz.com.tr\/tr\/wp-content\/uploads\/2020\/12\/cropped-nkl-2.png","contentUrl":"https:\/\/omerfarukkorkmaz.com.tr\/tr\/wp-content\/uploads\/2020\/12\/cropped-nkl-2.png","width":512,"height":512,"caption":"\u00d6mer Faruk Korkmaz"},"logo":{"@id":"https:\/\/omerfarukkorkmaz.com.tr\/tr\/#\/schema\/person\/image\/"},"url":"https:\/\/omerfarukkorkmaz.com.tr\/tr\/author\/ofkorkmaz\/"}]}},"_links":{"self":[{"href":"https:\/\/omerfarukkorkmaz.com.tr\/tr\/wp-json\/wp\/v2\/posts\/1016","targetHints":{"allow":["GET"]}}],"collection":[{"href":"https:\/\/omerfarukkorkmaz.com.tr\/tr\/wp-json\/wp\/v2\/posts"}],"about":[{"href":"https:\/\/omerfarukkorkmaz.com.tr\/tr\/wp-json\/wp\/v2\/types\/post"}],"author":[{"embeddable":true,"href":"https:\/\/omerfarukkorkmaz.com.tr\/tr\/wp-json\/wp\/v2\/users\/3"}],"replies":[{"embeddable":true,"href":"https:\/\/omerfarukkorkmaz.com.tr\/tr\/wp-json\/wp\/v2\/comments?post=1016"}],"version-history":[{"count":0,"href":"https:\/\/omerfarukkorkmaz.com.tr\/tr\/wp-json\/wp\/v2\/posts\/1016\/revisions"}],"wp:featuredmedia":[{"embeddable":true,"href":"https:\/\/omerfarukkorkmaz.com.tr\/tr\/wp-json\/wp\/v2\/media\/1017"}],"wp:attachment":[{"href":"https:\/\/omerfarukkorkmaz.com.tr\/tr\/wp-json\/wp\/v2\/media?parent=1016"}],"wp:term":[{"taxonomy":"category","embeddable":true,"href":"https:\/\/omerfarukkorkmaz.com.tr\/tr\/wp-json\/wp\/v2\/categories?post=1016"},{"taxonomy":"post_tag","embeddable":true,"href":"https:\/\/omerfarukkorkmaz.com.tr\/tr\/wp-json\/wp\/v2\/tags?post=1016"}],"curies":[{"name":"wp","href":"https:\/\/api.w.org\/{rel}","templated":true}]}}